{"id":435844,"date":"2026-04-07T16:02:41","date_gmt":"2026-04-07T19:02:41","guid":{"rendered":"https:\/\/portaltela.pt\/noticias\/2026\/04\/07\/idoso-com-ferimentos-graves-em-incendio-na-garagem-de-casa-em-gaia\/"},"modified":"2026-04-07T16:02:41","modified_gmt":"2026-04-07T19:02:41","slug":"idoso-com-ferimentos-graves-em-incendio-na-garagem-de-casa-em-gaia","status":"publish","type":"post","link":"https:\/\/portaltela.pt\/acidentes\/2026\/04\/07\/idoso-com-ferimentos-graves-em-incendio-na-garagem-de-casa-em-gaia\/","title":{"rendered":"Idoso com ferimentos graves em inc\u00eandio na garagem de casa em Gaia"},"content":{"rendered":"<p>Um inc\u00eandio deflagrou-se na garagem de uma moradia na rua do Outeiro, em Avintes, Vila Nova de Gaia, esta tarde. Um homem de 82 anos ficou ferido com gravidade nas vias respirat\u00f3rias.<\/p>\n<p>O alerta foi dado pelas 17h54. No combate \u00e0s chamas estiveram os Bombeiros de Avintes, os Sapadores de Gaia e uma equipa m\u00e9dica de emerg\u00eancia e reanima\u00e7\u00e3o.<\/p>\n<p>O idoso foi transportado para o Hospital de Gaia, com ferimentos graves. A Guarda Nacional Republicana esteve no local para assegurar a prote\u00e7\u00e3o da \u00e1rea.<\/p>\n<p>Ainda n\u00e3o h\u00e1 confirma\u00e7\u00e3o oficial sobre a causa do inc\u00eandio. As autoridades continuam a recolher informa\u00e7\u00f5es no terreno.<\/p>\n","protected":false},"excerpt":{"rendered":"<ul>\n<li>Um homem de 82 anos ficou ferido gravemente nas vias respirat\u00f3rias num inc\u00eandio que deflagrou na garagem de uma moradia na Rua do Outeiro, Avintes, Gaia.<\/li>\n<li>O alerta foi dado \u00e0s 17h54 e os Bombeiros de Avintes, Sapadores de Gaia e uma equipa m\u00e9dica estiveram no socorro.<\/li>\n<li>O idoso foi transportado para o Hospital de Gaia.<\/li>\n<li>A Guarda Nacional Republicana esteve no local.<\/li>\n<\/ul>\n","protected":false},"author":2,"featured_media":435848,"comment_status":"closed","ping_status":"closed","sticky":false,"template":"","format":"standard","meta":{"footnotes":""},"categories":[6849],"tags":[6409,3741,3449,1761,2736,1438],"class_list":["post-435844","post","type-post","status-publish","format-standard","has-post-thumbnail","hentry","category-acidentes","tag-avintes","tag-bombeiros-sapadores","tag-feridos","tag-gaia","tag-idosos","tag-incendio"],"yoast_head":"<!-- This site is optimized with the Yoast SEO plugin v27.2 - https:\/\/yoast.com\/product\/yoast-seo-wordpress\/ -->\n<title>Idoso com ferimentos graves em inc\u00eandio na garagem de casa em Gaia - Portal Tela Portugal<\/title>\n<meta name=\"robots\" content=\"index, follow, max-snippet:-1, max-image-preview:large, max-video-preview:-1\" \/>\n<meta property=\"og:locale\" content=\"pt_PT\" \/>\n<meta property=\"og:type\" content=\"article\" \/>\n<meta property=\"og:title\" content=\"Idoso com ferimentos graves em inc\u00eandio na garagem de casa em Gaia - Portal Tela Portugal\" \/>\n<meta property=\"og:description\" content=\"Um homem de 82 anos ficou ferido gravemente nas vias respirat\u00f3rias num inc\u00eandio que deflagrou na garagem de uma moradia na Rua do Outeiro, Avintes, Gaia. O alerta foi dado \u00e0s 17h54 e os Bombeiros de Avintes, Sapadores de Gaia e uma equipa m\u00e9dica estiveram no socorro. O idoso foi transportado para o Hospital de Gaia. A Guarda Nacional Republicana esteve no local.\" \/>\n<meta property=\"og:url\" content=\"https:\/\/portaltela.pt\/noticias\/2026\/04\/07\/idoso-com-ferimentos-graves-em-incendio-na-garagem-de-casa-em-gaia\/\" \/>\n<meta property=\"og:site_name\" content=\"Portal Tela Portugal\" \/>\n<meta property=\"article:published_time\" content=\"2026-04-07T19:02:41+00:00\" \/>\n<meta name=\"author\" content=\"Telinha\" \/>\n<meta name=\"twitter:card\" content=\"summary_large_image\" \/>\n<meta name=\"twitter:label1\" content=\"Escrito por\" \/>\n\t<meta name=\"twitter:data1\" content=\"Telinha\" \/>\n\t<meta name=\"twitter:label2\" content=\"Tempo estimado de leitura\" \/>\n\t<meta name=\"twitter:data2\" content=\"1 minuto\" \/>\n<script type=\"application\/ld+json\" class=\"yoast-schema-graph\">{\"@context\":\"https:\/\/schema.org\",\"@graph\":[{\"@type\":\"Article\",\"@id\":\"https:\/\/portaltela.pt\/noticias\/2026\/04\/07\/idoso-com-ferimentos-graves-em-incendio-na-garagem-de-casa-em-gaia\/#article\",\"isPartOf\":{\"@id\":\"https:\/\/portaltela.pt\/noticias\/2026\/04\/07\/idoso-com-ferimentos-graves-em-incendio-na-garagem-de-casa-em-gaia\/\"},\"author\":{\"name\":\"Telinha\",\"@id\":\"https:\/\/portaltela.pt\/#\/schema\/person\/c4278d4a6028830caff9ee44b42d32ed\"},\"headline\":\"Idoso com ferimentos graves em inc\u00eandio na garagem de casa em Gaia\",\"datePublished\":\"2026-04-07T19:02:41+00:00\",\"mainEntityOfPage\":{\"@id\":\"https:\/\/portaltela.pt\/noticias\/2026\/04\/07\/idoso-com-ferimentos-graves-em-incendio-na-garagem-de-casa-em-gaia\/\"},\"wordCount\":124,\"image\":{\"@id\":\"https:\/\/portaltela.pt\/noticias\/2026\/04\/07\/idoso-com-ferimentos-graves-em-incendio-na-garagem-de-casa-em-gaia\/#primaryimage\"},\"thumbnailUrl\":\"https:\/\/portaltela.pt\/s.01k8rhncp4jt1\/2026\/04\/img_1500x1000uu2026-04-07-19-50-26-2277148.jpg\",\"keywords\":[\"Avintes\",\"Bombeiros Sapadores\",\"feridos\",\"Gaia\",\"idosos\",\"inc\u00eandio\"],\"articleSection\":[\"Acidentes\"],\"inLanguage\":\"pt-PT\"},{\"@type\":\"WebPage\",\"@id\":\"https:\/\/portaltela.pt\/noticias\/2026\/04\/07\/idoso-com-ferimentos-graves-em-incendio-na-garagem-de-casa-em-gaia\/\",\"url\":\"https:\/\/portaltela.pt\/noticias\/2026\/04\/07\/idoso-com-ferimentos-graves-em-incendio-na-garagem-de-casa-em-gaia\/\",\"name\":\"Idoso com ferimentos graves em inc\u00eandio na garagem de casa em Gaia - Portal Tela Portugal\",\"isPartOf\":{\"@id\":\"https:\/\/portaltela.pt\/#website\"},\"primaryImageOfPage\":{\"@id\":\"https:\/\/portaltela.pt\/noticias\/2026\/04\/07\/idoso-com-ferimentos-graves-em-incendio-na-garagem-de-casa-em-gaia\/#primaryimage\"},\"image\":{\"@id\":\"https:\/\/portaltela.pt\/noticias\/2026\/04\/07\/idoso-com-ferimentos-graves-em-incendio-na-garagem-de-casa-em-gaia\/#primaryimage\"},\"thumbnailUrl\":\"https:\/\/portaltela.pt\/s.01k8rhncp4jt1\/2026\/04\/img_1500x1000uu2026-04-07-19-50-26-2277148.jpg\",\"datePublished\":\"2026-04-07T19:02:41+00:00\",\"author\":{\"@id\":\"https:\/\/portaltela.pt\/#\/schema\/person\/c4278d4a6028830caff9ee44b42d32ed\"},\"breadcrumb\":{\"@id\":\"https:\/\/portaltela.pt\/noticias\/2026\/04\/07\/idoso-com-ferimentos-graves-em-incendio-na-garagem-de-casa-em-gaia\/#breadcrumb\"},\"inLanguage\":\"pt-PT\",\"potentialAction\":[{\"@type\":\"ReadAction\",\"target\":[\"https:\/\/portaltela.pt\/noticias\/2026\/04\/07\/idoso-com-ferimentos-graves-em-incendio-na-garagem-de-casa-em-gaia\/\"]}]},{\"@type\":\"ImageObject\",\"inLanguage\":\"pt-PT\",\"@id\":\"https:\/\/portaltela.pt\/noticias\/2026\/04\/07\/idoso-com-ferimentos-graves-em-incendio-na-garagem-de-casa-em-gaia\/#primaryimage\",\"url\":\"https:\/\/portaltela.pt\/s.01k8rhncp4jt1\/2026\/04\/img_1500x1000uu2026-04-07-19-50-26-2277148.jpg\",\"contentUrl\":\"https:\/\/portaltela.pt\/s.01k8rhncp4jt1\/2026\/04\/img_1500x1000uu2026-04-07-19-50-26-2277148.jpg\",\"width\":796,\"height\":448,\"caption\":\"Idoso sofre ferimentos graves em inc\u00eandio numa garagem em Vila Nova de Gaia\"},{\"@type\":\"BreadcrumbList\",\"@id\":\"https:\/\/portaltela.pt\/noticias\/2026\/04\/07\/idoso-com-ferimentos-graves-em-incendio-na-garagem-de-casa-em-gaia\/#breadcrumb\",\"itemListElement\":[{\"@type\":\"ListItem\",\"position\":1,\"name\":\"In\u00edcio\",\"item\":\"https:\/\/portaltela.pt\/\"},{\"@type\":\"ListItem\",\"position\":2,\"name\":\"Idoso com ferimentos graves em inc\u00eandio na garagem de casa em Gaia\"}]},{\"@type\":\"WebSite\",\"@id\":\"https:\/\/portaltela.pt\/#website\",\"url\":\"https:\/\/portaltela.pt\/\",\"name\":\"Portal Tela Portugal\",\"description\":\"\",\"potentialAction\":[{\"@type\":\"SearchAction\",\"target\":{\"@type\":\"EntryPoint\",\"urlTemplate\":\"https:\/\/portaltela.pt\/?s={search_term_string}\"},\"query-input\":{\"@type\":\"PropertyValueSpecification\",\"valueRequired\":true,\"valueName\":\"search_term_string\"}}],\"inLanguage\":\"pt-PT\"},{\"@type\":\"Person\",\"@id\":\"https:\/\/portaltela.pt\/#\/schema\/person\/c4278d4a6028830caff9ee44b42d32ed\",\"name\":\"Telinha\",\"image\":{\"@type\":\"ImageObject\",\"inLanguage\":\"pt-PT\",\"@id\":\"https:\/\/portaltela.pt\/s.01k8rhncp4jt1\/2025\/11\/talking-bot-125x125.png\",\"url\":\"https:\/\/portaltela.pt\/s.01k8rhncp4jt1\/2025\/11\/talking-bot-125x125.png\",\"contentUrl\":\"https:\/\/portaltela.pt\/s.01k8rhncp4jt1\/2025\/11\/talking-bot-125x125.png\",\"caption\":\"Telinha\"},\"sameAs\":[\"https:\/\/portaltela.pt\/\"],\"url\":\"https:\/\/portaltela.pt\/por\/367410592786\/\"}]}<\/script>\n<!-- \/ Yoast SEO plugin. -->","yoast_head_json":{"title":"Idoso com ferimentos graves em inc\u00eandio na garagem de casa em Gaia - Portal Tela Portugal","robots":{"index":"index","follow":"follow","max-snippet":"max-snippet:-1","max-image-preview":"max-image-preview:large","max-video-preview":"max-video-preview:-1"},"og_locale":"pt_PT","og_type":"article","og_title":"Idoso com ferimentos graves em inc\u00eandio na garagem de casa em Gaia - Portal Tela Portugal","og_description":"Um homem de 82 anos ficou ferido gravemente nas vias respirat\u00f3rias num inc\u00eandio que deflagrou na garagem de uma moradia na Rua do Outeiro, Avintes, Gaia. O alerta foi dado \u00e0s 17h54 e os Bombeiros de Avintes, Sapadores de Gaia e uma equipa m\u00e9dica estiveram no socorro. O idoso foi transportado para o Hospital de Gaia. A Guarda Nacional Republicana esteve no local.","og_url":"https:\/\/portaltela.pt\/noticias\/2026\/04\/07\/idoso-com-ferimentos-graves-em-incendio-na-garagem-de-casa-em-gaia\/","og_site_name":"Portal Tela Portugal","article_published_time":"2026-04-07T19:02:41+00:00","author":"Telinha","twitter_card":"summary_large_image","twitter_misc":{"Escrito por":"Telinha","Tempo estimado de leitura":"1 minuto"},"schema":{"@context":"https:\/\/schema.org","@graph":[{"@type":"Article","@id":"https:\/\/portaltela.pt\/noticias\/2026\/04\/07\/idoso-com-ferimentos-graves-em-incendio-na-garagem-de-casa-em-gaia\/#article","isPartOf":{"@id":"https:\/\/portaltela.pt\/noticias\/2026\/04\/07\/idoso-com-ferimentos-graves-em-incendio-na-garagem-de-casa-em-gaia\/"},"author":{"name":"Telinha","@id":"https:\/\/portaltela.pt\/#\/schema\/person\/c4278d4a6028830caff9ee44b42d32ed"},"headline":"Idoso com ferimentos graves em inc\u00eandio na garagem de casa em Gaia","datePublished":"2026-04-07T19:02:41+00:00","mainEntityOfPage":{"@id":"https:\/\/portaltela.pt\/noticias\/2026\/04\/07\/idoso-com-ferimentos-graves-em-incendio-na-garagem-de-casa-em-gaia\/"},"wordCount":124,"image":{"@id":"https:\/\/portaltela.pt\/noticias\/2026\/04\/07\/idoso-com-ferimentos-graves-em-incendio-na-garagem-de-casa-em-gaia\/#primaryimage"},"thumbnailUrl":"https:\/\/portaltela.pt\/s.01k8rhncp4jt1\/2026\/04\/img_1500x1000uu2026-04-07-19-50-26-2277148.jpg","keywords":["Avintes","Bombeiros Sapadores","feridos","Gaia","idosos","inc\u00eandio"],"articleSection":["Acidentes"],"inLanguage":"pt-PT"},{"@type":"WebPage","@id":"https:\/\/portaltela.pt\/noticias\/2026\/04\/07\/idoso-com-ferimentos-graves-em-incendio-na-garagem-de-casa-em-gaia\/","url":"https:\/\/portaltela.pt\/noticias\/2026\/04\/07\/idoso-com-ferimentos-graves-em-incendio-na-garagem-de-casa-em-gaia\/","name":"Idoso com ferimentos graves em inc\u00eandio na garagem de casa em Gaia - Portal Tela Portugal","isPartOf":{"@id":"https:\/\/portaltela.pt\/#website"},"primaryImageOfPage":{"@id":"https:\/\/portaltela.pt\/noticias\/2026\/04\/07\/idoso-com-ferimentos-graves-em-incendio-na-garagem-de-casa-em-gaia\/#primaryimage"},"image":{"@id":"https:\/\/portaltela.pt\/noticias\/2026\/04\/07\/idoso-com-ferimentos-graves-em-incendio-na-garagem-de-casa-em-gaia\/#primaryimage"},"thumbnailUrl":"https:\/\/portaltela.pt\/s.01k8rhncp4jt1\/2026\/04\/img_1500x1000uu2026-04-07-19-50-26-2277148.jpg","datePublished":"2026-04-07T19:02:41+00:00","author":{"@id":"https:\/\/portaltela.pt\/#\/schema\/person\/c4278d4a6028830caff9ee44b42d32ed"},"breadcrumb":{"@id":"https:\/\/portaltela.pt\/noticias\/2026\/04\/07\/idoso-com-ferimentos-graves-em-incendio-na-garagem-de-casa-em-gaia\/#breadcrumb"},"inLanguage":"pt-PT","potentialAction":[{"@type":"ReadAction","target":["https:\/\/portaltela.pt\/noticias\/2026\/04\/07\/idoso-com-ferimentos-graves-em-incendio-na-garagem-de-casa-em-gaia\/"]}]},{"@type":"ImageObject","inLanguage":"pt-PT","@id":"https:\/\/portaltela.pt\/noticias\/2026\/04\/07\/idoso-com-ferimentos-graves-em-incendio-na-garagem-de-casa-em-gaia\/#primaryimage","url":"https:\/\/portaltela.pt\/s.01k8rhncp4jt1\/2026\/04\/img_1500x1000uu2026-04-07-19-50-26-2277148.jpg","contentUrl":"https:\/\/portaltela.pt\/s.01k8rhncp4jt1\/2026\/04\/img_1500x1000uu2026-04-07-19-50-26-2277148.jpg","width":796,"height":448,"caption":"Idoso sofre ferimentos graves em inc\u00eandio numa garagem em Vila Nova de Gaia"},{"@type":"BreadcrumbList","@id":"https:\/\/portaltela.pt\/noticias\/2026\/04\/07\/idoso-com-ferimentos-graves-em-incendio-na-garagem-de-casa-em-gaia\/#breadcrumb","itemListElement":[{"@type":"ListItem","position":1,"name":"In\u00edcio","item":"https:\/\/portaltela.pt\/"},{"@type":"ListItem","position":2,"name":"Idoso com ferimentos graves em inc\u00eandio na garagem de casa em Gaia"}]},{"@type":"WebSite","@id":"https:\/\/portaltela.pt\/#website","url":"https:\/\/portaltela.pt\/","name":"Portal Tela Portugal","description":"","potentialAction":[{"@type":"SearchAction","target":{"@type":"EntryPoint","urlTemplate":"https:\/\/portaltela.pt\/?s={search_term_string}"},"query-input":{"@type":"PropertyValueSpecification","valueRequired":true,"valueName":"search_term_string"}}],"inLanguage":"pt-PT"},{"@type":"Person","@id":"https:\/\/portaltela.pt\/#\/schema\/person\/c4278d4a6028830caff9ee44b42d32ed","name":"Telinha","image":{"@type":"ImageObject","inLanguage":"pt-PT","@id":"https:\/\/portaltela.pt\/s.01k8rhncp4jt1\/2025\/11\/talking-bot-125x125.png","url":"https:\/\/portaltela.pt\/s.01k8rhncp4jt1\/2025\/11\/talking-bot-125x125.png","contentUrl":"https:\/\/portaltela.pt\/s.01k8rhncp4jt1\/2025\/11\/talking-bot-125x125.png","caption":"Telinha"},"sameAs":["https:\/\/portaltela.pt\/"],"url":"https:\/\/portaltela.pt\/por\/367410592786\/"}]}},"_links":{"self":[{"href":"https:\/\/portaltela.pt\/api\/wp\/v2\/posts\/435844","targetHints":{"allow":["GET"]}}],"collection":[{"href":"https:\/\/portaltela.pt\/api\/wp\/v2\/posts"}],"about":[{"href":"https:\/\/portaltela.pt\/api\/wp\/v2\/types\/post"}],"author":[{"embeddable":true,"href":"https:\/\/portaltela.pt\/api\/wp\/v2\/users\/2"}],"replies":[{"embeddable":true,"href":"https:\/\/portaltela.pt\/api\/wp\/v2\/comments?post=435844"}],"version-history":[{"count":0,"href":"https:\/\/portaltela.pt\/api\/wp\/v2\/posts\/435844\/revisions"}],"wp:featuredmedia":[{"embeddable":true,"href":"https:\/\/portaltela.pt\/api\/wp\/v2\/media\/435848"}],"wp:attachment":[{"href":"https:\/\/portaltela.pt\/api\/wp\/v2\/media?parent=435844"}],"wp:term":[{"taxonomy":"category","embeddable":true,"href":"https:\/\/portaltela.pt\/api\/wp\/v2\/categories?post=435844"},{"taxonomy":"post_tag","embeddable":true,"href":"https:\/\/portaltela.pt\/api\/wp\/v2\/tags?post=435844"}],"curies":[{"name":"wp","href":"https:\/\/api.w.org\/{rel}","templated":true}]}}