{"id":435827,"date":"2026-04-07T15:33:33","date_gmt":"2026-04-07T18:33:33","guid":{"rendered":"https:\/\/portaltela.pt\/noticias\/2026\/04\/07\/mircea-lucescu-mitico-treinador-romeno-morre-aos-80-anos\/"},"modified":"2026-04-07T15:33:33","modified_gmt":"2026-04-07T18:33:33","slug":"mircea-lucescu-mitico-treinador-romeno-morre-aos-80-anos","status":"publish","type":"post","link":"https:\/\/portaltela.pt\/desporto\/futebol\/2026\/04\/07\/mircea-lucescu-mitico-treinador-romeno-morre-aos-80-anos\/","title":{"rendered":"Mircea Lucescu, m\u00edtico treinador romeno, morre aos 80 anos"},"content":{"rendered":"<p>Mircea Lucescu, lend\u00e1rio treinador romeno, morreu hoje, aos 80 anos, no Hospital Universit\u00e1rio de Emerg\u00eancia de Bucareste. A institui\u00e7\u00e3o anunciou a morte por volta das 20h30, justificando que o t\u00e9cnico estava em estado fragilizado ap\u00f3s um ataque card\u00edaco.<\/p>\n<p>Lucescu esteve hospitalizado desde o final de mar\u00e7o, ap\u00f3s ter desmaiado durante um treino da sele\u00e7\u00e3o romena. Foi-lhe colocado um desfibrilhador e, no fim de semana, foi transferido para os cuidados intensivos, onde permaneceu em coma at\u00e9 ao falecimento.<\/p>\n<p>No curr\u00edculo, Lucescu integrou a lista dos treinadores e jogadores mais influentes do futebol romeno. Conduziu a sele\u00e7\u00e3o nacional em v\u00e1rias fases de qualifica\u00e7\u00e3o, incluindo o Euro 1984 e o Mundial 1990. A \u00cdndia de carreira passou por clubes como Dinamo de Bucareste, Brescia, Shakhtar Donetsk e Dinamo de Kiev, entre outros.<\/p>\n<h3>Carreira<\/h3>\n<p>Lucescu ergueu nomes no panorama mundial, com impacto prolongado no futebol romeno e internacional. O legado inclui uma gera\u00e7\u00e3o de jogadores que acompanharam o estilo atacante e t\u00e9cnico que caracterizou o seu comando.<\/p>\n<p>A Federa\u00e7\u00e3o Romena de Futebol ainda n\u00e3o divulgou detalhes sobre cerim\u00f3nias f\u00fanebres ou homenagens oficiais. O ocorrido marca a perda de uma refer\u00eancia hist\u00f3rica do desporto romeno.<\/p>\n","protected":false},"excerpt":{"rendered":"<ul>\n<li>Mircea Lucescu, m\u00edtico treinador romeno, morreu aos 80 anos ap\u00f3s sofrer um ataque card\u00edaco.<\/li>\n<li>A confirma\u00e7\u00e3o foi feita pelo Hospital Universit\u00e1rio de Bucareste, onde estava internado em estado fr\u00e1gil.<\/li>\n<li>O t\u00e9cnico estava hospitalizado desde o final de mar\u00e7o, depois de ter desmaiado durante um treino da sele\u00e7\u00e3o romena; foi colocado desfibrilhador.<\/li>\n<li>No domingo foi transferido para os cuidados intensivos, onde entrou em coma, vindo a falecer na ter\u00e7a-feira, por volta das 20h30.<\/li>\n<li>Lucescu comandou a sele\u00e7\u00e3o romena em v\u00e1rios per\u00edodos, incluindo a qualifica\u00e7\u00e3o para o Euro 1984; teve passagens por Dinamo de Bucareste, Brescia, Shakhtar Donetsk e Dinamo de Kiev.<\/li>\n<\/ul>\n","protected":false},"author":2,"featured_media":435829,"comment_status":"closed","ping_status":"closed","sticky":false,"template":"","format":"standard","meta":{"footnotes":""},"categories":[21,24],"tags":[7755,7822,1486,2477],"class_list":["post-435827","post","type-post","status-publish","format-standard","has-post-thumbnail","hentry","category-desporto","category-futebol","tag-_futebol","tag-dinamo-de-bucareste","tag-romenia","tag-treinadores"],"yoast_head":"<!-- This site is optimized with the Yoast SEO plugin v27.2 - https:\/\/yoast.com\/product\/yoast-seo-wordpress\/ -->\n<title>Mircea Lucescu, m\u00edtico treinador romeno, morre aos 80 anos - Portal Tela Portugal<\/title>\n<meta name=\"robots\" content=\"index, follow, max-snippet:-1, max-image-preview:large, max-video-preview:-1\" \/>\n<meta property=\"og:locale\" content=\"pt_PT\" \/>\n<meta property=\"og:type\" content=\"article\" \/>\n<meta property=\"og:title\" content=\"Mircea Lucescu, m\u00edtico treinador romeno, morre aos 80 anos - Portal Tela Portugal\" \/>\n<meta property=\"og:description\" content=\"Mircea Lucescu, m\u00edtico treinador romeno, morreu aos 80 anos ap\u00f3s sofrer um ataque card\u00edaco. A confirma\u00e7\u00e3o foi feita pelo Hospital Universit\u00e1rio de Bucareste, onde estava internado em estado fr\u00e1gil. O t\u00e9cnico estava hospitalizado desde o final de mar\u00e7o, depois de ter desmaiado durante um treino da sele\u00e7\u00e3o romena; foi colocado desfibrilhador. No domingo foi transferido para os cuidados intensivos, onde entrou em coma, vindo a falecer na ter\u00e7a-feira, por volta das 20h30. Lucescu comandou a sele\u00e7\u00e3o romena em v\u00e1rios per\u00edodos, incluindo a qualifica\u00e7\u00e3o para o Euro 1984; teve passagens por Dinamo de Bucareste, Brescia, Shakhtar Donetsk e Dinamo de Kiev.\" \/>\n<meta property=\"og:url\" content=\"https:\/\/portaltela.pt\/noticias\/2026\/04\/07\/mircea-lucescu-mitico-treinador-romeno-morre-aos-80-anos\/\" \/>\n<meta property=\"og:site_name\" content=\"Portal Tela Portugal\" \/>\n<meta property=\"article:published_time\" content=\"2026-04-07T18:33:33+00:00\" \/>\n<meta name=\"author\" content=\"Telinha\" \/>\n<meta name=\"twitter:card\" content=\"summary_large_image\" \/>\n<meta name=\"twitter:label1\" content=\"Escrito por\" \/>\n\t<meta name=\"twitter:data1\" content=\"Telinha\" \/>\n\t<meta name=\"twitter:label2\" content=\"Tempo estimado de leitura\" \/>\n\t<meta name=\"twitter:data2\" content=\"1 minuto\" \/>\n<script type=\"application\/ld+json\" class=\"yoast-schema-graph\">{\"@context\":\"https:\/\/schema.org\",\"@graph\":[{\"@type\":\"Article\",\"@id\":\"https:\/\/portaltela.pt\/noticias\/2026\/04\/07\/mircea-lucescu-mitico-treinador-romeno-morre-aos-80-anos\/#article\",\"isPartOf\":{\"@id\":\"https:\/\/portaltela.pt\/noticias\/2026\/04\/07\/mircea-lucescu-mitico-treinador-romeno-morre-aos-80-anos\/\"},\"author\":{\"name\":\"Telinha\",\"@id\":\"https:\/\/portaltela.pt\/#\/schema\/person\/c4278d4a6028830caff9ee44b42d32ed\"},\"headline\":\"Mircea Lucescu, m\u00edtico treinador romeno, morre aos 80 anos\",\"datePublished\":\"2026-04-07T18:33:33+00:00\",\"mainEntityOfPage\":{\"@id\":\"https:\/\/portaltela.pt\/noticias\/2026\/04\/07\/mircea-lucescu-mitico-treinador-romeno-morre-aos-80-anos\/\"},\"wordCount\":218,\"image\":{\"@id\":\"https:\/\/portaltela.pt\/noticias\/2026\/04\/07\/mircea-lucescu-mitico-treinador-romeno-morre-aos-80-anos\/#primaryimage\"},\"thumbnailUrl\":\"https:\/\/portaltela.pt\/s.01k8rhncp4jt1\/2026\/04\/image-408.jpg\",\"keywords\":[\"_futebol\",\"Dinamo de Bucareste\",\"Rom\u00e9nia\",\"treinadores\"],\"articleSection\":[\"Desporto\",\"Futebol\"],\"inLanguage\":\"pt-PT\"},{\"@type\":\"WebPage\",\"@id\":\"https:\/\/portaltela.pt\/noticias\/2026\/04\/07\/mircea-lucescu-mitico-treinador-romeno-morre-aos-80-anos\/\",\"url\":\"https:\/\/portaltela.pt\/noticias\/2026\/04\/07\/mircea-lucescu-mitico-treinador-romeno-morre-aos-80-anos\/\",\"name\":\"Mircea Lucescu, m\u00edtico treinador romeno, morre aos 80 anos - Portal Tela Portugal\",\"isPartOf\":{\"@id\":\"https:\/\/portaltela.pt\/#website\"},\"primaryImageOfPage\":{\"@id\":\"https:\/\/portaltela.pt\/noticias\/2026\/04\/07\/mircea-lucescu-mitico-treinador-romeno-morre-aos-80-anos\/#primaryimage\"},\"image\":{\"@id\":\"https:\/\/portaltela.pt\/noticias\/2026\/04\/07\/mircea-lucescu-mitico-treinador-romeno-morre-aos-80-anos\/#primaryimage\"},\"thumbnailUrl\":\"https:\/\/portaltela.pt\/s.01k8rhncp4jt1\/2026\/04\/image-408.jpg\",\"datePublished\":\"2026-04-07T18:33:33+00:00\",\"author\":{\"@id\":\"https:\/\/portaltela.pt\/#\/schema\/person\/c4278d4a6028830caff9ee44b42d32ed\"},\"breadcrumb\":{\"@id\":\"https:\/\/portaltela.pt\/noticias\/2026\/04\/07\/mircea-lucescu-mitico-treinador-romeno-morre-aos-80-anos\/#breadcrumb\"},\"inLanguage\":\"pt-PT\",\"potentialAction\":[{\"@type\":\"ReadAction\",\"target\":[\"https:\/\/portaltela.pt\/noticias\/2026\/04\/07\/mircea-lucescu-mitico-treinador-romeno-morre-aos-80-anos\/\"]}]},{\"@type\":\"ImageObject\",\"inLanguage\":\"pt-PT\",\"@id\":\"https:\/\/portaltela.pt\/noticias\/2026\/04\/07\/mircea-lucescu-mitico-treinador-romeno-morre-aos-80-anos\/#primaryimage\",\"url\":\"https:\/\/portaltela.pt\/s.01k8rhncp4jt1\/2026\/04\/image-408.jpg\",\"contentUrl\":\"https:\/\/portaltela.pt\/s.01k8rhncp4jt1\/2026\/04\/image-408.jpg\",\"width\":796,\"height\":448,\"caption\":\"Lucescu tinha 80 anos\"},{\"@type\":\"BreadcrumbList\",\"@id\":\"https:\/\/portaltela.pt\/noticias\/2026\/04\/07\/mircea-lucescu-mitico-treinador-romeno-morre-aos-80-anos\/#breadcrumb\",\"itemListElement\":[{\"@type\":\"ListItem\",\"position\":1,\"name\":\"In\u00edcio\",\"item\":\"https:\/\/portaltela.pt\/\"},{\"@type\":\"ListItem\",\"position\":2,\"name\":\"Mircea Lucescu, m\u00edtico treinador romeno, morre aos 80 anos\"}]},{\"@type\":\"WebSite\",\"@id\":\"https:\/\/portaltela.pt\/#website\",\"url\":\"https:\/\/portaltela.pt\/\",\"name\":\"Portal Tela Portugal\",\"description\":\"\",\"potentialAction\":[{\"@type\":\"SearchAction\",\"target\":{\"@type\":\"EntryPoint\",\"urlTemplate\":\"https:\/\/portaltela.pt\/?s={search_term_string}\"},\"query-input\":{\"@type\":\"PropertyValueSpecification\",\"valueRequired\":true,\"valueName\":\"search_term_string\"}}],\"inLanguage\":\"pt-PT\"},{\"@type\":\"Person\",\"@id\":\"https:\/\/portaltela.pt\/#\/schema\/person\/c4278d4a6028830caff9ee44b42d32ed\",\"name\":\"Telinha\",\"image\":{\"@type\":\"ImageObject\",\"inLanguage\":\"pt-PT\",\"@id\":\"https:\/\/portaltela.pt\/s.01k8rhncp4jt1\/2025\/11\/talking-bot-125x125.png\",\"url\":\"https:\/\/portaltela.pt\/s.01k8rhncp4jt1\/2025\/11\/talking-bot-125x125.png\",\"contentUrl\":\"https:\/\/portaltela.pt\/s.01k8rhncp4jt1\/2025\/11\/talking-bot-125x125.png\",\"caption\":\"Telinha\"},\"sameAs\":[\"https:\/\/portaltela.pt\/\"],\"url\":\"https:\/\/portaltela.pt\/por\/367410592786\/\"}]}<\/script>\n<!-- \/ Yoast SEO plugin. -->","yoast_head_json":{"title":"Mircea Lucescu, m\u00edtico treinador romeno, morre aos 80 anos - Portal Tela Portugal","robots":{"index":"index","follow":"follow","max-snippet":"max-snippet:-1","max-image-preview":"max-image-preview:large","max-video-preview":"max-video-preview:-1"},"og_locale":"pt_PT","og_type":"article","og_title":"Mircea Lucescu, m\u00edtico treinador romeno, morre aos 80 anos - Portal Tela Portugal","og_description":"Mircea Lucescu, m\u00edtico treinador romeno, morreu aos 80 anos ap\u00f3s sofrer um ataque card\u00edaco. A confirma\u00e7\u00e3o foi feita pelo Hospital Universit\u00e1rio de Bucareste, onde estava internado em estado fr\u00e1gil. O t\u00e9cnico estava hospitalizado desde o final de mar\u00e7o, depois de ter desmaiado durante um treino da sele\u00e7\u00e3o romena; foi colocado desfibrilhador. No domingo foi transferido para os cuidados intensivos, onde entrou em coma, vindo a falecer na ter\u00e7a-feira, por volta das 20h30. Lucescu comandou a sele\u00e7\u00e3o romena em v\u00e1rios per\u00edodos, incluindo a qualifica\u00e7\u00e3o para o Euro 1984; teve passagens por Dinamo de Bucareste, Brescia, Shakhtar Donetsk e Dinamo de Kiev.","og_url":"https:\/\/portaltela.pt\/noticias\/2026\/04\/07\/mircea-lucescu-mitico-treinador-romeno-morre-aos-80-anos\/","og_site_name":"Portal Tela Portugal","article_published_time":"2026-04-07T18:33:33+00:00","author":"Telinha","twitter_card":"summary_large_image","twitter_misc":{"Escrito por":"Telinha","Tempo estimado de leitura":"1 minuto"},"schema":{"@context":"https:\/\/schema.org","@graph":[{"@type":"Article","@id":"https:\/\/portaltela.pt\/noticias\/2026\/04\/07\/mircea-lucescu-mitico-treinador-romeno-morre-aos-80-anos\/#article","isPartOf":{"@id":"https:\/\/portaltela.pt\/noticias\/2026\/04\/07\/mircea-lucescu-mitico-treinador-romeno-morre-aos-80-anos\/"},"author":{"name":"Telinha","@id":"https:\/\/portaltela.pt\/#\/schema\/person\/c4278d4a6028830caff9ee44b42d32ed"},"headline":"Mircea Lucescu, m\u00edtico treinador romeno, morre aos 80 anos","datePublished":"2026-04-07T18:33:33+00:00","mainEntityOfPage":{"@id":"https:\/\/portaltela.pt\/noticias\/2026\/04\/07\/mircea-lucescu-mitico-treinador-romeno-morre-aos-80-anos\/"},"wordCount":218,"image":{"@id":"https:\/\/portaltela.pt\/noticias\/2026\/04\/07\/mircea-lucescu-mitico-treinador-romeno-morre-aos-80-anos\/#primaryimage"},"thumbnailUrl":"https:\/\/portaltela.pt\/s.01k8rhncp4jt1\/2026\/04\/image-408.jpg","keywords":["_futebol","Dinamo de Bucareste","Rom\u00e9nia","treinadores"],"articleSection":["Desporto","Futebol"],"inLanguage":"pt-PT"},{"@type":"WebPage","@id":"https:\/\/portaltela.pt\/noticias\/2026\/04\/07\/mircea-lucescu-mitico-treinador-romeno-morre-aos-80-anos\/","url":"https:\/\/portaltela.pt\/noticias\/2026\/04\/07\/mircea-lucescu-mitico-treinador-romeno-morre-aos-80-anos\/","name":"Mircea Lucescu, m\u00edtico treinador romeno, morre aos 80 anos - Portal Tela Portugal","isPartOf":{"@id":"https:\/\/portaltela.pt\/#website"},"primaryImageOfPage":{"@id":"https:\/\/portaltela.pt\/noticias\/2026\/04\/07\/mircea-lucescu-mitico-treinador-romeno-morre-aos-80-anos\/#primaryimage"},"image":{"@id":"https:\/\/portaltela.pt\/noticias\/2026\/04\/07\/mircea-lucescu-mitico-treinador-romeno-morre-aos-80-anos\/#primaryimage"},"thumbnailUrl":"https:\/\/portaltela.pt\/s.01k8rhncp4jt1\/2026\/04\/image-408.jpg","datePublished":"2026-04-07T18:33:33+00:00","author":{"@id":"https:\/\/portaltela.pt\/#\/schema\/person\/c4278d4a6028830caff9ee44b42d32ed"},"breadcrumb":{"@id":"https:\/\/portaltela.pt\/noticias\/2026\/04\/07\/mircea-lucescu-mitico-treinador-romeno-morre-aos-80-anos\/#breadcrumb"},"inLanguage":"pt-PT","potentialAction":[{"@type":"ReadAction","target":["https:\/\/portaltela.pt\/noticias\/2026\/04\/07\/mircea-lucescu-mitico-treinador-romeno-morre-aos-80-anos\/"]}]},{"@type":"ImageObject","inLanguage":"pt-PT","@id":"https:\/\/portaltela.pt\/noticias\/2026\/04\/07\/mircea-lucescu-mitico-treinador-romeno-morre-aos-80-anos\/#primaryimage","url":"https:\/\/portaltela.pt\/s.01k8rhncp4jt1\/2026\/04\/image-408.jpg","contentUrl":"https:\/\/portaltela.pt\/s.01k8rhncp4jt1\/2026\/04\/image-408.jpg","width":796,"height":448,"caption":"Lucescu tinha 80 anos"},{"@type":"BreadcrumbList","@id":"https:\/\/portaltela.pt\/noticias\/2026\/04\/07\/mircea-lucescu-mitico-treinador-romeno-morre-aos-80-anos\/#breadcrumb","itemListElement":[{"@type":"ListItem","position":1,"name":"In\u00edcio","item":"https:\/\/portaltela.pt\/"},{"@type":"ListItem","position":2,"name":"Mircea Lucescu, m\u00edtico treinador romeno, morre aos 80 anos"}]},{"@type":"WebSite","@id":"https:\/\/portaltela.pt\/#website","url":"https:\/\/portaltela.pt\/","name":"Portal Tela Portugal","description":"","potentialAction":[{"@type":"SearchAction","target":{"@type":"EntryPoint","urlTemplate":"https:\/\/portaltela.pt\/?s={search_term_string}"},"query-input":{"@type":"PropertyValueSpecification","valueRequired":true,"valueName":"search_term_string"}}],"inLanguage":"pt-PT"},{"@type":"Person","@id":"https:\/\/portaltela.pt\/#\/schema\/person\/c4278d4a6028830caff9ee44b42d32ed","name":"Telinha","image":{"@type":"ImageObject","inLanguage":"pt-PT","@id":"https:\/\/portaltela.pt\/s.01k8rhncp4jt1\/2025\/11\/talking-bot-125x125.png","url":"https:\/\/portaltela.pt\/s.01k8rhncp4jt1\/2025\/11\/talking-bot-125x125.png","contentUrl":"https:\/\/portaltela.pt\/s.01k8rhncp4jt1\/2025\/11\/talking-bot-125x125.png","caption":"Telinha"},"sameAs":["https:\/\/portaltela.pt\/"],"url":"https:\/\/portaltela.pt\/por\/367410592786\/"}]}},"_links":{"self":[{"href":"https:\/\/portaltela.pt\/api\/wp\/v2\/posts\/435827","targetHints":{"allow":["GET"]}}],"collection":[{"href":"https:\/\/portaltela.pt\/api\/wp\/v2\/posts"}],"about":[{"href":"https:\/\/portaltela.pt\/api\/wp\/v2\/types\/post"}],"author":[{"embeddable":true,"href":"https:\/\/portaltela.pt\/api\/wp\/v2\/users\/2"}],"replies":[{"embeddable":true,"href":"https:\/\/portaltela.pt\/api\/wp\/v2\/comments?post=435827"}],"version-history":[{"count":0,"href":"https:\/\/portaltela.pt\/api\/wp\/v2\/posts\/435827\/revisions"}],"wp:featuredmedia":[{"embeddable":true,"href":"https:\/\/portaltela.pt\/api\/wp\/v2\/media\/435829"}],"wp:attachment":[{"href":"https:\/\/portaltela.pt\/api\/wp\/v2\/media?parent=435827"}],"wp:term":[{"taxonomy":"category","embeddable":true,"href":"https:\/\/portaltela.pt\/api\/wp\/v2\/categories?post=435827"},{"taxonomy":"post_tag","embeddable":true,"href":"https:\/\/portaltela.pt\/api\/wp\/v2\/tags?post=435827"}],"curies":[{"name":"wp","href":"https:\/\/api.w.org\/{rel}","templated":true}]}}