{"id":435820,"date":"2026-04-07T15:33:25","date_gmt":"2026-04-07T18:33:25","guid":{"rendered":"https:\/\/portaltela.pt\/noticias\/2026\/04\/07\/governo-disposto-a-melhorar-condicoes-de-voto-para-emigrantes\/"},"modified":"2026-04-07T15:33:25","modified_gmt":"2026-04-07T18:33:25","slug":"governo-disposto-a-melhorar-condicoes-de-voto-para-emigrantes","status":"publish","type":"post","link":"https:\/\/portaltela.pt\/comunidade\/2026\/04\/07\/governo-disposto-a-melhorar-condicoes-de-voto-para-emigrantes\/","title":{"rendered":"Governo disposto a melhorar condi\u00e7\u00f5es de voto para emigrantes"},"content":{"rendered":"<p>O Governo afirmou no parlamento que est\u00e1 aberto a melhorar as condi\u00e7\u00f5es de voto para os emigrantes. A garantia veio do ministro dos Neg\u00f3cios Estrangeiros, em resposta a um requerimento do Chega.<\/p>\n<p>Paulo Rangel disse que a mat\u00e9ria \u00e9 complexa e recorrente, mas que t\u00eam existido progressos. O MNE foi ouvido em comiss\u00e3o, ap\u00f3s o pedido de audi\u00e7\u00e3o apresentado a 24 de fevereiro.<\/p>\n<p>O Chega, que pediu o voto eletr\u00f3nico para a di\u00e1spora, destacou as dificuldades vividas pelos eleitores no estrangeiro. Os deputados salientaram que muitos emigrantes sentem-se desvalorizados no processo.<\/p>\n<h3>Contexto e cr\u00edticas<\/h3>\n<p>Cristina Rodrigues, do Chega, afirmou que o partido recebeu milhares de reclama\u00e7\u00f5es sobre os sufr\u00e1gios no estrangeiro, criaram um email dedicado ao tema e apontou problemas como dist\u00e2ncia geogr\u00e1fica e dias \u00fateis de voto.<\/p>\n<p>A deputada mencionou ainda relatos de perda de dias de trabalho e dificuldades de comunica\u00e7\u00e3o, defendendo que o voto na di\u00e1spora precisa de melhorias.<\/p>\n<p>O Chega anunciou que vai apresentar uma proposta de altera\u00e7\u00e3o \u00e0 lei eleitoral, que depende da maioria no Parlamento para avan\u00e7ar.<\/p>\n<h3>Posi\u00e7\u00f5es e cen\u00e1rios<\/h3>\n<p>Paulo Rangel disse que o Governo pretende melhorar as condi\u00e7\u00f5es, mas alertou para os riscos do voto eletr\u00f3nico, lembrando os 50 anos de democracia em que se privilegiou o modelo atual.<\/p>\n<p>Carlos Gon\u00e7alves, do PSD, lembrou v\u00e1rias altera\u00e7\u00f5es eleitorais propostas pelo seu partido que, segundo ele, foram chumbadas, criticando o Chega por n\u00e3o conhecer a realidade das comunidades.<\/p>\n<p>Rodrigo Saraiva, da Iniciativa Liberal, defendeu uma harmoniza\u00e7\u00e3o do voto presidencial e referiu que houve gente que n\u00e3o sabia que o voto n\u00e3o podia ser feito por carta.<\/p>\n<h3>Dados recentes<\/h3>\n<p>Na segunda volta da elei\u00e7\u00e3o presidencial, em 8 de fevereiro, a di\u00e1spora registou uma absten\u00e7\u00e3o de 95,17%, ligeiramente menor que os 95,91% da primeira volta.<\/p>\n","protected":false},"excerpt":{"rendered":"<ul>\n<li>O Governo est\u00e1 disposto a melhorar as condi\u00e7\u00f5es de voto para os emigrantes, anunciou o ministro dos Neg\u00f3cios Estrangeiros no parlamento.<\/li>\n<li>O Chega pediu, em fevereiro, voto eletr\u00f3nico nos c\u00edrculos da di\u00e1spora e solicitou uma audi\u00e7\u00e3o ao MNE, aprovada pela comiss\u00e3o.<\/li>\n<li>Cristina Rodrigues afirmou que o Chega recebeu milhares de reclama\u00e7\u00f5es sobre o voto no estrangeiro e listou dificuldades como dist\u00e2ncias, comunica\u00e7\u00e3o e votar em dias \u00fateis.<\/li>\n<li>O Governo afirma que quer melhorar as condi\u00e7\u00f5es, mas lembra os riscos do voto eletr\u00f3nico e que Portugal tem experi\u00eancia de d\u00e9cadas com o modelo atual.<\/li>\n<li>Na segunda volta das presidenciais, o c\u00edrculo da emigra\u00e7\u00e3o registou uma absten\u00e7\u00e3o de 95,17%, ligeiramente menor do que na primeira volta (95,91%).<\/li>\n<\/ul>\n","protected":false},"author":2,"featured_media":435823,"comment_status":"closed","ping_status":"closed","sticky":false,"template":"","format":"standard","meta":{"footnotes":""},"categories":[7372],"tags":[29,68,902,6669,1965,2832],"class_list":["post-435820","post","type-post","status-publish","format-standard","has-post-thumbnail","hentry","category-comunidade","tag-diplomacia","tag-eleicoes","tag-emigracao","tag-emigracao-internacional","tag-emigrantes","tag-politica"],"yoast_head":"<!-- This site is optimized with the Yoast SEO plugin v27.2 - https:\/\/yoast.com\/product\/yoast-seo-wordpress\/ -->\n<title>Governo disposto a melhorar condi\u00e7\u00f5es de voto para emigrantes - Portal Tela Portugal<\/title>\n<meta name=\"robots\" content=\"index, follow, max-snippet:-1, max-image-preview:large, max-video-preview:-1\" \/>\n<meta property=\"og:locale\" content=\"pt_PT\" \/>\n<meta property=\"og:type\" content=\"article\" \/>\n<meta property=\"og:title\" content=\"Governo disposto a melhorar condi\u00e7\u00f5es de voto para emigrantes - Portal Tela Portugal\" \/>\n<meta property=\"og:description\" content=\"O Governo est\u00e1 disposto a melhorar as condi\u00e7\u00f5es de voto para os emigrantes, anunciou o ministro dos Neg\u00f3cios Estrangeiros no parlamento. O Chega pediu, em fevereiro, voto eletr\u00f3nico nos c\u00edrculos da di\u00e1spora e solicitou uma audi\u00e7\u00e3o ao MNE, aprovada pela comiss\u00e3o. Cristina Rodrigues afirmou que o Chega recebeu milhares de reclama\u00e7\u00f5es sobre o voto no estrangeiro e listou dificuldades como dist\u00e2ncias, comunica\u00e7\u00e3o e votar em dias \u00fateis. O Governo afirma que quer melhorar as condi\u00e7\u00f5es, mas lembra os riscos do voto eletr\u00f3nico e que Portugal tem experi\u00eancia de d\u00e9cadas com o modelo atual. Na segunda volta das presidenciais, o c\u00edrculo da emigra\u00e7\u00e3o registou uma absten\u00e7\u00e3o de 95,17%, ligeiramente menor do que na primeira volta (95,91%).\" \/>\n<meta property=\"og:url\" content=\"https:\/\/portaltela.pt\/noticias\/2026\/04\/07\/governo-disposto-a-melhorar-condicoes-de-voto-para-emigrantes\/\" \/>\n<meta property=\"og:site_name\" content=\"Portal Tela Portugal\" \/>\n<meta property=\"article:published_time\" content=\"2026-04-07T18:33:25+00:00\" \/>\n<meta name=\"author\" content=\"Telinha\" \/>\n<meta name=\"twitter:card\" content=\"summary_large_image\" \/>\n<meta name=\"twitter:label1\" content=\"Escrito por\" \/>\n\t<meta name=\"twitter:data1\" content=\"Telinha\" \/>\n\t<meta name=\"twitter:label2\" content=\"Tempo estimado de leitura\" \/>\n\t<meta name=\"twitter:data2\" content=\"2 minutos\" \/>\n<script type=\"application\/ld+json\" class=\"yoast-schema-graph\">{\"@context\":\"https:\/\/schema.org\",\"@graph\":[{\"@type\":\"Article\",\"@id\":\"https:\/\/portaltela.pt\/noticias\/2026\/04\/07\/governo-disposto-a-melhorar-condicoes-de-voto-para-emigrantes\/#article\",\"isPartOf\":{\"@id\":\"https:\/\/portaltela.pt\/noticias\/2026\/04\/07\/governo-disposto-a-melhorar-condicoes-de-voto-para-emigrantes\/\"},\"author\":{\"name\":\"Telinha\",\"@id\":\"https:\/\/portaltela.pt\/#\/schema\/person\/c4278d4a6028830caff9ee44b42d32ed\"},\"headline\":\"Governo disposto a melhorar condi\u00e7\u00f5es de voto para emigrantes\",\"datePublished\":\"2026-04-07T18:33:25+00:00\",\"mainEntityOfPage\":{\"@id\":\"https:\/\/portaltela.pt\/noticias\/2026\/04\/07\/governo-disposto-a-melhorar-condicoes-de-voto-para-emigrantes\/\"},\"wordCount\":324,\"image\":{\"@id\":\"https:\/\/portaltela.pt\/noticias\/2026\/04\/07\/governo-disposto-a-melhorar-condicoes-de-voto-para-emigrantes\/#primaryimage\"},\"thumbnailUrl\":\"https:\/\/portaltela.pt\/s.01k8rhncp4jt1\/2026\/04\/img_1500x1000uu2021-09-26-16-45-41-1084072.jpg\",\"keywords\":[\"diplomacia\",\"elei\u00e7\u00f5es\",\"emigra\u00e7\u00e3o\",\"emigra\u00e7\u00e3o internacional\",\"emigrantes\",\"pol\u00edtica\"],\"articleSection\":[\"Comunidade\"],\"inLanguage\":\"pt-PT\"},{\"@type\":\"WebPage\",\"@id\":\"https:\/\/portaltela.pt\/noticias\/2026\/04\/07\/governo-disposto-a-melhorar-condicoes-de-voto-para-emigrantes\/\",\"url\":\"https:\/\/portaltela.pt\/noticias\/2026\/04\/07\/governo-disposto-a-melhorar-condicoes-de-voto-para-emigrantes\/\",\"name\":\"Governo disposto a melhorar condi\u00e7\u00f5es de voto para emigrantes - Portal Tela Portugal\",\"isPartOf\":{\"@id\":\"https:\/\/portaltela.pt\/#website\"},\"primaryImageOfPage\":{\"@id\":\"https:\/\/portaltela.pt\/noticias\/2026\/04\/07\/governo-disposto-a-melhorar-condicoes-de-voto-para-emigrantes\/#primaryimage\"},\"image\":{\"@id\":\"https:\/\/portaltela.pt\/noticias\/2026\/04\/07\/governo-disposto-a-melhorar-condicoes-de-voto-para-emigrantes\/#primaryimage\"},\"thumbnailUrl\":\"https:\/\/portaltela.pt\/s.01k8rhncp4jt1\/2026\/04\/img_1500x1000uu2021-09-26-16-45-41-1084072.jpg\",\"datePublished\":\"2026-04-07T18:33:25+00:00\",\"author\":{\"@id\":\"https:\/\/portaltela.pt\/#\/schema\/person\/c4278d4a6028830caff9ee44b42d32ed\"},\"breadcrumb\":{\"@id\":\"https:\/\/portaltela.pt\/noticias\/2026\/04\/07\/governo-disposto-a-melhorar-condicoes-de-voto-para-emigrantes\/#breadcrumb\"},\"inLanguage\":\"pt-PT\",\"potentialAction\":[{\"@type\":\"ReadAction\",\"target\":[\"https:\/\/portaltela.pt\/noticias\/2026\/04\/07\/governo-disposto-a-melhorar-condicoes-de-voto-para-emigrantes\/\"]}]},{\"@type\":\"ImageObject\",\"inLanguage\":\"pt-PT\",\"@id\":\"https:\/\/portaltela.pt\/noticias\/2026\/04\/07\/governo-disposto-a-melhorar-condicoes-de-voto-para-emigrantes\/#primaryimage\",\"url\":\"https:\/\/portaltela.pt\/s.01k8rhncp4jt1\/2026\/04\/img_1500x1000uu2021-09-26-16-45-41-1084072.jpg\",\"contentUrl\":\"https:\/\/portaltela.pt\/s.01k8rhncp4jt1\/2026\/04\/img_1500x1000uu2021-09-26-16-45-41-1084072.jpg\",\"width\":796,\"height\":448,\"caption\":\"Urnas\"},{\"@type\":\"BreadcrumbList\",\"@id\":\"https:\/\/portaltela.pt\/noticias\/2026\/04\/07\/governo-disposto-a-melhorar-condicoes-de-voto-para-emigrantes\/#breadcrumb\",\"itemListElement\":[{\"@type\":\"ListItem\",\"position\":1,\"name\":\"In\u00edcio\",\"item\":\"https:\/\/portaltela.pt\/\"},{\"@type\":\"ListItem\",\"position\":2,\"name\":\"Governo disposto a melhorar condi\u00e7\u00f5es de voto para emigrantes\"}]},{\"@type\":\"WebSite\",\"@id\":\"https:\/\/portaltela.pt\/#website\",\"url\":\"https:\/\/portaltela.pt\/\",\"name\":\"Portal Tela Portugal\",\"description\":\"\",\"potentialAction\":[{\"@type\":\"SearchAction\",\"target\":{\"@type\":\"EntryPoint\",\"urlTemplate\":\"https:\/\/portaltela.pt\/?s={search_term_string}\"},\"query-input\":{\"@type\":\"PropertyValueSpecification\",\"valueRequired\":true,\"valueName\":\"search_term_string\"}}],\"inLanguage\":\"pt-PT\"},{\"@type\":\"Person\",\"@id\":\"https:\/\/portaltela.pt\/#\/schema\/person\/c4278d4a6028830caff9ee44b42d32ed\",\"name\":\"Telinha\",\"image\":{\"@type\":\"ImageObject\",\"inLanguage\":\"pt-PT\",\"@id\":\"https:\/\/portaltela.pt\/s.01k8rhncp4jt1\/2025\/11\/talking-bot-125x125.png\",\"url\":\"https:\/\/portaltela.pt\/s.01k8rhncp4jt1\/2025\/11\/talking-bot-125x125.png\",\"contentUrl\":\"https:\/\/portaltela.pt\/s.01k8rhncp4jt1\/2025\/11\/talking-bot-125x125.png\",\"caption\":\"Telinha\"},\"sameAs\":[\"https:\/\/portaltela.pt\/\"],\"url\":\"https:\/\/portaltela.pt\/por\/367410592786\/\"}]}<\/script>\n<!-- \/ Yoast SEO plugin. -->","yoast_head_json":{"title":"Governo disposto a melhorar condi\u00e7\u00f5es de voto para emigrantes - Portal Tela Portugal","robots":{"index":"index","follow":"follow","max-snippet":"max-snippet:-1","max-image-preview":"max-image-preview:large","max-video-preview":"max-video-preview:-1"},"og_locale":"pt_PT","og_type":"article","og_title":"Governo disposto a melhorar condi\u00e7\u00f5es de voto para emigrantes - Portal Tela Portugal","og_description":"O Governo est\u00e1 disposto a melhorar as condi\u00e7\u00f5es de voto para os emigrantes, anunciou o ministro dos Neg\u00f3cios Estrangeiros no parlamento. O Chega pediu, em fevereiro, voto eletr\u00f3nico nos c\u00edrculos da di\u00e1spora e solicitou uma audi\u00e7\u00e3o ao MNE, aprovada pela comiss\u00e3o. Cristina Rodrigues afirmou que o Chega recebeu milhares de reclama\u00e7\u00f5es sobre o voto no estrangeiro e listou dificuldades como dist\u00e2ncias, comunica\u00e7\u00e3o e votar em dias \u00fateis. O Governo afirma que quer melhorar as condi\u00e7\u00f5es, mas lembra os riscos do voto eletr\u00f3nico e que Portugal tem experi\u00eancia de d\u00e9cadas com o modelo atual. Na segunda volta das presidenciais, o c\u00edrculo da emigra\u00e7\u00e3o registou uma absten\u00e7\u00e3o de 95,17%, ligeiramente menor do que na primeira volta (95,91%).","og_url":"https:\/\/portaltela.pt\/noticias\/2026\/04\/07\/governo-disposto-a-melhorar-condicoes-de-voto-para-emigrantes\/","og_site_name":"Portal Tela Portugal","article_published_time":"2026-04-07T18:33:25+00:00","author":"Telinha","twitter_card":"summary_large_image","twitter_misc":{"Escrito por":"Telinha","Tempo estimado de leitura":"2 minutos"},"schema":{"@context":"https:\/\/schema.org","@graph":[{"@type":"Article","@id":"https:\/\/portaltela.pt\/noticias\/2026\/04\/07\/governo-disposto-a-melhorar-condicoes-de-voto-para-emigrantes\/#article","isPartOf":{"@id":"https:\/\/portaltela.pt\/noticias\/2026\/04\/07\/governo-disposto-a-melhorar-condicoes-de-voto-para-emigrantes\/"},"author":{"name":"Telinha","@id":"https:\/\/portaltela.pt\/#\/schema\/person\/c4278d4a6028830caff9ee44b42d32ed"},"headline":"Governo disposto a melhorar condi\u00e7\u00f5es de voto para emigrantes","datePublished":"2026-04-07T18:33:25+00:00","mainEntityOfPage":{"@id":"https:\/\/portaltela.pt\/noticias\/2026\/04\/07\/governo-disposto-a-melhorar-condicoes-de-voto-para-emigrantes\/"},"wordCount":324,"image":{"@id":"https:\/\/portaltela.pt\/noticias\/2026\/04\/07\/governo-disposto-a-melhorar-condicoes-de-voto-para-emigrantes\/#primaryimage"},"thumbnailUrl":"https:\/\/portaltela.pt\/s.01k8rhncp4jt1\/2026\/04\/img_1500x1000uu2021-09-26-16-45-41-1084072.jpg","keywords":["diplomacia","elei\u00e7\u00f5es","emigra\u00e7\u00e3o","emigra\u00e7\u00e3o internacional","emigrantes","pol\u00edtica"],"articleSection":["Comunidade"],"inLanguage":"pt-PT"},{"@type":"WebPage","@id":"https:\/\/portaltela.pt\/noticias\/2026\/04\/07\/governo-disposto-a-melhorar-condicoes-de-voto-para-emigrantes\/","url":"https:\/\/portaltela.pt\/noticias\/2026\/04\/07\/governo-disposto-a-melhorar-condicoes-de-voto-para-emigrantes\/","name":"Governo disposto a melhorar condi\u00e7\u00f5es de voto para emigrantes - Portal Tela Portugal","isPartOf":{"@id":"https:\/\/portaltela.pt\/#website"},"primaryImageOfPage":{"@id":"https:\/\/portaltela.pt\/noticias\/2026\/04\/07\/governo-disposto-a-melhorar-condicoes-de-voto-para-emigrantes\/#primaryimage"},"image":{"@id":"https:\/\/portaltela.pt\/noticias\/2026\/04\/07\/governo-disposto-a-melhorar-condicoes-de-voto-para-emigrantes\/#primaryimage"},"thumbnailUrl":"https:\/\/portaltela.pt\/s.01k8rhncp4jt1\/2026\/04\/img_1500x1000uu2021-09-26-16-45-41-1084072.jpg","datePublished":"2026-04-07T18:33:25+00:00","author":{"@id":"https:\/\/portaltela.pt\/#\/schema\/person\/c4278d4a6028830caff9ee44b42d32ed"},"breadcrumb":{"@id":"https:\/\/portaltela.pt\/noticias\/2026\/04\/07\/governo-disposto-a-melhorar-condicoes-de-voto-para-emigrantes\/#breadcrumb"},"inLanguage":"pt-PT","potentialAction":[{"@type":"ReadAction","target":["https:\/\/portaltela.pt\/noticias\/2026\/04\/07\/governo-disposto-a-melhorar-condicoes-de-voto-para-emigrantes\/"]}]},{"@type":"ImageObject","inLanguage":"pt-PT","@id":"https:\/\/portaltela.pt\/noticias\/2026\/04\/07\/governo-disposto-a-melhorar-condicoes-de-voto-para-emigrantes\/#primaryimage","url":"https:\/\/portaltela.pt\/s.01k8rhncp4jt1\/2026\/04\/img_1500x1000uu2021-09-26-16-45-41-1084072.jpg","contentUrl":"https:\/\/portaltela.pt\/s.01k8rhncp4jt1\/2026\/04\/img_1500x1000uu2021-09-26-16-45-41-1084072.jpg","width":796,"height":448,"caption":"Urnas"},{"@type":"BreadcrumbList","@id":"https:\/\/portaltela.pt\/noticias\/2026\/04\/07\/governo-disposto-a-melhorar-condicoes-de-voto-para-emigrantes\/#breadcrumb","itemListElement":[{"@type":"ListItem","position":1,"name":"In\u00edcio","item":"https:\/\/portaltela.pt\/"},{"@type":"ListItem","position":2,"name":"Governo disposto a melhorar condi\u00e7\u00f5es de voto para emigrantes"}]},{"@type":"WebSite","@id":"https:\/\/portaltela.pt\/#website","url":"https:\/\/portaltela.pt\/","name":"Portal Tela Portugal","description":"","potentialAction":[{"@type":"SearchAction","target":{"@type":"EntryPoint","urlTemplate":"https:\/\/portaltela.pt\/?s={search_term_string}"},"query-input":{"@type":"PropertyValueSpecification","valueRequired":true,"valueName":"search_term_string"}}],"inLanguage":"pt-PT"},{"@type":"Person","@id":"https:\/\/portaltela.pt\/#\/schema\/person\/c4278d4a6028830caff9ee44b42d32ed","name":"Telinha","image":{"@type":"ImageObject","inLanguage":"pt-PT","@id":"https:\/\/portaltela.pt\/s.01k8rhncp4jt1\/2025\/11\/talking-bot-125x125.png","url":"https:\/\/portaltela.pt\/s.01k8rhncp4jt1\/2025\/11\/talking-bot-125x125.png","contentUrl":"https:\/\/portaltela.pt\/s.01k8rhncp4jt1\/2025\/11\/talking-bot-125x125.png","caption":"Telinha"},"sameAs":["https:\/\/portaltela.pt\/"],"url":"https:\/\/portaltela.pt\/por\/367410592786\/"}]}},"_links":{"self":[{"href":"https:\/\/portaltela.pt\/api\/wp\/v2\/posts\/435820","targetHints":{"allow":["GET"]}}],"collection":[{"href":"https:\/\/portaltela.pt\/api\/wp\/v2\/posts"}],"about":[{"href":"https:\/\/portaltela.pt\/api\/wp\/v2\/types\/post"}],"author":[{"embeddable":true,"href":"https:\/\/portaltela.pt\/api\/wp\/v2\/users\/2"}],"replies":[{"embeddable":true,"href":"https:\/\/portaltela.pt\/api\/wp\/v2\/comments?post=435820"}],"version-history":[{"count":0,"href":"https:\/\/portaltela.pt\/api\/wp\/v2\/posts\/435820\/revisions"}],"wp:featuredmedia":[{"embeddable":true,"href":"https:\/\/portaltela.pt\/api\/wp\/v2\/media\/435823"}],"wp:attachment":[{"href":"https:\/\/portaltela.pt\/api\/wp\/v2\/media?parent=435820"}],"wp:term":[{"taxonomy":"category","embeddable":true,"href":"https:\/\/portaltela.pt\/api\/wp\/v2\/categories?post=435820"},{"taxonomy":"post_tag","embeddable":true,"href":"https:\/\/portaltela.pt\/api\/wp\/v2\/tags?post=435820"}],"curies":[{"name":"wp","href":"https:\/\/api.w.org\/{rel}","templated":true}]}}