{"id":435810,"date":"2026-04-07T14:56:00","date_gmt":"2026-04-07T17:56:00","guid":{"rendered":"https:\/\/portaltela.pt\/noticias\/2026\/04\/07\/operacao-no-brasil-combate-producao-e-venda-ilegais-de-medicacao-para-emagrecer\/"},"modified":"2026-04-07T14:56:00","modified_gmt":"2026-04-07T17:56:00","slug":"operacao-no-brasil-combate-producao-e-venda-ilegais-de-medicacao-para-emagrecer","status":"publish","type":"post","link":"https:\/\/portaltela.pt\/policia\/2026\/04\/07\/operacao-no-brasil-combate-producao-e-venda-ilegais-de-medicacao-para-emagrecer\/","title":{"rendered":"Opera\u00e7\u00e3o no Brasil combate produ\u00e7\u00e3o e venda ilegais de medica\u00e7\u00e3o para emagrecer"},"content":{"rendered":"<p>Uma megaopera\u00e7\u00e3o foi lan\u00e7ada no Brasil para combater a produ\u00e7\u00e3o e o com\u00e9rcio ilegais de medicamentos para emagrecer. A a\u00e7\u00e3o envolve autoridades brasileiras, com o objetivo de coibir a cadeia clandestina ligada a produtos farmac\u00eauticos destinados \u00e0 perda de peso.<\/p>\n<p>Ainda n\u00e3o foram apresentados detalhes completos sobre as organiza\u00e7\u00f5es envolvidas, as maiores \u00e1reas de atua\u00e7\u00e3o ou o n\u00famero de pessoas ou empresas potencialmente implicadas. As informa\u00e7\u00f5es adicionais n\u00e3o foram divulgadas pela fonte dispon\u00edvel no momento.<\/p>\n<p>Segundo o material dispon\u00edvel, o foco da opera\u00e7\u00e3o \u00e9 interromper a produ\u00e7\u00e3o irregular, impedir a distribui\u00e7\u00e3o e prevenir riscos \u00e0 sa\u00fade p\u00fablica decorrentes de subst\u00e2ncias n\u00e3o regulamentadas ou de qualidade duvidosa. Mais dados devem ser anunciados pelas autoridades oficiais assim que houverem informa\u00e7\u00f5es oficiais.<\/p>\n","protected":false},"excerpt":{"rendered":"<ul>\n<li>Megaopera\u00e7\u00e3o no Brasil combate a produ\u00e7\u00e3o e o com\u00e9rcio ilegais de medicamentos para emagrecer.<\/li>\n<li>A opera\u00e7\u00e3o visa atividades associadas \u00e0 fabrica\u00e7\u00e3o e \u00e0 circula\u00e7\u00e3o de f\u00e1rmacos il\u00edcitos para perda de peso.<\/li>\n<li>O conte\u00fado completo da not\u00edcia est\u00e1 dispon\u00edvel apenas para subscritores.<\/li>\n<li>A publica\u00e7\u00e3o n\u00e3o apresenta detalhes adicionais no trecho dispon\u00edvel.<\/li>\n<\/ul>\n","protected":false},"author":2,"featured_media":435811,"comment_status":"closed","ping_status":"closed","sticky":false,"template":"","format":"standard","meta":{"footnotes":""},"categories":[6907,6781],"tags":[5656,1223,2530,271,250,96],"class_list":["post-435810","post","type-post","status-publish","format-standard","has-post-thumbnail","hentry","category-crime","category-policia","tag-criminalidade","tag-industria-farmaceutica","tag-produtos-estupefacientes","tag-saude-publica","tag-seguranca-publica","tag-trafico-de-droga"],"yoast_head":"<!-- This site is optimized with the Yoast SEO plugin v27.2 - https:\/\/yoast.com\/product\/yoast-seo-wordpress\/ -->\n<title>Opera\u00e7\u00e3o no Brasil combate produ\u00e7\u00e3o e venda ilegais de medica\u00e7\u00e3o para emagrecer - Portal Tela Portugal<\/title>\n<meta name=\"robots\" content=\"index, follow, max-snippet:-1, max-image-preview:large, max-video-preview:-1\" \/>\n<meta property=\"og:locale\" content=\"pt_PT\" \/>\n<meta property=\"og:type\" content=\"article\" \/>\n<meta property=\"og:title\" content=\"Opera\u00e7\u00e3o no Brasil combate produ\u00e7\u00e3o e venda ilegais de medica\u00e7\u00e3o para emagrecer - Portal Tela Portugal\" \/>\n<meta property=\"og:description\" content=\"Megaopera\u00e7\u00e3o no Brasil combate a produ\u00e7\u00e3o e o com\u00e9rcio ilegais de medicamentos para emagrecer. A opera\u00e7\u00e3o visa atividades associadas \u00e0 fabrica\u00e7\u00e3o e \u00e0 circula\u00e7\u00e3o de f\u00e1rmacos il\u00edcitos para perda de peso. O conte\u00fado completo da not\u00edcia est\u00e1 dispon\u00edvel apenas para subscritores. A publica\u00e7\u00e3o n\u00e3o apresenta detalhes adicionais no trecho dispon\u00edvel.\" \/>\n<meta property=\"og:url\" content=\"https:\/\/portaltela.pt\/noticias\/2026\/04\/07\/operacao-no-brasil-combate-producao-e-venda-ilegais-de-medicacao-para-emagrecer\/\" \/>\n<meta property=\"og:site_name\" content=\"Portal Tela Portugal\" \/>\n<meta property=\"article:published_time\" content=\"2026-04-07T17:56:00+00:00\" \/>\n<meta name=\"author\" content=\"Telinha\" \/>\n<meta name=\"twitter:card\" content=\"summary_large_image\" \/>\n<meta name=\"twitter:label1\" content=\"Escrito por\" \/>\n\t<meta name=\"twitter:data1\" content=\"Telinha\" \/>\n\t<meta name=\"twitter:label2\" content=\"Tempo estimado de leitura\" \/>\n\t<meta name=\"twitter:data2\" content=\"1 minuto\" \/>\n<script type=\"application\/ld+json\" class=\"yoast-schema-graph\">{\"@context\":\"https:\/\/schema.org\",\"@graph\":[{\"@type\":\"Article\",\"@id\":\"https:\/\/portaltela.pt\/noticias\/2026\/04\/07\/operacao-no-brasil-combate-producao-e-venda-ilegais-de-medicacao-para-emagrecer\/#article\",\"isPartOf\":{\"@id\":\"https:\/\/portaltela.pt\/noticias\/2026\/04\/07\/operacao-no-brasil-combate-producao-e-venda-ilegais-de-medicacao-para-emagrecer\/\"},\"author\":{\"name\":\"Telinha\",\"@id\":\"https:\/\/portaltela.pt\/#\/schema\/person\/c4278d4a6028830caff9ee44b42d32ed\"},\"headline\":\"Opera\u00e7\u00e3o no Brasil combate produ\u00e7\u00e3o e venda ilegais de medica\u00e7\u00e3o para emagrecer\",\"datePublished\":\"2026-04-07T17:56:00+00:00\",\"mainEntityOfPage\":{\"@id\":\"https:\/\/portaltela.pt\/noticias\/2026\/04\/07\/operacao-no-brasil-combate-producao-e-venda-ilegais-de-medicacao-para-emagrecer\/\"},\"wordCount\":153,\"image\":{\"@id\":\"https:\/\/portaltela.pt\/noticias\/2026\/04\/07\/operacao-no-brasil-combate-producao-e-venda-ilegais-de-medicacao-para-emagrecer\/#primaryimage\"},\"thumbnailUrl\":\"https:\/\/portaltela.pt\/s.01k8rhncp4jt1\/2026\/04\/CACHE_780X1200_ANALOG_WATERMARKED_44946796_295775813000781.jpg\",\"keywords\":[\"criminalidade\",\"ind\u00fastria farmac\u00eautica\",\"produtos estupefacientes\",\"sa\u00fade p\u00fablica\",\"seguran\u00e7a p\u00fablica\",\"tr\u00e1fico de droga\"],\"articleSection\":[\"Crime\",\"Pol\u00edcia\"],\"inLanguage\":\"pt-PT\"},{\"@type\":\"WebPage\",\"@id\":\"https:\/\/portaltela.pt\/noticias\/2026\/04\/07\/operacao-no-brasil-combate-producao-e-venda-ilegais-de-medicacao-para-emagrecer\/\",\"url\":\"https:\/\/portaltela.pt\/noticias\/2026\/04\/07\/operacao-no-brasil-combate-producao-e-venda-ilegais-de-medicacao-para-emagrecer\/\",\"name\":\"Opera\u00e7\u00e3o no Brasil combate produ\u00e7\u00e3o e venda ilegais de medica\u00e7\u00e3o para emagrecer - Portal Tela Portugal\",\"isPartOf\":{\"@id\":\"https:\/\/portaltela.pt\/#website\"},\"primaryImageOfPage\":{\"@id\":\"https:\/\/portaltela.pt\/noticias\/2026\/04\/07\/operacao-no-brasil-combate-producao-e-venda-ilegais-de-medicacao-para-emagrecer\/#primaryimage\"},\"image\":{\"@id\":\"https:\/\/portaltela.pt\/noticias\/2026\/04\/07\/operacao-no-brasil-combate-producao-e-venda-ilegais-de-medicacao-para-emagrecer\/#primaryimage\"},\"thumbnailUrl\":\"https:\/\/portaltela.pt\/s.01k8rhncp4jt1\/2026\/04\/CACHE_780X1200_ANALOG_WATERMARKED_44946796_295775813000781.jpg\",\"datePublished\":\"2026-04-07T17:56:00+00:00\",\"author\":{\"@id\":\"https:\/\/portaltela.pt\/#\/schema\/person\/c4278d4a6028830caff9ee44b42d32ed\"},\"breadcrumb\":{\"@id\":\"https:\/\/portaltela.pt\/noticias\/2026\/04\/07\/operacao-no-brasil-combate-producao-e-venda-ilegais-de-medicacao-para-emagrecer\/#breadcrumb\"},\"inLanguage\":\"pt-PT\",\"potentialAction\":[{\"@type\":\"ReadAction\",\"target\":[\"https:\/\/portaltela.pt\/noticias\/2026\/04\/07\/operacao-no-brasil-combate-producao-e-venda-ilegais-de-medicacao-para-emagrecer\/\"]}]},{\"@type\":\"ImageObject\",\"inLanguage\":\"pt-PT\",\"@id\":\"https:\/\/portaltela.pt\/noticias\/2026\/04\/07\/operacao-no-brasil-combate-producao-e-venda-ilegais-de-medicacao-para-emagrecer\/#primaryimage\",\"url\":\"https:\/\/portaltela.pt\/s.01k8rhncp4jt1\/2026\/04\/CACHE_780X1200_ANALOG_WATERMARKED_44946796_295775813000781.jpg\",\"contentUrl\":\"https:\/\/portaltela.pt\/s.01k8rhncp4jt1\/2026\/04\/CACHE_780X1200_ANALOG_WATERMARKED_44946796_295775813000781.jpg\",\"width\":796,\"height\":448,\"caption\":\"Megaopera\u00e7\u00e3o no Brasil contra produ\u00e7\u00e3o e com\u00e9rcio ilegais de medicamentos para emagrecer\"},{\"@type\":\"BreadcrumbList\",\"@id\":\"https:\/\/portaltela.pt\/noticias\/2026\/04\/07\/operacao-no-brasil-combate-producao-e-venda-ilegais-de-medicacao-para-emagrecer\/#breadcrumb\",\"itemListElement\":[{\"@type\":\"ListItem\",\"position\":1,\"name\":\"In\u00edcio\",\"item\":\"https:\/\/portaltela.pt\/\"},{\"@type\":\"ListItem\",\"position\":2,\"name\":\"Opera\u00e7\u00e3o no Brasil combate produ\u00e7\u00e3o e venda ilegais de medica\u00e7\u00e3o para emagrecer\"}]},{\"@type\":\"WebSite\",\"@id\":\"https:\/\/portaltela.pt\/#website\",\"url\":\"https:\/\/portaltela.pt\/\",\"name\":\"Portal Tela Portugal\",\"description\":\"\",\"potentialAction\":[{\"@type\":\"SearchAction\",\"target\":{\"@type\":\"EntryPoint\",\"urlTemplate\":\"https:\/\/portaltela.pt\/?s={search_term_string}\"},\"query-input\":{\"@type\":\"PropertyValueSpecification\",\"valueRequired\":true,\"valueName\":\"search_term_string\"}}],\"inLanguage\":\"pt-PT\"},{\"@type\":\"Person\",\"@id\":\"https:\/\/portaltela.pt\/#\/schema\/person\/c4278d4a6028830caff9ee44b42d32ed\",\"name\":\"Telinha\",\"image\":{\"@type\":\"ImageObject\",\"inLanguage\":\"pt-PT\",\"@id\":\"https:\/\/portaltela.pt\/s.01k8rhncp4jt1\/2025\/11\/talking-bot-125x125.png\",\"url\":\"https:\/\/portaltela.pt\/s.01k8rhncp4jt1\/2025\/11\/talking-bot-125x125.png\",\"contentUrl\":\"https:\/\/portaltela.pt\/s.01k8rhncp4jt1\/2025\/11\/talking-bot-125x125.png\",\"caption\":\"Telinha\"},\"sameAs\":[\"https:\/\/portaltela.pt\/\"],\"url\":\"https:\/\/portaltela.pt\/por\/367410592786\/\"}]}<\/script>\n<!-- \/ Yoast SEO plugin. -->","yoast_head_json":{"title":"Opera\u00e7\u00e3o no Brasil combate produ\u00e7\u00e3o e venda ilegais de medica\u00e7\u00e3o para emagrecer - Portal Tela Portugal","robots":{"index":"index","follow":"follow","max-snippet":"max-snippet:-1","max-image-preview":"max-image-preview:large","max-video-preview":"max-video-preview:-1"},"og_locale":"pt_PT","og_type":"article","og_title":"Opera\u00e7\u00e3o no Brasil combate produ\u00e7\u00e3o e venda ilegais de medica\u00e7\u00e3o para emagrecer - Portal Tela Portugal","og_description":"Megaopera\u00e7\u00e3o no Brasil combate a produ\u00e7\u00e3o e o com\u00e9rcio ilegais de medicamentos para emagrecer. A opera\u00e7\u00e3o visa atividades associadas \u00e0 fabrica\u00e7\u00e3o e \u00e0 circula\u00e7\u00e3o de f\u00e1rmacos il\u00edcitos para perda de peso. O conte\u00fado completo da not\u00edcia est\u00e1 dispon\u00edvel apenas para subscritores. A publica\u00e7\u00e3o n\u00e3o apresenta detalhes adicionais no trecho dispon\u00edvel.","og_url":"https:\/\/portaltela.pt\/noticias\/2026\/04\/07\/operacao-no-brasil-combate-producao-e-venda-ilegais-de-medicacao-para-emagrecer\/","og_site_name":"Portal Tela Portugal","article_published_time":"2026-04-07T17:56:00+00:00","author":"Telinha","twitter_card":"summary_large_image","twitter_misc":{"Escrito por":"Telinha","Tempo estimado de leitura":"1 minuto"},"schema":{"@context":"https:\/\/schema.org","@graph":[{"@type":"Article","@id":"https:\/\/portaltela.pt\/noticias\/2026\/04\/07\/operacao-no-brasil-combate-producao-e-venda-ilegais-de-medicacao-para-emagrecer\/#article","isPartOf":{"@id":"https:\/\/portaltela.pt\/noticias\/2026\/04\/07\/operacao-no-brasil-combate-producao-e-venda-ilegais-de-medicacao-para-emagrecer\/"},"author":{"name":"Telinha","@id":"https:\/\/portaltela.pt\/#\/schema\/person\/c4278d4a6028830caff9ee44b42d32ed"},"headline":"Opera\u00e7\u00e3o no Brasil combate produ\u00e7\u00e3o e venda ilegais de medica\u00e7\u00e3o para emagrecer","datePublished":"2026-04-07T17:56:00+00:00","mainEntityOfPage":{"@id":"https:\/\/portaltela.pt\/noticias\/2026\/04\/07\/operacao-no-brasil-combate-producao-e-venda-ilegais-de-medicacao-para-emagrecer\/"},"wordCount":153,"image":{"@id":"https:\/\/portaltela.pt\/noticias\/2026\/04\/07\/operacao-no-brasil-combate-producao-e-venda-ilegais-de-medicacao-para-emagrecer\/#primaryimage"},"thumbnailUrl":"https:\/\/portaltela.pt\/s.01k8rhncp4jt1\/2026\/04\/CACHE_780X1200_ANALOG_WATERMARKED_44946796_295775813000781.jpg","keywords":["criminalidade","ind\u00fastria farmac\u00eautica","produtos estupefacientes","sa\u00fade p\u00fablica","seguran\u00e7a p\u00fablica","tr\u00e1fico de droga"],"articleSection":["Crime","Pol\u00edcia"],"inLanguage":"pt-PT"},{"@type":"WebPage","@id":"https:\/\/portaltela.pt\/noticias\/2026\/04\/07\/operacao-no-brasil-combate-producao-e-venda-ilegais-de-medicacao-para-emagrecer\/","url":"https:\/\/portaltela.pt\/noticias\/2026\/04\/07\/operacao-no-brasil-combate-producao-e-venda-ilegais-de-medicacao-para-emagrecer\/","name":"Opera\u00e7\u00e3o no Brasil combate produ\u00e7\u00e3o e venda ilegais de medica\u00e7\u00e3o para emagrecer - Portal Tela Portugal","isPartOf":{"@id":"https:\/\/portaltela.pt\/#website"},"primaryImageOfPage":{"@id":"https:\/\/portaltela.pt\/noticias\/2026\/04\/07\/operacao-no-brasil-combate-producao-e-venda-ilegais-de-medicacao-para-emagrecer\/#primaryimage"},"image":{"@id":"https:\/\/portaltela.pt\/noticias\/2026\/04\/07\/operacao-no-brasil-combate-producao-e-venda-ilegais-de-medicacao-para-emagrecer\/#primaryimage"},"thumbnailUrl":"https:\/\/portaltela.pt\/s.01k8rhncp4jt1\/2026\/04\/CACHE_780X1200_ANALOG_WATERMARKED_44946796_295775813000781.jpg","datePublished":"2026-04-07T17:56:00+00:00","author":{"@id":"https:\/\/portaltela.pt\/#\/schema\/person\/c4278d4a6028830caff9ee44b42d32ed"},"breadcrumb":{"@id":"https:\/\/portaltela.pt\/noticias\/2026\/04\/07\/operacao-no-brasil-combate-producao-e-venda-ilegais-de-medicacao-para-emagrecer\/#breadcrumb"},"inLanguage":"pt-PT","potentialAction":[{"@type":"ReadAction","target":["https:\/\/portaltela.pt\/noticias\/2026\/04\/07\/operacao-no-brasil-combate-producao-e-venda-ilegais-de-medicacao-para-emagrecer\/"]}]},{"@type":"ImageObject","inLanguage":"pt-PT","@id":"https:\/\/portaltela.pt\/noticias\/2026\/04\/07\/operacao-no-brasil-combate-producao-e-venda-ilegais-de-medicacao-para-emagrecer\/#primaryimage","url":"https:\/\/portaltela.pt\/s.01k8rhncp4jt1\/2026\/04\/CACHE_780X1200_ANALOG_WATERMARKED_44946796_295775813000781.jpg","contentUrl":"https:\/\/portaltela.pt\/s.01k8rhncp4jt1\/2026\/04\/CACHE_780X1200_ANALOG_WATERMARKED_44946796_295775813000781.jpg","width":796,"height":448,"caption":"Megaopera\u00e7\u00e3o no Brasil contra produ\u00e7\u00e3o e com\u00e9rcio ilegais de medicamentos para emagrecer"},{"@type":"BreadcrumbList","@id":"https:\/\/portaltela.pt\/noticias\/2026\/04\/07\/operacao-no-brasil-combate-producao-e-venda-ilegais-de-medicacao-para-emagrecer\/#breadcrumb","itemListElement":[{"@type":"ListItem","position":1,"name":"In\u00edcio","item":"https:\/\/portaltela.pt\/"},{"@type":"ListItem","position":2,"name":"Opera\u00e7\u00e3o no Brasil combate produ\u00e7\u00e3o e venda ilegais de medica\u00e7\u00e3o para emagrecer"}]},{"@type":"WebSite","@id":"https:\/\/portaltela.pt\/#website","url":"https:\/\/portaltela.pt\/","name":"Portal Tela Portugal","description":"","potentialAction":[{"@type":"SearchAction","target":{"@type":"EntryPoint","urlTemplate":"https:\/\/portaltela.pt\/?s={search_term_string}"},"query-input":{"@type":"PropertyValueSpecification","valueRequired":true,"valueName":"search_term_string"}}],"inLanguage":"pt-PT"},{"@type":"Person","@id":"https:\/\/portaltela.pt\/#\/schema\/person\/c4278d4a6028830caff9ee44b42d32ed","name":"Telinha","image":{"@type":"ImageObject","inLanguage":"pt-PT","@id":"https:\/\/portaltela.pt\/s.01k8rhncp4jt1\/2025\/11\/talking-bot-125x125.png","url":"https:\/\/portaltela.pt\/s.01k8rhncp4jt1\/2025\/11\/talking-bot-125x125.png","contentUrl":"https:\/\/portaltela.pt\/s.01k8rhncp4jt1\/2025\/11\/talking-bot-125x125.png","caption":"Telinha"},"sameAs":["https:\/\/portaltela.pt\/"],"url":"https:\/\/portaltela.pt\/por\/367410592786\/"}]}},"_links":{"self":[{"href":"https:\/\/portaltela.pt\/api\/wp\/v2\/posts\/435810","targetHints":{"allow":["GET"]}}],"collection":[{"href":"https:\/\/portaltela.pt\/api\/wp\/v2\/posts"}],"about":[{"href":"https:\/\/portaltela.pt\/api\/wp\/v2\/types\/post"}],"author":[{"embeddable":true,"href":"https:\/\/portaltela.pt\/api\/wp\/v2\/users\/2"}],"replies":[{"embeddable":true,"href":"https:\/\/portaltela.pt\/api\/wp\/v2\/comments?post=435810"}],"version-history":[{"count":0,"href":"https:\/\/portaltela.pt\/api\/wp\/v2\/posts\/435810\/revisions"}],"wp:featuredmedia":[{"embeddable":true,"href":"https:\/\/portaltela.pt\/api\/wp\/v2\/media\/435811"}],"wp:attachment":[{"href":"https:\/\/portaltela.pt\/api\/wp\/v2\/media?parent=435810"}],"wp:term":[{"taxonomy":"category","embeddable":true,"href":"https:\/\/portaltela.pt\/api\/wp\/v2\/categories?post=435810"},{"taxonomy":"post_tag","embeddable":true,"href":"https:\/\/portaltela.pt\/api\/wp\/v2\/tags?post=435810"}],"curies":[{"name":"wp","href":"https:\/\/api.w.org\/{rel}","templated":true}]}}