{"id":435792,"date":"2026-04-07T15:07:36","date_gmt":"2026-04-07T18:07:36","guid":{"rendered":"https:\/\/portaltela.pt\/noticias\/2026\/04\/07\/weghorst-avalia-futuro-enquanto-ajax-entra-no-radar-do-benfica\/"},"modified":"2026-04-07T15:07:36","modified_gmt":"2026-04-07T18:07:36","slug":"weghorst-avalia-futuro-enquanto-ajax-entra-no-radar-do-benfica","status":"publish","type":"post","link":"https:\/\/portaltela.pt\/desporto\/futebol\/2026\/04\/07\/weghorst-avalia-futuro-enquanto-ajax-entra-no-radar-do-benfica\/","title":{"rendered":"Weghorst avalia futuro enquanto Ajax entra no radar do Benfica"},"content":{"rendered":"<p>Wout Weghorst, ponta-de-lan\u00e7a do Ajax, est\u00e1 no radar do Benfica, revela o jornal Het Parool. O internacional holand\u00eas, de 33 anos, est\u00e1 em final de contrato com o clube de Amesterd\u00e3o e \u00e9 seguido por Twente e por v\u00e1rios clubes estrangeiros, entre eles os encarnados.<\/p>\n<p>Nesta \u00e9poca, Weghorst registra 8 golos e 2 assist\u00eancias em 28 jogos. Ao longo da carreira, j\u00e1 vestiu as camisolas de Wolfsburg, Burnley, Manchester United, Hoffenheim e AZ Alkmaar, entre outros clubes europeus.<\/p>\n<h3>Interesse do Benfica<\/h3>\n<p>O interesse do Benfica surge num cen\u00e1rio em que o jogador est\u00e1 sem v\u00ednculo a longo prazo com o Ajax, conforme a imprensa local. A possibilidade de transfer\u00eancia depende de negocia\u00e7\u00f5es entre o atleta, o Ajax e os potenciais interessados.<\/p>\n<p>O clube encarnado procura refor\u00e7ar o ataque com experi\u00eancia, avaliando op\u00e7\u00f5es que permitam manter competitividade no imediato e no futuro. O andamento do processo depende de acordos contratuais e de aprova\u00e7\u00e3o t\u00e9cnica.<\/p>\n","protected":false},"excerpt":{"rendered":"<ul>\n<li>Wout Weghorst, ponta-de-lan\u00e7a do Ajax, est\u00e1 no radar do Benfica, segundo o jornal Het Parool.<\/li>\n<li>O jogador holand\u00eas encontra-se em final de contrato com o Ajax e \u00e9 cobi\u00e7ado por Twente e clubes estrangeiros, com o Benfica integrado nesse grupo.<\/li>\n<li>Nesta temporada, Weghorst soma oito golos e duas assist\u00eancias em vinte e oito jogos.<\/li>\n<li>O avan\u00e7ado, de trente e tr\u00eas anos, j\u00e1 representou Wolfsburg, Burnley, Manchester United, TSG Hoffenheim e AZ Alkmaar.<\/li>\n<\/ul>\n","protected":false},"author":2,"featured_media":435794,"comment_status":"closed","ping_status":"closed","sticky":false,"template":"","format":"standard","meta":{"footnotes":""},"categories":[21,24],"tags":[1714,1946,72,32,3338,50],"class_list":["post-435792","post","type-post","status-publish","format-standard","has-post-thumbnail","hentry","category-desporto","category-futebol","tag-ajax","tag-benfica","tag-craques","tag-futebol","tag-futebol-internacional","tag-mercado-da-bola"],"yoast_head":"<!-- This site is optimized with the Yoast SEO plugin v27.2 - https:\/\/yoast.com\/product\/yoast-seo-wordpress\/ -->\n<title>Weghorst avalia futuro enquanto Ajax entra no radar do Benfica - Portal Tela Portugal<\/title>\n<meta name=\"robots\" content=\"index, follow, max-snippet:-1, max-image-preview:large, max-video-preview:-1\" \/>\n<meta property=\"og:locale\" content=\"pt_PT\" \/>\n<meta property=\"og:type\" content=\"article\" \/>\n<meta property=\"og:title\" content=\"Weghorst avalia futuro enquanto Ajax entra no radar do Benfica - Portal Tela Portugal\" \/>\n<meta property=\"og:description\" content=\"Wout Weghorst, ponta-de-lan\u00e7a do Ajax, est\u00e1 no radar do Benfica, segundo o jornal Het Parool. O jogador holand\u00eas encontra-se em final de contrato com o Ajax e \u00e9 cobi\u00e7ado por Twente e clubes estrangeiros, com o Benfica integrado nesse grupo. Nesta temporada, Weghorst soma oito golos e duas assist\u00eancias em vinte e oito jogos. O avan\u00e7ado, de trente e tr\u00eas anos, j\u00e1 representou Wolfsburg, Burnley, Manchester United, TSG Hoffenheim e AZ Alkmaar.\" \/>\n<meta property=\"og:url\" content=\"https:\/\/portaltela.pt\/noticias\/2026\/04\/07\/weghorst-avalia-futuro-enquanto-ajax-entra-no-radar-do-benfica\/\" \/>\n<meta property=\"og:site_name\" content=\"Portal Tela Portugal\" \/>\n<meta property=\"article:published_time\" content=\"2026-04-07T18:07:36+00:00\" \/>\n<meta name=\"author\" content=\"Telinha\" \/>\n<meta name=\"twitter:card\" content=\"summary_large_image\" \/>\n<meta name=\"twitter:label1\" content=\"Escrito por\" \/>\n\t<meta name=\"twitter:data1\" content=\"Telinha\" \/>\n\t<meta name=\"twitter:label2\" content=\"Tempo estimado de leitura\" \/>\n\t<meta name=\"twitter:data2\" content=\"1 minuto\" \/>\n<script type=\"application\/ld+json\" class=\"yoast-schema-graph\">{\"@context\":\"https:\/\/schema.org\",\"@graph\":[{\"@type\":\"Article\",\"@id\":\"https:\/\/portaltela.pt\/noticias\/2026\/04\/07\/weghorst-avalia-futuro-enquanto-ajax-entra-no-radar-do-benfica\/#article\",\"isPartOf\":{\"@id\":\"https:\/\/portaltela.pt\/noticias\/2026\/04\/07\/weghorst-avalia-futuro-enquanto-ajax-entra-no-radar-do-benfica\/\"},\"author\":{\"name\":\"Telinha\",\"@id\":\"https:\/\/portaltela.pt\/#\/schema\/person\/c4278d4a6028830caff9ee44b42d32ed\"},\"headline\":\"Weghorst avalia futuro enquanto Ajax entra no radar do Benfica\",\"datePublished\":\"2026-04-07T18:07:36+00:00\",\"mainEntityOfPage\":{\"@id\":\"https:\/\/portaltela.pt\/noticias\/2026\/04\/07\/weghorst-avalia-futuro-enquanto-ajax-entra-no-radar-do-benfica\/\"},\"wordCount\":172,\"image\":{\"@id\":\"https:\/\/portaltela.pt\/noticias\/2026\/04\/07\/weghorst-avalia-futuro-enquanto-ajax-entra-no-radar-do-benfica\/#primaryimage\"},\"thumbnailUrl\":\"https:\/\/portaltela.pt\/s.01k8rhncp4jt1\/2026\/04\/img_920x518uu2026-04-07-18-56-17-2431637.jpg\",\"keywords\":[\"Ajax\",\"Benfica\",\"craques\",\"futebol\",\"futebol internacional\",\"mercado da bola\"],\"articleSection\":[\"Desporto\",\"Futebol\"],\"inLanguage\":\"pt-PT\"},{\"@type\":\"WebPage\",\"@id\":\"https:\/\/portaltela.pt\/noticias\/2026\/04\/07\/weghorst-avalia-futuro-enquanto-ajax-entra-no-radar-do-benfica\/\",\"url\":\"https:\/\/portaltela.pt\/noticias\/2026\/04\/07\/weghorst-avalia-futuro-enquanto-ajax-entra-no-radar-do-benfica\/\",\"name\":\"Weghorst avalia futuro enquanto Ajax entra no radar do Benfica - Portal Tela Portugal\",\"isPartOf\":{\"@id\":\"https:\/\/portaltela.pt\/#website\"},\"primaryImageOfPage\":{\"@id\":\"https:\/\/portaltela.pt\/noticias\/2026\/04\/07\/weghorst-avalia-futuro-enquanto-ajax-entra-no-radar-do-benfica\/#primaryimage\"},\"image\":{\"@id\":\"https:\/\/portaltela.pt\/noticias\/2026\/04\/07\/weghorst-avalia-futuro-enquanto-ajax-entra-no-radar-do-benfica\/#primaryimage\"},\"thumbnailUrl\":\"https:\/\/portaltela.pt\/s.01k8rhncp4jt1\/2026\/04\/img_920x518uu2026-04-07-18-56-17-2431637.jpg\",\"datePublished\":\"2026-04-07T18:07:36+00:00\",\"author\":{\"@id\":\"https:\/\/portaltela.pt\/#\/schema\/person\/c4278d4a6028830caff9ee44b42d32ed\"},\"breadcrumb\":{\"@id\":\"https:\/\/portaltela.pt\/noticias\/2026\/04\/07\/weghorst-avalia-futuro-enquanto-ajax-entra-no-radar-do-benfica\/#breadcrumb\"},\"inLanguage\":\"pt-PT\",\"potentialAction\":[{\"@type\":\"ReadAction\",\"target\":[\"https:\/\/portaltela.pt\/noticias\/2026\/04\/07\/weghorst-avalia-futuro-enquanto-ajax-entra-no-radar-do-benfica\/\"]}]},{\"@type\":\"ImageObject\",\"inLanguage\":\"pt-PT\",\"@id\":\"https:\/\/portaltela.pt\/noticias\/2026\/04\/07\/weghorst-avalia-futuro-enquanto-ajax-entra-no-radar-do-benfica\/#primaryimage\",\"url\":\"https:\/\/portaltela.pt\/s.01k8rhncp4jt1\/2026\/04\/img_920x518uu2026-04-07-18-56-17-2431637.jpg\",\"contentUrl\":\"https:\/\/portaltela.pt\/s.01k8rhncp4jt1\/2026\/04\/img_920x518uu2026-04-07-18-56-17-2431637.jpg\",\"width\":796,\"height\":448,\"caption\":\"Wout Weghorst, jogador do Ajax\"},{\"@type\":\"BreadcrumbList\",\"@id\":\"https:\/\/portaltela.pt\/noticias\/2026\/04\/07\/weghorst-avalia-futuro-enquanto-ajax-entra-no-radar-do-benfica\/#breadcrumb\",\"itemListElement\":[{\"@type\":\"ListItem\",\"position\":1,\"name\":\"In\u00edcio\",\"item\":\"https:\/\/portaltela.pt\/\"},{\"@type\":\"ListItem\",\"position\":2,\"name\":\"Weghorst avalia futuro enquanto Ajax entra no radar do Benfica\"}]},{\"@type\":\"WebSite\",\"@id\":\"https:\/\/portaltela.pt\/#website\",\"url\":\"https:\/\/portaltela.pt\/\",\"name\":\"Portal Tela Portugal\",\"description\":\"\",\"potentialAction\":[{\"@type\":\"SearchAction\",\"target\":{\"@type\":\"EntryPoint\",\"urlTemplate\":\"https:\/\/portaltela.pt\/?s={search_term_string}\"},\"query-input\":{\"@type\":\"PropertyValueSpecification\",\"valueRequired\":true,\"valueName\":\"search_term_string\"}}],\"inLanguage\":\"pt-PT\"},{\"@type\":\"Person\",\"@id\":\"https:\/\/portaltela.pt\/#\/schema\/person\/c4278d4a6028830caff9ee44b42d32ed\",\"name\":\"Telinha\",\"image\":{\"@type\":\"ImageObject\",\"inLanguage\":\"pt-PT\",\"@id\":\"https:\/\/portaltela.pt\/s.01k8rhncp4jt1\/2025\/11\/talking-bot-125x125.png\",\"url\":\"https:\/\/portaltela.pt\/s.01k8rhncp4jt1\/2025\/11\/talking-bot-125x125.png\",\"contentUrl\":\"https:\/\/portaltela.pt\/s.01k8rhncp4jt1\/2025\/11\/talking-bot-125x125.png\",\"caption\":\"Telinha\"},\"sameAs\":[\"https:\/\/portaltela.pt\/\"],\"url\":\"https:\/\/portaltela.pt\/por\/367410592786\/\"}]}<\/script>\n<!-- \/ Yoast SEO plugin. -->","yoast_head_json":{"title":"Weghorst avalia futuro enquanto Ajax entra no radar do Benfica - Portal Tela Portugal","robots":{"index":"index","follow":"follow","max-snippet":"max-snippet:-1","max-image-preview":"max-image-preview:large","max-video-preview":"max-video-preview:-1"},"og_locale":"pt_PT","og_type":"article","og_title":"Weghorst avalia futuro enquanto Ajax entra no radar do Benfica - Portal Tela Portugal","og_description":"Wout Weghorst, ponta-de-lan\u00e7a do Ajax, est\u00e1 no radar do Benfica, segundo o jornal Het Parool. O jogador holand\u00eas encontra-se em final de contrato com o Ajax e \u00e9 cobi\u00e7ado por Twente e clubes estrangeiros, com o Benfica integrado nesse grupo. Nesta temporada, Weghorst soma oito golos e duas assist\u00eancias em vinte e oito jogos. O avan\u00e7ado, de trente e tr\u00eas anos, j\u00e1 representou Wolfsburg, Burnley, Manchester United, TSG Hoffenheim e AZ Alkmaar.","og_url":"https:\/\/portaltela.pt\/noticias\/2026\/04\/07\/weghorst-avalia-futuro-enquanto-ajax-entra-no-radar-do-benfica\/","og_site_name":"Portal Tela Portugal","article_published_time":"2026-04-07T18:07:36+00:00","author":"Telinha","twitter_card":"summary_large_image","twitter_misc":{"Escrito por":"Telinha","Tempo estimado de leitura":"1 minuto"},"schema":{"@context":"https:\/\/schema.org","@graph":[{"@type":"Article","@id":"https:\/\/portaltela.pt\/noticias\/2026\/04\/07\/weghorst-avalia-futuro-enquanto-ajax-entra-no-radar-do-benfica\/#article","isPartOf":{"@id":"https:\/\/portaltela.pt\/noticias\/2026\/04\/07\/weghorst-avalia-futuro-enquanto-ajax-entra-no-radar-do-benfica\/"},"author":{"name":"Telinha","@id":"https:\/\/portaltela.pt\/#\/schema\/person\/c4278d4a6028830caff9ee44b42d32ed"},"headline":"Weghorst avalia futuro enquanto Ajax entra no radar do Benfica","datePublished":"2026-04-07T18:07:36+00:00","mainEntityOfPage":{"@id":"https:\/\/portaltela.pt\/noticias\/2026\/04\/07\/weghorst-avalia-futuro-enquanto-ajax-entra-no-radar-do-benfica\/"},"wordCount":172,"image":{"@id":"https:\/\/portaltela.pt\/noticias\/2026\/04\/07\/weghorst-avalia-futuro-enquanto-ajax-entra-no-radar-do-benfica\/#primaryimage"},"thumbnailUrl":"https:\/\/portaltela.pt\/s.01k8rhncp4jt1\/2026\/04\/img_920x518uu2026-04-07-18-56-17-2431637.jpg","keywords":["Ajax","Benfica","craques","futebol","futebol internacional","mercado da bola"],"articleSection":["Desporto","Futebol"],"inLanguage":"pt-PT"},{"@type":"WebPage","@id":"https:\/\/portaltela.pt\/noticias\/2026\/04\/07\/weghorst-avalia-futuro-enquanto-ajax-entra-no-radar-do-benfica\/","url":"https:\/\/portaltela.pt\/noticias\/2026\/04\/07\/weghorst-avalia-futuro-enquanto-ajax-entra-no-radar-do-benfica\/","name":"Weghorst avalia futuro enquanto Ajax entra no radar do Benfica - Portal Tela Portugal","isPartOf":{"@id":"https:\/\/portaltela.pt\/#website"},"primaryImageOfPage":{"@id":"https:\/\/portaltela.pt\/noticias\/2026\/04\/07\/weghorst-avalia-futuro-enquanto-ajax-entra-no-radar-do-benfica\/#primaryimage"},"image":{"@id":"https:\/\/portaltela.pt\/noticias\/2026\/04\/07\/weghorst-avalia-futuro-enquanto-ajax-entra-no-radar-do-benfica\/#primaryimage"},"thumbnailUrl":"https:\/\/portaltela.pt\/s.01k8rhncp4jt1\/2026\/04\/img_920x518uu2026-04-07-18-56-17-2431637.jpg","datePublished":"2026-04-07T18:07:36+00:00","author":{"@id":"https:\/\/portaltela.pt\/#\/schema\/person\/c4278d4a6028830caff9ee44b42d32ed"},"breadcrumb":{"@id":"https:\/\/portaltela.pt\/noticias\/2026\/04\/07\/weghorst-avalia-futuro-enquanto-ajax-entra-no-radar-do-benfica\/#breadcrumb"},"inLanguage":"pt-PT","potentialAction":[{"@type":"ReadAction","target":["https:\/\/portaltela.pt\/noticias\/2026\/04\/07\/weghorst-avalia-futuro-enquanto-ajax-entra-no-radar-do-benfica\/"]}]},{"@type":"ImageObject","inLanguage":"pt-PT","@id":"https:\/\/portaltela.pt\/noticias\/2026\/04\/07\/weghorst-avalia-futuro-enquanto-ajax-entra-no-radar-do-benfica\/#primaryimage","url":"https:\/\/portaltela.pt\/s.01k8rhncp4jt1\/2026\/04\/img_920x518uu2026-04-07-18-56-17-2431637.jpg","contentUrl":"https:\/\/portaltela.pt\/s.01k8rhncp4jt1\/2026\/04\/img_920x518uu2026-04-07-18-56-17-2431637.jpg","width":796,"height":448,"caption":"Wout Weghorst, jogador do Ajax"},{"@type":"BreadcrumbList","@id":"https:\/\/portaltela.pt\/noticias\/2026\/04\/07\/weghorst-avalia-futuro-enquanto-ajax-entra-no-radar-do-benfica\/#breadcrumb","itemListElement":[{"@type":"ListItem","position":1,"name":"In\u00edcio","item":"https:\/\/portaltela.pt\/"},{"@type":"ListItem","position":2,"name":"Weghorst avalia futuro enquanto Ajax entra no radar do Benfica"}]},{"@type":"WebSite","@id":"https:\/\/portaltela.pt\/#website","url":"https:\/\/portaltela.pt\/","name":"Portal Tela Portugal","description":"","potentialAction":[{"@type":"SearchAction","target":{"@type":"EntryPoint","urlTemplate":"https:\/\/portaltela.pt\/?s={search_term_string}"},"query-input":{"@type":"PropertyValueSpecification","valueRequired":true,"valueName":"search_term_string"}}],"inLanguage":"pt-PT"},{"@type":"Person","@id":"https:\/\/portaltela.pt\/#\/schema\/person\/c4278d4a6028830caff9ee44b42d32ed","name":"Telinha","image":{"@type":"ImageObject","inLanguage":"pt-PT","@id":"https:\/\/portaltela.pt\/s.01k8rhncp4jt1\/2025\/11\/talking-bot-125x125.png","url":"https:\/\/portaltela.pt\/s.01k8rhncp4jt1\/2025\/11\/talking-bot-125x125.png","contentUrl":"https:\/\/portaltela.pt\/s.01k8rhncp4jt1\/2025\/11\/talking-bot-125x125.png","caption":"Telinha"},"sameAs":["https:\/\/portaltela.pt\/"],"url":"https:\/\/portaltela.pt\/por\/367410592786\/"}]}},"_links":{"self":[{"href":"https:\/\/portaltela.pt\/api\/wp\/v2\/posts\/435792","targetHints":{"allow":["GET"]}}],"collection":[{"href":"https:\/\/portaltela.pt\/api\/wp\/v2\/posts"}],"about":[{"href":"https:\/\/portaltela.pt\/api\/wp\/v2\/types\/post"}],"author":[{"embeddable":true,"href":"https:\/\/portaltela.pt\/api\/wp\/v2\/users\/2"}],"replies":[{"embeddable":true,"href":"https:\/\/portaltela.pt\/api\/wp\/v2\/comments?post=435792"}],"version-history":[{"count":0,"href":"https:\/\/portaltela.pt\/api\/wp\/v2\/posts\/435792\/revisions"}],"wp:featuredmedia":[{"embeddable":true,"href":"https:\/\/portaltela.pt\/api\/wp\/v2\/media\/435794"}],"wp:attachment":[{"href":"https:\/\/portaltela.pt\/api\/wp\/v2\/media?parent=435792"}],"wp:term":[{"taxonomy":"category","embeddable":true,"href":"https:\/\/portaltela.pt\/api\/wp\/v2\/categories?post=435792"},{"taxonomy":"post_tag","embeddable":true,"href":"https:\/\/portaltela.pt\/api\/wp\/v2\/tags?post=435792"}],"curies":[{"name":"wp","href":"https:\/\/api.w.org\/{rel}","templated":true}]}}