{"id":435790,"date":"2026-04-07T15:02:34","date_gmt":"2026-04-07T18:02:34","guid":{"rendered":"https:\/\/portaltela.pt\/noticias\/2026\/04\/07\/onze-do-sporting-para-o-jogo-com-o-arsenal-ja-conhecido\/"},"modified":"2026-04-07T15:02:34","modified_gmt":"2026-04-07T18:02:34","slug":"onze-do-sporting-para-o-jogo-com-o-arsenal-ja-conhecido","status":"publish","type":"post","link":"https:\/\/portaltela.pt\/desporto\/futebol\/2026\/04\/07\/onze-do-sporting-para-o-jogo-com-o-arsenal-ja-conhecido\/","title":{"rendered":"Onze do Sporting para o jogo com o Arsenal j\u00e1 conhecido"},"content":{"rendered":"<p>O Sporting recebe o Arsenal hoje, \u00e0s 20h, em Alvalade, no duelo da primeira m\u00e3o dos quartos de final da Liga dos Campe\u00f5es. A equipa de Rui Borges apresenta-se com o objetivo de assegurar vantagem para a eliminat\u00f3ria. O Arsenal chega com o t\u00e9cnico Mikel Arteta a definir o XI inicial para o encontro.<\/p>\n<p>Forma\u00e7\u00f5es iniciais do Sporting: Rui Silva na baliza; Fresneda, Diomande, Gon\u00e7alo In\u00e1cio e Maxi Ara\u00fajo na defesa; Morita e Jo\u00e3o Sim\u00f5es no meio-campo; Geny, Trinc\u00e3o e Pote no apoio ofensivo; Luis Su\u00e1rez na frente. Suplentes: Jo\u00e3o Virg\u00ednia, Diego Callai, Debast, Vagiannidis, Kochorashvili, Faye, Daniel Bragan\u00e7a, Fl\u00e1vio Gon\u00e7alves, Eduardo Quaresma, Rafael Nel e Mangas.<\/p>\n<p>Forma\u00e7\u00f5es iniciais do Arsenal: Raya entre os postes; defesa com Ben White, Saliba, Gabriel Magalh\u00e3es e Calafiori; meio-campo com Zumbimendo, Rice e Odegaard; ataque com Madueke, Trossard e Gy\u00f6keres. Suplentes: Arrizabalaga, Ranson, Mosquera, Gabriel Jesus, Martinelli, Norgaard, Havertz, Lewis-Skelly, Dowman, Annous e Salmon.<\/p>\n","protected":false},"excerpt":{"rendered":"<ul>\n<li>Jogo hoje \u00e0s 20h, em Alvalade, pela Liga dos Campe\u00f5es, primeira m\u00e3o dos quartos de final entre Sporting e Arsenal.<\/li>\n<li>Onze do Sporting: Rui Silva; Fresneda, Diomande, Gon\u00e7alo In\u00e1cio e Maxi Ara\u00fajo; Morita e Jo\u00e3o Sim\u00f5es; Geny, Trinc\u00e3o e Pote; Luis Su\u00e1rez.<\/li>\n<li>Onze do Arsenal: Raya; Ben White, Saliba, Gabriel Magalh\u00e3es e Calafiori; Zumbimendo, Rice e Odegaard; Madueke, Trossard e Gy\u00f6keres.<\/li>\n<li>Suplentes do Sporting incluem Jo\u00e3o Virg\u00ednia, Debast, Faye, Bragan\u00e7a, Quaresma e Mangas.<\/li>\n<li>Suplentes do Arsenal incluem Arrizabalaga, Gabriel Jesus, Martinelli, Havertz, entre outros.<\/li>\n<\/ul>\n","protected":false},"author":2,"featured_media":435791,"comment_status":"closed","ping_status":"closed","sticky":false,"template":"","format":"standard","meta":{"footnotes":""},"categories":[21,24],"tags":[3577,218,32,3338,1786,1652],"class_list":["post-435790","post","type-post","status-publish","format-standard","has-post-thumbnail","hentry","category-desporto","category-futebol","tag-champions-league","tag-desportivo","tag-futebol","tag-futebol-internacional","tag-liga","tag-sporting"],"yoast_head":"<!-- This site is optimized with the Yoast SEO plugin v27.2 - https:\/\/yoast.com\/product\/yoast-seo-wordpress\/ -->\n<title>Onze do Sporting para o jogo com o Arsenal j\u00e1 conhecido - Portal Tela Portugal<\/title>\n<meta name=\"robots\" content=\"index, follow, max-snippet:-1, max-image-preview:large, max-video-preview:-1\" \/>\n<meta property=\"og:locale\" content=\"pt_PT\" \/>\n<meta property=\"og:type\" content=\"article\" \/>\n<meta property=\"og:title\" content=\"Onze do Sporting para o jogo com o Arsenal j\u00e1 conhecido - Portal Tela Portugal\" \/>\n<meta property=\"og:description\" content=\"Jogo hoje \u00e0s 20h, em Alvalade, pela Liga dos Campe\u00f5es, primeira m\u00e3o dos quartos de final entre Sporting e Arsenal. Onze do Sporting: Rui Silva; Fresneda, Diomande, Gon\u00e7alo In\u00e1cio e Maxi Ara\u00fajo; Morita e Jo\u00e3o Sim\u00f5es; Geny, Trinc\u00e3o e Pote; Luis Su\u00e1rez. Onze do Arsenal: Raya; Ben White, Saliba, Gabriel Magalh\u00e3es e Calafiori; Zumbimendo, Rice e Odegaard; Madueke, Trossard e Gy\u00f6keres. Suplentes do Sporting incluem Jo\u00e3o Virg\u00ednia, Debast, Faye, Bragan\u00e7a, Quaresma e Mangas. Suplentes do Arsenal incluem Arrizabalaga, Gabriel Jesus, Martinelli, Havertz, entre outros.\" \/>\n<meta property=\"og:url\" content=\"https:\/\/portaltela.pt\/noticias\/2026\/04\/07\/onze-do-sporting-para-o-jogo-com-o-arsenal-ja-conhecido\/\" \/>\n<meta property=\"og:site_name\" content=\"Portal Tela Portugal\" \/>\n<meta property=\"article:published_time\" content=\"2026-04-07T18:02:34+00:00\" \/>\n<meta name=\"author\" content=\"Telinha\" \/>\n<meta name=\"twitter:card\" content=\"summary_large_image\" \/>\n<meta name=\"twitter:label1\" content=\"Escrito por\" \/>\n\t<meta name=\"twitter:data1\" content=\"Telinha\" \/>\n\t<meta name=\"twitter:label2\" content=\"Tempo estimado de leitura\" \/>\n\t<meta name=\"twitter:data2\" content=\"1 minuto\" \/>\n<script type=\"application\/ld+json\" class=\"yoast-schema-graph\">{\"@context\":\"https:\/\/schema.org\",\"@graph\":[{\"@type\":\"Article\",\"@id\":\"https:\/\/portaltela.pt\/noticias\/2026\/04\/07\/onze-do-sporting-para-o-jogo-com-o-arsenal-ja-conhecido\/#article\",\"isPartOf\":{\"@id\":\"https:\/\/portaltela.pt\/noticias\/2026\/04\/07\/onze-do-sporting-para-o-jogo-com-o-arsenal-ja-conhecido\/\"},\"author\":{\"name\":\"Telinha\",\"@id\":\"https:\/\/portaltela.pt\/#\/schema\/person\/c4278d4a6028830caff9ee44b42d32ed\"},\"headline\":\"Onze do Sporting para o jogo com o Arsenal j\u00e1 conhecido\",\"datePublished\":\"2026-04-07T18:02:34+00:00\",\"mainEntityOfPage\":{\"@id\":\"https:\/\/portaltela.pt\/noticias\/2026\/04\/07\/onze-do-sporting-para-o-jogo-com-o-arsenal-ja-conhecido\/\"},\"wordCount\":181,\"image\":{\"@id\":\"https:\/\/portaltela.pt\/noticias\/2026\/04\/07\/onze-do-sporting-para-o-jogo-com-o-arsenal-ja-conhecido\/#primaryimage\"},\"thumbnailUrl\":\"https:\/\/portaltela.pt\/s.01k8rhncp4jt1\/2026\/04\/img_1500x1000uu2026-04-07-18-51-19-2277139.jpg\",\"keywords\":[\"Champions League\",\"desportivo\",\"futebol\",\"futebol internacional\",\"Liga\",\"Sporting\"],\"articleSection\":[\"Desporto\",\"Futebol\"],\"inLanguage\":\"pt-PT\"},{\"@type\":\"WebPage\",\"@id\":\"https:\/\/portaltela.pt\/noticias\/2026\/04\/07\/onze-do-sporting-para-o-jogo-com-o-arsenal-ja-conhecido\/\",\"url\":\"https:\/\/portaltela.pt\/noticias\/2026\/04\/07\/onze-do-sporting-para-o-jogo-com-o-arsenal-ja-conhecido\/\",\"name\":\"Onze do Sporting para o jogo com o Arsenal j\u00e1 conhecido - Portal Tela Portugal\",\"isPartOf\":{\"@id\":\"https:\/\/portaltela.pt\/#website\"},\"primaryImageOfPage\":{\"@id\":\"https:\/\/portaltela.pt\/noticias\/2026\/04\/07\/onze-do-sporting-para-o-jogo-com-o-arsenal-ja-conhecido\/#primaryimage\"},\"image\":{\"@id\":\"https:\/\/portaltela.pt\/noticias\/2026\/04\/07\/onze-do-sporting-para-o-jogo-com-o-arsenal-ja-conhecido\/#primaryimage\"},\"thumbnailUrl\":\"https:\/\/portaltela.pt\/s.01k8rhncp4jt1\/2026\/04\/img_1500x1000uu2026-04-07-18-51-19-2277139.jpg\",\"datePublished\":\"2026-04-07T18:02:34+00:00\",\"author\":{\"@id\":\"https:\/\/portaltela.pt\/#\/schema\/person\/c4278d4a6028830caff9ee44b42d32ed\"},\"breadcrumb\":{\"@id\":\"https:\/\/portaltela.pt\/noticias\/2026\/04\/07\/onze-do-sporting-para-o-jogo-com-o-arsenal-ja-conhecido\/#breadcrumb\"},\"inLanguage\":\"pt-PT\",\"potentialAction\":[{\"@type\":\"ReadAction\",\"target\":[\"https:\/\/portaltela.pt\/noticias\/2026\/04\/07\/onze-do-sporting-para-o-jogo-com-o-arsenal-ja-conhecido\/\"]}]},{\"@type\":\"ImageObject\",\"inLanguage\":\"pt-PT\",\"@id\":\"https:\/\/portaltela.pt\/noticias\/2026\/04\/07\/onze-do-sporting-para-o-jogo-com-o-arsenal-ja-conhecido\/#primaryimage\",\"url\":\"https:\/\/portaltela.pt\/s.01k8rhncp4jt1\/2026\/04\/img_1500x1000uu2026-04-07-18-51-19-2277139.jpg\",\"contentUrl\":\"https:\/\/portaltela.pt\/s.01k8rhncp4jt1\/2026\/04\/img_1500x1000uu2026-04-07-18-51-19-2277139.jpg\",\"width\":796,\"height\":448,\"caption\":\"Rui Borges e Frederico Varandas v\u00e3o iniciar conversa\u00e7\u00f5es para renova\u00e7\u00e3o do contrato\"},{\"@type\":\"BreadcrumbList\",\"@id\":\"https:\/\/portaltela.pt\/noticias\/2026\/04\/07\/onze-do-sporting-para-o-jogo-com-o-arsenal-ja-conhecido\/#breadcrumb\",\"itemListElement\":[{\"@type\":\"ListItem\",\"position\":1,\"name\":\"In\u00edcio\",\"item\":\"https:\/\/portaltela.pt\/\"},{\"@type\":\"ListItem\",\"position\":2,\"name\":\"Onze do Sporting para o jogo com o Arsenal j\u00e1 conhecido\"}]},{\"@type\":\"WebSite\",\"@id\":\"https:\/\/portaltela.pt\/#website\",\"url\":\"https:\/\/portaltela.pt\/\",\"name\":\"Portal Tela Portugal\",\"description\":\"\",\"potentialAction\":[{\"@type\":\"SearchAction\",\"target\":{\"@type\":\"EntryPoint\",\"urlTemplate\":\"https:\/\/portaltela.pt\/?s={search_term_string}\"},\"query-input\":{\"@type\":\"PropertyValueSpecification\",\"valueRequired\":true,\"valueName\":\"search_term_string\"}}],\"inLanguage\":\"pt-PT\"},{\"@type\":\"Person\",\"@id\":\"https:\/\/portaltela.pt\/#\/schema\/person\/c4278d4a6028830caff9ee44b42d32ed\",\"name\":\"Telinha\",\"image\":{\"@type\":\"ImageObject\",\"inLanguage\":\"pt-PT\",\"@id\":\"https:\/\/portaltela.pt\/s.01k8rhncp4jt1\/2025\/11\/talking-bot-125x125.png\",\"url\":\"https:\/\/portaltela.pt\/s.01k8rhncp4jt1\/2025\/11\/talking-bot-125x125.png\",\"contentUrl\":\"https:\/\/portaltela.pt\/s.01k8rhncp4jt1\/2025\/11\/talking-bot-125x125.png\",\"caption\":\"Telinha\"},\"sameAs\":[\"https:\/\/portaltela.pt\/\"],\"url\":\"https:\/\/portaltela.pt\/por\/367410592786\/\"}]}<\/script>\n<!-- \/ Yoast SEO plugin. -->","yoast_head_json":{"title":"Onze do Sporting para o jogo com o Arsenal j\u00e1 conhecido - Portal Tela Portugal","robots":{"index":"index","follow":"follow","max-snippet":"max-snippet:-1","max-image-preview":"max-image-preview:large","max-video-preview":"max-video-preview:-1"},"og_locale":"pt_PT","og_type":"article","og_title":"Onze do Sporting para o jogo com o Arsenal j\u00e1 conhecido - Portal Tela Portugal","og_description":"Jogo hoje \u00e0s 20h, em Alvalade, pela Liga dos Campe\u00f5es, primeira m\u00e3o dos quartos de final entre Sporting e Arsenal. Onze do Sporting: Rui Silva; Fresneda, Diomande, Gon\u00e7alo In\u00e1cio e Maxi Ara\u00fajo; Morita e Jo\u00e3o Sim\u00f5es; Geny, Trinc\u00e3o e Pote; Luis Su\u00e1rez. Onze do Arsenal: Raya; Ben White, Saliba, Gabriel Magalh\u00e3es e Calafiori; Zumbimendo, Rice e Odegaard; Madueke, Trossard e Gy\u00f6keres. Suplentes do Sporting incluem Jo\u00e3o Virg\u00ednia, Debast, Faye, Bragan\u00e7a, Quaresma e Mangas. Suplentes do Arsenal incluem Arrizabalaga, Gabriel Jesus, Martinelli, Havertz, entre outros.","og_url":"https:\/\/portaltela.pt\/noticias\/2026\/04\/07\/onze-do-sporting-para-o-jogo-com-o-arsenal-ja-conhecido\/","og_site_name":"Portal Tela Portugal","article_published_time":"2026-04-07T18:02:34+00:00","author":"Telinha","twitter_card":"summary_large_image","twitter_misc":{"Escrito por":"Telinha","Tempo estimado de leitura":"1 minuto"},"schema":{"@context":"https:\/\/schema.org","@graph":[{"@type":"Article","@id":"https:\/\/portaltela.pt\/noticias\/2026\/04\/07\/onze-do-sporting-para-o-jogo-com-o-arsenal-ja-conhecido\/#article","isPartOf":{"@id":"https:\/\/portaltela.pt\/noticias\/2026\/04\/07\/onze-do-sporting-para-o-jogo-com-o-arsenal-ja-conhecido\/"},"author":{"name":"Telinha","@id":"https:\/\/portaltela.pt\/#\/schema\/person\/c4278d4a6028830caff9ee44b42d32ed"},"headline":"Onze do Sporting para o jogo com o Arsenal j\u00e1 conhecido","datePublished":"2026-04-07T18:02:34+00:00","mainEntityOfPage":{"@id":"https:\/\/portaltela.pt\/noticias\/2026\/04\/07\/onze-do-sporting-para-o-jogo-com-o-arsenal-ja-conhecido\/"},"wordCount":181,"image":{"@id":"https:\/\/portaltela.pt\/noticias\/2026\/04\/07\/onze-do-sporting-para-o-jogo-com-o-arsenal-ja-conhecido\/#primaryimage"},"thumbnailUrl":"https:\/\/portaltela.pt\/s.01k8rhncp4jt1\/2026\/04\/img_1500x1000uu2026-04-07-18-51-19-2277139.jpg","keywords":["Champions League","desportivo","futebol","futebol internacional","Liga","Sporting"],"articleSection":["Desporto","Futebol"],"inLanguage":"pt-PT"},{"@type":"WebPage","@id":"https:\/\/portaltela.pt\/noticias\/2026\/04\/07\/onze-do-sporting-para-o-jogo-com-o-arsenal-ja-conhecido\/","url":"https:\/\/portaltela.pt\/noticias\/2026\/04\/07\/onze-do-sporting-para-o-jogo-com-o-arsenal-ja-conhecido\/","name":"Onze do Sporting para o jogo com o Arsenal j\u00e1 conhecido - Portal Tela Portugal","isPartOf":{"@id":"https:\/\/portaltela.pt\/#website"},"primaryImageOfPage":{"@id":"https:\/\/portaltela.pt\/noticias\/2026\/04\/07\/onze-do-sporting-para-o-jogo-com-o-arsenal-ja-conhecido\/#primaryimage"},"image":{"@id":"https:\/\/portaltela.pt\/noticias\/2026\/04\/07\/onze-do-sporting-para-o-jogo-com-o-arsenal-ja-conhecido\/#primaryimage"},"thumbnailUrl":"https:\/\/portaltela.pt\/s.01k8rhncp4jt1\/2026\/04\/img_1500x1000uu2026-04-07-18-51-19-2277139.jpg","datePublished":"2026-04-07T18:02:34+00:00","author":{"@id":"https:\/\/portaltela.pt\/#\/schema\/person\/c4278d4a6028830caff9ee44b42d32ed"},"breadcrumb":{"@id":"https:\/\/portaltela.pt\/noticias\/2026\/04\/07\/onze-do-sporting-para-o-jogo-com-o-arsenal-ja-conhecido\/#breadcrumb"},"inLanguage":"pt-PT","potentialAction":[{"@type":"ReadAction","target":["https:\/\/portaltela.pt\/noticias\/2026\/04\/07\/onze-do-sporting-para-o-jogo-com-o-arsenal-ja-conhecido\/"]}]},{"@type":"ImageObject","inLanguage":"pt-PT","@id":"https:\/\/portaltela.pt\/noticias\/2026\/04\/07\/onze-do-sporting-para-o-jogo-com-o-arsenal-ja-conhecido\/#primaryimage","url":"https:\/\/portaltela.pt\/s.01k8rhncp4jt1\/2026\/04\/img_1500x1000uu2026-04-07-18-51-19-2277139.jpg","contentUrl":"https:\/\/portaltela.pt\/s.01k8rhncp4jt1\/2026\/04\/img_1500x1000uu2026-04-07-18-51-19-2277139.jpg","width":796,"height":448,"caption":"Rui Borges e Frederico Varandas v\u00e3o iniciar conversa\u00e7\u00f5es para renova\u00e7\u00e3o do contrato"},{"@type":"BreadcrumbList","@id":"https:\/\/portaltela.pt\/noticias\/2026\/04\/07\/onze-do-sporting-para-o-jogo-com-o-arsenal-ja-conhecido\/#breadcrumb","itemListElement":[{"@type":"ListItem","position":1,"name":"In\u00edcio","item":"https:\/\/portaltela.pt\/"},{"@type":"ListItem","position":2,"name":"Onze do Sporting para o jogo com o Arsenal j\u00e1 conhecido"}]},{"@type":"WebSite","@id":"https:\/\/portaltela.pt\/#website","url":"https:\/\/portaltela.pt\/","name":"Portal Tela Portugal","description":"","potentialAction":[{"@type":"SearchAction","target":{"@type":"EntryPoint","urlTemplate":"https:\/\/portaltela.pt\/?s={search_term_string}"},"query-input":{"@type":"PropertyValueSpecification","valueRequired":true,"valueName":"search_term_string"}}],"inLanguage":"pt-PT"},{"@type":"Person","@id":"https:\/\/portaltela.pt\/#\/schema\/person\/c4278d4a6028830caff9ee44b42d32ed","name":"Telinha","image":{"@type":"ImageObject","inLanguage":"pt-PT","@id":"https:\/\/portaltela.pt\/s.01k8rhncp4jt1\/2025\/11\/talking-bot-125x125.png","url":"https:\/\/portaltela.pt\/s.01k8rhncp4jt1\/2025\/11\/talking-bot-125x125.png","contentUrl":"https:\/\/portaltela.pt\/s.01k8rhncp4jt1\/2025\/11\/talking-bot-125x125.png","caption":"Telinha"},"sameAs":["https:\/\/portaltela.pt\/"],"url":"https:\/\/portaltela.pt\/por\/367410592786\/"}]}},"_links":{"self":[{"href":"https:\/\/portaltela.pt\/api\/wp\/v2\/posts\/435790","targetHints":{"allow":["GET"]}}],"collection":[{"href":"https:\/\/portaltela.pt\/api\/wp\/v2\/posts"}],"about":[{"href":"https:\/\/portaltela.pt\/api\/wp\/v2\/types\/post"}],"author":[{"embeddable":true,"href":"https:\/\/portaltela.pt\/api\/wp\/v2\/users\/2"}],"replies":[{"embeddable":true,"href":"https:\/\/portaltela.pt\/api\/wp\/v2\/comments?post=435790"}],"version-history":[{"count":0,"href":"https:\/\/portaltela.pt\/api\/wp\/v2\/posts\/435790\/revisions"}],"wp:featuredmedia":[{"embeddable":true,"href":"https:\/\/portaltela.pt\/api\/wp\/v2\/media\/435791"}],"wp:attachment":[{"href":"https:\/\/portaltela.pt\/api\/wp\/v2\/media?parent=435790"}],"wp:term":[{"taxonomy":"category","embeddable":true,"href":"https:\/\/portaltela.pt\/api\/wp\/v2\/categories?post=435790"},{"taxonomy":"post_tag","embeddable":true,"href":"https:\/\/portaltela.pt\/api\/wp\/v2\/tags?post=435790"}],"curies":[{"name":"wp","href":"https:\/\/api.w.org\/{rel}","templated":true}]}}