{"id":435773,"date":"2026-04-07T15:02:06","date_gmt":"2026-04-07T18:02:06","guid":{"rendered":"https:\/\/portaltela.pt\/noticias\/2026\/04\/07\/ajuste-de-calendario-no-campeonato-e-foco-nas-contas-dos-playoffs\/"},"modified":"2026-04-07T15:02:06","modified_gmt":"2026-04-07T18:02:06","slug":"ajuste-de-calendario-no-campeonato-e-foco-nas-contas-dos-playoffs","status":"publish","type":"post","link":"https:\/\/portaltela.pt\/desporto\/futebol\/2026\/04\/07\/ajuste-de-calendario-no-campeonato-e-foco-nas-contas-dos-playoffs\/","title":{"rendered":"Ajuste de calend\u00e1rio no campeonato e foco nas contas dos playoffs"},"content":{"rendered":"<p>O campeonato nacional regressa nesta quarta-feira, ap\u00f3s a pausa da Ta\u00e7a das Na\u00e7\u00f5es, para a 22.\u00aa jornada. Ser\u00e3o disputados quatro jogos, com foco limitado aos jogos que restam para definir o playoff.<\/p>\n<p>A prioridade passa pelo duelo pela liga de acesso aos oito primeiros, que seguem com disputa de quem fica bem posicionado para o t\u00edtulo. Sporting e FC Porto empatam no 2.\u00ba e 3.\u00ba lugares, com 48 pontos cada.<\/p>\n<p>O Sporting visita o Juventude Pacense (8.\u00ba\/27), em partida que pode ser acompanhada em direto no site Record a partir das 21h30. O FC Porto recebe o Valongo (6.\u00ba\/30) em casa, na arrancada para a fase decisiva.<\/p>\n<p>A luta pela manuten\u00e7\u00e3o tamb\u00e9m est\u00e1 presente na ronda, com clubes a manter-se na discuss\u00e3o pela perman\u00eancia na liga. A classifica\u00e7\u00e3o, o calend\u00e1rio e os resultados seguem a ser atualizados ao longo da jornada.<\/p>\n","protected":false},"excerpt":{"rendered":"<ul>\n<li>A jornada 22 do campeonato fica completa esta quarta-feira, ap\u00f3s a interrup\u00e7\u00e3o para a Ta\u00e7a das Na\u00e7\u00f5es de Portugal, com quatro jogos.<\/li>\n<li>O foco est\u00e1 na luta pelo 2.\u00ba lugar, j\u00e1 que Sporting e FC Porto empatam na vice-lideran\u00e7a com 48 pontos cada.<\/li>\n<li>O Sporting joga fora, em Juventude Pacense (8.\u00ba\/27), com transmiss\u00e3o prevista no site do Record a partir das 21h30.<\/li>\n<li>O FC Porto recebe o Valongo (6.\u00ba\/30).<\/li>\n<li>A manuten\u00e7\u00e3o tamb\u00e9m est\u00e1 em jogo na ronda, com a classifica\u00e7\u00e3o, calend\u00e1rio e resultados em vigor.<\/li>\n<\/ul>\n","protected":false},"author":2,"featured_media":435778,"comment_status":"closed","ping_status":"closed","sticky":false,"template":"","format":"standard","meta":{"footnotes":""},"categories":[21,24],"tags":[4059,2028,32,125,1652,1244],"class_list":["post-435773","post","type-post","status-publish","format-standard","has-post-thumbnail","hentry","category-desporto","category-futebol","tag-1-a-liga","tag-fc-porto","tag-futebol","tag-playoffs","tag-sporting","tag-valongo"],"yoast_head":"<!-- This site is optimized with the Yoast SEO plugin v27.2 - https:\/\/yoast.com\/product\/yoast-seo-wordpress\/ -->\n<title>Ajuste de calend\u00e1rio no campeonato e foco nas contas dos playoffs - Portal Tela Portugal<\/title>\n<meta name=\"robots\" content=\"index, follow, max-snippet:-1, max-image-preview:large, max-video-preview:-1\" \/>\n<meta property=\"og:locale\" content=\"pt_PT\" \/>\n<meta property=\"og:type\" content=\"article\" \/>\n<meta property=\"og:title\" content=\"Ajuste de calend\u00e1rio no campeonato e foco nas contas dos playoffs - Portal Tela Portugal\" \/>\n<meta property=\"og:description\" content=\"A jornada 22 do campeonato fica completa esta quarta-feira, ap\u00f3s a interrup\u00e7\u00e3o para a Ta\u00e7a das Na\u00e7\u00f5es de Portugal, com quatro jogos. O foco est\u00e1 na luta pelo 2.\u00ba lugar, j\u00e1 que Sporting e FC Porto empatam na vice-lideran\u00e7a com 48 pontos cada. O Sporting joga fora, em Juventude Pacense (8.\u00ba\/27), com transmiss\u00e3o prevista no site do Record a partir das 21h30. O FC Porto recebe o Valongo (6.\u00ba\/30). A manuten\u00e7\u00e3o tamb\u00e9m est\u00e1 em jogo na ronda, com a classifica\u00e7\u00e3o, calend\u00e1rio e resultados em vigor.\" \/>\n<meta property=\"og:url\" content=\"https:\/\/portaltela.pt\/noticias\/2026\/04\/07\/ajuste-de-calendario-no-campeonato-e-foco-nas-contas-dos-playoffs\/\" \/>\n<meta property=\"og:site_name\" content=\"Portal Tela Portugal\" \/>\n<meta property=\"article:published_time\" content=\"2026-04-07T18:02:06+00:00\" \/>\n<meta name=\"author\" content=\"Telinha\" \/>\n<meta name=\"twitter:card\" content=\"summary_large_image\" \/>\n<meta name=\"twitter:label1\" content=\"Escrito por\" \/>\n\t<meta name=\"twitter:data1\" content=\"Telinha\" \/>\n\t<meta name=\"twitter:label2\" content=\"Tempo estimado de leitura\" \/>\n\t<meta name=\"twitter:data2\" content=\"1 minuto\" \/>\n<script type=\"application\/ld+json\" class=\"yoast-schema-graph\">{\"@context\":\"https:\/\/schema.org\",\"@graph\":[{\"@type\":\"Article\",\"@id\":\"https:\/\/portaltela.pt\/noticias\/2026\/04\/07\/ajuste-de-calendario-no-campeonato-e-foco-nas-contas-dos-playoffs\/#article\",\"isPartOf\":{\"@id\":\"https:\/\/portaltela.pt\/noticias\/2026\/04\/07\/ajuste-de-calendario-no-campeonato-e-foco-nas-contas-dos-playoffs\/\"},\"author\":{\"name\":\"Telinha\",\"@id\":\"https:\/\/portaltela.pt\/#\/schema\/person\/c4278d4a6028830caff9ee44b42d32ed\"},\"headline\":\"Ajuste de calend\u00e1rio no campeonato e foco nas contas dos playoffs\",\"datePublished\":\"2026-04-07T18:02:06+00:00\",\"mainEntityOfPage\":{\"@id\":\"https:\/\/portaltela.pt\/noticias\/2026\/04\/07\/ajuste-de-calendario-no-campeonato-e-foco-nas-contas-dos-playoffs\/\"},\"wordCount\":158,\"image\":{\"@id\":\"https:\/\/portaltela.pt\/noticias\/2026\/04\/07\/ajuste-de-calendario-no-campeonato-e-foco-nas-contas-dos-playoffs\/#primaryimage\"},\"thumbnailUrl\":\"https:\/\/portaltela.pt\/s.01k8rhncp4jt1\/2026\/04\/img_920x518uu2026-04-07-18-55-39-2431636.jpg\",\"keywords\":[\"1.\u00aa Liga\",\"FC Porto\",\"futebol\",\"playoffs\",\"Sporting\",\"Valongo\"],\"articleSection\":[\"Desporto\",\"Futebol\"],\"inLanguage\":\"pt-PT\"},{\"@type\":\"WebPage\",\"@id\":\"https:\/\/portaltela.pt\/noticias\/2026\/04\/07\/ajuste-de-calendario-no-campeonato-e-foco-nas-contas-dos-playoffs\/\",\"url\":\"https:\/\/portaltela.pt\/noticias\/2026\/04\/07\/ajuste-de-calendario-no-campeonato-e-foco-nas-contas-dos-playoffs\/\",\"name\":\"Ajuste de calend\u00e1rio no campeonato e foco nas contas dos playoffs - Portal Tela Portugal\",\"isPartOf\":{\"@id\":\"https:\/\/portaltela.pt\/#website\"},\"primaryImageOfPage\":{\"@id\":\"https:\/\/portaltela.pt\/noticias\/2026\/04\/07\/ajuste-de-calendario-no-campeonato-e-foco-nas-contas-dos-playoffs\/#primaryimage\"},\"image\":{\"@id\":\"https:\/\/portaltela.pt\/noticias\/2026\/04\/07\/ajuste-de-calendario-no-campeonato-e-foco-nas-contas-dos-playoffs\/#primaryimage\"},\"thumbnailUrl\":\"https:\/\/portaltela.pt\/s.01k8rhncp4jt1\/2026\/04\/img_920x518uu2026-04-07-18-55-39-2431636.jpg\",\"datePublished\":\"2026-04-07T18:02:06+00:00\",\"author\":{\"@id\":\"https:\/\/portaltela.pt\/#\/schema\/person\/c4278d4a6028830caff9ee44b42d32ed\"},\"breadcrumb\":{\"@id\":\"https:\/\/portaltela.pt\/noticias\/2026\/04\/07\/ajuste-de-calendario-no-campeonato-e-foco-nas-contas-dos-playoffs\/#breadcrumb\"},\"inLanguage\":\"pt-PT\",\"potentialAction\":[{\"@type\":\"ReadAction\",\"target\":[\"https:\/\/portaltela.pt\/noticias\/2026\/04\/07\/ajuste-de-calendario-no-campeonato-e-foco-nas-contas-dos-playoffs\/\"]}]},{\"@type\":\"ImageObject\",\"inLanguage\":\"pt-PT\",\"@id\":\"https:\/\/portaltela.pt\/noticias\/2026\/04\/07\/ajuste-de-calendario-no-campeonato-e-foco-nas-contas-dos-playoffs\/#primaryimage\",\"url\":\"https:\/\/portaltela.pt\/s.01k8rhncp4jt1\/2026\/04\/img_920x518uu2026-04-07-18-55-39-2431636.jpg\",\"contentUrl\":\"https:\/\/portaltela.pt\/s.01k8rhncp4jt1\/2026\/04\/img_920x518uu2026-04-07-18-55-39-2431636.jpg\",\"width\":796,\"height\":448,\"caption\":\"Sporting joga na Juventude Pacense\"},{\"@type\":\"BreadcrumbList\",\"@id\":\"https:\/\/portaltela.pt\/noticias\/2026\/04\/07\/ajuste-de-calendario-no-campeonato-e-foco-nas-contas-dos-playoffs\/#breadcrumb\",\"itemListElement\":[{\"@type\":\"ListItem\",\"position\":1,\"name\":\"In\u00edcio\",\"item\":\"https:\/\/portaltela.pt\/\"},{\"@type\":\"ListItem\",\"position\":2,\"name\":\"Ajuste de calend\u00e1rio no campeonato e foco nas contas dos playoffs\"}]},{\"@type\":\"WebSite\",\"@id\":\"https:\/\/portaltela.pt\/#website\",\"url\":\"https:\/\/portaltela.pt\/\",\"name\":\"Portal Tela Portugal\",\"description\":\"\",\"potentialAction\":[{\"@type\":\"SearchAction\",\"target\":{\"@type\":\"EntryPoint\",\"urlTemplate\":\"https:\/\/portaltela.pt\/?s={search_term_string}\"},\"query-input\":{\"@type\":\"PropertyValueSpecification\",\"valueRequired\":true,\"valueName\":\"search_term_string\"}}],\"inLanguage\":\"pt-PT\"},{\"@type\":\"Person\",\"@id\":\"https:\/\/portaltela.pt\/#\/schema\/person\/c4278d4a6028830caff9ee44b42d32ed\",\"name\":\"Telinha\",\"image\":{\"@type\":\"ImageObject\",\"inLanguage\":\"pt-PT\",\"@id\":\"https:\/\/portaltela.pt\/s.01k8rhncp4jt1\/2025\/11\/talking-bot-125x125.png\",\"url\":\"https:\/\/portaltela.pt\/s.01k8rhncp4jt1\/2025\/11\/talking-bot-125x125.png\",\"contentUrl\":\"https:\/\/portaltela.pt\/s.01k8rhncp4jt1\/2025\/11\/talking-bot-125x125.png\",\"caption\":\"Telinha\"},\"sameAs\":[\"https:\/\/portaltela.pt\/\"],\"url\":\"https:\/\/portaltela.pt\/por\/367410592786\/\"}]}<\/script>\n<!-- \/ Yoast SEO plugin. -->","yoast_head_json":{"title":"Ajuste de calend\u00e1rio no campeonato e foco nas contas dos playoffs - Portal Tela Portugal","robots":{"index":"index","follow":"follow","max-snippet":"max-snippet:-1","max-image-preview":"max-image-preview:large","max-video-preview":"max-video-preview:-1"},"og_locale":"pt_PT","og_type":"article","og_title":"Ajuste de calend\u00e1rio no campeonato e foco nas contas dos playoffs - Portal Tela Portugal","og_description":"A jornada 22 do campeonato fica completa esta quarta-feira, ap\u00f3s a interrup\u00e7\u00e3o para a Ta\u00e7a das Na\u00e7\u00f5es de Portugal, com quatro jogos. O foco est\u00e1 na luta pelo 2.\u00ba lugar, j\u00e1 que Sporting e FC Porto empatam na vice-lideran\u00e7a com 48 pontos cada. O Sporting joga fora, em Juventude Pacense (8.\u00ba\/27), com transmiss\u00e3o prevista no site do Record a partir das 21h30. O FC Porto recebe o Valongo (6.\u00ba\/30). A manuten\u00e7\u00e3o tamb\u00e9m est\u00e1 em jogo na ronda, com a classifica\u00e7\u00e3o, calend\u00e1rio e resultados em vigor.","og_url":"https:\/\/portaltela.pt\/noticias\/2026\/04\/07\/ajuste-de-calendario-no-campeonato-e-foco-nas-contas-dos-playoffs\/","og_site_name":"Portal Tela Portugal","article_published_time":"2026-04-07T18:02:06+00:00","author":"Telinha","twitter_card":"summary_large_image","twitter_misc":{"Escrito por":"Telinha","Tempo estimado de leitura":"1 minuto"},"schema":{"@context":"https:\/\/schema.org","@graph":[{"@type":"Article","@id":"https:\/\/portaltela.pt\/noticias\/2026\/04\/07\/ajuste-de-calendario-no-campeonato-e-foco-nas-contas-dos-playoffs\/#article","isPartOf":{"@id":"https:\/\/portaltela.pt\/noticias\/2026\/04\/07\/ajuste-de-calendario-no-campeonato-e-foco-nas-contas-dos-playoffs\/"},"author":{"name":"Telinha","@id":"https:\/\/portaltela.pt\/#\/schema\/person\/c4278d4a6028830caff9ee44b42d32ed"},"headline":"Ajuste de calend\u00e1rio no campeonato e foco nas contas dos playoffs","datePublished":"2026-04-07T18:02:06+00:00","mainEntityOfPage":{"@id":"https:\/\/portaltela.pt\/noticias\/2026\/04\/07\/ajuste-de-calendario-no-campeonato-e-foco-nas-contas-dos-playoffs\/"},"wordCount":158,"image":{"@id":"https:\/\/portaltela.pt\/noticias\/2026\/04\/07\/ajuste-de-calendario-no-campeonato-e-foco-nas-contas-dos-playoffs\/#primaryimage"},"thumbnailUrl":"https:\/\/portaltela.pt\/s.01k8rhncp4jt1\/2026\/04\/img_920x518uu2026-04-07-18-55-39-2431636.jpg","keywords":["1.\u00aa Liga","FC Porto","futebol","playoffs","Sporting","Valongo"],"articleSection":["Desporto","Futebol"],"inLanguage":"pt-PT"},{"@type":"WebPage","@id":"https:\/\/portaltela.pt\/noticias\/2026\/04\/07\/ajuste-de-calendario-no-campeonato-e-foco-nas-contas-dos-playoffs\/","url":"https:\/\/portaltela.pt\/noticias\/2026\/04\/07\/ajuste-de-calendario-no-campeonato-e-foco-nas-contas-dos-playoffs\/","name":"Ajuste de calend\u00e1rio no campeonato e foco nas contas dos playoffs - Portal Tela Portugal","isPartOf":{"@id":"https:\/\/portaltela.pt\/#website"},"primaryImageOfPage":{"@id":"https:\/\/portaltela.pt\/noticias\/2026\/04\/07\/ajuste-de-calendario-no-campeonato-e-foco-nas-contas-dos-playoffs\/#primaryimage"},"image":{"@id":"https:\/\/portaltela.pt\/noticias\/2026\/04\/07\/ajuste-de-calendario-no-campeonato-e-foco-nas-contas-dos-playoffs\/#primaryimage"},"thumbnailUrl":"https:\/\/portaltela.pt\/s.01k8rhncp4jt1\/2026\/04\/img_920x518uu2026-04-07-18-55-39-2431636.jpg","datePublished":"2026-04-07T18:02:06+00:00","author":{"@id":"https:\/\/portaltela.pt\/#\/schema\/person\/c4278d4a6028830caff9ee44b42d32ed"},"breadcrumb":{"@id":"https:\/\/portaltela.pt\/noticias\/2026\/04\/07\/ajuste-de-calendario-no-campeonato-e-foco-nas-contas-dos-playoffs\/#breadcrumb"},"inLanguage":"pt-PT","potentialAction":[{"@type":"ReadAction","target":["https:\/\/portaltela.pt\/noticias\/2026\/04\/07\/ajuste-de-calendario-no-campeonato-e-foco-nas-contas-dos-playoffs\/"]}]},{"@type":"ImageObject","inLanguage":"pt-PT","@id":"https:\/\/portaltela.pt\/noticias\/2026\/04\/07\/ajuste-de-calendario-no-campeonato-e-foco-nas-contas-dos-playoffs\/#primaryimage","url":"https:\/\/portaltela.pt\/s.01k8rhncp4jt1\/2026\/04\/img_920x518uu2026-04-07-18-55-39-2431636.jpg","contentUrl":"https:\/\/portaltela.pt\/s.01k8rhncp4jt1\/2026\/04\/img_920x518uu2026-04-07-18-55-39-2431636.jpg","width":796,"height":448,"caption":"Sporting joga na Juventude Pacense"},{"@type":"BreadcrumbList","@id":"https:\/\/portaltela.pt\/noticias\/2026\/04\/07\/ajuste-de-calendario-no-campeonato-e-foco-nas-contas-dos-playoffs\/#breadcrumb","itemListElement":[{"@type":"ListItem","position":1,"name":"In\u00edcio","item":"https:\/\/portaltela.pt\/"},{"@type":"ListItem","position":2,"name":"Ajuste de calend\u00e1rio no campeonato e foco nas contas dos playoffs"}]},{"@type":"WebSite","@id":"https:\/\/portaltela.pt\/#website","url":"https:\/\/portaltela.pt\/","name":"Portal Tela Portugal","description":"","potentialAction":[{"@type":"SearchAction","target":{"@type":"EntryPoint","urlTemplate":"https:\/\/portaltela.pt\/?s={search_term_string}"},"query-input":{"@type":"PropertyValueSpecification","valueRequired":true,"valueName":"search_term_string"}}],"inLanguage":"pt-PT"},{"@type":"Person","@id":"https:\/\/portaltela.pt\/#\/schema\/person\/c4278d4a6028830caff9ee44b42d32ed","name":"Telinha","image":{"@type":"ImageObject","inLanguage":"pt-PT","@id":"https:\/\/portaltela.pt\/s.01k8rhncp4jt1\/2025\/11\/talking-bot-125x125.png","url":"https:\/\/portaltela.pt\/s.01k8rhncp4jt1\/2025\/11\/talking-bot-125x125.png","contentUrl":"https:\/\/portaltela.pt\/s.01k8rhncp4jt1\/2025\/11\/talking-bot-125x125.png","caption":"Telinha"},"sameAs":["https:\/\/portaltela.pt\/"],"url":"https:\/\/portaltela.pt\/por\/367410592786\/"}]}},"_links":{"self":[{"href":"https:\/\/portaltela.pt\/api\/wp\/v2\/posts\/435773","targetHints":{"allow":["GET"]}}],"collection":[{"href":"https:\/\/portaltela.pt\/api\/wp\/v2\/posts"}],"about":[{"href":"https:\/\/portaltela.pt\/api\/wp\/v2\/types\/post"}],"author":[{"embeddable":true,"href":"https:\/\/portaltela.pt\/api\/wp\/v2\/users\/2"}],"replies":[{"embeddable":true,"href":"https:\/\/portaltela.pt\/api\/wp\/v2\/comments?post=435773"}],"version-history":[{"count":0,"href":"https:\/\/portaltela.pt\/api\/wp\/v2\/posts\/435773\/revisions"}],"wp:featuredmedia":[{"embeddable":true,"href":"https:\/\/portaltela.pt\/api\/wp\/v2\/media\/435778"}],"wp:attachment":[{"href":"https:\/\/portaltela.pt\/api\/wp\/v2\/media?parent=435773"}],"wp:term":[{"taxonomy":"category","embeddable":true,"href":"https:\/\/portaltela.pt\/api\/wp\/v2\/categories?post=435773"},{"taxonomy":"post_tag","embeddable":true,"href":"https:\/\/portaltela.pt\/api\/wp\/v2\/tags?post=435773"}],"curies":[{"name":"wp","href":"https:\/\/api.w.org\/{rel}","templated":true}]}}