{"id":435766,"date":"2026-04-07T14:47:15","date_gmt":"2026-04-07T17:47:15","guid":{"rendered":"https:\/\/portaltela.pt\/noticias\/2026\/04\/07\/alvaro-pacheco-do-empate-com-o-benfica-ao-luto-pela-morte-da-mae\/"},"modified":"2026-04-07T14:47:15","modified_gmt":"2026-04-07T17:47:15","slug":"alvaro-pacheco-do-empate-com-o-benfica-ao-luto-pela-morte-da-mae","status":"publish","type":"post","link":"https:\/\/portaltela.pt\/desporto\/futebol\/2026\/04\/07\/alvaro-pacheco-do-empate-com-o-benfica-ao-luto-pela-morte-da-mae\/","title":{"rendered":"\u00c1lvaro Pacheco: do empate com o Benfica ao luto pela morte da m\u00e3e"},"content":{"rendered":"<p>O treinador \u00c1lvaro Pacheco, \u00e0 frente do Casa Pia, viu a equipa manter o empate com o Benfica (1-1) em Rio Maior, repetindo o resultado do encontro anterior com o FC Porto (2-1) na mesma cidade. A ronda de Rio Maior revelou mais um ponto importante para o Casa Pia na segunda metade da \u00e9poca.<\/p>\n<p>O jogo de s\u00e1bado em Rio Maior surgiu ap\u00f3s a vit\u00f3ria sobre o FC Porto, que colocou o Casa Pia entre as surpresas da liga. O empate com o Benfica, tamb\u00e9m em casa, aliviou momentaneamente a press\u00e3o sobre o clube e manteve o objetivo de lutar por posi\u00e7\u00f5es que d\u00e3o acesso a competi\u00e7\u00f5es europeias.<\/p>\n<h3>Falecimento da m\u00e3e do treinador<\/h3>\n<p>Pouco depois da partida, ficou conhecido que a m\u00e3e de \u00c1lvaro Pacheco faleceu durante a madrugada. Maria Alice Teixeira tinha 92 anos e faleceu em Felgueiras. As cerim\u00f3nias f\u00fanebres est\u00e3o marcadas para quarta-feira, \u00e0s 16h00, na Igreja Paroquial de Moure. O clube informou, via Instagram, que a fam\u00edlia casapiana est\u00e1 consigo, mister.<\/p>\n","protected":false},"excerpt":{"rendered":"<ul>\n<li>O treinador do Casa Pia, \u00c1lvaro Pacheco, celebrou o empate de 1-1 com o Benfica em Rio Maior.<\/li>\n<li>O Casa Pia j\u00e1 tinha vencido o FC Porto por 2-1 em Rio Maior, sendo a \u00fanica equipa portuguesa a derrotar os drag\u00f5es neste campeonato.<\/li>\n<li>O empate afasta, por now, o Benfica da luta pelo t\u00edtulo e impede que dependam apenas de si para atingir o segundo lugar que d\u00e1 acesso \u00e0s pr\u00e9-eliminat\u00f3rias da Liga dos Campe\u00f5es.<\/li>\n<li>Horas depois, a m\u00e3e de Pacheco, Maria Alice Teixeira, faleceu aos 92 anos em Felgueiras; funeral marcado para quarta-feira, \u00e0s 16h00, na Igreja Paroquial de Moure.<\/li>\n<li>O Casa Pia publicou uma mensagem de apoio \u00e0 fam\u00edlia do treinador nas redes sociais.<\/li>\n<\/ul>\n","protected":false},"author":2,"featured_media":435767,"comment_status":"closed","ping_status":"closed","sticky":false,"template":"","format":"standard","meta":{"footnotes":""},"categories":[21,24],"tags":[4143,1946,5176,186,32,4323],"class_list":["post-435766","post","type-post","status-publish","format-standard","has-post-thumbnail","hentry","category-desporto","category-futebol","tag-1-liga","tag-benfica","tag-casa-pia","tag-desportos","tag-futebol","tag-rio-maior"],"yoast_head":"<!-- This site is optimized with the Yoast SEO plugin v27.2 - https:\/\/yoast.com\/product\/yoast-seo-wordpress\/ -->\n<title>\u00c1lvaro Pacheco: do empate com o Benfica ao luto pela morte da m\u00e3e - Portal Tela Portugal<\/title>\n<meta name=\"robots\" content=\"index, follow, max-snippet:-1, max-image-preview:large, max-video-preview:-1\" \/>\n<meta property=\"og:locale\" content=\"pt_PT\" \/>\n<meta property=\"og:type\" content=\"article\" \/>\n<meta property=\"og:title\" content=\"\u00c1lvaro Pacheco: do empate com o Benfica ao luto pela morte da m\u00e3e - Portal Tela Portugal\" \/>\n<meta property=\"og:description\" content=\"O treinador do Casa Pia, \u00c1lvaro Pacheco, celebrou o empate de 1-1 com o Benfica em Rio Maior. O Casa Pia j\u00e1 tinha vencido o FC Porto por 2-1 em Rio Maior, sendo a \u00fanica equipa portuguesa a derrotar os drag\u00f5es neste campeonato. O empate afasta, por now, o Benfica da luta pelo t\u00edtulo e impede que dependam apenas de si para atingir o segundo lugar que d\u00e1 acesso \u00e0s pr\u00e9-eliminat\u00f3rias da Liga dos Campe\u00f5es. Horas depois, a m\u00e3e de Pacheco, Maria Alice Teixeira, faleceu aos 92 anos em Felgueiras; funeral marcado para quarta-feira, \u00e0s 16h00, na Igreja Paroquial de Moure. O Casa Pia publicou uma mensagem de apoio \u00e0 fam\u00edlia do treinador nas redes sociais.\" \/>\n<meta property=\"og:url\" content=\"https:\/\/portaltela.pt\/noticias\/2026\/04\/07\/alvaro-pacheco-do-empate-com-o-benfica-ao-luto-pela-morte-da-mae\/\" \/>\n<meta property=\"og:site_name\" content=\"Portal Tela Portugal\" \/>\n<meta property=\"article:published_time\" content=\"2026-04-07T17:47:15+00:00\" \/>\n<meta name=\"author\" content=\"Telinha\" \/>\n<meta name=\"twitter:card\" content=\"summary_large_image\" \/>\n<meta name=\"twitter:label1\" content=\"Escrito por\" \/>\n\t<meta name=\"twitter:data1\" content=\"Telinha\" \/>\n\t<meta name=\"twitter:label2\" content=\"Tempo estimado de leitura\" \/>\n\t<meta name=\"twitter:data2\" content=\"1 minuto\" \/>\n<script type=\"application\/ld+json\" class=\"yoast-schema-graph\">{\"@context\":\"https:\/\/schema.org\",\"@graph\":[{\"@type\":\"Article\",\"@id\":\"https:\/\/portaltela.pt\/noticias\/2026\/04\/07\/alvaro-pacheco-do-empate-com-o-benfica-ao-luto-pela-morte-da-mae\/#article\",\"isPartOf\":{\"@id\":\"https:\/\/portaltela.pt\/noticias\/2026\/04\/07\/alvaro-pacheco-do-empate-com-o-benfica-ao-luto-pela-morte-da-mae\/\"},\"author\":{\"name\":\"Telinha\",\"@id\":\"https:\/\/portaltela.pt\/#\/schema\/person\/c4278d4a6028830caff9ee44b42d32ed\"},\"headline\":\"\u00c1lvaro Pacheco: do empate com o Benfica ao luto pela morte da m\u00e3e\",\"datePublished\":\"2026-04-07T17:47:15+00:00\",\"mainEntityOfPage\":{\"@id\":\"https:\/\/portaltela.pt\/noticias\/2026\/04\/07\/alvaro-pacheco-do-empate-com-o-benfica-ao-luto-pela-morte-da-mae\/\"},\"wordCount\":192,\"image\":{\"@id\":\"https:\/\/portaltela.pt\/noticias\/2026\/04\/07\/alvaro-pacheco-do-empate-com-o-benfica-ao-luto-pela-morte-da-mae\/#primaryimage\"},\"thumbnailUrl\":\"https:\/\/portaltela.pt\/s.01k8rhncp4jt1\/2026\/04\/img_1500x1000uu2024-04-17-00-03-42-1630415.jpg\",\"keywords\":[\"1. Liga\",\"Benfica\",\"Casa Pia\",\"desportos\",\"futebol\",\"Rio Maior\"],\"articleSection\":[\"Desporto\",\"Futebol\"],\"inLanguage\":\"pt-PT\"},{\"@type\":\"WebPage\",\"@id\":\"https:\/\/portaltela.pt\/noticias\/2026\/04\/07\/alvaro-pacheco-do-empate-com-o-benfica-ao-luto-pela-morte-da-mae\/\",\"url\":\"https:\/\/portaltela.pt\/noticias\/2026\/04\/07\/alvaro-pacheco-do-empate-com-o-benfica-ao-luto-pela-morte-da-mae\/\",\"name\":\"\u00c1lvaro Pacheco: do empate com o Benfica ao luto pela morte da m\u00e3e - Portal Tela Portugal\",\"isPartOf\":{\"@id\":\"https:\/\/portaltela.pt\/#website\"},\"primaryImageOfPage\":{\"@id\":\"https:\/\/portaltela.pt\/noticias\/2026\/04\/07\/alvaro-pacheco-do-empate-com-o-benfica-ao-luto-pela-morte-da-mae\/#primaryimage\"},\"image\":{\"@id\":\"https:\/\/portaltela.pt\/noticias\/2026\/04\/07\/alvaro-pacheco-do-empate-com-o-benfica-ao-luto-pela-morte-da-mae\/#primaryimage\"},\"thumbnailUrl\":\"https:\/\/portaltela.pt\/s.01k8rhncp4jt1\/2026\/04\/img_1500x1000uu2024-04-17-00-03-42-1630415.jpg\",\"datePublished\":\"2026-04-07T17:47:15+00:00\",\"author\":{\"@id\":\"https:\/\/portaltela.pt\/#\/schema\/person\/c4278d4a6028830caff9ee44b42d32ed\"},\"breadcrumb\":{\"@id\":\"https:\/\/portaltela.pt\/noticias\/2026\/04\/07\/alvaro-pacheco-do-empate-com-o-benfica-ao-luto-pela-morte-da-mae\/#breadcrumb\"},\"inLanguage\":\"pt-PT\",\"potentialAction\":[{\"@type\":\"ReadAction\",\"target\":[\"https:\/\/portaltela.pt\/noticias\/2026\/04\/07\/alvaro-pacheco-do-empate-com-o-benfica-ao-luto-pela-morte-da-mae\/\"]}]},{\"@type\":\"ImageObject\",\"inLanguage\":\"pt-PT\",\"@id\":\"https:\/\/portaltela.pt\/noticias\/2026\/04\/07\/alvaro-pacheco-do-empate-com-o-benfica-ao-luto-pela-morte-da-mae\/#primaryimage\",\"url\":\"https:\/\/portaltela.pt\/s.01k8rhncp4jt1\/2026\/04\/img_1500x1000uu2024-04-17-00-03-42-1630415.jpg\",\"contentUrl\":\"https:\/\/portaltela.pt\/s.01k8rhncp4jt1\/2026\/04\/img_1500x1000uu2024-04-17-00-03-42-1630415.jpg\",\"width\":796,\"height\":448,\"caption\":\"\u00c1lvaro Pacheco\"},{\"@type\":\"BreadcrumbList\",\"@id\":\"https:\/\/portaltela.pt\/noticias\/2026\/04\/07\/alvaro-pacheco-do-empate-com-o-benfica-ao-luto-pela-morte-da-mae\/#breadcrumb\",\"itemListElement\":[{\"@type\":\"ListItem\",\"position\":1,\"name\":\"In\u00edcio\",\"item\":\"https:\/\/portaltela.pt\/\"},{\"@type\":\"ListItem\",\"position\":2,\"name\":\"\u00c1lvaro Pacheco: do empate com o Benfica ao luto pela morte da m\u00e3e\"}]},{\"@type\":\"WebSite\",\"@id\":\"https:\/\/portaltela.pt\/#website\",\"url\":\"https:\/\/portaltela.pt\/\",\"name\":\"Portal Tela Portugal\",\"description\":\"\",\"potentialAction\":[{\"@type\":\"SearchAction\",\"target\":{\"@type\":\"EntryPoint\",\"urlTemplate\":\"https:\/\/portaltela.pt\/?s={search_term_string}\"},\"query-input\":{\"@type\":\"PropertyValueSpecification\",\"valueRequired\":true,\"valueName\":\"search_term_string\"}}],\"inLanguage\":\"pt-PT\"},{\"@type\":\"Person\",\"@id\":\"https:\/\/portaltela.pt\/#\/schema\/person\/c4278d4a6028830caff9ee44b42d32ed\",\"name\":\"Telinha\",\"image\":{\"@type\":\"ImageObject\",\"inLanguage\":\"pt-PT\",\"@id\":\"https:\/\/portaltela.pt\/s.01k8rhncp4jt1\/2025\/11\/talking-bot-125x125.png\",\"url\":\"https:\/\/portaltela.pt\/s.01k8rhncp4jt1\/2025\/11\/talking-bot-125x125.png\",\"contentUrl\":\"https:\/\/portaltela.pt\/s.01k8rhncp4jt1\/2025\/11\/talking-bot-125x125.png\",\"caption\":\"Telinha\"},\"sameAs\":[\"https:\/\/portaltela.pt\/\"],\"url\":\"https:\/\/portaltela.pt\/por\/367410592786\/\"}]}<\/script>\n<!-- \/ Yoast SEO plugin. -->","yoast_head_json":{"title":"\u00c1lvaro Pacheco: do empate com o Benfica ao luto pela morte da m\u00e3e - Portal Tela Portugal","robots":{"index":"index","follow":"follow","max-snippet":"max-snippet:-1","max-image-preview":"max-image-preview:large","max-video-preview":"max-video-preview:-1"},"og_locale":"pt_PT","og_type":"article","og_title":"\u00c1lvaro Pacheco: do empate com o Benfica ao luto pela morte da m\u00e3e - Portal Tela Portugal","og_description":"O treinador do Casa Pia, \u00c1lvaro Pacheco, celebrou o empate de 1-1 com o Benfica em Rio Maior. O Casa Pia j\u00e1 tinha vencido o FC Porto por 2-1 em Rio Maior, sendo a \u00fanica equipa portuguesa a derrotar os drag\u00f5es neste campeonato. O empate afasta, por now, o Benfica da luta pelo t\u00edtulo e impede que dependam apenas de si para atingir o segundo lugar que d\u00e1 acesso \u00e0s pr\u00e9-eliminat\u00f3rias da Liga dos Campe\u00f5es. Horas depois, a m\u00e3e de Pacheco, Maria Alice Teixeira, faleceu aos 92 anos em Felgueiras; funeral marcado para quarta-feira, \u00e0s 16h00, na Igreja Paroquial de Moure. O Casa Pia publicou uma mensagem de apoio \u00e0 fam\u00edlia do treinador nas redes sociais.","og_url":"https:\/\/portaltela.pt\/noticias\/2026\/04\/07\/alvaro-pacheco-do-empate-com-o-benfica-ao-luto-pela-morte-da-mae\/","og_site_name":"Portal Tela Portugal","article_published_time":"2026-04-07T17:47:15+00:00","author":"Telinha","twitter_card":"summary_large_image","twitter_misc":{"Escrito por":"Telinha","Tempo estimado de leitura":"1 minuto"},"schema":{"@context":"https:\/\/schema.org","@graph":[{"@type":"Article","@id":"https:\/\/portaltela.pt\/noticias\/2026\/04\/07\/alvaro-pacheco-do-empate-com-o-benfica-ao-luto-pela-morte-da-mae\/#article","isPartOf":{"@id":"https:\/\/portaltela.pt\/noticias\/2026\/04\/07\/alvaro-pacheco-do-empate-com-o-benfica-ao-luto-pela-morte-da-mae\/"},"author":{"name":"Telinha","@id":"https:\/\/portaltela.pt\/#\/schema\/person\/c4278d4a6028830caff9ee44b42d32ed"},"headline":"\u00c1lvaro Pacheco: do empate com o Benfica ao luto pela morte da m\u00e3e","datePublished":"2026-04-07T17:47:15+00:00","mainEntityOfPage":{"@id":"https:\/\/portaltela.pt\/noticias\/2026\/04\/07\/alvaro-pacheco-do-empate-com-o-benfica-ao-luto-pela-morte-da-mae\/"},"wordCount":192,"image":{"@id":"https:\/\/portaltela.pt\/noticias\/2026\/04\/07\/alvaro-pacheco-do-empate-com-o-benfica-ao-luto-pela-morte-da-mae\/#primaryimage"},"thumbnailUrl":"https:\/\/portaltela.pt\/s.01k8rhncp4jt1\/2026\/04\/img_1500x1000uu2024-04-17-00-03-42-1630415.jpg","keywords":["1. Liga","Benfica","Casa Pia","desportos","futebol","Rio Maior"],"articleSection":["Desporto","Futebol"],"inLanguage":"pt-PT"},{"@type":"WebPage","@id":"https:\/\/portaltela.pt\/noticias\/2026\/04\/07\/alvaro-pacheco-do-empate-com-o-benfica-ao-luto-pela-morte-da-mae\/","url":"https:\/\/portaltela.pt\/noticias\/2026\/04\/07\/alvaro-pacheco-do-empate-com-o-benfica-ao-luto-pela-morte-da-mae\/","name":"\u00c1lvaro Pacheco: do empate com o Benfica ao luto pela morte da m\u00e3e - Portal Tela Portugal","isPartOf":{"@id":"https:\/\/portaltela.pt\/#website"},"primaryImageOfPage":{"@id":"https:\/\/portaltela.pt\/noticias\/2026\/04\/07\/alvaro-pacheco-do-empate-com-o-benfica-ao-luto-pela-morte-da-mae\/#primaryimage"},"image":{"@id":"https:\/\/portaltela.pt\/noticias\/2026\/04\/07\/alvaro-pacheco-do-empate-com-o-benfica-ao-luto-pela-morte-da-mae\/#primaryimage"},"thumbnailUrl":"https:\/\/portaltela.pt\/s.01k8rhncp4jt1\/2026\/04\/img_1500x1000uu2024-04-17-00-03-42-1630415.jpg","datePublished":"2026-04-07T17:47:15+00:00","author":{"@id":"https:\/\/portaltela.pt\/#\/schema\/person\/c4278d4a6028830caff9ee44b42d32ed"},"breadcrumb":{"@id":"https:\/\/portaltela.pt\/noticias\/2026\/04\/07\/alvaro-pacheco-do-empate-com-o-benfica-ao-luto-pela-morte-da-mae\/#breadcrumb"},"inLanguage":"pt-PT","potentialAction":[{"@type":"ReadAction","target":["https:\/\/portaltela.pt\/noticias\/2026\/04\/07\/alvaro-pacheco-do-empate-com-o-benfica-ao-luto-pela-morte-da-mae\/"]}]},{"@type":"ImageObject","inLanguage":"pt-PT","@id":"https:\/\/portaltela.pt\/noticias\/2026\/04\/07\/alvaro-pacheco-do-empate-com-o-benfica-ao-luto-pela-morte-da-mae\/#primaryimage","url":"https:\/\/portaltela.pt\/s.01k8rhncp4jt1\/2026\/04\/img_1500x1000uu2024-04-17-00-03-42-1630415.jpg","contentUrl":"https:\/\/portaltela.pt\/s.01k8rhncp4jt1\/2026\/04\/img_1500x1000uu2024-04-17-00-03-42-1630415.jpg","width":796,"height":448,"caption":"\u00c1lvaro Pacheco"},{"@type":"BreadcrumbList","@id":"https:\/\/portaltela.pt\/noticias\/2026\/04\/07\/alvaro-pacheco-do-empate-com-o-benfica-ao-luto-pela-morte-da-mae\/#breadcrumb","itemListElement":[{"@type":"ListItem","position":1,"name":"In\u00edcio","item":"https:\/\/portaltela.pt\/"},{"@type":"ListItem","position":2,"name":"\u00c1lvaro Pacheco: do empate com o Benfica ao luto pela morte da m\u00e3e"}]},{"@type":"WebSite","@id":"https:\/\/portaltela.pt\/#website","url":"https:\/\/portaltela.pt\/","name":"Portal Tela Portugal","description":"","potentialAction":[{"@type":"SearchAction","target":{"@type":"EntryPoint","urlTemplate":"https:\/\/portaltela.pt\/?s={search_term_string}"},"query-input":{"@type":"PropertyValueSpecification","valueRequired":true,"valueName":"search_term_string"}}],"inLanguage":"pt-PT"},{"@type":"Person","@id":"https:\/\/portaltela.pt\/#\/schema\/person\/c4278d4a6028830caff9ee44b42d32ed","name":"Telinha","image":{"@type":"ImageObject","inLanguage":"pt-PT","@id":"https:\/\/portaltela.pt\/s.01k8rhncp4jt1\/2025\/11\/talking-bot-125x125.png","url":"https:\/\/portaltela.pt\/s.01k8rhncp4jt1\/2025\/11\/talking-bot-125x125.png","contentUrl":"https:\/\/portaltela.pt\/s.01k8rhncp4jt1\/2025\/11\/talking-bot-125x125.png","caption":"Telinha"},"sameAs":["https:\/\/portaltela.pt\/"],"url":"https:\/\/portaltela.pt\/por\/367410592786\/"}]}},"_links":{"self":[{"href":"https:\/\/portaltela.pt\/api\/wp\/v2\/posts\/435766","targetHints":{"allow":["GET"]}}],"collection":[{"href":"https:\/\/portaltela.pt\/api\/wp\/v2\/posts"}],"about":[{"href":"https:\/\/portaltela.pt\/api\/wp\/v2\/types\/post"}],"author":[{"embeddable":true,"href":"https:\/\/portaltela.pt\/api\/wp\/v2\/users\/2"}],"replies":[{"embeddable":true,"href":"https:\/\/portaltela.pt\/api\/wp\/v2\/comments?post=435766"}],"version-history":[{"count":0,"href":"https:\/\/portaltela.pt\/api\/wp\/v2\/posts\/435766\/revisions"}],"wp:featuredmedia":[{"embeddable":true,"href":"https:\/\/portaltela.pt\/api\/wp\/v2\/media\/435767"}],"wp:attachment":[{"href":"https:\/\/portaltela.pt\/api\/wp\/v2\/media?parent=435766"}],"wp:term":[{"taxonomy":"category","embeddable":true,"href":"https:\/\/portaltela.pt\/api\/wp\/v2\/categories?post=435766"},{"taxonomy":"post_tag","embeddable":true,"href":"https:\/\/portaltela.pt\/api\/wp\/v2\/tags?post=435766"}],"curies":[{"name":"wp","href":"https:\/\/api.w.org\/{rel}","templated":true}]}}