{"id":435748,"date":"2026-04-07T14:47:04","date_gmt":"2026-04-07T17:47:04","guid":{"rendered":"https:\/\/portaltela.pt\/noticias\/2026\/04\/07\/comitiva-do-arsenal-parte-para-alvalade-apos-incidente-com-gyokeres\/"},"modified":"2026-04-07T14:47:04","modified_gmt":"2026-04-07T17:47:04","slug":"comitiva-do-arsenal-parte-para-alvalade-apos-incidente-com-gyokeres","status":"publish","type":"post","link":"https:\/\/portaltela.pt\/desporto\/futebol\/2026\/04\/07\/comitiva-do-arsenal-parte-para-alvalade-apos-incidente-com-gyokeres\/","title":{"rendered":"Comitiva do Arsenal parte para Alvalade ap\u00f3s incidente com Gy\u00f6keres"},"content":{"rendered":"<p>O Arsenal desloca-se esta noite a Lisboa para defrontar o Sporting na primeira m\u00e3o dos quartos de final da Liga dos Campe\u00f5es. A comitiva viaja ao Est\u00e1dio Jos\u00e9 Alvalade, onde a partida est\u00e1 marcada para as 20h. O objetivo \u00e9 alcan\u00e7ar vantagem para o jogo de retorno.<\/p>\n<p>Entre a comitiva, Viktor Gy\u00f6keres, agora atacante do Arsenal, esteve presente na sa\u00edda do hotel em Lisboa. Empresas de seguran\u00e7a localizaram o jogador junto \u00e0 entrada, enquanto f\u00e3s aguardavam na chuva para o ver de perto. Gy\u00f6keres sorriu e seguiu rapidamente para o autocarro.<\/p>\n<p>A sa\u00edda da comitiva ocorreu sem mais incidentes relevantes, mantendo o tom profissional esperado para uma desloca\u00e7\u00e3o de equipa portuguesa de elite para um jogo europeu.<\/p>\n<h3>Incidente na sa\u00edda do hotel<\/h3>\n<p>Durante a passagem dos elementos da comitiva, o treinador Mikel Arteta perdeu o equil\u00edbrio \u00e0 sa\u00edda do hotel e quase caiu, o que gerou rea\u00e7\u00e3o entre alguns presentes, mas o selou rapidamente sem consequ\u00eancias para o planeamento do jogo.<\/p>\n<p>A partida colocar\u00e1 frente a frente o Arsenal, atual campe\u00e3o europeu em busca de manter o percurso na competi\u00e7\u00e3o, e o Sporting, anfitri\u00e3o do encontro. O resultado pode influenciar a din\u00e2mica da eliminat\u00f3ria que se seguir\u00e1.<\/p>\n","protected":false},"excerpt":{"rendered":"<ul>\n<li>A comitiva do Arsenal deixou o hotel em Lisboa com destino ao Est\u00e1dio Jos\u00e9 Alvalade, onde enfrenta o Sporting na primeira m\u00e3o dos quartos de final da Liga dos Campe\u00f5es.<\/li>\n<li>No exterior do hotel, dezenas de f\u00e3s aplaudiram sob chuva para ver Viktor Gy\u00f6keres, que est\u00e1 agora ao servi\u00e7o do Arsenal.<\/li>\n<li>Gy\u00f6keres sorriu e seguiu rapidamente para o interior do autocarro, junto da comitiva.<\/li>\n<li>Saindo da unidade hoteleira, o treinador Mikel Arteta escorregou \u00e0 sa\u00edda e quase caiu.<\/li>\n<li>A partida entre Sporting e Arsenal est\u00e1 marcada para as 20h de hoje.<\/li>\n<\/ul>\n","protected":false},"author":2,"featured_media":435751,"comment_status":"closed","ping_status":"closed","sticky":false,"template":"","format":"standard","meta":{"footnotes":""},"categories":[21,24],"tags":[1588,3577,32,6487,981,1652],"class_list":["post-435748","post","type-post","status-publish","format-standard","has-post-thumbnail","hentry","category-desporto","category-futebol","tag-alvalade","tag-champions-league","tag-futebol","tag-gyokeres","tag-lisboa","tag-sporting"],"yoast_head":"<!-- This site is optimized with the Yoast SEO plugin v27.2 - https:\/\/yoast.com\/product\/yoast-seo-wordpress\/ -->\n<title>Comitiva do Arsenal parte para Alvalade ap\u00f3s incidente com Gy\u00f6keres - Portal Tela Portugal<\/title>\n<meta name=\"robots\" content=\"index, follow, max-snippet:-1, max-image-preview:large, max-video-preview:-1\" \/>\n<meta property=\"og:locale\" content=\"pt_PT\" \/>\n<meta property=\"og:type\" content=\"article\" \/>\n<meta property=\"og:title\" content=\"Comitiva do Arsenal parte para Alvalade ap\u00f3s incidente com Gy\u00f6keres - Portal Tela Portugal\" \/>\n<meta property=\"og:description\" content=\"A comitiva do Arsenal deixou o hotel em Lisboa com destino ao Est\u00e1dio Jos\u00e9 Alvalade, onde enfrenta o Sporting na primeira m\u00e3o dos quartos de final da Liga dos Campe\u00f5es. No exterior do hotel, dezenas de f\u00e3s aplaudiram sob chuva para ver Viktor Gy\u00f6keres, que est\u00e1 agora ao servi\u00e7o do Arsenal. Gy\u00f6keres sorriu e seguiu rapidamente para o interior do autocarro, junto da comitiva. Saindo da unidade hoteleira, o treinador Mikel Arteta escorregou \u00e0 sa\u00edda e quase caiu. A partida entre Sporting e Arsenal est\u00e1 marcada para as 20h de hoje.\" \/>\n<meta property=\"og:url\" content=\"https:\/\/portaltela.pt\/noticias\/2026\/04\/07\/comitiva-do-arsenal-parte-para-alvalade-apos-incidente-com-gyokeres\/\" \/>\n<meta property=\"og:site_name\" content=\"Portal Tela Portugal\" \/>\n<meta property=\"article:published_time\" content=\"2026-04-07T17:47:04+00:00\" \/>\n<meta name=\"author\" content=\"Telinha\" \/>\n<meta name=\"twitter:card\" content=\"summary_large_image\" \/>\n<meta name=\"twitter:label1\" content=\"Escrito por\" \/>\n\t<meta name=\"twitter:data1\" content=\"Telinha\" \/>\n\t<meta name=\"twitter:label2\" content=\"Tempo estimado de leitura\" \/>\n\t<meta name=\"twitter:data2\" content=\"1 minuto\" \/>\n<script type=\"application\/ld+json\" class=\"yoast-schema-graph\">{\"@context\":\"https:\/\/schema.org\",\"@graph\":[{\"@type\":\"Article\",\"@id\":\"https:\/\/portaltela.pt\/noticias\/2026\/04\/07\/comitiva-do-arsenal-parte-para-alvalade-apos-incidente-com-gyokeres\/#article\",\"isPartOf\":{\"@id\":\"https:\/\/portaltela.pt\/noticias\/2026\/04\/07\/comitiva-do-arsenal-parte-para-alvalade-apos-incidente-com-gyokeres\/\"},\"author\":{\"name\":\"Telinha\",\"@id\":\"https:\/\/portaltela.pt\/#\/schema\/person\/c4278d4a6028830caff9ee44b42d32ed\"},\"headline\":\"Comitiva do Arsenal parte para Alvalade ap\u00f3s incidente com Gy\u00f6keres\",\"datePublished\":\"2026-04-07T17:47:04+00:00\",\"mainEntityOfPage\":{\"@id\":\"https:\/\/portaltela.pt\/noticias\/2026\/04\/07\/comitiva-do-arsenal-parte-para-alvalade-apos-incidente-com-gyokeres\/\"},\"wordCount\":227,\"image\":{\"@id\":\"https:\/\/portaltela.pt\/noticias\/2026\/04\/07\/comitiva-do-arsenal-parte-para-alvalade-apos-incidente-com-gyokeres\/#primaryimage\"},\"thumbnailUrl\":\"https:\/\/portaltela.pt\/s.01k8rhncp4jt1\/2026\/04\/img_1200x721uu2026-04-07-18-36-39-2431622.jpg\",\"keywords\":[\"Alvalade\",\"Champions League\",\"futebol\",\"Gy\u00f6keres\",\"Lisboa\",\"Sporting\"],\"articleSection\":[\"Desporto\",\"Futebol\"],\"inLanguage\":\"pt-PT\"},{\"@type\":\"WebPage\",\"@id\":\"https:\/\/portaltela.pt\/noticias\/2026\/04\/07\/comitiva-do-arsenal-parte-para-alvalade-apos-incidente-com-gyokeres\/\",\"url\":\"https:\/\/portaltela.pt\/noticias\/2026\/04\/07\/comitiva-do-arsenal-parte-para-alvalade-apos-incidente-com-gyokeres\/\",\"name\":\"Comitiva do Arsenal parte para Alvalade ap\u00f3s incidente com Gy\u00f6keres - Portal Tela Portugal\",\"isPartOf\":{\"@id\":\"https:\/\/portaltela.pt\/#website\"},\"primaryImageOfPage\":{\"@id\":\"https:\/\/portaltela.pt\/noticias\/2026\/04\/07\/comitiva-do-arsenal-parte-para-alvalade-apos-incidente-com-gyokeres\/#primaryimage\"},\"image\":{\"@id\":\"https:\/\/portaltela.pt\/noticias\/2026\/04\/07\/comitiva-do-arsenal-parte-para-alvalade-apos-incidente-com-gyokeres\/#primaryimage\"},\"thumbnailUrl\":\"https:\/\/portaltela.pt\/s.01k8rhncp4jt1\/2026\/04\/img_1200x721uu2026-04-07-18-36-39-2431622.jpg\",\"datePublished\":\"2026-04-07T17:47:04+00:00\",\"author\":{\"@id\":\"https:\/\/portaltela.pt\/#\/schema\/person\/c4278d4a6028830caff9ee44b42d32ed\"},\"breadcrumb\":{\"@id\":\"https:\/\/portaltela.pt\/noticias\/2026\/04\/07\/comitiva-do-arsenal-parte-para-alvalade-apos-incidente-com-gyokeres\/#breadcrumb\"},\"inLanguage\":\"pt-PT\",\"potentialAction\":[{\"@type\":\"ReadAction\",\"target\":[\"https:\/\/portaltela.pt\/noticias\/2026\/04\/07\/comitiva-do-arsenal-parte-para-alvalade-apos-incidente-com-gyokeres\/\"]}]},{\"@type\":\"ImageObject\",\"inLanguage\":\"pt-PT\",\"@id\":\"https:\/\/portaltela.pt\/noticias\/2026\/04\/07\/comitiva-do-arsenal-parte-para-alvalade-apos-incidente-com-gyokeres\/#primaryimage\",\"url\":\"https:\/\/portaltela.pt\/s.01k8rhncp4jt1\/2026\/04\/img_1200x721uu2026-04-07-18-36-39-2431622.jpg\",\"contentUrl\":\"https:\/\/portaltela.pt\/s.01k8rhncp4jt1\/2026\/04\/img_1200x721uu2026-04-07-18-36-39-2431622.jpg\",\"width\":796,\"height\":448,\"caption\":\"Gunners defrontam esta noite (20 horas) o Sporting na primeira m\u00e3o dos 'quartos' da Liga dos Campe\u00f5es\"},{\"@type\":\"BreadcrumbList\",\"@id\":\"https:\/\/portaltela.pt\/noticias\/2026\/04\/07\/comitiva-do-arsenal-parte-para-alvalade-apos-incidente-com-gyokeres\/#breadcrumb\",\"itemListElement\":[{\"@type\":\"ListItem\",\"position\":1,\"name\":\"In\u00edcio\",\"item\":\"https:\/\/portaltela.pt\/\"},{\"@type\":\"ListItem\",\"position\":2,\"name\":\"Comitiva do Arsenal parte para Alvalade ap\u00f3s incidente com Gy\u00f6keres\"}]},{\"@type\":\"WebSite\",\"@id\":\"https:\/\/portaltela.pt\/#website\",\"url\":\"https:\/\/portaltela.pt\/\",\"name\":\"Portal Tela Portugal\",\"description\":\"\",\"potentialAction\":[{\"@type\":\"SearchAction\",\"target\":{\"@type\":\"EntryPoint\",\"urlTemplate\":\"https:\/\/portaltela.pt\/?s={search_term_string}\"},\"query-input\":{\"@type\":\"PropertyValueSpecification\",\"valueRequired\":true,\"valueName\":\"search_term_string\"}}],\"inLanguage\":\"pt-PT\"},{\"@type\":\"Person\",\"@id\":\"https:\/\/portaltela.pt\/#\/schema\/person\/c4278d4a6028830caff9ee44b42d32ed\",\"name\":\"Telinha\",\"image\":{\"@type\":\"ImageObject\",\"inLanguage\":\"pt-PT\",\"@id\":\"https:\/\/portaltela.pt\/s.01k8rhncp4jt1\/2025\/11\/talking-bot-125x125.png\",\"url\":\"https:\/\/portaltela.pt\/s.01k8rhncp4jt1\/2025\/11\/talking-bot-125x125.png\",\"contentUrl\":\"https:\/\/portaltela.pt\/s.01k8rhncp4jt1\/2025\/11\/talking-bot-125x125.png\",\"caption\":\"Telinha\"},\"sameAs\":[\"https:\/\/portaltela.pt\/\"],\"url\":\"https:\/\/portaltela.pt\/por\/367410592786\/\"}]}<\/script>\n<!-- \/ Yoast SEO plugin. -->","yoast_head_json":{"title":"Comitiva do Arsenal parte para Alvalade ap\u00f3s incidente com Gy\u00f6keres - Portal Tela Portugal","robots":{"index":"index","follow":"follow","max-snippet":"max-snippet:-1","max-image-preview":"max-image-preview:large","max-video-preview":"max-video-preview:-1"},"og_locale":"pt_PT","og_type":"article","og_title":"Comitiva do Arsenal parte para Alvalade ap\u00f3s incidente com Gy\u00f6keres - Portal Tela Portugal","og_description":"A comitiva do Arsenal deixou o hotel em Lisboa com destino ao Est\u00e1dio Jos\u00e9 Alvalade, onde enfrenta o Sporting na primeira m\u00e3o dos quartos de final da Liga dos Campe\u00f5es. No exterior do hotel, dezenas de f\u00e3s aplaudiram sob chuva para ver Viktor Gy\u00f6keres, que est\u00e1 agora ao servi\u00e7o do Arsenal. Gy\u00f6keres sorriu e seguiu rapidamente para o interior do autocarro, junto da comitiva. Saindo da unidade hoteleira, o treinador Mikel Arteta escorregou \u00e0 sa\u00edda e quase caiu. A partida entre Sporting e Arsenal est\u00e1 marcada para as 20h de hoje.","og_url":"https:\/\/portaltela.pt\/noticias\/2026\/04\/07\/comitiva-do-arsenal-parte-para-alvalade-apos-incidente-com-gyokeres\/","og_site_name":"Portal Tela Portugal","article_published_time":"2026-04-07T17:47:04+00:00","author":"Telinha","twitter_card":"summary_large_image","twitter_misc":{"Escrito por":"Telinha","Tempo estimado de leitura":"1 minuto"},"schema":{"@context":"https:\/\/schema.org","@graph":[{"@type":"Article","@id":"https:\/\/portaltela.pt\/noticias\/2026\/04\/07\/comitiva-do-arsenal-parte-para-alvalade-apos-incidente-com-gyokeres\/#article","isPartOf":{"@id":"https:\/\/portaltela.pt\/noticias\/2026\/04\/07\/comitiva-do-arsenal-parte-para-alvalade-apos-incidente-com-gyokeres\/"},"author":{"name":"Telinha","@id":"https:\/\/portaltela.pt\/#\/schema\/person\/c4278d4a6028830caff9ee44b42d32ed"},"headline":"Comitiva do Arsenal parte para Alvalade ap\u00f3s incidente com Gy\u00f6keres","datePublished":"2026-04-07T17:47:04+00:00","mainEntityOfPage":{"@id":"https:\/\/portaltela.pt\/noticias\/2026\/04\/07\/comitiva-do-arsenal-parte-para-alvalade-apos-incidente-com-gyokeres\/"},"wordCount":227,"image":{"@id":"https:\/\/portaltela.pt\/noticias\/2026\/04\/07\/comitiva-do-arsenal-parte-para-alvalade-apos-incidente-com-gyokeres\/#primaryimage"},"thumbnailUrl":"https:\/\/portaltela.pt\/s.01k8rhncp4jt1\/2026\/04\/img_1200x721uu2026-04-07-18-36-39-2431622.jpg","keywords":["Alvalade","Champions League","futebol","Gy\u00f6keres","Lisboa","Sporting"],"articleSection":["Desporto","Futebol"],"inLanguage":"pt-PT"},{"@type":"WebPage","@id":"https:\/\/portaltela.pt\/noticias\/2026\/04\/07\/comitiva-do-arsenal-parte-para-alvalade-apos-incidente-com-gyokeres\/","url":"https:\/\/portaltela.pt\/noticias\/2026\/04\/07\/comitiva-do-arsenal-parte-para-alvalade-apos-incidente-com-gyokeres\/","name":"Comitiva do Arsenal parte para Alvalade ap\u00f3s incidente com Gy\u00f6keres - Portal Tela Portugal","isPartOf":{"@id":"https:\/\/portaltela.pt\/#website"},"primaryImageOfPage":{"@id":"https:\/\/portaltela.pt\/noticias\/2026\/04\/07\/comitiva-do-arsenal-parte-para-alvalade-apos-incidente-com-gyokeres\/#primaryimage"},"image":{"@id":"https:\/\/portaltela.pt\/noticias\/2026\/04\/07\/comitiva-do-arsenal-parte-para-alvalade-apos-incidente-com-gyokeres\/#primaryimage"},"thumbnailUrl":"https:\/\/portaltela.pt\/s.01k8rhncp4jt1\/2026\/04\/img_1200x721uu2026-04-07-18-36-39-2431622.jpg","datePublished":"2026-04-07T17:47:04+00:00","author":{"@id":"https:\/\/portaltela.pt\/#\/schema\/person\/c4278d4a6028830caff9ee44b42d32ed"},"breadcrumb":{"@id":"https:\/\/portaltela.pt\/noticias\/2026\/04\/07\/comitiva-do-arsenal-parte-para-alvalade-apos-incidente-com-gyokeres\/#breadcrumb"},"inLanguage":"pt-PT","potentialAction":[{"@type":"ReadAction","target":["https:\/\/portaltela.pt\/noticias\/2026\/04\/07\/comitiva-do-arsenal-parte-para-alvalade-apos-incidente-com-gyokeres\/"]}]},{"@type":"ImageObject","inLanguage":"pt-PT","@id":"https:\/\/portaltela.pt\/noticias\/2026\/04\/07\/comitiva-do-arsenal-parte-para-alvalade-apos-incidente-com-gyokeres\/#primaryimage","url":"https:\/\/portaltela.pt\/s.01k8rhncp4jt1\/2026\/04\/img_1200x721uu2026-04-07-18-36-39-2431622.jpg","contentUrl":"https:\/\/portaltela.pt\/s.01k8rhncp4jt1\/2026\/04\/img_1200x721uu2026-04-07-18-36-39-2431622.jpg","width":796,"height":448,"caption":"Gunners defrontam esta noite (20 horas) o Sporting na primeira m\u00e3o dos 'quartos' da Liga dos Campe\u00f5es"},{"@type":"BreadcrumbList","@id":"https:\/\/portaltela.pt\/noticias\/2026\/04\/07\/comitiva-do-arsenal-parte-para-alvalade-apos-incidente-com-gyokeres\/#breadcrumb","itemListElement":[{"@type":"ListItem","position":1,"name":"In\u00edcio","item":"https:\/\/portaltela.pt\/"},{"@type":"ListItem","position":2,"name":"Comitiva do Arsenal parte para Alvalade ap\u00f3s incidente com Gy\u00f6keres"}]},{"@type":"WebSite","@id":"https:\/\/portaltela.pt\/#website","url":"https:\/\/portaltela.pt\/","name":"Portal Tela Portugal","description":"","potentialAction":[{"@type":"SearchAction","target":{"@type":"EntryPoint","urlTemplate":"https:\/\/portaltela.pt\/?s={search_term_string}"},"query-input":{"@type":"PropertyValueSpecification","valueRequired":true,"valueName":"search_term_string"}}],"inLanguage":"pt-PT"},{"@type":"Person","@id":"https:\/\/portaltela.pt\/#\/schema\/person\/c4278d4a6028830caff9ee44b42d32ed","name":"Telinha","image":{"@type":"ImageObject","inLanguage":"pt-PT","@id":"https:\/\/portaltela.pt\/s.01k8rhncp4jt1\/2025\/11\/talking-bot-125x125.png","url":"https:\/\/portaltela.pt\/s.01k8rhncp4jt1\/2025\/11\/talking-bot-125x125.png","contentUrl":"https:\/\/portaltela.pt\/s.01k8rhncp4jt1\/2025\/11\/talking-bot-125x125.png","caption":"Telinha"},"sameAs":["https:\/\/portaltela.pt\/"],"url":"https:\/\/portaltela.pt\/por\/367410592786\/"}]}},"_links":{"self":[{"href":"https:\/\/portaltela.pt\/api\/wp\/v2\/posts\/435748","targetHints":{"allow":["GET"]}}],"collection":[{"href":"https:\/\/portaltela.pt\/api\/wp\/v2\/posts"}],"about":[{"href":"https:\/\/portaltela.pt\/api\/wp\/v2\/types\/post"}],"author":[{"embeddable":true,"href":"https:\/\/portaltela.pt\/api\/wp\/v2\/users\/2"}],"replies":[{"embeddable":true,"href":"https:\/\/portaltela.pt\/api\/wp\/v2\/comments?post=435748"}],"version-history":[{"count":0,"href":"https:\/\/portaltela.pt\/api\/wp\/v2\/posts\/435748\/revisions"}],"wp:featuredmedia":[{"embeddable":true,"href":"https:\/\/portaltela.pt\/api\/wp\/v2\/media\/435751"}],"wp:attachment":[{"href":"https:\/\/portaltela.pt\/api\/wp\/v2\/media?parent=435748"}],"wp:term":[{"taxonomy":"category","embeddable":true,"href":"https:\/\/portaltela.pt\/api\/wp\/v2\/categories?post=435748"},{"taxonomy":"post_tag","embeddable":true,"href":"https:\/\/portaltela.pt\/api\/wp\/v2\/tags?post=435748"}],"curies":[{"name":"wp","href":"https:\/\/api.w.org\/{rel}","templated":true}]}}