{"id":435730,"date":"2026-04-07T14:32:34","date_gmt":"2026-04-07T17:32:34","guid":{"rendered":"https:\/\/portaltela.pt\/noticias\/2026\/04\/07\/tribunal-espanhol-mantem-penas-a-casal-homicida-portugues\/"},"modified":"2026-04-07T14:32:34","modified_gmt":"2026-04-07T17:32:34","slug":"tribunal-espanhol-mantem-penas-a-casal-homicida-portugues","status":"publish","type":"post","link":"https:\/\/portaltela.pt\/justica\/2026\/04\/07\/tribunal-espanhol-mantem-penas-a-casal-homicida-portugues\/","title":{"rendered":"Tribunal espanhol mant\u00e9m penas a casal homicida portugu\u00eas"},"content":{"rendered":"<p>O Tribunal Superior de Justi\u00e7a de Castela e Le\u00e3o manteve as penas de 22 e 17 anos de pris\u00e3o aplicadas a um casal de portugueses, condenado pelo homic\u00eddio de Jaime G., um cidad\u00e3o portugu\u00eas que vivia em situa\u00e7\u00e3o de sem-abrigo na regi\u00e3o de Zamora. A decis\u00e3o foi proferida na cidade de Burgos, na ter\u00e7a-feira, ap\u00f3s recurso do casal contra a senten\u00e7a de primeira inst\u00e2ncia.<\/p>\n<p>Os arguidos, Ana Cristina e Ant\u00f3nio, est\u00e3o em pris\u00e3o preventiva desde dezembro de 2019, altura em que o crime ocorreu. O tribunal local rejeitou os argumentos apresentados na apela\u00e7\u00e3o, mantendo as penas iniciais.<\/p>\n<p>A pena mais elevada recai sobre Ana Cristina, cuja participa\u00e7\u00e3o foi considerada determinante para a continuidade dos crimes, alegadamente por ter aproveitado a cotitularidade da conta da v\u00edtima para continuar a beneficiar-se da reforma ap\u00f3s o homic\u00eddio.<\/p>\n<h3>Decis\u00e3o mantida pelo tribunal<\/h3>\n<p>Jaime G. vivia como sem-abrigo numa localidade da Galiza. O homic\u00eddio ter\u00e1 sido motivado por quest\u00f5es econ\u00f3micas, com o casal a sufocar a v\u00edtima com um saco e a deitar o corpo num lago da regi\u00e3o de Zamora. O caso ganhou notoriedade pela utiliza\u00e7\u00e3o de informa\u00e7\u00f5es financeiras da v\u00edtima para obter benef\u00edcios econ\u00f3micos, segundo a informa\u00e7\u00e3o j\u00e1 conhecida.<\/p>\n","protected":false},"excerpt":{"rendered":"<ul>\n<li>O Tribunal Superior de Justi\u00e7a de Castela e Le\u00e3o, com sede em Burgos, manteve as penas de 22 e 17 anos de pris\u00e3o para o casal portugu\u00eas Ana Cristina e Ant\u00f3nio, condenados pela morte de Jaime G.<\/li>\n<li>Os arguidos, em pris\u00e3o preventiva desde dezembro de 2019, j\u00e1 tinham recorrido da primeira decis\u00e3o de novembro passado, mas o recurso foi rejeitado.<\/li>\n<li>Ana Cristina foi a principal visada do ac\u00f3rd\u00e3o, ligada ao crime por ser cotitular da conta da v\u00edtima e ter continuado a extrair a reforma ap\u00f3s o homic\u00eddio.<\/li>\n<li>Jaime G., aposentado de Chaves, vivia como sem-abrigo numa localidade da Galiza; o casal sufocou-o com um saco e atirou o corpo para um lago na regi\u00e3o de Zamora.<\/li>\n<li>A decis\u00e3o foi tomada pelo tribunal superior de justi\u00e7a de Castela e Le\u00e3o, na cidade de Burgos.<\/li>\n<\/ul>\n","protected":false},"author":2,"featured_media":435731,"comment_status":"closed","ping_status":"closed","sticky":false,"template":"","format":"standard","meta":{"footnotes":""},"categories":[6907,6815],"tags":[147,4780,2189,1345,1014],"class_list":["post-435730","post","type-post","status-publish","format-standard","has-post-thumbnail","hentry","category-crime","category-justica","tag-crime","tag-crime-economico","tag-espana","tag-homicidio","tag-portugal"],"yoast_head":"<!-- This site is optimized with the Yoast SEO plugin v27.2 - https:\/\/yoast.com\/product\/yoast-seo-wordpress\/ -->\n<title>Tribunal espanhol mant\u00e9m penas a casal homicida portugu\u00eas - Portal Tela Portugal<\/title>\n<meta name=\"robots\" content=\"index, follow, max-snippet:-1, max-image-preview:large, max-video-preview:-1\" \/>\n<meta property=\"og:locale\" content=\"pt_PT\" \/>\n<meta property=\"og:type\" content=\"article\" \/>\n<meta property=\"og:title\" content=\"Tribunal espanhol mant\u00e9m penas a casal homicida portugu\u00eas - Portal Tela Portugal\" \/>\n<meta property=\"og:description\" content=\"O Tribunal Superior de Justi\u00e7a de Castela e Le\u00e3o, com sede em Burgos, manteve as penas de 22 e 17 anos de pris\u00e3o para o casal portugu\u00eas Ana Cristina e Ant\u00f3nio, condenados pela morte de Jaime G. Os arguidos, em pris\u00e3o preventiva desde dezembro de 2019, j\u00e1 tinham recorrido da primeira decis\u00e3o de novembro passado, mas o recurso foi rejeitado. Ana Cristina foi a principal visada do ac\u00f3rd\u00e3o, ligada ao crime por ser cotitular da conta da v\u00edtima e ter continuado a extrair a reforma ap\u00f3s o homic\u00eddio. Jaime G., aposentado de Chaves, vivia como sem-abrigo numa localidade da Galiza; o casal sufocou-o com um saco e atirou o corpo para um lago na regi\u00e3o de Zamora. A decis\u00e3o foi tomada pelo tribunal superior de justi\u00e7a de Castela e Le\u00e3o, na cidade de Burgos.\" \/>\n<meta property=\"og:url\" content=\"https:\/\/portaltela.pt\/noticias\/2026\/04\/07\/tribunal-espanhol-mantem-penas-a-casal-homicida-portugues\/\" \/>\n<meta property=\"og:site_name\" content=\"Portal Tela Portugal\" \/>\n<meta property=\"article:published_time\" content=\"2026-04-07T17:32:34+00:00\" \/>\n<meta name=\"author\" content=\"Telinha\" \/>\n<meta name=\"twitter:card\" content=\"summary_large_image\" \/>\n<meta name=\"twitter:label1\" content=\"Escrito por\" \/>\n\t<meta name=\"twitter:data1\" content=\"Telinha\" \/>\n\t<meta name=\"twitter:label2\" content=\"Tempo estimado de leitura\" \/>\n\t<meta name=\"twitter:data2\" content=\"1 minuto\" \/>\n<script type=\"application\/ld+json\" class=\"yoast-schema-graph\">{\"@context\":\"https:\/\/schema.org\",\"@graph\":[{\"@type\":\"Article\",\"@id\":\"https:\/\/portaltela.pt\/noticias\/2026\/04\/07\/tribunal-espanhol-mantem-penas-a-casal-homicida-portugues\/#article\",\"isPartOf\":{\"@id\":\"https:\/\/portaltela.pt\/noticias\/2026\/04\/07\/tribunal-espanhol-mantem-penas-a-casal-homicida-portugues\/\"},\"author\":{\"name\":\"Telinha\",\"@id\":\"https:\/\/portaltela.pt\/#\/schema\/person\/c4278d4a6028830caff9ee44b42d32ed\"},\"headline\":\"Tribunal espanhol mant\u00e9m penas a casal homicida portugu\u00eas\",\"datePublished\":\"2026-04-07T17:32:34+00:00\",\"mainEntityOfPage\":{\"@id\":\"https:\/\/portaltela.pt\/noticias\/2026\/04\/07\/tribunal-espanhol-mantem-penas-a-casal-homicida-portugues\/\"},\"wordCount\":236,\"image\":{\"@id\":\"https:\/\/portaltela.pt\/noticias\/2026\/04\/07\/tribunal-espanhol-mantem-penas-a-casal-homicida-portugues\/#primaryimage\"},\"thumbnailUrl\":\"https:\/\/portaltela.pt\/s.01k8rhncp4jt1\/2026\/04\/img_1280x721uu2026-04-07-18-01-43-2277104.jpg\",\"keywords\":[\"crime\",\"crime econ\u00f3mico\",\"Espa\u00f1a\",\"homic\u00eddio\",\"Portugal\"],\"articleSection\":[\"Crime\",\"Justi\u00e7a\"],\"inLanguage\":\"pt-PT\"},{\"@type\":\"WebPage\",\"@id\":\"https:\/\/portaltela.pt\/noticias\/2026\/04\/07\/tribunal-espanhol-mantem-penas-a-casal-homicida-portugues\/\",\"url\":\"https:\/\/portaltela.pt\/noticias\/2026\/04\/07\/tribunal-espanhol-mantem-penas-a-casal-homicida-portugues\/\",\"name\":\"Tribunal espanhol mant\u00e9m penas a casal homicida portugu\u00eas - Portal Tela Portugal\",\"isPartOf\":{\"@id\":\"https:\/\/portaltela.pt\/#website\"},\"primaryImageOfPage\":{\"@id\":\"https:\/\/portaltela.pt\/noticias\/2026\/04\/07\/tribunal-espanhol-mantem-penas-a-casal-homicida-portugues\/#primaryimage\"},\"image\":{\"@id\":\"https:\/\/portaltela.pt\/noticias\/2026\/04\/07\/tribunal-espanhol-mantem-penas-a-casal-homicida-portugues\/#primaryimage\"},\"thumbnailUrl\":\"https:\/\/portaltela.pt\/s.01k8rhncp4jt1\/2026\/04\/img_1280x721uu2026-04-07-18-01-43-2277104.jpg\",\"datePublished\":\"2026-04-07T17:32:34+00:00\",\"author\":{\"@id\":\"https:\/\/portaltela.pt\/#\/schema\/person\/c4278d4a6028830caff9ee44b42d32ed\"},\"breadcrumb\":{\"@id\":\"https:\/\/portaltela.pt\/noticias\/2026\/04\/07\/tribunal-espanhol-mantem-penas-a-casal-homicida-portugues\/#breadcrumb\"},\"inLanguage\":\"pt-PT\",\"potentialAction\":[{\"@type\":\"ReadAction\",\"target\":[\"https:\/\/portaltela.pt\/noticias\/2026\/04\/07\/tribunal-espanhol-mantem-penas-a-casal-homicida-portugues\/\"]}]},{\"@type\":\"ImageObject\",\"inLanguage\":\"pt-PT\",\"@id\":\"https:\/\/portaltela.pt\/noticias\/2026\/04\/07\/tribunal-espanhol-mantem-penas-a-casal-homicida-portugues\/#primaryimage\",\"url\":\"https:\/\/portaltela.pt\/s.01k8rhncp4jt1\/2026\/04\/img_1280x721uu2026-04-07-18-01-43-2277104.jpg\",\"contentUrl\":\"https:\/\/portaltela.pt\/s.01k8rhncp4jt1\/2026\/04\/img_1280x721uu2026-04-07-18-01-43-2277104.jpg\",\"width\":796,\"height\":448,\"caption\":\"Photo\"},{\"@type\":\"BreadcrumbList\",\"@id\":\"https:\/\/portaltela.pt\/noticias\/2026\/04\/07\/tribunal-espanhol-mantem-penas-a-casal-homicida-portugues\/#breadcrumb\",\"itemListElement\":[{\"@type\":\"ListItem\",\"position\":1,\"name\":\"In\u00edcio\",\"item\":\"https:\/\/portaltela.pt\/\"},{\"@type\":\"ListItem\",\"position\":2,\"name\":\"Tribunal espanhol mant\u00e9m penas a casal homicida portugu\u00eas\"}]},{\"@type\":\"WebSite\",\"@id\":\"https:\/\/portaltela.pt\/#website\",\"url\":\"https:\/\/portaltela.pt\/\",\"name\":\"Portal Tela Portugal\",\"description\":\"\",\"potentialAction\":[{\"@type\":\"SearchAction\",\"target\":{\"@type\":\"EntryPoint\",\"urlTemplate\":\"https:\/\/portaltela.pt\/?s={search_term_string}\"},\"query-input\":{\"@type\":\"PropertyValueSpecification\",\"valueRequired\":true,\"valueName\":\"search_term_string\"}}],\"inLanguage\":\"pt-PT\"},{\"@type\":\"Person\",\"@id\":\"https:\/\/portaltela.pt\/#\/schema\/person\/c4278d4a6028830caff9ee44b42d32ed\",\"name\":\"Telinha\",\"image\":{\"@type\":\"ImageObject\",\"inLanguage\":\"pt-PT\",\"@id\":\"https:\/\/portaltela.pt\/s.01k8rhncp4jt1\/2025\/11\/talking-bot-125x125.png\",\"url\":\"https:\/\/portaltela.pt\/s.01k8rhncp4jt1\/2025\/11\/talking-bot-125x125.png\",\"contentUrl\":\"https:\/\/portaltela.pt\/s.01k8rhncp4jt1\/2025\/11\/talking-bot-125x125.png\",\"caption\":\"Telinha\"},\"sameAs\":[\"https:\/\/portaltela.pt\/\"],\"url\":\"https:\/\/portaltela.pt\/por\/367410592786\/\"}]}<\/script>\n<!-- \/ Yoast SEO plugin. -->","yoast_head_json":{"title":"Tribunal espanhol mant\u00e9m penas a casal homicida portugu\u00eas - Portal Tela Portugal","robots":{"index":"index","follow":"follow","max-snippet":"max-snippet:-1","max-image-preview":"max-image-preview:large","max-video-preview":"max-video-preview:-1"},"og_locale":"pt_PT","og_type":"article","og_title":"Tribunal espanhol mant\u00e9m penas a casal homicida portugu\u00eas - Portal Tela Portugal","og_description":"O Tribunal Superior de Justi\u00e7a de Castela e Le\u00e3o, com sede em Burgos, manteve as penas de 22 e 17 anos de pris\u00e3o para o casal portugu\u00eas Ana Cristina e Ant\u00f3nio, condenados pela morte de Jaime G. Os arguidos, em pris\u00e3o preventiva desde dezembro de 2019, j\u00e1 tinham recorrido da primeira decis\u00e3o de novembro passado, mas o recurso foi rejeitado. Ana Cristina foi a principal visada do ac\u00f3rd\u00e3o, ligada ao crime por ser cotitular da conta da v\u00edtima e ter continuado a extrair a reforma ap\u00f3s o homic\u00eddio. Jaime G., aposentado de Chaves, vivia como sem-abrigo numa localidade da Galiza; o casal sufocou-o com um saco e atirou o corpo para um lago na regi\u00e3o de Zamora. A decis\u00e3o foi tomada pelo tribunal superior de justi\u00e7a de Castela e Le\u00e3o, na cidade de Burgos.","og_url":"https:\/\/portaltela.pt\/noticias\/2026\/04\/07\/tribunal-espanhol-mantem-penas-a-casal-homicida-portugues\/","og_site_name":"Portal Tela Portugal","article_published_time":"2026-04-07T17:32:34+00:00","author":"Telinha","twitter_card":"summary_large_image","twitter_misc":{"Escrito por":"Telinha","Tempo estimado de leitura":"1 minuto"},"schema":{"@context":"https:\/\/schema.org","@graph":[{"@type":"Article","@id":"https:\/\/portaltela.pt\/noticias\/2026\/04\/07\/tribunal-espanhol-mantem-penas-a-casal-homicida-portugues\/#article","isPartOf":{"@id":"https:\/\/portaltela.pt\/noticias\/2026\/04\/07\/tribunal-espanhol-mantem-penas-a-casal-homicida-portugues\/"},"author":{"name":"Telinha","@id":"https:\/\/portaltela.pt\/#\/schema\/person\/c4278d4a6028830caff9ee44b42d32ed"},"headline":"Tribunal espanhol mant\u00e9m penas a casal homicida portugu\u00eas","datePublished":"2026-04-07T17:32:34+00:00","mainEntityOfPage":{"@id":"https:\/\/portaltela.pt\/noticias\/2026\/04\/07\/tribunal-espanhol-mantem-penas-a-casal-homicida-portugues\/"},"wordCount":236,"image":{"@id":"https:\/\/portaltela.pt\/noticias\/2026\/04\/07\/tribunal-espanhol-mantem-penas-a-casal-homicida-portugues\/#primaryimage"},"thumbnailUrl":"https:\/\/portaltela.pt\/s.01k8rhncp4jt1\/2026\/04\/img_1280x721uu2026-04-07-18-01-43-2277104.jpg","keywords":["crime","crime econ\u00f3mico","Espa\u00f1a","homic\u00eddio","Portugal"],"articleSection":["Crime","Justi\u00e7a"],"inLanguage":"pt-PT"},{"@type":"WebPage","@id":"https:\/\/portaltela.pt\/noticias\/2026\/04\/07\/tribunal-espanhol-mantem-penas-a-casal-homicida-portugues\/","url":"https:\/\/portaltela.pt\/noticias\/2026\/04\/07\/tribunal-espanhol-mantem-penas-a-casal-homicida-portugues\/","name":"Tribunal espanhol mant\u00e9m penas a casal homicida portugu\u00eas - Portal Tela Portugal","isPartOf":{"@id":"https:\/\/portaltela.pt\/#website"},"primaryImageOfPage":{"@id":"https:\/\/portaltela.pt\/noticias\/2026\/04\/07\/tribunal-espanhol-mantem-penas-a-casal-homicida-portugues\/#primaryimage"},"image":{"@id":"https:\/\/portaltela.pt\/noticias\/2026\/04\/07\/tribunal-espanhol-mantem-penas-a-casal-homicida-portugues\/#primaryimage"},"thumbnailUrl":"https:\/\/portaltela.pt\/s.01k8rhncp4jt1\/2026\/04\/img_1280x721uu2026-04-07-18-01-43-2277104.jpg","datePublished":"2026-04-07T17:32:34+00:00","author":{"@id":"https:\/\/portaltela.pt\/#\/schema\/person\/c4278d4a6028830caff9ee44b42d32ed"},"breadcrumb":{"@id":"https:\/\/portaltela.pt\/noticias\/2026\/04\/07\/tribunal-espanhol-mantem-penas-a-casal-homicida-portugues\/#breadcrumb"},"inLanguage":"pt-PT","potentialAction":[{"@type":"ReadAction","target":["https:\/\/portaltela.pt\/noticias\/2026\/04\/07\/tribunal-espanhol-mantem-penas-a-casal-homicida-portugues\/"]}]},{"@type":"ImageObject","inLanguage":"pt-PT","@id":"https:\/\/portaltela.pt\/noticias\/2026\/04\/07\/tribunal-espanhol-mantem-penas-a-casal-homicida-portugues\/#primaryimage","url":"https:\/\/portaltela.pt\/s.01k8rhncp4jt1\/2026\/04\/img_1280x721uu2026-04-07-18-01-43-2277104.jpg","contentUrl":"https:\/\/portaltela.pt\/s.01k8rhncp4jt1\/2026\/04\/img_1280x721uu2026-04-07-18-01-43-2277104.jpg","width":796,"height":448,"caption":"Photo"},{"@type":"BreadcrumbList","@id":"https:\/\/portaltela.pt\/noticias\/2026\/04\/07\/tribunal-espanhol-mantem-penas-a-casal-homicida-portugues\/#breadcrumb","itemListElement":[{"@type":"ListItem","position":1,"name":"In\u00edcio","item":"https:\/\/portaltela.pt\/"},{"@type":"ListItem","position":2,"name":"Tribunal espanhol mant\u00e9m penas a casal homicida portugu\u00eas"}]},{"@type":"WebSite","@id":"https:\/\/portaltela.pt\/#website","url":"https:\/\/portaltela.pt\/","name":"Portal Tela Portugal","description":"","potentialAction":[{"@type":"SearchAction","target":{"@type":"EntryPoint","urlTemplate":"https:\/\/portaltela.pt\/?s={search_term_string}"},"query-input":{"@type":"PropertyValueSpecification","valueRequired":true,"valueName":"search_term_string"}}],"inLanguage":"pt-PT"},{"@type":"Person","@id":"https:\/\/portaltela.pt\/#\/schema\/person\/c4278d4a6028830caff9ee44b42d32ed","name":"Telinha","image":{"@type":"ImageObject","inLanguage":"pt-PT","@id":"https:\/\/portaltela.pt\/s.01k8rhncp4jt1\/2025\/11\/talking-bot-125x125.png","url":"https:\/\/portaltela.pt\/s.01k8rhncp4jt1\/2025\/11\/talking-bot-125x125.png","contentUrl":"https:\/\/portaltela.pt\/s.01k8rhncp4jt1\/2025\/11\/talking-bot-125x125.png","caption":"Telinha"},"sameAs":["https:\/\/portaltela.pt\/"],"url":"https:\/\/portaltela.pt\/por\/367410592786\/"}]}},"_links":{"self":[{"href":"https:\/\/portaltela.pt\/api\/wp\/v2\/posts\/435730","targetHints":{"allow":["GET"]}}],"collection":[{"href":"https:\/\/portaltela.pt\/api\/wp\/v2\/posts"}],"about":[{"href":"https:\/\/portaltela.pt\/api\/wp\/v2\/types\/post"}],"author":[{"embeddable":true,"href":"https:\/\/portaltela.pt\/api\/wp\/v2\/users\/2"}],"replies":[{"embeddable":true,"href":"https:\/\/portaltela.pt\/api\/wp\/v2\/comments?post=435730"}],"version-history":[{"count":0,"href":"https:\/\/portaltela.pt\/api\/wp\/v2\/posts\/435730\/revisions"}],"wp:featuredmedia":[{"embeddable":true,"href":"https:\/\/portaltela.pt\/api\/wp\/v2\/media\/435731"}],"wp:attachment":[{"href":"https:\/\/portaltela.pt\/api\/wp\/v2\/media?parent=435730"}],"wp:term":[{"taxonomy":"category","embeddable":true,"href":"https:\/\/portaltela.pt\/api\/wp\/v2\/categories?post=435730"},{"taxonomy":"post_tag","embeddable":true,"href":"https:\/\/portaltela.pt\/api\/wp\/v2\/tags?post=435730"}],"curies":[{"name":"wp","href":"https:\/\/api.w.org\/{rel}","templated":true}]}}