{"id":435707,"date":"2026-04-07T14:17:55","date_gmt":"2026-04-07T17:17:55","guid":{"rendered":"https:\/\/portaltela.pt\/noticias\/2026\/04\/07\/petrobras-demite-diretor-apos-criticas-de-lula-durante-crise-dos-combustiveis\/"},"modified":"2026-04-07T14:17:55","modified_gmt":"2026-04-07T17:17:55","slug":"petrobras-demite-diretor-apos-criticas-de-lula-durante-crise-dos-combustiveis","status":"publish","type":"post","link":"https:\/\/portaltela.pt\/energia\/2026\/04\/07\/petrobras-demite-diretor-apos-criticas-de-lula-durante-crise-dos-combustiveis\/","title":{"rendered":"Petrobras demite diretor ap\u00f3s cr\u00edticas de Lula durante crise dos combust\u00edveis"},"content":{"rendered":"<p>A Petrobras demitiu um diretor, citando cr\u00edticas p\u00fablicas feitas pelo presidente Lula sobre a atua\u00e7\u00e3o da estatal numa fase de crise dos combust\u00edveis. A decis\u00e3o foi comunicada pela empresa sem detalhar o motivo espec\u00edfico da exonera\u00e7\u00e3o.<\/p>\n<p>Segundo fontes oficiais, o caso envolve a dire\u00e7\u00e3o da Petrobras e a identidade do diretor exonerado n\u00e3o foi divulgada. A informa\u00e7\u00e3o refor\u00e7a a tens\u00e3o entre a gest\u00e3o da empresa e o governo federal num momento de press\u00e3o sobre pre\u00e7os.<\/p>\n<p>Lula tem vindo a apontar falhas na pol\u00edtica de pre\u00e7os da petrol\u00edfera, dentro de um contexto de aumento de custos para os consumidores. Analistas referem que a demiss\u00e3o pode refletir as dificuldades de alinhamento entre governo e estatal.<\/p>\n<p>O epis\u00f3dio acrescenta incerteza ao setor, que j\u00e1 sofre com varia\u00e7\u00f5es regulat\u00f3rias e press\u00f5es pol\u00edticas. Tamb\u00e9m mant\u00e9m o debate p\u00fablico sobre o equil\u00edbrio entre autonomia empresarial e diretrizes governamentais.<\/p>\n","protected":false},"excerpt":{"rendered":"<ul>\n<li>Petrobras demitiu um diretor ap\u00f3s cr\u00edticas de Lula, no contexto da crise dos combust\u00edveis.<\/li>\n<li>O fato \u00e9 relatado pela ag\u00eancia de not\u00edcia Lusa.<\/li>\n<li>O conte\u00fado completo est\u00e1 dispon\u00edvel apenas para subscritores.<\/li>\n<li>N\u00e3o h\u00e1 detalhes adicionais no texto fornecido.<\/li>\n<\/ul>\n","protected":false},"author":2,"featured_media":435712,"comment_status":"closed","ping_status":"closed","sticky":false,"template":"","format":"standard","meta":{"footnotes":""},"categories":[6806],"tags":[6115,7775,34,2832,2824],"class_list":["post-435707","post","type-post","status-publish","format-standard","has-post-thumbnail","hentry","category-energia","tag-_economia","tag-_energia","tag-governo","tag-politica","tag-setor-publico"],"yoast_head":"<!-- This site is optimized with the Yoast SEO plugin v27.2 - https:\/\/yoast.com\/product\/yoast-seo-wordpress\/ -->\n<title>Petrobras demite diretor ap\u00f3s cr\u00edticas de Lula durante crise dos combust\u00edveis - Portal Tela Portugal<\/title>\n<meta name=\"robots\" content=\"index, follow, max-snippet:-1, max-image-preview:large, max-video-preview:-1\" \/>\n<meta property=\"og:locale\" content=\"pt_PT\" \/>\n<meta property=\"og:type\" content=\"article\" \/>\n<meta property=\"og:title\" content=\"Petrobras demite diretor ap\u00f3s cr\u00edticas de Lula durante crise dos combust\u00edveis - Portal Tela Portugal\" \/>\n<meta property=\"og:description\" content=\"Petrobras demitiu um diretor ap\u00f3s cr\u00edticas de Lula, no contexto da crise dos combust\u00edveis. O fato \u00e9 relatado pela ag\u00eancia de not\u00edcia Lusa. O conte\u00fado completo est\u00e1 dispon\u00edvel apenas para subscritores. N\u00e3o h\u00e1 detalhes adicionais no texto fornecido.\" \/>\n<meta property=\"og:url\" content=\"https:\/\/portaltela.pt\/noticias\/2026\/04\/07\/petrobras-demite-diretor-apos-criticas-de-lula-durante-crise-dos-combustiveis\/\" \/>\n<meta property=\"og:site_name\" content=\"Portal Tela Portugal\" \/>\n<meta property=\"article:published_time\" content=\"2026-04-07T17:17:55+00:00\" \/>\n<meta name=\"author\" content=\"Telinha\" \/>\n<meta name=\"twitter:card\" content=\"summary_large_image\" \/>\n<meta name=\"twitter:label1\" content=\"Escrito por\" \/>\n\t<meta name=\"twitter:data1\" content=\"Telinha\" \/>\n\t<meta name=\"twitter:label2\" content=\"Tempo estimado de leitura\" \/>\n\t<meta name=\"twitter:data2\" content=\"1 minuto\" \/>\n<script type=\"application\/ld+json\" class=\"yoast-schema-graph\">{\"@context\":\"https:\/\/schema.org\",\"@graph\":[{\"@type\":\"Article\",\"@id\":\"https:\/\/portaltela.pt\/noticias\/2026\/04\/07\/petrobras-demite-diretor-apos-criticas-de-lula-durante-crise-dos-combustiveis\/#article\",\"isPartOf\":{\"@id\":\"https:\/\/portaltela.pt\/noticias\/2026\/04\/07\/petrobras-demite-diretor-apos-criticas-de-lula-durante-crise-dos-combustiveis\/\"},\"author\":{\"name\":\"Telinha\",\"@id\":\"https:\/\/portaltela.pt\/#\/schema\/person\/c4278d4a6028830caff9ee44b42d32ed\"},\"headline\":\"Petrobras demite diretor ap\u00f3s cr\u00edticas de Lula durante crise dos combust\u00edveis\",\"datePublished\":\"2026-04-07T17:17:55+00:00\",\"mainEntityOfPage\":{\"@id\":\"https:\/\/portaltela.pt\/noticias\/2026\/04\/07\/petrobras-demite-diretor-apos-criticas-de-lula-durante-crise-dos-combustiveis\/\"},\"wordCount\":184,\"image\":{\"@id\":\"https:\/\/portaltela.pt\/noticias\/2026\/04\/07\/petrobras-demite-diretor-apos-criticas-de-lula-durante-crise-dos-combustiveis\/#primaryimage\"},\"thumbnailUrl\":\"https:\/\/portaltela.pt\/s.01k8rhncp4jt1\/2026\/04\/CACHE_780X1200_ANALOG_WATERMARKED_30738913_319262510634733.jpg\",\"keywords\":[\"_economia\",\"_energia\",\"governo\",\"pol\u00edtica\",\"setor p\u00fablico\"],\"articleSection\":[\"Energia\"],\"inLanguage\":\"pt-PT\"},{\"@type\":\"WebPage\",\"@id\":\"https:\/\/portaltela.pt\/noticias\/2026\/04\/07\/petrobras-demite-diretor-apos-criticas-de-lula-durante-crise-dos-combustiveis\/\",\"url\":\"https:\/\/portaltela.pt\/noticias\/2026\/04\/07\/petrobras-demite-diretor-apos-criticas-de-lula-durante-crise-dos-combustiveis\/\",\"name\":\"Petrobras demite diretor ap\u00f3s cr\u00edticas de Lula durante crise dos combust\u00edveis - Portal Tela Portugal\",\"isPartOf\":{\"@id\":\"https:\/\/portaltela.pt\/#website\"},\"primaryImageOfPage\":{\"@id\":\"https:\/\/portaltela.pt\/noticias\/2026\/04\/07\/petrobras-demite-diretor-apos-criticas-de-lula-durante-crise-dos-combustiveis\/#primaryimage\"},\"image\":{\"@id\":\"https:\/\/portaltela.pt\/noticias\/2026\/04\/07\/petrobras-demite-diretor-apos-criticas-de-lula-durante-crise-dos-combustiveis\/#primaryimage\"},\"thumbnailUrl\":\"https:\/\/portaltela.pt\/s.01k8rhncp4jt1\/2026\/04\/CACHE_780X1200_ANALOG_WATERMARKED_30738913_319262510634733.jpg\",\"datePublished\":\"2026-04-07T17:17:55+00:00\",\"author\":{\"@id\":\"https:\/\/portaltela.pt\/#\/schema\/person\/c4278d4a6028830caff9ee44b42d32ed\"},\"breadcrumb\":{\"@id\":\"https:\/\/portaltela.pt\/noticias\/2026\/04\/07\/petrobras-demite-diretor-apos-criticas-de-lula-durante-crise-dos-combustiveis\/#breadcrumb\"},\"inLanguage\":\"pt-PT\",\"potentialAction\":[{\"@type\":\"ReadAction\",\"target\":[\"https:\/\/portaltela.pt\/noticias\/2026\/04\/07\/petrobras-demite-diretor-apos-criticas-de-lula-durante-crise-dos-combustiveis\/\"]}]},{\"@type\":\"ImageObject\",\"inLanguage\":\"pt-PT\",\"@id\":\"https:\/\/portaltela.pt\/noticias\/2026\/04\/07\/petrobras-demite-diretor-apos-criticas-de-lula-durante-crise-dos-combustiveis\/#primaryimage\",\"url\":\"https:\/\/portaltela.pt\/s.01k8rhncp4jt1\/2026\/04\/CACHE_780X1200_ANALOG_WATERMARKED_30738913_319262510634733.jpg\",\"contentUrl\":\"https:\/\/portaltela.pt\/s.01k8rhncp4jt1\/2026\/04\/CACHE_780X1200_ANALOG_WATERMARKED_30738913_319262510634733.jpg\",\"width\":796,\"height\":448,\"caption\":\"Photo\"},{\"@type\":\"BreadcrumbList\",\"@id\":\"https:\/\/portaltela.pt\/noticias\/2026\/04\/07\/petrobras-demite-diretor-apos-criticas-de-lula-durante-crise-dos-combustiveis\/#breadcrumb\",\"itemListElement\":[{\"@type\":\"ListItem\",\"position\":1,\"name\":\"In\u00edcio\",\"item\":\"https:\/\/portaltela.pt\/\"},{\"@type\":\"ListItem\",\"position\":2,\"name\":\"Petrobras demite diretor ap\u00f3s cr\u00edticas de Lula durante crise dos combust\u00edveis\"}]},{\"@type\":\"WebSite\",\"@id\":\"https:\/\/portaltela.pt\/#website\",\"url\":\"https:\/\/portaltela.pt\/\",\"name\":\"Portal Tela Portugal\",\"description\":\"\",\"potentialAction\":[{\"@type\":\"SearchAction\",\"target\":{\"@type\":\"EntryPoint\",\"urlTemplate\":\"https:\/\/portaltela.pt\/?s={search_term_string}\"},\"query-input\":{\"@type\":\"PropertyValueSpecification\",\"valueRequired\":true,\"valueName\":\"search_term_string\"}}],\"inLanguage\":\"pt-PT\"},{\"@type\":\"Person\",\"@id\":\"https:\/\/portaltela.pt\/#\/schema\/person\/c4278d4a6028830caff9ee44b42d32ed\",\"name\":\"Telinha\",\"image\":{\"@type\":\"ImageObject\",\"inLanguage\":\"pt-PT\",\"@id\":\"https:\/\/portaltela.pt\/s.01k8rhncp4jt1\/2025\/11\/talking-bot-125x125.png\",\"url\":\"https:\/\/portaltela.pt\/s.01k8rhncp4jt1\/2025\/11\/talking-bot-125x125.png\",\"contentUrl\":\"https:\/\/portaltela.pt\/s.01k8rhncp4jt1\/2025\/11\/talking-bot-125x125.png\",\"caption\":\"Telinha\"},\"sameAs\":[\"https:\/\/portaltela.pt\/\"],\"url\":\"https:\/\/portaltela.pt\/por\/367410592786\/\"}]}<\/script>\n<!-- \/ Yoast SEO plugin. -->","yoast_head_json":{"title":"Petrobras demite diretor ap\u00f3s cr\u00edticas de Lula durante crise dos combust\u00edveis - Portal Tela Portugal","robots":{"index":"index","follow":"follow","max-snippet":"max-snippet:-1","max-image-preview":"max-image-preview:large","max-video-preview":"max-video-preview:-1"},"og_locale":"pt_PT","og_type":"article","og_title":"Petrobras demite diretor ap\u00f3s cr\u00edticas de Lula durante crise dos combust\u00edveis - Portal Tela Portugal","og_description":"Petrobras demitiu um diretor ap\u00f3s cr\u00edticas de Lula, no contexto da crise dos combust\u00edveis. O fato \u00e9 relatado pela ag\u00eancia de not\u00edcia Lusa. O conte\u00fado completo est\u00e1 dispon\u00edvel apenas para subscritores. N\u00e3o h\u00e1 detalhes adicionais no texto fornecido.","og_url":"https:\/\/portaltela.pt\/noticias\/2026\/04\/07\/petrobras-demite-diretor-apos-criticas-de-lula-durante-crise-dos-combustiveis\/","og_site_name":"Portal Tela Portugal","article_published_time":"2026-04-07T17:17:55+00:00","author":"Telinha","twitter_card":"summary_large_image","twitter_misc":{"Escrito por":"Telinha","Tempo estimado de leitura":"1 minuto"},"schema":{"@context":"https:\/\/schema.org","@graph":[{"@type":"Article","@id":"https:\/\/portaltela.pt\/noticias\/2026\/04\/07\/petrobras-demite-diretor-apos-criticas-de-lula-durante-crise-dos-combustiveis\/#article","isPartOf":{"@id":"https:\/\/portaltela.pt\/noticias\/2026\/04\/07\/petrobras-demite-diretor-apos-criticas-de-lula-durante-crise-dos-combustiveis\/"},"author":{"name":"Telinha","@id":"https:\/\/portaltela.pt\/#\/schema\/person\/c4278d4a6028830caff9ee44b42d32ed"},"headline":"Petrobras demite diretor ap\u00f3s cr\u00edticas de Lula durante crise dos combust\u00edveis","datePublished":"2026-04-07T17:17:55+00:00","mainEntityOfPage":{"@id":"https:\/\/portaltela.pt\/noticias\/2026\/04\/07\/petrobras-demite-diretor-apos-criticas-de-lula-durante-crise-dos-combustiveis\/"},"wordCount":184,"image":{"@id":"https:\/\/portaltela.pt\/noticias\/2026\/04\/07\/petrobras-demite-diretor-apos-criticas-de-lula-durante-crise-dos-combustiveis\/#primaryimage"},"thumbnailUrl":"https:\/\/portaltela.pt\/s.01k8rhncp4jt1\/2026\/04\/CACHE_780X1200_ANALOG_WATERMARKED_30738913_319262510634733.jpg","keywords":["_economia","_energia","governo","pol\u00edtica","setor p\u00fablico"],"articleSection":["Energia"],"inLanguage":"pt-PT"},{"@type":"WebPage","@id":"https:\/\/portaltela.pt\/noticias\/2026\/04\/07\/petrobras-demite-diretor-apos-criticas-de-lula-durante-crise-dos-combustiveis\/","url":"https:\/\/portaltela.pt\/noticias\/2026\/04\/07\/petrobras-demite-diretor-apos-criticas-de-lula-durante-crise-dos-combustiveis\/","name":"Petrobras demite diretor ap\u00f3s cr\u00edticas de Lula durante crise dos combust\u00edveis - Portal Tela Portugal","isPartOf":{"@id":"https:\/\/portaltela.pt\/#website"},"primaryImageOfPage":{"@id":"https:\/\/portaltela.pt\/noticias\/2026\/04\/07\/petrobras-demite-diretor-apos-criticas-de-lula-durante-crise-dos-combustiveis\/#primaryimage"},"image":{"@id":"https:\/\/portaltela.pt\/noticias\/2026\/04\/07\/petrobras-demite-diretor-apos-criticas-de-lula-durante-crise-dos-combustiveis\/#primaryimage"},"thumbnailUrl":"https:\/\/portaltela.pt\/s.01k8rhncp4jt1\/2026\/04\/CACHE_780X1200_ANALOG_WATERMARKED_30738913_319262510634733.jpg","datePublished":"2026-04-07T17:17:55+00:00","author":{"@id":"https:\/\/portaltela.pt\/#\/schema\/person\/c4278d4a6028830caff9ee44b42d32ed"},"breadcrumb":{"@id":"https:\/\/portaltela.pt\/noticias\/2026\/04\/07\/petrobras-demite-diretor-apos-criticas-de-lula-durante-crise-dos-combustiveis\/#breadcrumb"},"inLanguage":"pt-PT","potentialAction":[{"@type":"ReadAction","target":["https:\/\/portaltela.pt\/noticias\/2026\/04\/07\/petrobras-demite-diretor-apos-criticas-de-lula-durante-crise-dos-combustiveis\/"]}]},{"@type":"ImageObject","inLanguage":"pt-PT","@id":"https:\/\/portaltela.pt\/noticias\/2026\/04\/07\/petrobras-demite-diretor-apos-criticas-de-lula-durante-crise-dos-combustiveis\/#primaryimage","url":"https:\/\/portaltela.pt\/s.01k8rhncp4jt1\/2026\/04\/CACHE_780X1200_ANALOG_WATERMARKED_30738913_319262510634733.jpg","contentUrl":"https:\/\/portaltela.pt\/s.01k8rhncp4jt1\/2026\/04\/CACHE_780X1200_ANALOG_WATERMARKED_30738913_319262510634733.jpg","width":796,"height":448,"caption":"Photo"},{"@type":"BreadcrumbList","@id":"https:\/\/portaltela.pt\/noticias\/2026\/04\/07\/petrobras-demite-diretor-apos-criticas-de-lula-durante-crise-dos-combustiveis\/#breadcrumb","itemListElement":[{"@type":"ListItem","position":1,"name":"In\u00edcio","item":"https:\/\/portaltela.pt\/"},{"@type":"ListItem","position":2,"name":"Petrobras demite diretor ap\u00f3s cr\u00edticas de Lula durante crise dos combust\u00edveis"}]},{"@type":"WebSite","@id":"https:\/\/portaltela.pt\/#website","url":"https:\/\/portaltela.pt\/","name":"Portal Tela Portugal","description":"","potentialAction":[{"@type":"SearchAction","target":{"@type":"EntryPoint","urlTemplate":"https:\/\/portaltela.pt\/?s={search_term_string}"},"query-input":{"@type":"PropertyValueSpecification","valueRequired":true,"valueName":"search_term_string"}}],"inLanguage":"pt-PT"},{"@type":"Person","@id":"https:\/\/portaltela.pt\/#\/schema\/person\/c4278d4a6028830caff9ee44b42d32ed","name":"Telinha","image":{"@type":"ImageObject","inLanguage":"pt-PT","@id":"https:\/\/portaltela.pt\/s.01k8rhncp4jt1\/2025\/11\/talking-bot-125x125.png","url":"https:\/\/portaltela.pt\/s.01k8rhncp4jt1\/2025\/11\/talking-bot-125x125.png","contentUrl":"https:\/\/portaltela.pt\/s.01k8rhncp4jt1\/2025\/11\/talking-bot-125x125.png","caption":"Telinha"},"sameAs":["https:\/\/portaltela.pt\/"],"url":"https:\/\/portaltela.pt\/por\/367410592786\/"}]}},"_links":{"self":[{"href":"https:\/\/portaltela.pt\/api\/wp\/v2\/posts\/435707","targetHints":{"allow":["GET"]}}],"collection":[{"href":"https:\/\/portaltela.pt\/api\/wp\/v2\/posts"}],"about":[{"href":"https:\/\/portaltela.pt\/api\/wp\/v2\/types\/post"}],"author":[{"embeddable":true,"href":"https:\/\/portaltela.pt\/api\/wp\/v2\/users\/2"}],"replies":[{"embeddable":true,"href":"https:\/\/portaltela.pt\/api\/wp\/v2\/comments?post=435707"}],"version-history":[{"count":0,"href":"https:\/\/portaltela.pt\/api\/wp\/v2\/posts\/435707\/revisions"}],"wp:featuredmedia":[{"embeddable":true,"href":"https:\/\/portaltela.pt\/api\/wp\/v2\/media\/435712"}],"wp:attachment":[{"href":"https:\/\/portaltela.pt\/api\/wp\/v2\/media?parent=435707"}],"wp:term":[{"taxonomy":"category","embeddable":true,"href":"https:\/\/portaltela.pt\/api\/wp\/v2\/categories?post=435707"},{"taxonomy":"post_tag","embeddable":true,"href":"https:\/\/portaltela.pt\/api\/wp\/v2\/tags?post=435707"}],"curies":[{"name":"wp","href":"https:\/\/api.w.org\/{rel}","templated":true}]}}