{"id":435694,"date":"2026-04-07T14:17:42","date_gmt":"2026-04-07T17:17:42","guid":{"rendered":"https:\/\/portaltela.pt\/noticias\/2026\/04\/07\/jd-vance-critica-bruxelas-e-apoia-orban-antes-das-eleicoes-na-hungria\/"},"modified":"2026-04-07T14:17:42","modified_gmt":"2026-04-07T17:17:42","slug":"jd-vance-critica-bruxelas-e-apoia-orban-antes-das-eleicoes-na-hungria","status":"publish","type":"post","link":"https:\/\/portaltela.pt\/noticias\/internacional\/2026\/04\/07\/jd-vance-critica-bruxelas-e-apoia-orban-antes-das-eleicoes-na-hungria\/","title":{"rendered":"JD Vance critica Bruxelas e apoia Orb\u00e1n antes das elei\u00e7\u00f5es na Hungria"},"content":{"rendered":"<p>O vice-presidente dos EUA, JD Vance, visitou Budapeste e acusou a Uni\u00e3o Europeia de interferir na campanha eleitoral h\u00fangara e de impor censura. A passagem ocorreu dias antes das elei\u00e7\u00f5es.<\/p>\n<p>Durante uma confer\u00eancia de imprensa com o primeiro-ministro Viktor Orb\u00e1n, Vance elogiou o l\u00edder h\u00fangaro, descrevendo-o como um modelo para o continente, ao mesmo tempo que criticou Bruxelas pelas suas pol\u00edticas.<\/p>\n<p>As elei\u00e7\u00f5es ocorrem no fim de semana, com Orb\u00e1n a enfrentar o maior desafio em 16 anos. A oposi\u00e7\u00e3o, liderada por P\u00e9ter Magyar, surge como a principal alternativa segundo algumas sondagens.<\/p>\n<p>Vance alegou que a UE pretende prejudicar a Hungria ao insistir em regras digitais e na desinforma\u00e7\u00e3o online, sem apresentar evid\u00eancias. Foi tamb\u00e9m questionada a influ\u00eancia de Bruxelas sobre a economia e a energia.<\/p>\n<p>Ainda segundo o substabelecimento de Vance, o servi\u00e7o secreto ucraniano estaria a tentar influenciar o voto h\u00fangaro, sem provas apresentadas. O governo h\u00fangaro j\u00e1 tinha referido press\u00f5es de Kiev e Bruxelas.<\/p>\n<p>O governo de Orb\u00e1n tem respondido com medidas de defesa de infraestruturas cr\u00edticas e com cr\u00edticas a interven\u00e7\u00f5es estrangeiras, defendendo a soberania nacional. As alega\u00e7\u00f5es aparecem em meio a tens\u00f5es com a UE.<\/p>\n<p>Pelo lado oposicionista, P\u00e9ter Magyar exortou aos pa\u00edses para respeitar a soberania da Hungria, rejeitando qualquer interfer\u00eancia externa. A posi\u00e7\u00e3o contrasta com o apoio externo a Orb\u00e1n j\u00e1 manifestado por outros l\u00edderes.<\/p>\n<p>As sondagens recentes situam a oposi\u00e7\u00e3o \u00e0 frente em parte do eleitorado decidido, sugerindo um cen\u00e1rio competitivo para as elei\u00e7\u00f5es. A mobiliza\u00e7\u00e3o eleitoral permanece intensa e imprevis\u00edvel.<\/p>\n<p>Apesar do apoio a Orb\u00e1n, Vance afirmou que os Estados Unidos est\u00e3o dispostos a trabalhar com o vencedor das urnas, independentemente do resultado. A not\u00edcia destaca o papel de pot\u00eancias externas no processo.<\/p>\n","protected":false},"excerpt":{"rendered":"<ul>\n<li>O vice-presidente dos Estados Unidos, JD Vance, visita Budapeste e acusa a Uni\u00e3o Europeia de interferir na campanha eleitoral h\u00fangara e de impor censura, a poucos dias das elei\u00e7\u00f5es de domingo.<\/li>\n<li>Em confer\u00eancia conjunta, Vance elogia Viktor Orb\u00e1n como &#8220;modelo a seguir&#8221; para o continente e critica Bruxelas por alegadamente tentar destruir a economia h\u00fangara e aumentar custos aos consumidores.<\/li>\n<li>O pol\u00edtico afirma que as regras digitais da UE, incluindo a Lei dos Servi\u00e7os Digitais, visam combater desinforma\u00e7\u00e3o, sem apresentar evid\u00eancias que sustentem as acusa\u00e7\u00f5es.<\/li>\n<li>Vance tamb\u00e9m afirma que existem elementos dos servi\u00e7os secretos ucranianos a tentarem influenciar o voto h\u00fangaro, sem apresentar provas.<\/li>\n<li>Segundo sondagem recente, o blocos da oposi\u00e7\u00e3o Tisza est\u00e1 \u00e0 frente do Fidesz, com 56% de apoio entre eleitores decididos versus 37% para o partido governamental; Washington diz que est\u00e1 pronto para colaborar com quem ganhar.<\/li>\n<\/ul>\n","protected":false},"author":2,"featured_media":435699,"comment_status":"closed","ping_status":"closed","sticky":false,"template":"","format":"standard","meta":{"footnotes":""},"categories":[6814,4],"tags":[3161,2579,2832,7439,5698,2055],"class_list":["post-435694","post","type-post","status-publish","format-standard","has-post-thumbnail","hentry","category-geopolitica","category-internacional","tag-bruxelas","tag-hungria","tag-politica","tag-politica-externa","tag-politica-internacional","tag-uniao-europeia"],"yoast_head":"<!-- This site is optimized with the Yoast SEO plugin v27.2 - https:\/\/yoast.com\/product\/yoast-seo-wordpress\/ -->\n<title>JD Vance critica Bruxelas e apoia Orb\u00e1n antes das elei\u00e7\u00f5es na Hungria - Portal Tela Portugal<\/title>\n<meta name=\"robots\" content=\"index, follow, max-snippet:-1, max-image-preview:large, max-video-preview:-1\" \/>\n<meta property=\"og:locale\" content=\"pt_PT\" \/>\n<meta property=\"og:type\" content=\"article\" \/>\n<meta property=\"og:title\" content=\"JD Vance critica Bruxelas e apoia Orb\u00e1n antes das elei\u00e7\u00f5es na Hungria - Portal Tela Portugal\" \/>\n<meta property=\"og:description\" content=\"O vice-presidente dos Estados Unidos, JD Vance, visita Budapeste e acusa a Uni\u00e3o Europeia de interferir na campanha eleitoral h\u00fangara e de impor censura, a poucos dias das elei\u00e7\u00f5es de domingo. Em confer\u00eancia conjunta, Vance elogia Viktor Orb\u00e1n como &quot;modelo a seguir&quot; para o continente e critica Bruxelas por alegadamente tentar destruir a economia h\u00fangara e aumentar custos aos consumidores. O pol\u00edtico afirma que as regras digitais da UE, incluindo a Lei dos Servi\u00e7os Digitais, visam combater desinforma\u00e7\u00e3o, sem apresentar evid\u00eancias que sustentem as acusa\u00e7\u00f5es. Vance tamb\u00e9m afirma que existem elementos dos servi\u00e7os secretos ucranianos a tentarem influenciar o voto h\u00fangaro, sem apresentar provas. Segundo sondagem recente, o blocos da oposi\u00e7\u00e3o Tisza est\u00e1 \u00e0 frente do Fidesz, com 56% de apoio entre eleitores decididos versus 37% para o partido governamental; Washington diz que est\u00e1 pronto para colaborar com quem ganhar.\" \/>\n<meta property=\"og:url\" content=\"https:\/\/portaltela.pt\/noticias\/2026\/04\/07\/jd-vance-critica-bruxelas-e-apoia-orban-antes-das-eleicoes-na-hungria\/\" \/>\n<meta property=\"og:site_name\" content=\"Portal Tela Portugal\" \/>\n<meta property=\"article:published_time\" content=\"2026-04-07T17:17:42+00:00\" \/>\n<meta name=\"author\" content=\"Telinha\" \/>\n<meta name=\"twitter:card\" content=\"summary_large_image\" \/>\n<meta name=\"twitter:label1\" content=\"Escrito por\" \/>\n\t<meta name=\"twitter:data1\" content=\"Telinha\" \/>\n\t<meta name=\"twitter:label2\" content=\"Tempo estimado de leitura\" \/>\n\t<meta name=\"twitter:data2\" content=\"2 minutos\" \/>\n<script type=\"application\/ld+json\" class=\"yoast-schema-graph\">{\"@context\":\"https:\/\/schema.org\",\"@graph\":[{\"@type\":\"Article\",\"@id\":\"https:\/\/portaltela.pt\/noticias\/2026\/04\/07\/jd-vance-critica-bruxelas-e-apoia-orban-antes-das-eleicoes-na-hungria\/#article\",\"isPartOf\":{\"@id\":\"https:\/\/portaltela.pt\/noticias\/2026\/04\/07\/jd-vance-critica-bruxelas-e-apoia-orban-antes-das-eleicoes-na-hungria\/\"},\"author\":{\"name\":\"Telinha\",\"@id\":\"https:\/\/portaltela.pt\/#\/schema\/person\/c4278d4a6028830caff9ee44b42d32ed\"},\"headline\":\"JD Vance critica Bruxelas e apoia Orb\u00e1n antes das elei\u00e7\u00f5es na Hungria\",\"datePublished\":\"2026-04-07T17:17:42+00:00\",\"mainEntityOfPage\":{\"@id\":\"https:\/\/portaltela.pt\/noticias\/2026\/04\/07\/jd-vance-critica-bruxelas-e-apoia-orban-antes-das-eleicoes-na-hungria\/\"},\"wordCount\":335,\"image\":{\"@id\":\"https:\/\/portaltela.pt\/noticias\/2026\/04\/07\/jd-vance-critica-bruxelas-e-apoia-orban-antes-das-eleicoes-na-hungria\/#primaryimage\"},\"thumbnailUrl\":\"https:\/\/portaltela.pt\/s.01k8rhncp4jt1\/2026\/04\/1536x864_cmsv2_27feb140-e51c-5204-9dc6-adb6015aed18-9713017.jpg\",\"keywords\":[\"Bruxelas\",\"Hungria\",\"pol\u00edtica\",\"pol\u00edtica externa\",\"pol\u00edtica internacional\",\"Uni\u00e3o Europeia\"],\"articleSection\":[\"Geopol\u00edtica\",\"Internacional\"],\"inLanguage\":\"pt-PT\"},{\"@type\":\"WebPage\",\"@id\":\"https:\/\/portaltela.pt\/noticias\/2026\/04\/07\/jd-vance-critica-bruxelas-e-apoia-orban-antes-das-eleicoes-na-hungria\/\",\"url\":\"https:\/\/portaltela.pt\/noticias\/2026\/04\/07\/jd-vance-critica-bruxelas-e-apoia-orban-antes-das-eleicoes-na-hungria\/\",\"name\":\"JD Vance critica Bruxelas e apoia Orb\u00e1n antes das elei\u00e7\u00f5es na Hungria - Portal Tela Portugal\",\"isPartOf\":{\"@id\":\"https:\/\/portaltela.pt\/#website\"},\"primaryImageOfPage\":{\"@id\":\"https:\/\/portaltela.pt\/noticias\/2026\/04\/07\/jd-vance-critica-bruxelas-e-apoia-orban-antes-das-eleicoes-na-hungria\/#primaryimage\"},\"image\":{\"@id\":\"https:\/\/portaltela.pt\/noticias\/2026\/04\/07\/jd-vance-critica-bruxelas-e-apoia-orban-antes-das-eleicoes-na-hungria\/#primaryimage\"},\"thumbnailUrl\":\"https:\/\/portaltela.pt\/s.01k8rhncp4jt1\/2026\/04\/1536x864_cmsv2_27feb140-e51c-5204-9dc6-adb6015aed18-9713017.jpg\",\"datePublished\":\"2026-04-07T17:17:42+00:00\",\"author\":{\"@id\":\"https:\/\/portaltela.pt\/#\/schema\/person\/c4278d4a6028830caff9ee44b42d32ed\"},\"breadcrumb\":{\"@id\":\"https:\/\/portaltela.pt\/noticias\/2026\/04\/07\/jd-vance-critica-bruxelas-e-apoia-orban-antes-das-eleicoes-na-hungria\/#breadcrumb\"},\"inLanguage\":\"pt-PT\",\"potentialAction\":[{\"@type\":\"ReadAction\",\"target\":[\"https:\/\/portaltela.pt\/noticias\/2026\/04\/07\/jd-vance-critica-bruxelas-e-apoia-orban-antes-das-eleicoes-na-hungria\/\"]}]},{\"@type\":\"ImageObject\",\"inLanguage\":\"pt-PT\",\"@id\":\"https:\/\/portaltela.pt\/noticias\/2026\/04\/07\/jd-vance-critica-bruxelas-e-apoia-orban-antes-das-eleicoes-na-hungria\/#primaryimage\",\"url\":\"https:\/\/portaltela.pt\/s.01k8rhncp4jt1\/2026\/04\/1536x864_cmsv2_27feb140-e51c-5204-9dc6-adb6015aed18-9713017.jpg\",\"contentUrl\":\"https:\/\/portaltela.pt\/s.01k8rhncp4jt1\/2026\/04\/1536x864_cmsv2_27feb140-e51c-5204-9dc6-adb6015aed18-9713017.jpg\",\"width\":796,\"height\":448,\"caption\":\"O vice-presidente dos EUA, JD Vance, d\u00e1 uma confer\u00eancia de imprensa conjunta com o primeiro-ministro h\u00fangaro, Viktor Orban, em Budapeste, Hungria, na ter\u00e7a-feira, 7 de abril de 2026. (Jonathan Ernst\/Pool Photo\"},{\"@type\":\"BreadcrumbList\",\"@id\":\"https:\/\/portaltela.pt\/noticias\/2026\/04\/07\/jd-vance-critica-bruxelas-e-apoia-orban-antes-das-eleicoes-na-hungria\/#breadcrumb\",\"itemListElement\":[{\"@type\":\"ListItem\",\"position\":1,\"name\":\"In\u00edcio\",\"item\":\"https:\/\/portaltela.pt\/\"},{\"@type\":\"ListItem\",\"position\":2,\"name\":\"JD Vance critica Bruxelas e apoia Orb\u00e1n antes das elei\u00e7\u00f5es na Hungria\"}]},{\"@type\":\"WebSite\",\"@id\":\"https:\/\/portaltela.pt\/#website\",\"url\":\"https:\/\/portaltela.pt\/\",\"name\":\"Portal Tela Portugal\",\"description\":\"\",\"potentialAction\":[{\"@type\":\"SearchAction\",\"target\":{\"@type\":\"EntryPoint\",\"urlTemplate\":\"https:\/\/portaltela.pt\/?s={search_term_string}\"},\"query-input\":{\"@type\":\"PropertyValueSpecification\",\"valueRequired\":true,\"valueName\":\"search_term_string\"}}],\"inLanguage\":\"pt-PT\"},{\"@type\":\"Person\",\"@id\":\"https:\/\/portaltela.pt\/#\/schema\/person\/c4278d4a6028830caff9ee44b42d32ed\",\"name\":\"Telinha\",\"image\":{\"@type\":\"ImageObject\",\"inLanguage\":\"pt-PT\",\"@id\":\"https:\/\/portaltela.pt\/s.01k8rhncp4jt1\/2025\/11\/talking-bot-125x125.png\",\"url\":\"https:\/\/portaltela.pt\/s.01k8rhncp4jt1\/2025\/11\/talking-bot-125x125.png\",\"contentUrl\":\"https:\/\/portaltela.pt\/s.01k8rhncp4jt1\/2025\/11\/talking-bot-125x125.png\",\"caption\":\"Telinha\"},\"sameAs\":[\"https:\/\/portaltela.pt\/\"],\"url\":\"https:\/\/portaltela.pt\/por\/367410592786\/\"}]}<\/script>\n<!-- \/ Yoast SEO plugin. -->","yoast_head_json":{"title":"JD Vance critica Bruxelas e apoia Orb\u00e1n antes das elei\u00e7\u00f5es na Hungria - Portal Tela Portugal","robots":{"index":"index","follow":"follow","max-snippet":"max-snippet:-1","max-image-preview":"max-image-preview:large","max-video-preview":"max-video-preview:-1"},"og_locale":"pt_PT","og_type":"article","og_title":"JD Vance critica Bruxelas e apoia Orb\u00e1n antes das elei\u00e7\u00f5es na Hungria - Portal Tela Portugal","og_description":"O vice-presidente dos Estados Unidos, JD Vance, visita Budapeste e acusa a Uni\u00e3o Europeia de interferir na campanha eleitoral h\u00fangara e de impor censura, a poucos dias das elei\u00e7\u00f5es de domingo. Em confer\u00eancia conjunta, Vance elogia Viktor Orb\u00e1n como \"modelo a seguir\" para o continente e critica Bruxelas por alegadamente tentar destruir a economia h\u00fangara e aumentar custos aos consumidores. O pol\u00edtico afirma que as regras digitais da UE, incluindo a Lei dos Servi\u00e7os Digitais, visam combater desinforma\u00e7\u00e3o, sem apresentar evid\u00eancias que sustentem as acusa\u00e7\u00f5es. Vance tamb\u00e9m afirma que existem elementos dos servi\u00e7os secretos ucranianos a tentarem influenciar o voto h\u00fangaro, sem apresentar provas. Segundo sondagem recente, o blocos da oposi\u00e7\u00e3o Tisza est\u00e1 \u00e0 frente do Fidesz, com 56% de apoio entre eleitores decididos versus 37% para o partido governamental; Washington diz que est\u00e1 pronto para colaborar com quem ganhar.","og_url":"https:\/\/portaltela.pt\/noticias\/2026\/04\/07\/jd-vance-critica-bruxelas-e-apoia-orban-antes-das-eleicoes-na-hungria\/","og_site_name":"Portal Tela Portugal","article_published_time":"2026-04-07T17:17:42+00:00","author":"Telinha","twitter_card":"summary_large_image","twitter_misc":{"Escrito por":"Telinha","Tempo estimado de leitura":"2 minutos"},"schema":{"@context":"https:\/\/schema.org","@graph":[{"@type":"Article","@id":"https:\/\/portaltela.pt\/noticias\/2026\/04\/07\/jd-vance-critica-bruxelas-e-apoia-orban-antes-das-eleicoes-na-hungria\/#article","isPartOf":{"@id":"https:\/\/portaltela.pt\/noticias\/2026\/04\/07\/jd-vance-critica-bruxelas-e-apoia-orban-antes-das-eleicoes-na-hungria\/"},"author":{"name":"Telinha","@id":"https:\/\/portaltela.pt\/#\/schema\/person\/c4278d4a6028830caff9ee44b42d32ed"},"headline":"JD Vance critica Bruxelas e apoia Orb\u00e1n antes das elei\u00e7\u00f5es na Hungria","datePublished":"2026-04-07T17:17:42+00:00","mainEntityOfPage":{"@id":"https:\/\/portaltela.pt\/noticias\/2026\/04\/07\/jd-vance-critica-bruxelas-e-apoia-orban-antes-das-eleicoes-na-hungria\/"},"wordCount":335,"image":{"@id":"https:\/\/portaltela.pt\/noticias\/2026\/04\/07\/jd-vance-critica-bruxelas-e-apoia-orban-antes-das-eleicoes-na-hungria\/#primaryimage"},"thumbnailUrl":"https:\/\/portaltela.pt\/s.01k8rhncp4jt1\/2026\/04\/1536x864_cmsv2_27feb140-e51c-5204-9dc6-adb6015aed18-9713017.jpg","keywords":["Bruxelas","Hungria","pol\u00edtica","pol\u00edtica externa","pol\u00edtica internacional","Uni\u00e3o Europeia"],"articleSection":["Geopol\u00edtica","Internacional"],"inLanguage":"pt-PT"},{"@type":"WebPage","@id":"https:\/\/portaltela.pt\/noticias\/2026\/04\/07\/jd-vance-critica-bruxelas-e-apoia-orban-antes-das-eleicoes-na-hungria\/","url":"https:\/\/portaltela.pt\/noticias\/2026\/04\/07\/jd-vance-critica-bruxelas-e-apoia-orban-antes-das-eleicoes-na-hungria\/","name":"JD Vance critica Bruxelas e apoia Orb\u00e1n antes das elei\u00e7\u00f5es na Hungria - Portal Tela Portugal","isPartOf":{"@id":"https:\/\/portaltela.pt\/#website"},"primaryImageOfPage":{"@id":"https:\/\/portaltela.pt\/noticias\/2026\/04\/07\/jd-vance-critica-bruxelas-e-apoia-orban-antes-das-eleicoes-na-hungria\/#primaryimage"},"image":{"@id":"https:\/\/portaltela.pt\/noticias\/2026\/04\/07\/jd-vance-critica-bruxelas-e-apoia-orban-antes-das-eleicoes-na-hungria\/#primaryimage"},"thumbnailUrl":"https:\/\/portaltela.pt\/s.01k8rhncp4jt1\/2026\/04\/1536x864_cmsv2_27feb140-e51c-5204-9dc6-adb6015aed18-9713017.jpg","datePublished":"2026-04-07T17:17:42+00:00","author":{"@id":"https:\/\/portaltela.pt\/#\/schema\/person\/c4278d4a6028830caff9ee44b42d32ed"},"breadcrumb":{"@id":"https:\/\/portaltela.pt\/noticias\/2026\/04\/07\/jd-vance-critica-bruxelas-e-apoia-orban-antes-das-eleicoes-na-hungria\/#breadcrumb"},"inLanguage":"pt-PT","potentialAction":[{"@type":"ReadAction","target":["https:\/\/portaltela.pt\/noticias\/2026\/04\/07\/jd-vance-critica-bruxelas-e-apoia-orban-antes-das-eleicoes-na-hungria\/"]}]},{"@type":"ImageObject","inLanguage":"pt-PT","@id":"https:\/\/portaltela.pt\/noticias\/2026\/04\/07\/jd-vance-critica-bruxelas-e-apoia-orban-antes-das-eleicoes-na-hungria\/#primaryimage","url":"https:\/\/portaltela.pt\/s.01k8rhncp4jt1\/2026\/04\/1536x864_cmsv2_27feb140-e51c-5204-9dc6-adb6015aed18-9713017.jpg","contentUrl":"https:\/\/portaltela.pt\/s.01k8rhncp4jt1\/2026\/04\/1536x864_cmsv2_27feb140-e51c-5204-9dc6-adb6015aed18-9713017.jpg","width":796,"height":448,"caption":"O vice-presidente dos EUA, JD Vance, d\u00e1 uma confer\u00eancia de imprensa conjunta com o primeiro-ministro h\u00fangaro, Viktor Orban, em Budapeste, Hungria, na ter\u00e7a-feira, 7 de abril de 2026. (Jonathan Ernst\/Pool Photo"},{"@type":"BreadcrumbList","@id":"https:\/\/portaltela.pt\/noticias\/2026\/04\/07\/jd-vance-critica-bruxelas-e-apoia-orban-antes-das-eleicoes-na-hungria\/#breadcrumb","itemListElement":[{"@type":"ListItem","position":1,"name":"In\u00edcio","item":"https:\/\/portaltela.pt\/"},{"@type":"ListItem","position":2,"name":"JD Vance critica Bruxelas e apoia Orb\u00e1n antes das elei\u00e7\u00f5es na Hungria"}]},{"@type":"WebSite","@id":"https:\/\/portaltela.pt\/#website","url":"https:\/\/portaltela.pt\/","name":"Portal Tela Portugal","description":"","potentialAction":[{"@type":"SearchAction","target":{"@type":"EntryPoint","urlTemplate":"https:\/\/portaltela.pt\/?s={search_term_string}"},"query-input":{"@type":"PropertyValueSpecification","valueRequired":true,"valueName":"search_term_string"}}],"inLanguage":"pt-PT"},{"@type":"Person","@id":"https:\/\/portaltela.pt\/#\/schema\/person\/c4278d4a6028830caff9ee44b42d32ed","name":"Telinha","image":{"@type":"ImageObject","inLanguage":"pt-PT","@id":"https:\/\/portaltela.pt\/s.01k8rhncp4jt1\/2025\/11\/talking-bot-125x125.png","url":"https:\/\/portaltela.pt\/s.01k8rhncp4jt1\/2025\/11\/talking-bot-125x125.png","contentUrl":"https:\/\/portaltela.pt\/s.01k8rhncp4jt1\/2025\/11\/talking-bot-125x125.png","caption":"Telinha"},"sameAs":["https:\/\/portaltela.pt\/"],"url":"https:\/\/portaltela.pt\/por\/367410592786\/"}]}},"_links":{"self":[{"href":"https:\/\/portaltela.pt\/api\/wp\/v2\/posts\/435694","targetHints":{"allow":["GET"]}}],"collection":[{"href":"https:\/\/portaltela.pt\/api\/wp\/v2\/posts"}],"about":[{"href":"https:\/\/portaltela.pt\/api\/wp\/v2\/types\/post"}],"author":[{"embeddable":true,"href":"https:\/\/portaltela.pt\/api\/wp\/v2\/users\/2"}],"replies":[{"embeddable":true,"href":"https:\/\/portaltela.pt\/api\/wp\/v2\/comments?post=435694"}],"version-history":[{"count":0,"href":"https:\/\/portaltela.pt\/api\/wp\/v2\/posts\/435694\/revisions"}],"wp:featuredmedia":[{"embeddable":true,"href":"https:\/\/portaltela.pt\/api\/wp\/v2\/media\/435699"}],"wp:attachment":[{"href":"https:\/\/portaltela.pt\/api\/wp\/v2\/media?parent=435694"}],"wp:term":[{"taxonomy":"category","embeddable":true,"href":"https:\/\/portaltela.pt\/api\/wp\/v2\/categories?post=435694"},{"taxonomy":"post_tag","embeddable":true,"href":"https:\/\/portaltela.pt\/api\/wp\/v2\/tags?post=435694"}],"curies":[{"name":"wp","href":"https:\/\/api.w.org\/{rel}","templated":true}]}}