{"id":435691,"date":"2026-04-07T14:17:40","date_gmt":"2026-04-07T17:17:40","guid":{"rendered":"https:\/\/portaltela.pt\/noticias\/2026\/04\/07\/governo-cria-comando-integrado-para-reduzir-risco-de-incendios\/"},"modified":"2026-04-07T14:17:40","modified_gmt":"2026-04-07T17:17:40","slug":"governo-cria-comando-integrado-para-reduzir-risco-de-incendios","status":"publish","type":"post","link":"https:\/\/portaltela.pt\/noticias\/2026\/04\/07\/governo-cria-comando-integrado-para-reduzir-risco-de-incendios\/","title":{"rendered":"Governo cria Comando Integrado para reduzir risco de inc\u00eandios"},"content":{"rendered":"<p>O Governo criou o Comando Integrado de Preven\u00e7\u00e3o e Opera\u00e7\u00f5es (CIPO), uma estrutura de coordena\u00e7\u00e3o para reduzir o risco de inc\u00eandio rural antes do ver\u00e3o. A apresenta\u00e7\u00e3o est\u00e1 marcada para quarta-feira em Leiria, onde ser\u00e1 instalado um centro de comando avan\u00e7ado da prote\u00e7\u00e3o civil, sede do novo comando, segundo fontes do setor.<\/p>\n<p>O CIPO visa remover o material combust\u00edvel acumulado pelas tempestades, limpar \u00e1reas cr\u00edticas, reabrir caminhos e melhorar acessos. A iniciativa envolve os minist\u00e9rios da Administra\u00e7\u00e3o Interna, Defesa Nacional e Agricultura e Mar.<\/p>\n<p>A apresenta\u00e7\u00e3o em Leiria contar\u00e1 com autarcas, For\u00e7as Armadas, estruturas da prote\u00e7\u00e3o civil, bombeiros, sapadores e empresas do setor florestal. O Governo descreve o CIPO como estrutura interministerial de coordena\u00e7\u00e3o com v\u00e1rias entidades relevantes.<\/p>\n<p>Segundo a convocat\u00f3ria, o objetivo \u00e9 refor\u00e7ar o planeamento, a antecipa\u00e7\u00e3o, a interven\u00e7\u00e3o e o controlo do risco, com meios no terreno e coordena\u00e7\u00e3o permanente. O Minist\u00e9rio da Administra\u00e7\u00e3o Interna explica que o pa\u00eds enfrenta tempos exigentes na prote\u00e7\u00e3o do territ\u00f3rio.<\/p>\n<p>O MAI sublinha que a situa\u00e7\u00e3o exige prepara\u00e7\u00e3o, coordena\u00e7\u00e3o e capacidade de execu\u00e7\u00e3o, apontando para uma acumula\u00e7\u00e3o massiva de material combust\u00edvel devido \u00e0s tempestades recentes. O texto indica que se trata de uma resposta extraordin\u00e1ria a uma situa\u00e7\u00e3o extraordin\u00e1ria.<\/p>\n<p>Integram o CIPO a Autoridade Nacional de Emerg\u00eancia e Prote\u00e7\u00e3o Civil (ANEPC) na coordena\u00e7\u00e3o operacional, o ICNF na orienta\u00e7\u00e3o t\u00e9cnica e gest\u00e3o florestal, a AGIF na monitoriza\u00e7\u00e3o, a GNR na fiscaliza\u00e7\u00e3o, as For\u00e7as Armadas no apoio operacional e log\u00edstico, e um oficial de liga\u00e7\u00e3o da Liga dos Bombeiros Portugueses.<\/p>\n<p>A nova estrutura vai funcionar em articula\u00e7\u00e3o permanente com autarquias, bombeiros, sapadores florestais e entidades locais, segundo a convocat\u00f3ria. Na apresenta\u00e7\u00e3o estar\u00e1 tamb\u00e9m o ministro da Administra\u00e7\u00e3o Interna, o ministro da Defesa Nacional e o ministro da Agricultura e Mar, al\u00e9m de entidades que integram o CIPO.<\/p>\n","protected":false},"excerpt":{"rendered":"<ul>\n<li>O Governo criou o Comando Integrado de Preven\u00e7\u00e3o e Opera\u00e7\u00f5es (CIPO) para reduzir o risco de inc\u00eandio rural antes do ver\u00e3o, num contexto de tempestades que provocaram quedas de milhares de \u00e1rvores.<\/li>\n<li>O CIPO ser\u00e1 apresentado na quarta-feira em Leiria, onde ficar\u00e1 um centro de comando avan\u00e7ado da prote\u00e7\u00e3o civil que vai albergar a estrutura.<\/li>\n<li>As fun\u00e7\u00f5es do CIPO incluem remover material combust\u00edvel, limpar \u00e1reas cr\u00edticas, abrir caminhos e melhorar acessos para facilitar interven\u00e7\u00f5es.<\/li>\n<li>A iniciativa envolve tr\u00eas minist\u00e9rios \u2014 Administra\u00e7\u00e3o Interna, Defesa Nacional e Agricultura e Mar \u2014 e entidades como ANEPC, ICNF, AGIF, GNR, For\u00e7as Armadas e a Liga dos Bombeiros Portugueses.<\/li>\n<li>O objetivo \u00e9 refor\u00e7ar planeamento, antecipa\u00e7\u00e3o, interven\u00e7\u00e3o e controlo do risco, com coordena\u00e7\u00e3o permanente entre entidades nacionais e autoridades locais.<\/li>\n<\/ul>\n","protected":false},"author":2,"featured_media":435696,"comment_status":"closed","ping_status":"closed","sticky":false,"template":"","format":"standard","meta":{"footnotes":""},"categories":[7380,1],"tags":[7767,4914,5798,2336,1438,320],"class_list":["post-435691","post","type-post","status-publish","format-standard","has-post-thumbnail","hentry","category-clima","category-noticias","tag-_meio-ambiente","tag-a-agricultura","tag-administracao-interna","tag-defesa-nacional","tag-incendio","tag-protecao-civil"],"yoast_head":"<!-- This site is optimized with the Yoast SEO plugin v27.2 - https:\/\/yoast.com\/product\/yoast-seo-wordpress\/ -->\n<title>Governo cria Comando Integrado para reduzir risco de inc\u00eandios - Portal Tela Portugal<\/title>\n<meta name=\"robots\" content=\"index, follow, max-snippet:-1, max-image-preview:large, max-video-preview:-1\" \/>\n<meta property=\"og:locale\" content=\"pt_PT\" \/>\n<meta property=\"og:type\" content=\"article\" \/>\n<meta property=\"og:title\" content=\"Governo cria Comando Integrado para reduzir risco de inc\u00eandios - Portal Tela Portugal\" \/>\n<meta property=\"og:description\" content=\"O Governo criou o Comando Integrado de Preven\u00e7\u00e3o e Opera\u00e7\u00f5es (CIPO) para reduzir o risco de inc\u00eandio rural antes do ver\u00e3o, num contexto de tempestades que provocaram quedas de milhares de \u00e1rvores. O CIPO ser\u00e1 apresentado na quarta-feira em Leiria, onde ficar\u00e1 um centro de comando avan\u00e7ado da prote\u00e7\u00e3o civil que vai albergar a estrutura. As fun\u00e7\u00f5es do CIPO incluem remover material combust\u00edvel, limpar \u00e1reas cr\u00edticas, abrir caminhos e melhorar acessos para facilitar interven\u00e7\u00f5es. A iniciativa envolve tr\u00eas minist\u00e9rios \u2014 Administra\u00e7\u00e3o Interna, Defesa Nacional e Agricultura e Mar \u2014 e entidades como ANEPC, ICNF, AGIF, GNR, For\u00e7as Armadas e a Liga dos Bombeiros Portugueses. O objetivo \u00e9 refor\u00e7ar planeamento, antecipa\u00e7\u00e3o, interven\u00e7\u00e3o e controlo do risco, com coordena\u00e7\u00e3o permanente entre entidades nacionais e autoridades locais.\" \/>\n<meta property=\"og:url\" content=\"https:\/\/portaltela.pt\/noticias\/2026\/04\/07\/governo-cria-comando-integrado-para-reduzir-risco-de-incendios\/\" \/>\n<meta property=\"og:site_name\" content=\"Portal Tela Portugal\" \/>\n<meta property=\"article:published_time\" content=\"2026-04-07T17:17:40+00:00\" \/>\n<meta name=\"author\" content=\"Telinha\" \/>\n<meta name=\"twitter:card\" content=\"summary_large_image\" \/>\n<meta name=\"twitter:label1\" content=\"Escrito por\" \/>\n\t<meta name=\"twitter:data1\" content=\"Telinha\" \/>\n\t<meta name=\"twitter:label2\" content=\"Tempo estimado de leitura\" \/>\n\t<meta name=\"twitter:data2\" content=\"2 minutos\" \/>\n<script type=\"application\/ld+json\" class=\"yoast-schema-graph\">{\"@context\":\"https:\/\/schema.org\",\"@graph\":[{\"@type\":\"Article\",\"@id\":\"https:\/\/portaltela.pt\/noticias\/2026\/04\/07\/governo-cria-comando-integrado-para-reduzir-risco-de-incendios\/#article\",\"isPartOf\":{\"@id\":\"https:\/\/portaltela.pt\/noticias\/2026\/04\/07\/governo-cria-comando-integrado-para-reduzir-risco-de-incendios\/\"},\"author\":{\"name\":\"Telinha\",\"@id\":\"https:\/\/portaltela.pt\/#\/schema\/person\/c4278d4a6028830caff9ee44b42d32ed\"},\"headline\":\"Governo cria Comando Integrado para reduzir risco de inc\u00eandios\",\"datePublished\":\"2026-04-07T17:17:40+00:00\",\"mainEntityOfPage\":{\"@id\":\"https:\/\/portaltela.pt\/noticias\/2026\/04\/07\/governo-cria-comando-integrado-para-reduzir-risco-de-incendios\/\"},\"wordCount\":356,\"image\":{\"@id\":\"https:\/\/portaltela.pt\/noticias\/2026\/04\/07\/governo-cria-comando-integrado-para-reduzir-risco-de-incendios\/#primaryimage\"},\"thumbnailUrl\":\"https:\/\/portaltela.pt\/s.01k8rhncp4jt1\/2026\/04\/img_1500x1000uu2025-07-31-19-10-31-2226330.jpg\",\"keywords\":[\"_meio-ambiente\",\"A agricultura\",\"Administra\u00e7\u00e3o Interna\",\"Defesa Nacional\",\"inc\u00eandio\",\"prote\u00e7\u00e3o civil\"],\"articleSection\":[\"Clima\",\"Not\u00edcias\"],\"inLanguage\":\"pt-PT\"},{\"@type\":\"WebPage\",\"@id\":\"https:\/\/portaltela.pt\/noticias\/2026\/04\/07\/governo-cria-comando-integrado-para-reduzir-risco-de-incendios\/\",\"url\":\"https:\/\/portaltela.pt\/noticias\/2026\/04\/07\/governo-cria-comando-integrado-para-reduzir-risco-de-incendios\/\",\"name\":\"Governo cria Comando Integrado para reduzir risco de inc\u00eandios - Portal Tela Portugal\",\"isPartOf\":{\"@id\":\"https:\/\/portaltela.pt\/#website\"},\"primaryImageOfPage\":{\"@id\":\"https:\/\/portaltela.pt\/noticias\/2026\/04\/07\/governo-cria-comando-integrado-para-reduzir-risco-de-incendios\/#primaryimage\"},\"image\":{\"@id\":\"https:\/\/portaltela.pt\/noticias\/2026\/04\/07\/governo-cria-comando-integrado-para-reduzir-risco-de-incendios\/#primaryimage\"},\"thumbnailUrl\":\"https:\/\/portaltela.pt\/s.01k8rhncp4jt1\/2026\/04\/img_1500x1000uu2025-07-31-19-10-31-2226330.jpg\",\"datePublished\":\"2026-04-07T17:17:40+00:00\",\"author\":{\"@id\":\"https:\/\/portaltela.pt\/#\/schema\/person\/c4278d4a6028830caff9ee44b42d32ed\"},\"breadcrumb\":{\"@id\":\"https:\/\/portaltela.pt\/noticias\/2026\/04\/07\/governo-cria-comando-integrado-para-reduzir-risco-de-incendios\/#breadcrumb\"},\"inLanguage\":\"pt-PT\",\"potentialAction\":[{\"@type\":\"ReadAction\",\"target\":[\"https:\/\/portaltela.pt\/noticias\/2026\/04\/07\/governo-cria-comando-integrado-para-reduzir-risco-de-incendios\/\"]}]},{\"@type\":\"ImageObject\",\"inLanguage\":\"pt-PT\",\"@id\":\"https:\/\/portaltela.pt\/noticias\/2026\/04\/07\/governo-cria-comando-integrado-para-reduzir-risco-de-incendios\/#primaryimage\",\"url\":\"https:\/\/portaltela.pt\/s.01k8rhncp4jt1\/2026\/04\/img_1500x1000uu2025-07-31-19-10-31-2226330.jpg\",\"contentUrl\":\"https:\/\/portaltela.pt\/s.01k8rhncp4jt1\/2026\/04\/img_1500x1000uu2025-07-31-19-10-31-2226330.jpg\",\"width\":796,\"height\":448,\"caption\":\"Inc\u00eandio em Ponte da Barca destr\u00f3i \u00e1rea protegida do Parque Peneda-Ger\u00eas\"},{\"@type\":\"BreadcrumbList\",\"@id\":\"https:\/\/portaltela.pt\/noticias\/2026\/04\/07\/governo-cria-comando-integrado-para-reduzir-risco-de-incendios\/#breadcrumb\",\"itemListElement\":[{\"@type\":\"ListItem\",\"position\":1,\"name\":\"In\u00edcio\",\"item\":\"https:\/\/portaltela.pt\/\"},{\"@type\":\"ListItem\",\"position\":2,\"name\":\"Governo cria Comando Integrado para reduzir risco de inc\u00eandios\"}]},{\"@type\":\"WebSite\",\"@id\":\"https:\/\/portaltela.pt\/#website\",\"url\":\"https:\/\/portaltela.pt\/\",\"name\":\"Portal Tela Portugal\",\"description\":\"\",\"potentialAction\":[{\"@type\":\"SearchAction\",\"target\":{\"@type\":\"EntryPoint\",\"urlTemplate\":\"https:\/\/portaltela.pt\/?s={search_term_string}\"},\"query-input\":{\"@type\":\"PropertyValueSpecification\",\"valueRequired\":true,\"valueName\":\"search_term_string\"}}],\"inLanguage\":\"pt-PT\"},{\"@type\":\"Person\",\"@id\":\"https:\/\/portaltela.pt\/#\/schema\/person\/c4278d4a6028830caff9ee44b42d32ed\",\"name\":\"Telinha\",\"image\":{\"@type\":\"ImageObject\",\"inLanguage\":\"pt-PT\",\"@id\":\"https:\/\/portaltela.pt\/s.01k8rhncp4jt1\/2025\/11\/talking-bot-125x125.png\",\"url\":\"https:\/\/portaltela.pt\/s.01k8rhncp4jt1\/2025\/11\/talking-bot-125x125.png\",\"contentUrl\":\"https:\/\/portaltela.pt\/s.01k8rhncp4jt1\/2025\/11\/talking-bot-125x125.png\",\"caption\":\"Telinha\"},\"sameAs\":[\"https:\/\/portaltela.pt\/\"],\"url\":\"https:\/\/portaltela.pt\/por\/367410592786\/\"}]}<\/script>\n<!-- \/ Yoast SEO plugin. -->","yoast_head_json":{"title":"Governo cria Comando Integrado para reduzir risco de inc\u00eandios - Portal Tela Portugal","robots":{"index":"index","follow":"follow","max-snippet":"max-snippet:-1","max-image-preview":"max-image-preview:large","max-video-preview":"max-video-preview:-1"},"og_locale":"pt_PT","og_type":"article","og_title":"Governo cria Comando Integrado para reduzir risco de inc\u00eandios - Portal Tela Portugal","og_description":"O Governo criou o Comando Integrado de Preven\u00e7\u00e3o e Opera\u00e7\u00f5es (CIPO) para reduzir o risco de inc\u00eandio rural antes do ver\u00e3o, num contexto de tempestades que provocaram quedas de milhares de \u00e1rvores. O CIPO ser\u00e1 apresentado na quarta-feira em Leiria, onde ficar\u00e1 um centro de comando avan\u00e7ado da prote\u00e7\u00e3o civil que vai albergar a estrutura. As fun\u00e7\u00f5es do CIPO incluem remover material combust\u00edvel, limpar \u00e1reas cr\u00edticas, abrir caminhos e melhorar acessos para facilitar interven\u00e7\u00f5es. A iniciativa envolve tr\u00eas minist\u00e9rios \u2014 Administra\u00e7\u00e3o Interna, Defesa Nacional e Agricultura e Mar \u2014 e entidades como ANEPC, ICNF, AGIF, GNR, For\u00e7as Armadas e a Liga dos Bombeiros Portugueses. O objetivo \u00e9 refor\u00e7ar planeamento, antecipa\u00e7\u00e3o, interven\u00e7\u00e3o e controlo do risco, com coordena\u00e7\u00e3o permanente entre entidades nacionais e autoridades locais.","og_url":"https:\/\/portaltela.pt\/noticias\/2026\/04\/07\/governo-cria-comando-integrado-para-reduzir-risco-de-incendios\/","og_site_name":"Portal Tela Portugal","article_published_time":"2026-04-07T17:17:40+00:00","author":"Telinha","twitter_card":"summary_large_image","twitter_misc":{"Escrito por":"Telinha","Tempo estimado de leitura":"2 minutos"},"schema":{"@context":"https:\/\/schema.org","@graph":[{"@type":"Article","@id":"https:\/\/portaltela.pt\/noticias\/2026\/04\/07\/governo-cria-comando-integrado-para-reduzir-risco-de-incendios\/#article","isPartOf":{"@id":"https:\/\/portaltela.pt\/noticias\/2026\/04\/07\/governo-cria-comando-integrado-para-reduzir-risco-de-incendios\/"},"author":{"name":"Telinha","@id":"https:\/\/portaltela.pt\/#\/schema\/person\/c4278d4a6028830caff9ee44b42d32ed"},"headline":"Governo cria Comando Integrado para reduzir risco de inc\u00eandios","datePublished":"2026-04-07T17:17:40+00:00","mainEntityOfPage":{"@id":"https:\/\/portaltela.pt\/noticias\/2026\/04\/07\/governo-cria-comando-integrado-para-reduzir-risco-de-incendios\/"},"wordCount":356,"image":{"@id":"https:\/\/portaltela.pt\/noticias\/2026\/04\/07\/governo-cria-comando-integrado-para-reduzir-risco-de-incendios\/#primaryimage"},"thumbnailUrl":"https:\/\/portaltela.pt\/s.01k8rhncp4jt1\/2026\/04\/img_1500x1000uu2025-07-31-19-10-31-2226330.jpg","keywords":["_meio-ambiente","A agricultura","Administra\u00e7\u00e3o Interna","Defesa Nacional","inc\u00eandio","prote\u00e7\u00e3o civil"],"articleSection":["Clima","Not\u00edcias"],"inLanguage":"pt-PT"},{"@type":"WebPage","@id":"https:\/\/portaltela.pt\/noticias\/2026\/04\/07\/governo-cria-comando-integrado-para-reduzir-risco-de-incendios\/","url":"https:\/\/portaltela.pt\/noticias\/2026\/04\/07\/governo-cria-comando-integrado-para-reduzir-risco-de-incendios\/","name":"Governo cria Comando Integrado para reduzir risco de inc\u00eandios - Portal Tela Portugal","isPartOf":{"@id":"https:\/\/portaltela.pt\/#website"},"primaryImageOfPage":{"@id":"https:\/\/portaltela.pt\/noticias\/2026\/04\/07\/governo-cria-comando-integrado-para-reduzir-risco-de-incendios\/#primaryimage"},"image":{"@id":"https:\/\/portaltela.pt\/noticias\/2026\/04\/07\/governo-cria-comando-integrado-para-reduzir-risco-de-incendios\/#primaryimage"},"thumbnailUrl":"https:\/\/portaltela.pt\/s.01k8rhncp4jt1\/2026\/04\/img_1500x1000uu2025-07-31-19-10-31-2226330.jpg","datePublished":"2026-04-07T17:17:40+00:00","author":{"@id":"https:\/\/portaltela.pt\/#\/schema\/person\/c4278d4a6028830caff9ee44b42d32ed"},"breadcrumb":{"@id":"https:\/\/portaltela.pt\/noticias\/2026\/04\/07\/governo-cria-comando-integrado-para-reduzir-risco-de-incendios\/#breadcrumb"},"inLanguage":"pt-PT","potentialAction":[{"@type":"ReadAction","target":["https:\/\/portaltela.pt\/noticias\/2026\/04\/07\/governo-cria-comando-integrado-para-reduzir-risco-de-incendios\/"]}]},{"@type":"ImageObject","inLanguage":"pt-PT","@id":"https:\/\/portaltela.pt\/noticias\/2026\/04\/07\/governo-cria-comando-integrado-para-reduzir-risco-de-incendios\/#primaryimage","url":"https:\/\/portaltela.pt\/s.01k8rhncp4jt1\/2026\/04\/img_1500x1000uu2025-07-31-19-10-31-2226330.jpg","contentUrl":"https:\/\/portaltela.pt\/s.01k8rhncp4jt1\/2026\/04\/img_1500x1000uu2025-07-31-19-10-31-2226330.jpg","width":796,"height":448,"caption":"Inc\u00eandio em Ponte da Barca destr\u00f3i \u00e1rea protegida do Parque Peneda-Ger\u00eas"},{"@type":"BreadcrumbList","@id":"https:\/\/portaltela.pt\/noticias\/2026\/04\/07\/governo-cria-comando-integrado-para-reduzir-risco-de-incendios\/#breadcrumb","itemListElement":[{"@type":"ListItem","position":1,"name":"In\u00edcio","item":"https:\/\/portaltela.pt\/"},{"@type":"ListItem","position":2,"name":"Governo cria Comando Integrado para reduzir risco de inc\u00eandios"}]},{"@type":"WebSite","@id":"https:\/\/portaltela.pt\/#website","url":"https:\/\/portaltela.pt\/","name":"Portal Tela Portugal","description":"","potentialAction":[{"@type":"SearchAction","target":{"@type":"EntryPoint","urlTemplate":"https:\/\/portaltela.pt\/?s={search_term_string}"},"query-input":{"@type":"PropertyValueSpecification","valueRequired":true,"valueName":"search_term_string"}}],"inLanguage":"pt-PT"},{"@type":"Person","@id":"https:\/\/portaltela.pt\/#\/schema\/person\/c4278d4a6028830caff9ee44b42d32ed","name":"Telinha","image":{"@type":"ImageObject","inLanguage":"pt-PT","@id":"https:\/\/portaltela.pt\/s.01k8rhncp4jt1\/2025\/11\/talking-bot-125x125.png","url":"https:\/\/portaltela.pt\/s.01k8rhncp4jt1\/2025\/11\/talking-bot-125x125.png","contentUrl":"https:\/\/portaltela.pt\/s.01k8rhncp4jt1\/2025\/11\/talking-bot-125x125.png","caption":"Telinha"},"sameAs":["https:\/\/portaltela.pt\/"],"url":"https:\/\/portaltela.pt\/por\/367410592786\/"}]}},"_links":{"self":[{"href":"https:\/\/portaltela.pt\/api\/wp\/v2\/posts\/435691","targetHints":{"allow":["GET"]}}],"collection":[{"href":"https:\/\/portaltela.pt\/api\/wp\/v2\/posts"}],"about":[{"href":"https:\/\/portaltela.pt\/api\/wp\/v2\/types\/post"}],"author":[{"embeddable":true,"href":"https:\/\/portaltela.pt\/api\/wp\/v2\/users\/2"}],"replies":[{"embeddable":true,"href":"https:\/\/portaltela.pt\/api\/wp\/v2\/comments?post=435691"}],"version-history":[{"count":0,"href":"https:\/\/portaltela.pt\/api\/wp\/v2\/posts\/435691\/revisions"}],"wp:featuredmedia":[{"embeddable":true,"href":"https:\/\/portaltela.pt\/api\/wp\/v2\/media\/435696"}],"wp:attachment":[{"href":"https:\/\/portaltela.pt\/api\/wp\/v2\/media?parent=435691"}],"wp:term":[{"taxonomy":"category","embeddable":true,"href":"https:\/\/portaltela.pt\/api\/wp\/v2\/categories?post=435691"},{"taxonomy":"post_tag","embeddable":true,"href":"https:\/\/portaltela.pt\/api\/wp\/v2\/tags?post=435691"}],"curies":[{"name":"wp","href":"https:\/\/api.w.org\/{rel}","templated":true}]}}