{"id":435689,"date":"2026-04-07T13:30:00","date_gmt":"2026-04-07T16:30:00","guid":{"rendered":"https:\/\/portaltela.pt\/noticias\/2026\/04\/07\/ex-guarda-prisional-condenado-a-pena-suspensa-de-dois-anos-por-corrupcao-passiva\/"},"modified":"2026-04-07T13:30:00","modified_gmt":"2026-04-07T16:30:00","slug":"ex-guarda-prisional-condenado-a-pena-suspensa-de-dois-anos-por-corrupcao-passiva","status":"publish","type":"post","link":"https:\/\/portaltela.pt\/noticias\/2026\/04\/07\/ex-guarda-prisional-condenado-a-pena-suspensa-de-dois-anos-por-corrupcao-passiva\/","title":{"rendered":"Ex-guarda prisional condenado a pena suspensa de dois anos por corrup\u00e7\u00e3o passiva"},"content":{"rendered":"<p>Hoje, o Tribunal de Matosinhos condenou o ex-guarda prisional por corrup\u00e7\u00e3o passiva, relacionado com a introdu\u00e7\u00e3o de droga e telem\u00f3veis na pris\u00e3o de Cust\u00f3ias em 2017.<\/p>\n<p>A pena fixada \u00e9 de dois anos de pris\u00e3o, suspensa na sua execu\u00e7\u00e3o, o que significa que n\u00e3o ir\u00e1 cumprir a pena desde que n\u00e3o cometa novas infrac\u00e7\u00f5es durante o per\u00edodo de prova.<\/p>\n<p>A decis\u00e3o baseia-se na pr\u00e1tica de corrup\u00e7\u00e3o passiva envolvendo o ex-guarda, no contexto de controlo de entradas na pris\u00e3o.<\/p>\n","protected":false},"excerpt":{"rendered":"<ul>\n<li>O Tribunal de Matosinhos condenou o ex-guarda prisional por ter introduzido droga e telem\u00f3veis na pris\u00e3o de Cust\u00f3ias, em 2017.<\/li>\n<li>A senten\u00e7a foi de dois anos de pris\u00e3o, suspensa na sua execu\u00e7\u00e3o.<\/li>\n<li>A acusa\u00e7\u00e3o aponta o crime de corrup\u00e7\u00e3o passiva.<\/li>\n<li>O caso envolve a entrada de artigos proibidos na institui\u00e7\u00e3o prisional.<\/li>\n<li>A decis\u00e3o foi anunciada hoje pelo tribunal.<\/li>\n<\/ul>\n","protected":false},"author":2,"featured_media":435692,"comment_status":"closed","ping_status":"closed","sticky":false,"template":"","format":"standard","meta":{"footnotes":""},"categories":[6815,1],"tags":[83,7473,147,3848,6484,803],"class_list":["post-435689","post","type-post","status-publish","format-standard","has-post-thumbnail","hentry","category-justica","category-noticias","tag-corrupcao","tag-corrupcao-passiva","tag-crime","tag-custoias","tag-direito-penal","tag-justica"],"yoast_head":"<!-- This site is optimized with the Yoast SEO plugin v27.2 - https:\/\/yoast.com\/product\/yoast-seo-wordpress\/ -->\n<title>Ex-guarda prisional condenado a pena suspensa de dois anos por corrup\u00e7\u00e3o passiva - Portal Tela Portugal<\/title>\n<meta name=\"robots\" content=\"index, follow, max-snippet:-1, max-image-preview:large, max-video-preview:-1\" \/>\n<meta property=\"og:locale\" content=\"pt_PT\" \/>\n<meta property=\"og:type\" content=\"article\" \/>\n<meta property=\"og:title\" content=\"Ex-guarda prisional condenado a pena suspensa de dois anos por corrup\u00e7\u00e3o passiva - Portal Tela Portugal\" \/>\n<meta property=\"og:description\" content=\"O Tribunal de Matosinhos condenou o ex-guarda prisional por ter introduzido droga e telem\u00f3veis na pris\u00e3o de Cust\u00f3ias, em 2017. A senten\u00e7a foi de dois anos de pris\u00e3o, suspensa na sua execu\u00e7\u00e3o. A acusa\u00e7\u00e3o aponta o crime de corrup\u00e7\u00e3o passiva. O caso envolve a entrada de artigos proibidos na institui\u00e7\u00e3o prisional. A decis\u00e3o foi anunciada hoje pelo tribunal.\" \/>\n<meta property=\"og:url\" content=\"https:\/\/portaltela.pt\/noticias\/2026\/04\/07\/ex-guarda-prisional-condenado-a-pena-suspensa-de-dois-anos-por-corrupcao-passiva\/\" \/>\n<meta property=\"og:site_name\" content=\"Portal Tela Portugal\" \/>\n<meta property=\"article:published_time\" content=\"2026-04-07T16:30:00+00:00\" \/>\n<meta name=\"author\" content=\"Telinha\" \/>\n<meta name=\"twitter:card\" content=\"summary_large_image\" \/>\n<meta name=\"twitter:label1\" content=\"Escrito por\" \/>\n\t<meta name=\"twitter:data1\" content=\"Telinha\" \/>\n<script type=\"application\/ld+json\" class=\"yoast-schema-graph\">{\"@context\":\"https:\/\/schema.org\",\"@graph\":[{\"@type\":\"Article\",\"@id\":\"https:\/\/portaltela.pt\/noticias\/2026\/04\/07\/ex-guarda-prisional-condenado-a-pena-suspensa-de-dois-anos-por-corrupcao-passiva\/#article\",\"isPartOf\":{\"@id\":\"https:\/\/portaltela.pt\/noticias\/2026\/04\/07\/ex-guarda-prisional-condenado-a-pena-suspensa-de-dois-anos-por-corrupcao-passiva\/\"},\"author\":{\"name\":\"Telinha\",\"@id\":\"https:\/\/portaltela.pt\/#\/schema\/person\/c4278d4a6028830caff9ee44b42d32ed\"},\"headline\":\"Ex-guarda prisional condenado a pena suspensa de dois anos por corrup\u00e7\u00e3o passiva\",\"datePublished\":\"2026-04-07T16:30:00+00:00\",\"mainEntityOfPage\":{\"@id\":\"https:\/\/portaltela.pt\/noticias\/2026\/04\/07\/ex-guarda-prisional-condenado-a-pena-suspensa-de-dois-anos-por-corrupcao-passiva\/\"},\"wordCount\":104,\"image\":{\"@id\":\"https:\/\/portaltela.pt\/noticias\/2026\/04\/07\/ex-guarda-prisional-condenado-a-pena-suspensa-de-dois-anos-por-corrupcao-passiva\/#primaryimage\"},\"thumbnailUrl\":\"https:\/\/portaltela.pt\/s.01k8rhncp4jt1\/2026\/04\/CACHE_780X1200_ANALOG_WATERMARKED_44017968_1239390_18122024104525.jpg\",\"keywords\":[\"corrup\u00e7\u00e3o\",\"corrup\u00e7\u00e3o passiva\",\"crime\",\"Cust\u00f3ias\",\"Direito Penal\",\"justi\u00e7a\"],\"articleSection\":[\"Justi\u00e7a\",\"Not\u00edcias\"],\"inLanguage\":\"pt-PT\"},{\"@type\":\"WebPage\",\"@id\":\"https:\/\/portaltela.pt\/noticias\/2026\/04\/07\/ex-guarda-prisional-condenado-a-pena-suspensa-de-dois-anos-por-corrupcao-passiva\/\",\"url\":\"https:\/\/portaltela.pt\/noticias\/2026\/04\/07\/ex-guarda-prisional-condenado-a-pena-suspensa-de-dois-anos-por-corrupcao-passiva\/\",\"name\":\"Ex-guarda prisional condenado a pena suspensa de dois anos por corrup\u00e7\u00e3o passiva - Portal Tela Portugal\",\"isPartOf\":{\"@id\":\"https:\/\/portaltela.pt\/#website\"},\"primaryImageOfPage\":{\"@id\":\"https:\/\/portaltela.pt\/noticias\/2026\/04\/07\/ex-guarda-prisional-condenado-a-pena-suspensa-de-dois-anos-por-corrupcao-passiva\/#primaryimage\"},\"image\":{\"@id\":\"https:\/\/portaltela.pt\/noticias\/2026\/04\/07\/ex-guarda-prisional-condenado-a-pena-suspensa-de-dois-anos-por-corrupcao-passiva\/#primaryimage\"},\"thumbnailUrl\":\"https:\/\/portaltela.pt\/s.01k8rhncp4jt1\/2026\/04\/CACHE_780X1200_ANALOG_WATERMARKED_44017968_1239390_18122024104525.jpg\",\"datePublished\":\"2026-04-07T16:30:00+00:00\",\"author\":{\"@id\":\"https:\/\/portaltela.pt\/#\/schema\/person\/c4278d4a6028830caff9ee44b42d32ed\"},\"breadcrumb\":{\"@id\":\"https:\/\/portaltela.pt\/noticias\/2026\/04\/07\/ex-guarda-prisional-condenado-a-pena-suspensa-de-dois-anos-por-corrupcao-passiva\/#breadcrumb\"},\"inLanguage\":\"pt-PT\",\"potentialAction\":[{\"@type\":\"ReadAction\",\"target\":[\"https:\/\/portaltela.pt\/noticias\/2026\/04\/07\/ex-guarda-prisional-condenado-a-pena-suspensa-de-dois-anos-por-corrupcao-passiva\/\"]}]},{\"@type\":\"ImageObject\",\"inLanguage\":\"pt-PT\",\"@id\":\"https:\/\/portaltela.pt\/noticias\/2026\/04\/07\/ex-guarda-prisional-condenado-a-pena-suspensa-de-dois-anos-por-corrupcao-passiva\/#primaryimage\",\"url\":\"https:\/\/portaltela.pt\/s.01k8rhncp4jt1\/2026\/04\/CACHE_780X1200_ANALOG_WATERMARKED_44017968_1239390_18122024104525.jpg\",\"contentUrl\":\"https:\/\/portaltela.pt\/s.01k8rhncp4jt1\/2026\/04\/CACHE_780X1200_ANALOG_WATERMARKED_44017968_1239390_18122024104525.jpg\",\"width\":768,\"height\":512,\"caption\":\"Ex-guarda prisional condenado a pena suspensa de dois anos por corrup\u00e7\u00e3o passiva\"},{\"@type\":\"BreadcrumbList\",\"@id\":\"https:\/\/portaltela.pt\/noticias\/2026\/04\/07\/ex-guarda-prisional-condenado-a-pena-suspensa-de-dois-anos-por-corrupcao-passiva\/#breadcrumb\",\"itemListElement\":[{\"@type\":\"ListItem\",\"position\":1,\"name\":\"In\u00edcio\",\"item\":\"https:\/\/portaltela.pt\/\"},{\"@type\":\"ListItem\",\"position\":2,\"name\":\"Ex-guarda prisional condenado a pena suspensa de dois anos por corrup\u00e7\u00e3o passiva\"}]},{\"@type\":\"WebSite\",\"@id\":\"https:\/\/portaltela.pt\/#website\",\"url\":\"https:\/\/portaltela.pt\/\",\"name\":\"Portal Tela Portugal\",\"description\":\"\",\"potentialAction\":[{\"@type\":\"SearchAction\",\"target\":{\"@type\":\"EntryPoint\",\"urlTemplate\":\"https:\/\/portaltela.pt\/?s={search_term_string}\"},\"query-input\":{\"@type\":\"PropertyValueSpecification\",\"valueRequired\":true,\"valueName\":\"search_term_string\"}}],\"inLanguage\":\"pt-PT\"},{\"@type\":\"Person\",\"@id\":\"https:\/\/portaltela.pt\/#\/schema\/person\/c4278d4a6028830caff9ee44b42d32ed\",\"name\":\"Telinha\",\"image\":{\"@type\":\"ImageObject\",\"inLanguage\":\"pt-PT\",\"@id\":\"https:\/\/portaltela.pt\/s.01k8rhncp4jt1\/2025\/11\/talking-bot-125x125.png\",\"url\":\"https:\/\/portaltela.pt\/s.01k8rhncp4jt1\/2025\/11\/talking-bot-125x125.png\",\"contentUrl\":\"https:\/\/portaltela.pt\/s.01k8rhncp4jt1\/2025\/11\/talking-bot-125x125.png\",\"caption\":\"Telinha\"},\"sameAs\":[\"https:\/\/portaltela.pt\/\"],\"url\":\"https:\/\/portaltela.pt\/por\/367410592786\/\"}]}<\/script>\n<!-- \/ Yoast SEO plugin. -->","yoast_head_json":{"title":"Ex-guarda prisional condenado a pena suspensa de dois anos por corrup\u00e7\u00e3o passiva - Portal Tela Portugal","robots":{"index":"index","follow":"follow","max-snippet":"max-snippet:-1","max-image-preview":"max-image-preview:large","max-video-preview":"max-video-preview:-1"},"og_locale":"pt_PT","og_type":"article","og_title":"Ex-guarda prisional condenado a pena suspensa de dois anos por corrup\u00e7\u00e3o passiva - Portal Tela Portugal","og_description":"O Tribunal de Matosinhos condenou o ex-guarda prisional por ter introduzido droga e telem\u00f3veis na pris\u00e3o de Cust\u00f3ias, em 2017. A senten\u00e7a foi de dois anos de pris\u00e3o, suspensa na sua execu\u00e7\u00e3o. A acusa\u00e7\u00e3o aponta o crime de corrup\u00e7\u00e3o passiva. O caso envolve a entrada de artigos proibidos na institui\u00e7\u00e3o prisional. A decis\u00e3o foi anunciada hoje pelo tribunal.","og_url":"https:\/\/portaltela.pt\/noticias\/2026\/04\/07\/ex-guarda-prisional-condenado-a-pena-suspensa-de-dois-anos-por-corrupcao-passiva\/","og_site_name":"Portal Tela Portugal","article_published_time":"2026-04-07T16:30:00+00:00","author":"Telinha","twitter_card":"summary_large_image","twitter_misc":{"Escrito por":"Telinha"},"schema":{"@context":"https:\/\/schema.org","@graph":[{"@type":"Article","@id":"https:\/\/portaltela.pt\/noticias\/2026\/04\/07\/ex-guarda-prisional-condenado-a-pena-suspensa-de-dois-anos-por-corrupcao-passiva\/#article","isPartOf":{"@id":"https:\/\/portaltela.pt\/noticias\/2026\/04\/07\/ex-guarda-prisional-condenado-a-pena-suspensa-de-dois-anos-por-corrupcao-passiva\/"},"author":{"name":"Telinha","@id":"https:\/\/portaltela.pt\/#\/schema\/person\/c4278d4a6028830caff9ee44b42d32ed"},"headline":"Ex-guarda prisional condenado a pena suspensa de dois anos por corrup\u00e7\u00e3o passiva","datePublished":"2026-04-07T16:30:00+00:00","mainEntityOfPage":{"@id":"https:\/\/portaltela.pt\/noticias\/2026\/04\/07\/ex-guarda-prisional-condenado-a-pena-suspensa-de-dois-anos-por-corrupcao-passiva\/"},"wordCount":104,"image":{"@id":"https:\/\/portaltela.pt\/noticias\/2026\/04\/07\/ex-guarda-prisional-condenado-a-pena-suspensa-de-dois-anos-por-corrupcao-passiva\/#primaryimage"},"thumbnailUrl":"https:\/\/portaltela.pt\/s.01k8rhncp4jt1\/2026\/04\/CACHE_780X1200_ANALOG_WATERMARKED_44017968_1239390_18122024104525.jpg","keywords":["corrup\u00e7\u00e3o","corrup\u00e7\u00e3o passiva","crime","Cust\u00f3ias","Direito Penal","justi\u00e7a"],"articleSection":["Justi\u00e7a","Not\u00edcias"],"inLanguage":"pt-PT"},{"@type":"WebPage","@id":"https:\/\/portaltela.pt\/noticias\/2026\/04\/07\/ex-guarda-prisional-condenado-a-pena-suspensa-de-dois-anos-por-corrupcao-passiva\/","url":"https:\/\/portaltela.pt\/noticias\/2026\/04\/07\/ex-guarda-prisional-condenado-a-pena-suspensa-de-dois-anos-por-corrupcao-passiva\/","name":"Ex-guarda prisional condenado a pena suspensa de dois anos por corrup\u00e7\u00e3o passiva - Portal Tela Portugal","isPartOf":{"@id":"https:\/\/portaltela.pt\/#website"},"primaryImageOfPage":{"@id":"https:\/\/portaltela.pt\/noticias\/2026\/04\/07\/ex-guarda-prisional-condenado-a-pena-suspensa-de-dois-anos-por-corrupcao-passiva\/#primaryimage"},"image":{"@id":"https:\/\/portaltela.pt\/noticias\/2026\/04\/07\/ex-guarda-prisional-condenado-a-pena-suspensa-de-dois-anos-por-corrupcao-passiva\/#primaryimage"},"thumbnailUrl":"https:\/\/portaltela.pt\/s.01k8rhncp4jt1\/2026\/04\/CACHE_780X1200_ANALOG_WATERMARKED_44017968_1239390_18122024104525.jpg","datePublished":"2026-04-07T16:30:00+00:00","author":{"@id":"https:\/\/portaltela.pt\/#\/schema\/person\/c4278d4a6028830caff9ee44b42d32ed"},"breadcrumb":{"@id":"https:\/\/portaltela.pt\/noticias\/2026\/04\/07\/ex-guarda-prisional-condenado-a-pena-suspensa-de-dois-anos-por-corrupcao-passiva\/#breadcrumb"},"inLanguage":"pt-PT","potentialAction":[{"@type":"ReadAction","target":["https:\/\/portaltela.pt\/noticias\/2026\/04\/07\/ex-guarda-prisional-condenado-a-pena-suspensa-de-dois-anos-por-corrupcao-passiva\/"]}]},{"@type":"ImageObject","inLanguage":"pt-PT","@id":"https:\/\/portaltela.pt\/noticias\/2026\/04\/07\/ex-guarda-prisional-condenado-a-pena-suspensa-de-dois-anos-por-corrupcao-passiva\/#primaryimage","url":"https:\/\/portaltela.pt\/s.01k8rhncp4jt1\/2026\/04\/CACHE_780X1200_ANALOG_WATERMARKED_44017968_1239390_18122024104525.jpg","contentUrl":"https:\/\/portaltela.pt\/s.01k8rhncp4jt1\/2026\/04\/CACHE_780X1200_ANALOG_WATERMARKED_44017968_1239390_18122024104525.jpg","width":768,"height":512,"caption":"Ex-guarda prisional condenado a pena suspensa de dois anos por corrup\u00e7\u00e3o passiva"},{"@type":"BreadcrumbList","@id":"https:\/\/portaltela.pt\/noticias\/2026\/04\/07\/ex-guarda-prisional-condenado-a-pena-suspensa-de-dois-anos-por-corrupcao-passiva\/#breadcrumb","itemListElement":[{"@type":"ListItem","position":1,"name":"In\u00edcio","item":"https:\/\/portaltela.pt\/"},{"@type":"ListItem","position":2,"name":"Ex-guarda prisional condenado a pena suspensa de dois anos por corrup\u00e7\u00e3o passiva"}]},{"@type":"WebSite","@id":"https:\/\/portaltela.pt\/#website","url":"https:\/\/portaltela.pt\/","name":"Portal Tela Portugal","description":"","potentialAction":[{"@type":"SearchAction","target":{"@type":"EntryPoint","urlTemplate":"https:\/\/portaltela.pt\/?s={search_term_string}"},"query-input":{"@type":"PropertyValueSpecification","valueRequired":true,"valueName":"search_term_string"}}],"inLanguage":"pt-PT"},{"@type":"Person","@id":"https:\/\/portaltela.pt\/#\/schema\/person\/c4278d4a6028830caff9ee44b42d32ed","name":"Telinha","image":{"@type":"ImageObject","inLanguage":"pt-PT","@id":"https:\/\/portaltela.pt\/s.01k8rhncp4jt1\/2025\/11\/talking-bot-125x125.png","url":"https:\/\/portaltela.pt\/s.01k8rhncp4jt1\/2025\/11\/talking-bot-125x125.png","contentUrl":"https:\/\/portaltela.pt\/s.01k8rhncp4jt1\/2025\/11\/talking-bot-125x125.png","caption":"Telinha"},"sameAs":["https:\/\/portaltela.pt\/"],"url":"https:\/\/portaltela.pt\/por\/367410592786\/"}]}},"_links":{"self":[{"href":"https:\/\/portaltela.pt\/api\/wp\/v2\/posts\/435689","targetHints":{"allow":["GET"]}}],"collection":[{"href":"https:\/\/portaltela.pt\/api\/wp\/v2\/posts"}],"about":[{"href":"https:\/\/portaltela.pt\/api\/wp\/v2\/types\/post"}],"author":[{"embeddable":true,"href":"https:\/\/portaltela.pt\/api\/wp\/v2\/users\/2"}],"replies":[{"embeddable":true,"href":"https:\/\/portaltela.pt\/api\/wp\/v2\/comments?post=435689"}],"version-history":[{"count":0,"href":"https:\/\/portaltela.pt\/api\/wp\/v2\/posts\/435689\/revisions"}],"wp:featuredmedia":[{"embeddable":true,"href":"https:\/\/portaltela.pt\/api\/wp\/v2\/media\/435692"}],"wp:attachment":[{"href":"https:\/\/portaltela.pt\/api\/wp\/v2\/media?parent=435689"}],"wp:term":[{"taxonomy":"category","embeddable":true,"href":"https:\/\/portaltela.pt\/api\/wp\/v2\/categories?post=435689"},{"taxonomy":"post_tag","embeddable":true,"href":"https:\/\/portaltela.pt\/api\/wp\/v2\/tags?post=435689"}],"curies":[{"name":"wp","href":"https:\/\/api.w.org\/{rel}","templated":true}]}}