{"id":435650,"date":"2026-04-07T13:47:23","date_gmt":"2026-04-07T16:47:23","guid":{"rendered":"https:\/\/portaltela.pt\/noticias\/2026\/04\/07\/manuel-pozo-arrisca-falhar-o-resto-da-epoca-por-lesao\/"},"modified":"2026-04-07T13:47:23","modified_gmt":"2026-04-07T16:47:23","slug":"manuel-pozo-arrisca-falhar-o-resto-da-epoca-por-lesao","status":"publish","type":"post","link":"https:\/\/portaltela.pt\/desporto\/futebol\/2026\/04\/07\/manuel-pozo-arrisca-falhar-o-resto-da-epoca-por-lesao\/","title":{"rendered":"Manuel Pozo arrisca falhar o resto da \u00e9poca por les\u00e3o"},"content":{"rendered":"<p>Manuel Pozo pode perder o restante da \u00e9poca devido a uma les\u00e3o grave no solear do tornozelo direito, confirmada ap\u00f3s o jogo de 16 de mar\u00e7o, frente ao Portimonense, que terminou 1-0. O extremo espanhol esteve em campo at\u00e9 aos 54 minutos nesse encontro.<\/p>\n<p>O Torreense recebeu a not\u00edcia de que Pozo ficar\u00e1 afastado, comprometendo o ataque da equipa para a desloca\u00e7\u00e3o a Chaves, no pr\u00f3ximo s\u00e1bado. O espanhol j\u00e1 soma 8 golos e 3 assist\u00eancias nesta temporada.<\/p>\n<h3>Mudan\u00e7a t\u00e1ctica e pr\u00f3ximos refor\u00e7os<\/h3>\n<p>Al\u00e9m de Pozo, Gulherme Liberato est\u00e1 lesionado e Diadi\u00e9 e L\u00e9o cumprem castigo, o que condiciona o onze inicial para o duelo com o Chaves. A equipa dever\u00e1 subir para um 4x2x3x1, com Andr\u00e9 Sim\u00f5es a formar dupla com Alfaro no centro da defesa.<\/p>\n<p>No meio-campo, o rejuvenescido S\u00e1 Costa dever\u00e1 avan\u00e7ar para o papel de criador, enquanto Seydi e Dany Jean devem ocupar as alas. Costinha dever\u00e1 jogar atr\u00e1s do ponta-de-lan\u00e7a Zohi, que ser\u00e1 o pivot principal do ataque.<\/p>\n","protected":false},"excerpt":{"rendered":"<ul>\n<li>O extremo Manuel Pozo pode perder o resto da \u00e9poca devido a uma rotura muscular no solear do tornozelo direito, mantendo-se afastado desde 16 de mar\u00e7o, no triunfo sobre o Portimonense (1-0).<\/li>\n<li>O espanhol, que j\u00e1 marcou oito golos e fez tr\u00eas assist\u00eancias, n\u00e3o estar\u00e1 dispon\u00edvel para a desloca\u00e7\u00e3o ao Chaves no pr\u00f3ximo s\u00e1bado.<\/li>\n<li>O Torreense tem ainda Gulherme Liberato lesionado, enquanto Diadi\u00e9 e L\u00e9o cumprem castigo, reduzindo op\u00e7\u00f5es para o duelo.<\/li>\n<li>O encontro com o Chaves marca o reencontro com V\u00edtor Martins, antigo treinador do Oeste.<\/li>\n<li>A equipa prepara uma mudan\u00e7a t\u00e1tica de 4x2x3x1, com Andr\u00e9 Sim\u00f5es a entrar para formar dupla com Alfaro, e Seydi, Dany Jean nas alas, com Costinha a jogar pelas costas do ponta de lan\u00e7a Zohi.<\/li>\n<\/ul>\n","protected":false},"author":2,"featured_media":435658,"comment_status":"closed","ping_status":"closed","sticky":false,"template":"","format":"standard","meta":{"footnotes":""},"categories":[21,24],"tags":[4143,3734,32,198,2538,3226],"class_list":["post-435650","post","type-post","status-publish","format-standard","has-post-thumbnail","hentry","category-desporto","category-futebol","tag-1-liga","tag-chaves","tag-futebol","tag-golos","tag-lesoes","tag-torreense"],"yoast_head":"<!-- This site is optimized with the Yoast SEO plugin v27.2 - https:\/\/yoast.com\/product\/yoast-seo-wordpress\/ -->\n<title>Manuel Pozo arrisca falhar o resto da \u00e9poca por les\u00e3o - Portal Tela Portugal<\/title>\n<meta name=\"robots\" content=\"index, follow, max-snippet:-1, max-image-preview:large, max-video-preview:-1\" \/>\n<meta property=\"og:locale\" content=\"pt_PT\" \/>\n<meta property=\"og:type\" content=\"article\" \/>\n<meta property=\"og:title\" content=\"Manuel Pozo arrisca falhar o resto da \u00e9poca por les\u00e3o - Portal Tela Portugal\" \/>\n<meta property=\"og:description\" content=\"O extremo Manuel Pozo pode perder o resto da \u00e9poca devido a uma rotura muscular no solear do tornozelo direito, mantendo-se afastado desde 16 de mar\u00e7o, no triunfo sobre o Portimonense (1-0). O espanhol, que j\u00e1 marcou oito golos e fez tr\u00eas assist\u00eancias, n\u00e3o estar\u00e1 dispon\u00edvel para a desloca\u00e7\u00e3o ao Chaves no pr\u00f3ximo s\u00e1bado. O Torreense tem ainda Gulherme Liberato lesionado, enquanto Diadi\u00e9 e L\u00e9o cumprem castigo, reduzindo op\u00e7\u00f5es para o duelo. O encontro com o Chaves marca o reencontro com V\u00edtor Martins, antigo treinador do Oeste. A equipa prepara uma mudan\u00e7a t\u00e1tica de 4x2x3x1, com Andr\u00e9 Sim\u00f5es a entrar para formar dupla com Alfaro, e Seydi, Dany Jean nas alas, com Costinha a jogar pelas costas do ponta de lan\u00e7a Zohi.\" \/>\n<meta property=\"og:url\" content=\"https:\/\/portaltela.pt\/noticias\/2026\/04\/07\/manuel-pozo-arrisca-falhar-o-resto-da-epoca-por-lesao\/\" \/>\n<meta property=\"og:site_name\" content=\"Portal Tela Portugal\" \/>\n<meta property=\"article:published_time\" content=\"2026-04-07T16:47:23+00:00\" \/>\n<meta name=\"author\" content=\"Telinha\" \/>\n<meta name=\"twitter:card\" content=\"summary_large_image\" \/>\n<meta name=\"twitter:label1\" content=\"Escrito por\" \/>\n\t<meta name=\"twitter:data1\" content=\"Telinha\" \/>\n\t<meta name=\"twitter:label2\" content=\"Tempo estimado de leitura\" \/>\n\t<meta name=\"twitter:data2\" content=\"1 minuto\" \/>\n<script type=\"application\/ld+json\" class=\"yoast-schema-graph\">{\"@context\":\"https:\/\/schema.org\",\"@graph\":[{\"@type\":\"Article\",\"@id\":\"https:\/\/portaltela.pt\/noticias\/2026\/04\/07\/manuel-pozo-arrisca-falhar-o-resto-da-epoca-por-lesao\/#article\",\"isPartOf\":{\"@id\":\"https:\/\/portaltela.pt\/noticias\/2026\/04\/07\/manuel-pozo-arrisca-falhar-o-resto-da-epoca-por-lesao\/\"},\"author\":{\"name\":\"Telinha\",\"@id\":\"https:\/\/portaltela.pt\/#\/schema\/person\/c4278d4a6028830caff9ee44b42d32ed\"},\"headline\":\"Manuel Pozo arrisca falhar o resto da \u00e9poca por les\u00e3o\",\"datePublished\":\"2026-04-07T16:47:23+00:00\",\"mainEntityOfPage\":{\"@id\":\"https:\/\/portaltela.pt\/noticias\/2026\/04\/07\/manuel-pozo-arrisca-falhar-o-resto-da-epoca-por-lesao\/\"},\"wordCount\":190,\"image\":{\"@id\":\"https:\/\/portaltela.pt\/noticias\/2026\/04\/07\/manuel-pozo-arrisca-falhar-o-resto-da-epoca-por-lesao\/#primaryimage\"},\"thumbnailUrl\":\"https:\/\/portaltela.pt\/s.01k8rhncp4jt1\/2026\/04\/img_920x518uu2026-04-07-17-42-55-2431605.jpg\",\"keywords\":[\"1. Liga\",\"Chaves\",\"futebol\",\"golos\",\"les\u00f5es\",\"Torreense\"],\"articleSection\":[\"Desporto\",\"Futebol\"],\"inLanguage\":\"pt-PT\"},{\"@type\":\"WebPage\",\"@id\":\"https:\/\/portaltela.pt\/noticias\/2026\/04\/07\/manuel-pozo-arrisca-falhar-o-resto-da-epoca-por-lesao\/\",\"url\":\"https:\/\/portaltela.pt\/noticias\/2026\/04\/07\/manuel-pozo-arrisca-falhar-o-resto-da-epoca-por-lesao\/\",\"name\":\"Manuel Pozo arrisca falhar o resto da \u00e9poca por les\u00e3o - Portal Tela Portugal\",\"isPartOf\":{\"@id\":\"https:\/\/portaltela.pt\/#website\"},\"primaryImageOfPage\":{\"@id\":\"https:\/\/portaltela.pt\/noticias\/2026\/04\/07\/manuel-pozo-arrisca-falhar-o-resto-da-epoca-por-lesao\/#primaryimage\"},\"image\":{\"@id\":\"https:\/\/portaltela.pt\/noticias\/2026\/04\/07\/manuel-pozo-arrisca-falhar-o-resto-da-epoca-por-lesao\/#primaryimage\"},\"thumbnailUrl\":\"https:\/\/portaltela.pt\/s.01k8rhncp4jt1\/2026\/04\/img_920x518uu2026-04-07-17-42-55-2431605.jpg\",\"datePublished\":\"2026-04-07T16:47:23+00:00\",\"author\":{\"@id\":\"https:\/\/portaltela.pt\/#\/schema\/person\/c4278d4a6028830caff9ee44b42d32ed\"},\"breadcrumb\":{\"@id\":\"https:\/\/portaltela.pt\/noticias\/2026\/04\/07\/manuel-pozo-arrisca-falhar-o-resto-da-epoca-por-lesao\/#breadcrumb\"},\"inLanguage\":\"pt-PT\",\"potentialAction\":[{\"@type\":\"ReadAction\",\"target\":[\"https:\/\/portaltela.pt\/noticias\/2026\/04\/07\/manuel-pozo-arrisca-falhar-o-resto-da-epoca-por-lesao\/\"]}]},{\"@type\":\"ImageObject\",\"inLanguage\":\"pt-PT\",\"@id\":\"https:\/\/portaltela.pt\/noticias\/2026\/04\/07\/manuel-pozo-arrisca-falhar-o-resto-da-epoca-por-lesao\/#primaryimage\",\"url\":\"https:\/\/portaltela.pt\/s.01k8rhncp4jt1\/2026\/04\/img_920x518uu2026-04-07-17-42-55-2431605.jpg\",\"contentUrl\":\"https:\/\/portaltela.pt\/s.01k8rhncp4jt1\/2026\/04\/img_920x518uu2026-04-07-17-42-55-2431605.jpg\",\"width\":796,\"height\":448,\"caption\":\"Manuel Pozo, jogador do Torreense\"},{\"@type\":\"BreadcrumbList\",\"@id\":\"https:\/\/portaltela.pt\/noticias\/2026\/04\/07\/manuel-pozo-arrisca-falhar-o-resto-da-epoca-por-lesao\/#breadcrumb\",\"itemListElement\":[{\"@type\":\"ListItem\",\"position\":1,\"name\":\"In\u00edcio\",\"item\":\"https:\/\/portaltela.pt\/\"},{\"@type\":\"ListItem\",\"position\":2,\"name\":\"Manuel Pozo arrisca falhar o resto da \u00e9poca por les\u00e3o\"}]},{\"@type\":\"WebSite\",\"@id\":\"https:\/\/portaltela.pt\/#website\",\"url\":\"https:\/\/portaltela.pt\/\",\"name\":\"Portal Tela Portugal\",\"description\":\"\",\"potentialAction\":[{\"@type\":\"SearchAction\",\"target\":{\"@type\":\"EntryPoint\",\"urlTemplate\":\"https:\/\/portaltela.pt\/?s={search_term_string}\"},\"query-input\":{\"@type\":\"PropertyValueSpecification\",\"valueRequired\":true,\"valueName\":\"search_term_string\"}}],\"inLanguage\":\"pt-PT\"},{\"@type\":\"Person\",\"@id\":\"https:\/\/portaltela.pt\/#\/schema\/person\/c4278d4a6028830caff9ee44b42d32ed\",\"name\":\"Telinha\",\"image\":{\"@type\":\"ImageObject\",\"inLanguage\":\"pt-PT\",\"@id\":\"https:\/\/portaltela.pt\/s.01k8rhncp4jt1\/2025\/11\/talking-bot-125x125.png\",\"url\":\"https:\/\/portaltela.pt\/s.01k8rhncp4jt1\/2025\/11\/talking-bot-125x125.png\",\"contentUrl\":\"https:\/\/portaltela.pt\/s.01k8rhncp4jt1\/2025\/11\/talking-bot-125x125.png\",\"caption\":\"Telinha\"},\"sameAs\":[\"https:\/\/portaltela.pt\/\"],\"url\":\"https:\/\/portaltela.pt\/por\/367410592786\/\"}]}<\/script>\n<!-- \/ Yoast SEO plugin. -->","yoast_head_json":{"title":"Manuel Pozo arrisca falhar o resto da \u00e9poca por les\u00e3o - Portal Tela Portugal","robots":{"index":"index","follow":"follow","max-snippet":"max-snippet:-1","max-image-preview":"max-image-preview:large","max-video-preview":"max-video-preview:-1"},"og_locale":"pt_PT","og_type":"article","og_title":"Manuel Pozo arrisca falhar o resto da \u00e9poca por les\u00e3o - Portal Tela Portugal","og_description":"O extremo Manuel Pozo pode perder o resto da \u00e9poca devido a uma rotura muscular no solear do tornozelo direito, mantendo-se afastado desde 16 de mar\u00e7o, no triunfo sobre o Portimonense (1-0). O espanhol, que j\u00e1 marcou oito golos e fez tr\u00eas assist\u00eancias, n\u00e3o estar\u00e1 dispon\u00edvel para a desloca\u00e7\u00e3o ao Chaves no pr\u00f3ximo s\u00e1bado. O Torreense tem ainda Gulherme Liberato lesionado, enquanto Diadi\u00e9 e L\u00e9o cumprem castigo, reduzindo op\u00e7\u00f5es para o duelo. O encontro com o Chaves marca o reencontro com V\u00edtor Martins, antigo treinador do Oeste. A equipa prepara uma mudan\u00e7a t\u00e1tica de 4x2x3x1, com Andr\u00e9 Sim\u00f5es a entrar para formar dupla com Alfaro, e Seydi, Dany Jean nas alas, com Costinha a jogar pelas costas do ponta de lan\u00e7a Zohi.","og_url":"https:\/\/portaltela.pt\/noticias\/2026\/04\/07\/manuel-pozo-arrisca-falhar-o-resto-da-epoca-por-lesao\/","og_site_name":"Portal Tela Portugal","article_published_time":"2026-04-07T16:47:23+00:00","author":"Telinha","twitter_card":"summary_large_image","twitter_misc":{"Escrito por":"Telinha","Tempo estimado de leitura":"1 minuto"},"schema":{"@context":"https:\/\/schema.org","@graph":[{"@type":"Article","@id":"https:\/\/portaltela.pt\/noticias\/2026\/04\/07\/manuel-pozo-arrisca-falhar-o-resto-da-epoca-por-lesao\/#article","isPartOf":{"@id":"https:\/\/portaltela.pt\/noticias\/2026\/04\/07\/manuel-pozo-arrisca-falhar-o-resto-da-epoca-por-lesao\/"},"author":{"name":"Telinha","@id":"https:\/\/portaltela.pt\/#\/schema\/person\/c4278d4a6028830caff9ee44b42d32ed"},"headline":"Manuel Pozo arrisca falhar o resto da \u00e9poca por les\u00e3o","datePublished":"2026-04-07T16:47:23+00:00","mainEntityOfPage":{"@id":"https:\/\/portaltela.pt\/noticias\/2026\/04\/07\/manuel-pozo-arrisca-falhar-o-resto-da-epoca-por-lesao\/"},"wordCount":190,"image":{"@id":"https:\/\/portaltela.pt\/noticias\/2026\/04\/07\/manuel-pozo-arrisca-falhar-o-resto-da-epoca-por-lesao\/#primaryimage"},"thumbnailUrl":"https:\/\/portaltela.pt\/s.01k8rhncp4jt1\/2026\/04\/img_920x518uu2026-04-07-17-42-55-2431605.jpg","keywords":["1. Liga","Chaves","futebol","golos","les\u00f5es","Torreense"],"articleSection":["Desporto","Futebol"],"inLanguage":"pt-PT"},{"@type":"WebPage","@id":"https:\/\/portaltela.pt\/noticias\/2026\/04\/07\/manuel-pozo-arrisca-falhar-o-resto-da-epoca-por-lesao\/","url":"https:\/\/portaltela.pt\/noticias\/2026\/04\/07\/manuel-pozo-arrisca-falhar-o-resto-da-epoca-por-lesao\/","name":"Manuel Pozo arrisca falhar o resto da \u00e9poca por les\u00e3o - Portal Tela Portugal","isPartOf":{"@id":"https:\/\/portaltela.pt\/#website"},"primaryImageOfPage":{"@id":"https:\/\/portaltela.pt\/noticias\/2026\/04\/07\/manuel-pozo-arrisca-falhar-o-resto-da-epoca-por-lesao\/#primaryimage"},"image":{"@id":"https:\/\/portaltela.pt\/noticias\/2026\/04\/07\/manuel-pozo-arrisca-falhar-o-resto-da-epoca-por-lesao\/#primaryimage"},"thumbnailUrl":"https:\/\/portaltela.pt\/s.01k8rhncp4jt1\/2026\/04\/img_920x518uu2026-04-07-17-42-55-2431605.jpg","datePublished":"2026-04-07T16:47:23+00:00","author":{"@id":"https:\/\/portaltela.pt\/#\/schema\/person\/c4278d4a6028830caff9ee44b42d32ed"},"breadcrumb":{"@id":"https:\/\/portaltela.pt\/noticias\/2026\/04\/07\/manuel-pozo-arrisca-falhar-o-resto-da-epoca-por-lesao\/#breadcrumb"},"inLanguage":"pt-PT","potentialAction":[{"@type":"ReadAction","target":["https:\/\/portaltela.pt\/noticias\/2026\/04\/07\/manuel-pozo-arrisca-falhar-o-resto-da-epoca-por-lesao\/"]}]},{"@type":"ImageObject","inLanguage":"pt-PT","@id":"https:\/\/portaltela.pt\/noticias\/2026\/04\/07\/manuel-pozo-arrisca-falhar-o-resto-da-epoca-por-lesao\/#primaryimage","url":"https:\/\/portaltela.pt\/s.01k8rhncp4jt1\/2026\/04\/img_920x518uu2026-04-07-17-42-55-2431605.jpg","contentUrl":"https:\/\/portaltela.pt\/s.01k8rhncp4jt1\/2026\/04\/img_920x518uu2026-04-07-17-42-55-2431605.jpg","width":796,"height":448,"caption":"Manuel Pozo, jogador do Torreense"},{"@type":"BreadcrumbList","@id":"https:\/\/portaltela.pt\/noticias\/2026\/04\/07\/manuel-pozo-arrisca-falhar-o-resto-da-epoca-por-lesao\/#breadcrumb","itemListElement":[{"@type":"ListItem","position":1,"name":"In\u00edcio","item":"https:\/\/portaltela.pt\/"},{"@type":"ListItem","position":2,"name":"Manuel Pozo arrisca falhar o resto da \u00e9poca por les\u00e3o"}]},{"@type":"WebSite","@id":"https:\/\/portaltela.pt\/#website","url":"https:\/\/portaltela.pt\/","name":"Portal Tela Portugal","description":"","potentialAction":[{"@type":"SearchAction","target":{"@type":"EntryPoint","urlTemplate":"https:\/\/portaltela.pt\/?s={search_term_string}"},"query-input":{"@type":"PropertyValueSpecification","valueRequired":true,"valueName":"search_term_string"}}],"inLanguage":"pt-PT"},{"@type":"Person","@id":"https:\/\/portaltela.pt\/#\/schema\/person\/c4278d4a6028830caff9ee44b42d32ed","name":"Telinha","image":{"@type":"ImageObject","inLanguage":"pt-PT","@id":"https:\/\/portaltela.pt\/s.01k8rhncp4jt1\/2025\/11\/talking-bot-125x125.png","url":"https:\/\/portaltela.pt\/s.01k8rhncp4jt1\/2025\/11\/talking-bot-125x125.png","contentUrl":"https:\/\/portaltela.pt\/s.01k8rhncp4jt1\/2025\/11\/talking-bot-125x125.png","caption":"Telinha"},"sameAs":["https:\/\/portaltela.pt\/"],"url":"https:\/\/portaltela.pt\/por\/367410592786\/"}]}},"_links":{"self":[{"href":"https:\/\/portaltela.pt\/api\/wp\/v2\/posts\/435650","targetHints":{"allow":["GET"]}}],"collection":[{"href":"https:\/\/portaltela.pt\/api\/wp\/v2\/posts"}],"about":[{"href":"https:\/\/portaltela.pt\/api\/wp\/v2\/types\/post"}],"author":[{"embeddable":true,"href":"https:\/\/portaltela.pt\/api\/wp\/v2\/users\/2"}],"replies":[{"embeddable":true,"href":"https:\/\/portaltela.pt\/api\/wp\/v2\/comments?post=435650"}],"version-history":[{"count":0,"href":"https:\/\/portaltela.pt\/api\/wp\/v2\/posts\/435650\/revisions"}],"wp:featuredmedia":[{"embeddable":true,"href":"https:\/\/portaltela.pt\/api\/wp\/v2\/media\/435658"}],"wp:attachment":[{"href":"https:\/\/portaltela.pt\/api\/wp\/v2\/media?parent=435650"}],"wp:term":[{"taxonomy":"category","embeddable":true,"href":"https:\/\/portaltela.pt\/api\/wp\/v2\/categories?post=435650"},{"taxonomy":"post_tag","embeddable":true,"href":"https:\/\/portaltela.pt\/api\/wp\/v2\/tags?post=435650"}],"curies":[{"name":"wp","href":"https:\/\/api.w.org\/{rel}","templated":true}]}}