{"id":435646,"date":"2026-04-07T13:47:23","date_gmt":"2026-04-07T16:47:23","guid":{"rendered":"https:\/\/portaltela.pt\/noticias\/2026\/04\/07\/quinta-do-valdalagea-grande-reserva-2018\/"},"modified":"2026-04-07T13:47:23","modified_gmt":"2026-04-07T16:47:23","slug":"quinta-do-valdalagea-grande-reserva-2018","status":"publish","type":"post","link":"https:\/\/portaltela.pt\/noticias\/2026\/04\/07\/quinta-do-valdalagea-grande-reserva-2018\/","title":{"rendered":"Quinta do Valdal\u00e1gea Grande Reserva 2018"},"content":{"rendered":"<p>A Quinta do Valdal\u00e1gea, situada no Baixo Corgo, \u00e9 gerida pela mesma fam\u00edlia h\u00e1 sete gera\u00e7\u00f5es, consolidando uma tradi\u00e7\u00e3o no Douro.<\/p>\n<p>O Grande Reserva 2018 destaca-se pela estrutura: taninos tensos, final seco e fresco, e uma prova que privilegia a fruta. O equil\u00edbrio entre madeira e fruta \u00e9 uma das suas marcas.<\/p>\n<p>Aroma intenso de madeira, com 22 meses de est\u00e1gio em carvalho franc\u00eas, sem ofuscar a riqueza das vinhas velhas. Na boca revela-se complexo e com boa evolu\u00e7\u00e3o em garrafa.<\/p>\n<p>\u00c9 um tinto do Douro com potencial de harmoniza\u00e7\u00e3o com a cozinha tradicional portuguesa e com perspetiva de evolu\u00e7\u00e3o na garrafa, mantendo vida pela frente.<\/p>\n","protected":false},"excerpt":{"rendered":"<ul>\n<li>Quinta do Valdal\u00e1gea Grande Reserva 2018 \u00e9 um tinto do Douro, produzido pela mesma fam\u00edlia h\u00e1 sete gera\u00e7\u00f5es, que descende do general Silveira.<\/li>\n<li>Situa-se no Baixo Corgo e transmite a heran\u00e7a familiar na sua assinatura vin\u00edcola.<\/li>\n<li>Apresenta tens\u00e3o dos taninos e final seco e fresco.<\/li>\n<li>O aroma revela madeira intensa (22 meses de est\u00e1gio em carvalho franc\u00eas), sem ocultar a riqueza da fruta.<\/li>\n<li>Na boca, \u00e9 sofisticado e revela complexidade das vinhas velhas, com evolu\u00e7\u00e3o em garrafa e potencial de harmoniza\u00e7\u00e3o com comida tradicional portuguesa.<\/li>\n<\/ul>\n","protected":false},"author":2,"featured_media":435655,"comment_status":"closed","ping_status":"closed","sticky":false,"template":"","format":"standard","meta":{"footnotes":""},"categories":[7369,1],"tags":[760,145,1194,5586,779,4103],"class_list":["post-435646","post","type-post","status-publish","format-standard","has-post-thumbnail","hentry","category-gastronomia","category-noticias","tag-agroalimentar","tag-cultura","tag-douro","tag-vinho","tag-vinhos","tag-viticultura"],"yoast_head":"<!-- This site is optimized with the Yoast SEO plugin v27.2 - https:\/\/yoast.com\/product\/yoast-seo-wordpress\/ -->\n<title>Quinta do Valdal\u00e1gea Grande Reserva 2018 - Portal Tela Portugal<\/title>\n<meta name=\"robots\" content=\"index, follow, max-snippet:-1, max-image-preview:large, max-video-preview:-1\" \/>\n<meta property=\"og:locale\" content=\"pt_PT\" \/>\n<meta property=\"og:type\" content=\"article\" \/>\n<meta property=\"og:title\" content=\"Quinta do Valdal\u00e1gea Grande Reserva 2018 - Portal Tela Portugal\" \/>\n<meta property=\"og:description\" content=\"Quinta do Valdal\u00e1gea Grande Reserva 2018 \u00e9 um tinto do Douro, produzido pela mesma fam\u00edlia h\u00e1 sete gera\u00e7\u00f5es, que descende do general Silveira. Situa-se no Baixo Corgo e transmite a heran\u00e7a familiar na sua assinatura vin\u00edcola. Apresenta tens\u00e3o dos taninos e final seco e fresco. O aroma revela madeira intensa (22 meses de est\u00e1gio em carvalho franc\u00eas), sem ocultar a riqueza da fruta. Na boca, \u00e9 sofisticado e revela complexidade das vinhas velhas, com evolu\u00e7\u00e3o em garrafa e potencial de harmoniza\u00e7\u00e3o com comida tradicional portuguesa.\" \/>\n<meta property=\"og:url\" content=\"https:\/\/portaltela.pt\/noticias\/2026\/04\/07\/quinta-do-valdalagea-grande-reserva-2018\/\" \/>\n<meta property=\"og:site_name\" content=\"Portal Tela Portugal\" \/>\n<meta property=\"article:published_time\" content=\"2026-04-07T16:47:23+00:00\" \/>\n<meta name=\"author\" content=\"Telinha\" \/>\n<meta name=\"twitter:card\" content=\"summary_large_image\" \/>\n<meta name=\"twitter:label1\" content=\"Escrito por\" \/>\n\t<meta name=\"twitter:data1\" content=\"Telinha\" \/>\n\t<meta name=\"twitter:label2\" content=\"Tempo estimado de leitura\" \/>\n\t<meta name=\"twitter:data2\" content=\"1 minuto\" \/>\n<script type=\"application\/ld+json\" class=\"yoast-schema-graph\">{\"@context\":\"https:\/\/schema.org\",\"@graph\":[{\"@type\":\"Article\",\"@id\":\"https:\/\/portaltela.pt\/noticias\/2026\/04\/07\/quinta-do-valdalagea-grande-reserva-2018\/#article\",\"isPartOf\":{\"@id\":\"https:\/\/portaltela.pt\/noticias\/2026\/04\/07\/quinta-do-valdalagea-grande-reserva-2018\/\"},\"author\":{\"name\":\"Telinha\",\"@id\":\"https:\/\/portaltela.pt\/#\/schema\/person\/c4278d4a6028830caff9ee44b42d32ed\"},\"headline\":\"Quinta do Valdal\u00e1gea Grande Reserva 2018\",\"datePublished\":\"2026-04-07T16:47:23+00:00\",\"mainEntityOfPage\":{\"@id\":\"https:\/\/portaltela.pt\/noticias\/2026\/04\/07\/quinta-do-valdalagea-grande-reserva-2018\/\"},\"wordCount\":117,\"image\":{\"@id\":\"https:\/\/portaltela.pt\/noticias\/2026\/04\/07\/quinta-do-valdalagea-grande-reserva-2018\/#primaryimage\"},\"thumbnailUrl\":\"https:\/\/portaltela.pt\/s.01k8rhncp4jt1\/2026\/04\/2078842.jpg\",\"keywords\":[\"agroalimentar\",\"cultura\",\"Douro\",\"vinho\",\"vinhos\",\"viticultura\"],\"articleSection\":[\"Gastronomia\",\"Not\u00edcias\"],\"inLanguage\":\"pt-PT\"},{\"@type\":\"WebPage\",\"@id\":\"https:\/\/portaltela.pt\/noticias\/2026\/04\/07\/quinta-do-valdalagea-grande-reserva-2018\/\",\"url\":\"https:\/\/portaltela.pt\/noticias\/2026\/04\/07\/quinta-do-valdalagea-grande-reserva-2018\/\",\"name\":\"Quinta do Valdal\u00e1gea Grande Reserva 2018 - Portal Tela Portugal\",\"isPartOf\":{\"@id\":\"https:\/\/portaltela.pt\/#website\"},\"primaryImageOfPage\":{\"@id\":\"https:\/\/portaltela.pt\/noticias\/2026\/04\/07\/quinta-do-valdalagea-grande-reserva-2018\/#primaryimage\"},\"image\":{\"@id\":\"https:\/\/portaltela.pt\/noticias\/2026\/04\/07\/quinta-do-valdalagea-grande-reserva-2018\/#primaryimage\"},\"thumbnailUrl\":\"https:\/\/portaltela.pt\/s.01k8rhncp4jt1\/2026\/04\/2078842.jpg\",\"datePublished\":\"2026-04-07T16:47:23+00:00\",\"author\":{\"@id\":\"https:\/\/portaltela.pt\/#\/schema\/person\/c4278d4a6028830caff9ee44b42d32ed\"},\"breadcrumb\":{\"@id\":\"https:\/\/portaltela.pt\/noticias\/2026\/04\/07\/quinta-do-valdalagea-grande-reserva-2018\/#breadcrumb\"},\"inLanguage\":\"pt-PT\",\"potentialAction\":[{\"@type\":\"ReadAction\",\"target\":[\"https:\/\/portaltela.pt\/noticias\/2026\/04\/07\/quinta-do-valdalagea-grande-reserva-2018\/\"]}]},{\"@type\":\"ImageObject\",\"inLanguage\":\"pt-PT\",\"@id\":\"https:\/\/portaltela.pt\/noticias\/2026\/04\/07\/quinta-do-valdalagea-grande-reserva-2018\/#primaryimage\",\"url\":\"https:\/\/portaltela.pt\/s.01k8rhncp4jt1\/2026\/04\/2078842.jpg\",\"contentUrl\":\"https:\/\/portaltela.pt\/s.01k8rhncp4jt1\/2026\/04\/2078842.jpg\",\"width\":796,\"height\":448,\"caption\":\"Photo\"},{\"@type\":\"BreadcrumbList\",\"@id\":\"https:\/\/portaltela.pt\/noticias\/2026\/04\/07\/quinta-do-valdalagea-grande-reserva-2018\/#breadcrumb\",\"itemListElement\":[{\"@type\":\"ListItem\",\"position\":1,\"name\":\"In\u00edcio\",\"item\":\"https:\/\/portaltela.pt\/\"},{\"@type\":\"ListItem\",\"position\":2,\"name\":\"Quinta do Valdal\u00e1gea Grande Reserva 2018\"}]},{\"@type\":\"WebSite\",\"@id\":\"https:\/\/portaltela.pt\/#website\",\"url\":\"https:\/\/portaltela.pt\/\",\"name\":\"Portal Tela Portugal\",\"description\":\"\",\"potentialAction\":[{\"@type\":\"SearchAction\",\"target\":{\"@type\":\"EntryPoint\",\"urlTemplate\":\"https:\/\/portaltela.pt\/?s={search_term_string}\"},\"query-input\":{\"@type\":\"PropertyValueSpecification\",\"valueRequired\":true,\"valueName\":\"search_term_string\"}}],\"inLanguage\":\"pt-PT\"},{\"@type\":\"Person\",\"@id\":\"https:\/\/portaltela.pt\/#\/schema\/person\/c4278d4a6028830caff9ee44b42d32ed\",\"name\":\"Telinha\",\"image\":{\"@type\":\"ImageObject\",\"inLanguage\":\"pt-PT\",\"@id\":\"https:\/\/portaltela.pt\/s.01k8rhncp4jt1\/2025\/11\/talking-bot-125x125.png\",\"url\":\"https:\/\/portaltela.pt\/s.01k8rhncp4jt1\/2025\/11\/talking-bot-125x125.png\",\"contentUrl\":\"https:\/\/portaltela.pt\/s.01k8rhncp4jt1\/2025\/11\/talking-bot-125x125.png\",\"caption\":\"Telinha\"},\"sameAs\":[\"https:\/\/portaltela.pt\/\"],\"url\":\"https:\/\/portaltela.pt\/por\/367410592786\/\"}]}<\/script>\n<!-- \/ Yoast SEO plugin. -->","yoast_head_json":{"title":"Quinta do Valdal\u00e1gea Grande Reserva 2018 - Portal Tela Portugal","robots":{"index":"index","follow":"follow","max-snippet":"max-snippet:-1","max-image-preview":"max-image-preview:large","max-video-preview":"max-video-preview:-1"},"og_locale":"pt_PT","og_type":"article","og_title":"Quinta do Valdal\u00e1gea Grande Reserva 2018 - Portal Tela Portugal","og_description":"Quinta do Valdal\u00e1gea Grande Reserva 2018 \u00e9 um tinto do Douro, produzido pela mesma fam\u00edlia h\u00e1 sete gera\u00e7\u00f5es, que descende do general Silveira. Situa-se no Baixo Corgo e transmite a heran\u00e7a familiar na sua assinatura vin\u00edcola. Apresenta tens\u00e3o dos taninos e final seco e fresco. O aroma revela madeira intensa (22 meses de est\u00e1gio em carvalho franc\u00eas), sem ocultar a riqueza da fruta. Na boca, \u00e9 sofisticado e revela complexidade das vinhas velhas, com evolu\u00e7\u00e3o em garrafa e potencial de harmoniza\u00e7\u00e3o com comida tradicional portuguesa.","og_url":"https:\/\/portaltela.pt\/noticias\/2026\/04\/07\/quinta-do-valdalagea-grande-reserva-2018\/","og_site_name":"Portal Tela Portugal","article_published_time":"2026-04-07T16:47:23+00:00","author":"Telinha","twitter_card":"summary_large_image","twitter_misc":{"Escrito por":"Telinha","Tempo estimado de leitura":"1 minuto"},"schema":{"@context":"https:\/\/schema.org","@graph":[{"@type":"Article","@id":"https:\/\/portaltela.pt\/noticias\/2026\/04\/07\/quinta-do-valdalagea-grande-reserva-2018\/#article","isPartOf":{"@id":"https:\/\/portaltela.pt\/noticias\/2026\/04\/07\/quinta-do-valdalagea-grande-reserva-2018\/"},"author":{"name":"Telinha","@id":"https:\/\/portaltela.pt\/#\/schema\/person\/c4278d4a6028830caff9ee44b42d32ed"},"headline":"Quinta do Valdal\u00e1gea Grande Reserva 2018","datePublished":"2026-04-07T16:47:23+00:00","mainEntityOfPage":{"@id":"https:\/\/portaltela.pt\/noticias\/2026\/04\/07\/quinta-do-valdalagea-grande-reserva-2018\/"},"wordCount":117,"image":{"@id":"https:\/\/portaltela.pt\/noticias\/2026\/04\/07\/quinta-do-valdalagea-grande-reserva-2018\/#primaryimage"},"thumbnailUrl":"https:\/\/portaltela.pt\/s.01k8rhncp4jt1\/2026\/04\/2078842.jpg","keywords":["agroalimentar","cultura","Douro","vinho","vinhos","viticultura"],"articleSection":["Gastronomia","Not\u00edcias"],"inLanguage":"pt-PT"},{"@type":"WebPage","@id":"https:\/\/portaltela.pt\/noticias\/2026\/04\/07\/quinta-do-valdalagea-grande-reserva-2018\/","url":"https:\/\/portaltela.pt\/noticias\/2026\/04\/07\/quinta-do-valdalagea-grande-reserva-2018\/","name":"Quinta do Valdal\u00e1gea Grande Reserva 2018 - Portal Tela Portugal","isPartOf":{"@id":"https:\/\/portaltela.pt\/#website"},"primaryImageOfPage":{"@id":"https:\/\/portaltela.pt\/noticias\/2026\/04\/07\/quinta-do-valdalagea-grande-reserva-2018\/#primaryimage"},"image":{"@id":"https:\/\/portaltela.pt\/noticias\/2026\/04\/07\/quinta-do-valdalagea-grande-reserva-2018\/#primaryimage"},"thumbnailUrl":"https:\/\/portaltela.pt\/s.01k8rhncp4jt1\/2026\/04\/2078842.jpg","datePublished":"2026-04-07T16:47:23+00:00","author":{"@id":"https:\/\/portaltela.pt\/#\/schema\/person\/c4278d4a6028830caff9ee44b42d32ed"},"breadcrumb":{"@id":"https:\/\/portaltela.pt\/noticias\/2026\/04\/07\/quinta-do-valdalagea-grande-reserva-2018\/#breadcrumb"},"inLanguage":"pt-PT","potentialAction":[{"@type":"ReadAction","target":["https:\/\/portaltela.pt\/noticias\/2026\/04\/07\/quinta-do-valdalagea-grande-reserva-2018\/"]}]},{"@type":"ImageObject","inLanguage":"pt-PT","@id":"https:\/\/portaltela.pt\/noticias\/2026\/04\/07\/quinta-do-valdalagea-grande-reserva-2018\/#primaryimage","url":"https:\/\/portaltela.pt\/s.01k8rhncp4jt1\/2026\/04\/2078842.jpg","contentUrl":"https:\/\/portaltela.pt\/s.01k8rhncp4jt1\/2026\/04\/2078842.jpg","width":796,"height":448,"caption":"Photo"},{"@type":"BreadcrumbList","@id":"https:\/\/portaltela.pt\/noticias\/2026\/04\/07\/quinta-do-valdalagea-grande-reserva-2018\/#breadcrumb","itemListElement":[{"@type":"ListItem","position":1,"name":"In\u00edcio","item":"https:\/\/portaltela.pt\/"},{"@type":"ListItem","position":2,"name":"Quinta do Valdal\u00e1gea Grande Reserva 2018"}]},{"@type":"WebSite","@id":"https:\/\/portaltela.pt\/#website","url":"https:\/\/portaltela.pt\/","name":"Portal Tela Portugal","description":"","potentialAction":[{"@type":"SearchAction","target":{"@type":"EntryPoint","urlTemplate":"https:\/\/portaltela.pt\/?s={search_term_string}"},"query-input":{"@type":"PropertyValueSpecification","valueRequired":true,"valueName":"search_term_string"}}],"inLanguage":"pt-PT"},{"@type":"Person","@id":"https:\/\/portaltela.pt\/#\/schema\/person\/c4278d4a6028830caff9ee44b42d32ed","name":"Telinha","image":{"@type":"ImageObject","inLanguage":"pt-PT","@id":"https:\/\/portaltela.pt\/s.01k8rhncp4jt1\/2025\/11\/talking-bot-125x125.png","url":"https:\/\/portaltela.pt\/s.01k8rhncp4jt1\/2025\/11\/talking-bot-125x125.png","contentUrl":"https:\/\/portaltela.pt\/s.01k8rhncp4jt1\/2025\/11\/talking-bot-125x125.png","caption":"Telinha"},"sameAs":["https:\/\/portaltela.pt\/"],"url":"https:\/\/portaltela.pt\/por\/367410592786\/"}]}},"_links":{"self":[{"href":"https:\/\/portaltela.pt\/api\/wp\/v2\/posts\/435646","targetHints":{"allow":["GET"]}}],"collection":[{"href":"https:\/\/portaltela.pt\/api\/wp\/v2\/posts"}],"about":[{"href":"https:\/\/portaltela.pt\/api\/wp\/v2\/types\/post"}],"author":[{"embeddable":true,"href":"https:\/\/portaltela.pt\/api\/wp\/v2\/users\/2"}],"replies":[{"embeddable":true,"href":"https:\/\/portaltela.pt\/api\/wp\/v2\/comments?post=435646"}],"version-history":[{"count":0,"href":"https:\/\/portaltela.pt\/api\/wp\/v2\/posts\/435646\/revisions"}],"wp:featuredmedia":[{"embeddable":true,"href":"https:\/\/portaltela.pt\/api\/wp\/v2\/media\/435655"}],"wp:attachment":[{"href":"https:\/\/portaltela.pt\/api\/wp\/v2\/media?parent=435646"}],"wp:term":[{"taxonomy":"category","embeddable":true,"href":"https:\/\/portaltela.pt\/api\/wp\/v2\/categories?post=435646"},{"taxonomy":"post_tag","embeddable":true,"href":"https:\/\/portaltela.pt\/api\/wp\/v2\/tags?post=435646"}],"curies":[{"name":"wp","href":"https:\/\/api.w.org\/{rel}","templated":true}]}}