{"id":435644,"date":"2026-04-07T13:47:23","date_gmt":"2026-04-07T16:47:23","guid":{"rendered":"https:\/\/portaltela.pt\/noticias\/2026\/04\/07\/ps-propoe-ao-governo-estudar-modelos-de-recrutamento-voluntario-para-as-fas\/"},"modified":"2026-04-07T13:47:23","modified_gmt":"2026-04-07T16:47:23","slug":"ps-propoe-ao-governo-estudar-modelos-de-recrutamento-voluntario-para-as-fas","status":"publish","type":"post","link":"https:\/\/portaltela.pt\/noticias\/politica\/2026\/04\/07\/ps-propoe-ao-governo-estudar-modelos-de-recrutamento-voluntario-para-as-fas\/","title":{"rendered":"PS prop\u00f5e ao Governo estudar modelos de recrutamento volunt\u00e1rio para as FAs"},"content":{"rendered":"<p>O PS entregou um projecto de resolu\u00e7\u00e3o ao Governo para estudar os moldes do Dia da Defesa Nacional (DDN) e explorar modelos de recrutamento volunt\u00e1rio para as For\u00e7as Armadas. A iniciativa \u00e9 uma recomenda\u00e7\u00e3o ao Governo, em vez de lei.<\/p>\n<p>O documento aponta a necessidade de um estudo abrangente e atualizado, com diagn\u00f3stico do modelo vigente e avalia\u00e7\u00e3o do seu impacto no recrutamento. Prop\u00f5e compara\u00e7\u00e3o com modelos de pa\u00edses aliados e identifica\u00e7\u00e3o de melhorias.<\/p>\n<p>Entre as propostas, o PS sugere programas de curta dura\u00e7\u00e3o, regimes de participa\u00e7\u00e3o flex\u00edvel ou outras formas de envolvimento c\u00edvico-militar. O estudo deveria incluir pilotos de servi\u00e7o volunt\u00e1rio com avalia\u00e7\u00e3o de recrutamento.<\/p>\n<p>A bancada social-democrata destaca o contexto geopol\u00edtico atual, com pa\u00edses a refor\u00e7ar a atratividade da carreira militar. O objetivo \u00e9 analisar instrumentos de promo\u00e7\u00e3o da seguran\u00e7a, defesa e prote\u00e7\u00e3o civil no pa\u00eds.<\/p>\n<p>O PS real\u00e7a a import\u00e2ncia da interface entre o DDN e o Referencial de Educa\u00e7\u00e3o para a Seguran\u00e7a, a Defesa e a Paz, incluindo a articula\u00e7\u00e3o com a disciplina de Cidadania. Prop\u00f5e tamb\u00e9m maior proximidade entre For\u00e7as Armadas e educa\u00e7\u00e3o civil.<\/p>\n<p>Esta reflex\u00e3o surge quase 25 anos ap\u00f3s a implementa\u00e7\u00e3o do DDN, criado em setembro de 1999. O PS defende que o estudo avalie impactos, limita\u00e7\u00f5es e oportunidades de melhoria do programa.<\/p>\n<h3>Proposta de outros partidos<\/h3>\n<p>O Chega apresentou uma iniciativa que visa transformar o DDN na Semana da Defesa Nacional, com pelo menos cinco dias \u00fateis e a possibilidade de inspec\u00e7\u00e3o militar dos convocados, mantendo o foco c\u00edvico. Em 2004 terminou o Servi\u00e7o Militar Obrigat\u00f3rio.<\/p>\n","protected":false},"excerpt":{"rendered":"<ul>\n<li>O PS entregou um projecto de resolu\u00e7\u00e3o a recomendar ao Governo que avalie o Dia da Defesa Nacional e estude modelos de recrutamento volunt\u00e1rio para as For\u00e7as Armadas.<\/li>\n<li>O estudo deve incluir diagn\u00f3stico do modelo vigente, avalia\u00e7\u00e3o do seu impacto no recrutamento, compara\u00e7\u00e3o com modelos de pa\u00edses aliados e op\u00e7\u00f5es como programas de curta dura\u00e7\u00e3o ou participa\u00e7\u00e3o flex\u00edvel.<\/li>\n<li>Est\u00e3o previstos projetos-piloto de servi\u00e7os de curta dura\u00e7\u00e3o ou modalidades volunt\u00e1rias, em parceria com os ramos militares, para avaliar o efeito na atratividade da carreira militar.<\/li>\n<li>Os socialistas defendem refletir sobre instrumentos de promo\u00e7\u00e3o de uma cultura de seguran\u00e7a, defesa e prote\u00e7\u00e3o civil, articulando o DDN com a educa\u00e7\u00e3o, nomeadamente o Referencial de Educa\u00e7\u00e3o para a Seguran\u00e7a, a Defesa e a Paz.<\/li>\n<li>O Dia da Defesa Nacional, hoje obrigat\u00f3rio para maiores de dezoito anos, \u00e9 alvo de sugest\u00f5es para fortalecer a liga\u00e7\u00e3o com a disciplina de Cidadania e com o sistema educativo, com propostas de forma\u00e7\u00e3o dual, est\u00e1gios e bolsas de estudo; o Chega apresentou uma ideia concorrente de transformar o DDN numa Semana da Defesa Nacional.<\/li>\n<\/ul>\n","protected":false},"author":2,"featured_media":435652,"comment_status":"closed","ping_status":"closed","sticky":false,"template":"","format":"standard","meta":{"footnotes":""},"categories":[6814,5],"tags":[6574,2336,5965,1779,2832,6378],"class_list":["post-435644","post","type-post","status-publish","format-standard","has-post-thumbnail","hentry","category-geopolitica","category-politica","tag-defesa","tag-defesa-nacional","tag-educacao-para-a-cidadania","tag-forcas-armadas","tag-politica","tag-seguranca-publico"],"yoast_head":"<!-- This site is optimized with the Yoast SEO plugin v27.2 - https:\/\/yoast.com\/product\/yoast-seo-wordpress\/ -->\n<title>PS prop\u00f5e ao Governo estudar modelos de recrutamento volunt\u00e1rio para as FAs - Portal Tela Portugal<\/title>\n<meta name=\"robots\" content=\"index, follow, max-snippet:-1, max-image-preview:large, max-video-preview:-1\" \/>\n<meta property=\"og:locale\" content=\"pt_PT\" \/>\n<meta property=\"og:type\" content=\"article\" \/>\n<meta property=\"og:title\" content=\"PS prop\u00f5e ao Governo estudar modelos de recrutamento volunt\u00e1rio para as FAs - Portal Tela Portugal\" \/>\n<meta property=\"og:description\" content=\"O PS entregou um projecto de resolu\u00e7\u00e3o a recomendar ao Governo que avalie o Dia da Defesa Nacional e estude modelos de recrutamento volunt\u00e1rio para as For\u00e7as Armadas. O estudo deve incluir diagn\u00f3stico do modelo vigente, avalia\u00e7\u00e3o do seu impacto no recrutamento, compara\u00e7\u00e3o com modelos de pa\u00edses aliados e op\u00e7\u00f5es como programas de curta dura\u00e7\u00e3o ou participa\u00e7\u00e3o flex\u00edvel. Est\u00e3o previstos projetos-piloto de servi\u00e7os de curta dura\u00e7\u00e3o ou modalidades volunt\u00e1rias, em parceria com os ramos militares, para avaliar o efeito na atratividade da carreira militar. Os socialistas defendem refletir sobre instrumentos de promo\u00e7\u00e3o de uma cultura de seguran\u00e7a, defesa e prote\u00e7\u00e3o civil, articulando o DDN com a educa\u00e7\u00e3o, nomeadamente o Referencial de Educa\u00e7\u00e3o para a Seguran\u00e7a, a Defesa e a Paz. O Dia da Defesa Nacional, hoje obrigat\u00f3rio para maiores de dezoito anos, \u00e9 alvo de sugest\u00f5es para fortalecer a liga\u00e7\u00e3o com a disciplina de Cidadania e com o sistema educativo, com propostas de forma\u00e7\u00e3o dual, est\u00e1gios e bolsas de estudo; o Chega apresentou uma ideia concorrente de transformar o DDN numa Semana da Defesa Nacional.\" \/>\n<meta property=\"og:url\" content=\"https:\/\/portaltela.pt\/noticias\/2026\/04\/07\/ps-propoe-ao-governo-estudar-modelos-de-recrutamento-voluntario-para-as-fas\/\" \/>\n<meta property=\"og:site_name\" content=\"Portal Tela Portugal\" \/>\n<meta property=\"article:published_time\" content=\"2026-04-07T16:47:23+00:00\" \/>\n<meta name=\"author\" content=\"Telinha\" \/>\n<meta name=\"twitter:card\" content=\"summary_large_image\" \/>\n<meta name=\"twitter:label1\" content=\"Escrito por\" \/>\n\t<meta name=\"twitter:data1\" content=\"Telinha\" \/>\n\t<meta name=\"twitter:label2\" content=\"Tempo estimado de leitura\" \/>\n\t<meta name=\"twitter:data2\" content=\"1 minuto\" \/>\n<script type=\"application\/ld+json\" class=\"yoast-schema-graph\">{\"@context\":\"https:\/\/schema.org\",\"@graph\":[{\"@type\":\"Article\",\"@id\":\"https:\/\/portaltela.pt\/noticias\/2026\/04\/07\/ps-propoe-ao-governo-estudar-modelos-de-recrutamento-voluntario-para-as-fas\/#article\",\"isPartOf\":{\"@id\":\"https:\/\/portaltela.pt\/noticias\/2026\/04\/07\/ps-propoe-ao-governo-estudar-modelos-de-recrutamento-voluntario-para-as-fas\/\"},\"author\":{\"name\":\"Telinha\",\"@id\":\"https:\/\/portaltela.pt\/#\/schema\/person\/c4278d4a6028830caff9ee44b42d32ed\"},\"headline\":\"PS prop\u00f5e ao Governo estudar modelos de recrutamento volunt\u00e1rio para as FAs\",\"datePublished\":\"2026-04-07T16:47:23+00:00\",\"mainEntityOfPage\":{\"@id\":\"https:\/\/portaltela.pt\/noticias\/2026\/04\/07\/ps-propoe-ao-governo-estudar-modelos-de-recrutamento-voluntario-para-as-fas\/\"},\"wordCount\":304,\"image\":{\"@id\":\"https:\/\/portaltela.pt\/noticias\/2026\/04\/07\/ps-propoe-ao-governo-estudar-modelos-de-recrutamento-voluntario-para-as-fas\/#primaryimage\"},\"thumbnailUrl\":\"https:\/\/portaltela.pt\/s.01k8rhncp4jt1\/2026\/04\/2079768.jpg\",\"keywords\":[\"defesa\",\"Defesa Nacional\",\"Educa\u00e7\u00e3o para a Cidadania\",\"For\u00e7as Armadas\",\"pol\u00edtica\",\"seguran\u00e7a p\u00fablico\"],\"articleSection\":[\"Geopol\u00edtica\",\"Pol\u00edtica\"],\"inLanguage\":\"pt-PT\"},{\"@type\":\"WebPage\",\"@id\":\"https:\/\/portaltela.pt\/noticias\/2026\/04\/07\/ps-propoe-ao-governo-estudar-modelos-de-recrutamento-voluntario-para-as-fas\/\",\"url\":\"https:\/\/portaltela.pt\/noticias\/2026\/04\/07\/ps-propoe-ao-governo-estudar-modelos-de-recrutamento-voluntario-para-as-fas\/\",\"name\":\"PS prop\u00f5e ao Governo estudar modelos de recrutamento volunt\u00e1rio para as FAs - Portal Tela Portugal\",\"isPartOf\":{\"@id\":\"https:\/\/portaltela.pt\/#website\"},\"primaryImageOfPage\":{\"@id\":\"https:\/\/portaltela.pt\/noticias\/2026\/04\/07\/ps-propoe-ao-governo-estudar-modelos-de-recrutamento-voluntario-para-as-fas\/#primaryimage\"},\"image\":{\"@id\":\"https:\/\/portaltela.pt\/noticias\/2026\/04\/07\/ps-propoe-ao-governo-estudar-modelos-de-recrutamento-voluntario-para-as-fas\/#primaryimage\"},\"thumbnailUrl\":\"https:\/\/portaltela.pt\/s.01k8rhncp4jt1\/2026\/04\/2079768.jpg\",\"datePublished\":\"2026-04-07T16:47:23+00:00\",\"author\":{\"@id\":\"https:\/\/portaltela.pt\/#\/schema\/person\/c4278d4a6028830caff9ee44b42d32ed\"},\"breadcrumb\":{\"@id\":\"https:\/\/portaltela.pt\/noticias\/2026\/04\/07\/ps-propoe-ao-governo-estudar-modelos-de-recrutamento-voluntario-para-as-fas\/#breadcrumb\"},\"inLanguage\":\"pt-PT\",\"potentialAction\":[{\"@type\":\"ReadAction\",\"target\":[\"https:\/\/portaltela.pt\/noticias\/2026\/04\/07\/ps-propoe-ao-governo-estudar-modelos-de-recrutamento-voluntario-para-as-fas\/\"]}]},{\"@type\":\"ImageObject\",\"inLanguage\":\"pt-PT\",\"@id\":\"https:\/\/portaltela.pt\/noticias\/2026\/04\/07\/ps-propoe-ao-governo-estudar-modelos-de-recrutamento-voluntario-para-as-fas\/#primaryimage\",\"url\":\"https:\/\/portaltela.pt\/s.01k8rhncp4jt1\/2026\/04\/2079768.jpg\",\"contentUrl\":\"https:\/\/portaltela.pt\/s.01k8rhncp4jt1\/2026\/04\/2079768.jpg\",\"width\":796,\"height\":448,\"caption\":\"O Dia da Defesa Nacional foi institu\u00eddo em Portugal em Setembro de 1999\"},{\"@type\":\"BreadcrumbList\",\"@id\":\"https:\/\/portaltela.pt\/noticias\/2026\/04\/07\/ps-propoe-ao-governo-estudar-modelos-de-recrutamento-voluntario-para-as-fas\/#breadcrumb\",\"itemListElement\":[{\"@type\":\"ListItem\",\"position\":1,\"name\":\"In\u00edcio\",\"item\":\"https:\/\/portaltela.pt\/\"},{\"@type\":\"ListItem\",\"position\":2,\"name\":\"PS prop\u00f5e ao Governo estudar modelos de recrutamento volunt\u00e1rio para as FAs\"}]},{\"@type\":\"WebSite\",\"@id\":\"https:\/\/portaltela.pt\/#website\",\"url\":\"https:\/\/portaltela.pt\/\",\"name\":\"Portal Tela Portugal\",\"description\":\"\",\"potentialAction\":[{\"@type\":\"SearchAction\",\"target\":{\"@type\":\"EntryPoint\",\"urlTemplate\":\"https:\/\/portaltela.pt\/?s={search_term_string}\"},\"query-input\":{\"@type\":\"PropertyValueSpecification\",\"valueRequired\":true,\"valueName\":\"search_term_string\"}}],\"inLanguage\":\"pt-PT\"},{\"@type\":\"Person\",\"@id\":\"https:\/\/portaltela.pt\/#\/schema\/person\/c4278d4a6028830caff9ee44b42d32ed\",\"name\":\"Telinha\",\"image\":{\"@type\":\"ImageObject\",\"inLanguage\":\"pt-PT\",\"@id\":\"https:\/\/portaltela.pt\/s.01k8rhncp4jt1\/2025\/11\/talking-bot-125x125.png\",\"url\":\"https:\/\/portaltela.pt\/s.01k8rhncp4jt1\/2025\/11\/talking-bot-125x125.png\",\"contentUrl\":\"https:\/\/portaltela.pt\/s.01k8rhncp4jt1\/2025\/11\/talking-bot-125x125.png\",\"caption\":\"Telinha\"},\"sameAs\":[\"https:\/\/portaltela.pt\/\"],\"url\":\"https:\/\/portaltela.pt\/por\/367410592786\/\"}]}<\/script>\n<!-- \/ Yoast SEO plugin. -->","yoast_head_json":{"title":"PS prop\u00f5e ao Governo estudar modelos de recrutamento volunt\u00e1rio para as FAs - Portal Tela Portugal","robots":{"index":"index","follow":"follow","max-snippet":"max-snippet:-1","max-image-preview":"max-image-preview:large","max-video-preview":"max-video-preview:-1"},"og_locale":"pt_PT","og_type":"article","og_title":"PS prop\u00f5e ao Governo estudar modelos de recrutamento volunt\u00e1rio para as FAs - Portal Tela Portugal","og_description":"O PS entregou um projecto de resolu\u00e7\u00e3o a recomendar ao Governo que avalie o Dia da Defesa Nacional e estude modelos de recrutamento volunt\u00e1rio para as For\u00e7as Armadas. O estudo deve incluir diagn\u00f3stico do modelo vigente, avalia\u00e7\u00e3o do seu impacto no recrutamento, compara\u00e7\u00e3o com modelos de pa\u00edses aliados e op\u00e7\u00f5es como programas de curta dura\u00e7\u00e3o ou participa\u00e7\u00e3o flex\u00edvel. Est\u00e3o previstos projetos-piloto de servi\u00e7os de curta dura\u00e7\u00e3o ou modalidades volunt\u00e1rias, em parceria com os ramos militares, para avaliar o efeito na atratividade da carreira militar. Os socialistas defendem refletir sobre instrumentos de promo\u00e7\u00e3o de uma cultura de seguran\u00e7a, defesa e prote\u00e7\u00e3o civil, articulando o DDN com a educa\u00e7\u00e3o, nomeadamente o Referencial de Educa\u00e7\u00e3o para a Seguran\u00e7a, a Defesa e a Paz. O Dia da Defesa Nacional, hoje obrigat\u00f3rio para maiores de dezoito anos, \u00e9 alvo de sugest\u00f5es para fortalecer a liga\u00e7\u00e3o com a disciplina de Cidadania e com o sistema educativo, com propostas de forma\u00e7\u00e3o dual, est\u00e1gios e bolsas de estudo; o Chega apresentou uma ideia concorrente de transformar o DDN numa Semana da Defesa Nacional.","og_url":"https:\/\/portaltela.pt\/noticias\/2026\/04\/07\/ps-propoe-ao-governo-estudar-modelos-de-recrutamento-voluntario-para-as-fas\/","og_site_name":"Portal Tela Portugal","article_published_time":"2026-04-07T16:47:23+00:00","author":"Telinha","twitter_card":"summary_large_image","twitter_misc":{"Escrito por":"Telinha","Tempo estimado de leitura":"1 minuto"},"schema":{"@context":"https:\/\/schema.org","@graph":[{"@type":"Article","@id":"https:\/\/portaltela.pt\/noticias\/2026\/04\/07\/ps-propoe-ao-governo-estudar-modelos-de-recrutamento-voluntario-para-as-fas\/#article","isPartOf":{"@id":"https:\/\/portaltela.pt\/noticias\/2026\/04\/07\/ps-propoe-ao-governo-estudar-modelos-de-recrutamento-voluntario-para-as-fas\/"},"author":{"name":"Telinha","@id":"https:\/\/portaltela.pt\/#\/schema\/person\/c4278d4a6028830caff9ee44b42d32ed"},"headline":"PS prop\u00f5e ao Governo estudar modelos de recrutamento volunt\u00e1rio para as FAs","datePublished":"2026-04-07T16:47:23+00:00","mainEntityOfPage":{"@id":"https:\/\/portaltela.pt\/noticias\/2026\/04\/07\/ps-propoe-ao-governo-estudar-modelos-de-recrutamento-voluntario-para-as-fas\/"},"wordCount":304,"image":{"@id":"https:\/\/portaltela.pt\/noticias\/2026\/04\/07\/ps-propoe-ao-governo-estudar-modelos-de-recrutamento-voluntario-para-as-fas\/#primaryimage"},"thumbnailUrl":"https:\/\/portaltela.pt\/s.01k8rhncp4jt1\/2026\/04\/2079768.jpg","keywords":["defesa","Defesa Nacional","Educa\u00e7\u00e3o para a Cidadania","For\u00e7as Armadas","pol\u00edtica","seguran\u00e7a p\u00fablico"],"articleSection":["Geopol\u00edtica","Pol\u00edtica"],"inLanguage":"pt-PT"},{"@type":"WebPage","@id":"https:\/\/portaltela.pt\/noticias\/2026\/04\/07\/ps-propoe-ao-governo-estudar-modelos-de-recrutamento-voluntario-para-as-fas\/","url":"https:\/\/portaltela.pt\/noticias\/2026\/04\/07\/ps-propoe-ao-governo-estudar-modelos-de-recrutamento-voluntario-para-as-fas\/","name":"PS prop\u00f5e ao Governo estudar modelos de recrutamento volunt\u00e1rio para as FAs - Portal Tela Portugal","isPartOf":{"@id":"https:\/\/portaltela.pt\/#website"},"primaryImageOfPage":{"@id":"https:\/\/portaltela.pt\/noticias\/2026\/04\/07\/ps-propoe-ao-governo-estudar-modelos-de-recrutamento-voluntario-para-as-fas\/#primaryimage"},"image":{"@id":"https:\/\/portaltela.pt\/noticias\/2026\/04\/07\/ps-propoe-ao-governo-estudar-modelos-de-recrutamento-voluntario-para-as-fas\/#primaryimage"},"thumbnailUrl":"https:\/\/portaltela.pt\/s.01k8rhncp4jt1\/2026\/04\/2079768.jpg","datePublished":"2026-04-07T16:47:23+00:00","author":{"@id":"https:\/\/portaltela.pt\/#\/schema\/person\/c4278d4a6028830caff9ee44b42d32ed"},"breadcrumb":{"@id":"https:\/\/portaltela.pt\/noticias\/2026\/04\/07\/ps-propoe-ao-governo-estudar-modelos-de-recrutamento-voluntario-para-as-fas\/#breadcrumb"},"inLanguage":"pt-PT","potentialAction":[{"@type":"ReadAction","target":["https:\/\/portaltela.pt\/noticias\/2026\/04\/07\/ps-propoe-ao-governo-estudar-modelos-de-recrutamento-voluntario-para-as-fas\/"]}]},{"@type":"ImageObject","inLanguage":"pt-PT","@id":"https:\/\/portaltela.pt\/noticias\/2026\/04\/07\/ps-propoe-ao-governo-estudar-modelos-de-recrutamento-voluntario-para-as-fas\/#primaryimage","url":"https:\/\/portaltela.pt\/s.01k8rhncp4jt1\/2026\/04\/2079768.jpg","contentUrl":"https:\/\/portaltela.pt\/s.01k8rhncp4jt1\/2026\/04\/2079768.jpg","width":796,"height":448,"caption":"O Dia da Defesa Nacional foi institu\u00eddo em Portugal em Setembro de 1999"},{"@type":"BreadcrumbList","@id":"https:\/\/portaltela.pt\/noticias\/2026\/04\/07\/ps-propoe-ao-governo-estudar-modelos-de-recrutamento-voluntario-para-as-fas\/#breadcrumb","itemListElement":[{"@type":"ListItem","position":1,"name":"In\u00edcio","item":"https:\/\/portaltela.pt\/"},{"@type":"ListItem","position":2,"name":"PS prop\u00f5e ao Governo estudar modelos de recrutamento volunt\u00e1rio para as FAs"}]},{"@type":"WebSite","@id":"https:\/\/portaltela.pt\/#website","url":"https:\/\/portaltela.pt\/","name":"Portal Tela Portugal","description":"","potentialAction":[{"@type":"SearchAction","target":{"@type":"EntryPoint","urlTemplate":"https:\/\/portaltela.pt\/?s={search_term_string}"},"query-input":{"@type":"PropertyValueSpecification","valueRequired":true,"valueName":"search_term_string"}}],"inLanguage":"pt-PT"},{"@type":"Person","@id":"https:\/\/portaltela.pt\/#\/schema\/person\/c4278d4a6028830caff9ee44b42d32ed","name":"Telinha","image":{"@type":"ImageObject","inLanguage":"pt-PT","@id":"https:\/\/portaltela.pt\/s.01k8rhncp4jt1\/2025\/11\/talking-bot-125x125.png","url":"https:\/\/portaltela.pt\/s.01k8rhncp4jt1\/2025\/11\/talking-bot-125x125.png","contentUrl":"https:\/\/portaltela.pt\/s.01k8rhncp4jt1\/2025\/11\/talking-bot-125x125.png","caption":"Telinha"},"sameAs":["https:\/\/portaltela.pt\/"],"url":"https:\/\/portaltela.pt\/por\/367410592786\/"}]}},"_links":{"self":[{"href":"https:\/\/portaltela.pt\/api\/wp\/v2\/posts\/435644","targetHints":{"allow":["GET"]}}],"collection":[{"href":"https:\/\/portaltela.pt\/api\/wp\/v2\/posts"}],"about":[{"href":"https:\/\/portaltela.pt\/api\/wp\/v2\/types\/post"}],"author":[{"embeddable":true,"href":"https:\/\/portaltela.pt\/api\/wp\/v2\/users\/2"}],"replies":[{"embeddable":true,"href":"https:\/\/portaltela.pt\/api\/wp\/v2\/comments?post=435644"}],"version-history":[{"count":0,"href":"https:\/\/portaltela.pt\/api\/wp\/v2\/posts\/435644\/revisions"}],"wp:featuredmedia":[{"embeddable":true,"href":"https:\/\/portaltela.pt\/api\/wp\/v2\/media\/435652"}],"wp:attachment":[{"href":"https:\/\/portaltela.pt\/api\/wp\/v2\/media?parent=435644"}],"wp:term":[{"taxonomy":"category","embeddable":true,"href":"https:\/\/portaltela.pt\/api\/wp\/v2\/categories?post=435644"},{"taxonomy":"post_tag","embeddable":true,"href":"https:\/\/portaltela.pt\/api\/wp\/v2\/tags?post=435644"}],"curies":[{"name":"wp","href":"https:\/\/api.w.org\/{rel}","templated":true}]}}