{"id":435642,"date":"2026-04-07T13:47:21","date_gmt":"2026-04-07T16:47:21","guid":{"rendered":"https:\/\/portaltela.pt\/noticias\/2026\/04\/07\/medidas-para-internamentos-sociais-nao-respondem-ao-envelhecimento\/"},"modified":"2026-04-07T13:47:21","modified_gmt":"2026-04-07T16:47:21","slug":"medidas-para-internamentos-sociais-nao-respondem-ao-envelhecimento","status":"publish","type":"post","link":"https:\/\/portaltela.pt\/sociedade\/2026\/04\/07\/medidas-para-internamentos-sociais-nao-respondem-ao-envelhecimento\/","title":{"rendered":"Medidas para internamentos sociais n\u00e3o respondem ao envelhecimento"},"content":{"rendered":"<p>O debate na comiss\u00e3o parlamentar de Trabalho, Seguran\u00e7a Social e Inclus\u00e3o centrou-se nas recentes propostas para internamentos sociais. A discuss\u00e3o avaliou se as medidas propostas pelo PS s\u00e3o suficientes para enfrentar o fen\u00f3meno dos internamentos sociais, que resulta da falta de vagas em lares. A Assembleia ouviu v\u00e1rias entidades do sector social e solid\u00e1rio.<\/p>\n<p>O vice-presidente da Uni\u00e3o das Miseric\u00f3rdias Portuguesas alertou que as solu\u00e7\u00f5es apresentadas s\u00e3o tempor\u00e1rias e n\u00e3o resolvem o problema estrutural de base. O respons\u00e1vel frisou a persist\u00eancia de dificuldades ao n\u00edvel de vagas, ap\u00f3s a alta hospitalar dos utentes. A posi\u00e7\u00e3o foi partilhada por outros representantes, que pedem respostas de fundo.<\/p>\n<p>As audi\u00e7\u00f5es tiveram lugar nesta ter\u00e7a-feira na comiss\u00e3o, com foco nas medidas anunciadas pelo Governo e no projecto de lei do PS que cria o programa Voltar a Casa. Ao longo dos pareceres, ficou claro que a falta de vagas em lares \u00e9 o principal entrave a uma gest\u00e3o mais eficiente dos internamentos.<\/p>\n<h3>Desafios estruturais e necessidades de m\u00e9dio prazo<\/h3>\n<p>Entidades do sector destacaram que aumentar rapidamente a oferta de vagas n\u00e3o basta. A perspetiva \u00e9 de que ser\u00e1 necess\u00e1rio estabelecer caminhos de transi\u00e7\u00e3o entre hospitaliza\u00e7\u00e3o, domicilio e apoio comunit\u00e1rio. O envelhecimento populacional \u00e9 apontado como fator que poder\u00e1 agravar o problema no futuro.<\/p>\n<p>Para as organiza\u00e7\u00f5es presentes, \u00e9 essencial definir crit\u00e9rios de elegibilidade, financiamento est\u00e1vel e coordena\u00e7\u00e3o entre SNS, corpos sociais e fam\u00edlias. A comiss\u00e3o continua a recolher contributos de especialistas para fundamentar decis\u00f5es sobre o que deve avan\u00e7ar no pr\u00f3ximo per\u00edodo.<\/p>\n","protected":false},"excerpt":{"rendered":"<ul>\n<li>O vice-presidente da Uni\u00e3o das Miseric\u00f3rdias Portuguesas afirma que solu\u00e7\u00f5es provis\u00f3rias propostas pelo PS n\u00e3o resolvem o envelhecimento da popula\u00e7\u00e3o nem a falta de vagas em lares.<\/li>\n<li>A ideia de criar \u201cresid\u00eancias transit\u00f3rias\u201d para quem permanece hospitalizado no SNS por n\u00e3o ter outra solu\u00e7\u00e3o n\u00e3o resolve o problema das altas sociais, embora possa ter algum efeito.<\/li>\n<li>O tema foi debatido na comiss\u00e3o parlamentar de Trabalho, Seguran\u00e7a Social e Inclus\u00e3o, ap\u00f3s audi\u00e7\u00f5es de representantes do sector social.<\/li>\n<li>O debate envolve o projeto de lei do PS que cria o programa Voltar a Casa, bem como as medidas anunciadas pelo Governo.<\/li>\n<li>Os participantes repetem que o problema \u00e9 estrutural e pode agravar-se com o envelhecimento da popula\u00e7\u00e3o, e que as medidas em discuss\u00e3o n\u00e3o chegam para resolver as altas sociais.<\/li>\n<\/ul>\n","protected":false},"author":2,"featured_media":435649,"comment_status":"closed","ping_status":"closed","sticky":false,"template":"","format":"standard","meta":{"footnotes":""},"categories":[6745,6871],"tags":[7816,2172,173,172,2762,1775],"class_list":["post-435642","post","type-post","status-publish","format-standard","has-post-thumbnail","hentry","category-saude","category-sociedade","tag-_habitacao-social","tag-assistencia-social","tag-protecao-social","tag-saude","tag-setor-social","tag-sns"],"yoast_head":"<!-- This site is optimized with the Yoast SEO plugin v27.2 - https:\/\/yoast.com\/product\/yoast-seo-wordpress\/ -->\n<title>Medidas para internamentos sociais n\u00e3o respondem ao envelhecimento - Portal Tela Portugal<\/title>\n<meta name=\"robots\" content=\"index, follow, max-snippet:-1, max-image-preview:large, max-video-preview:-1\" \/>\n<meta property=\"og:locale\" content=\"pt_PT\" \/>\n<meta property=\"og:type\" content=\"article\" \/>\n<meta property=\"og:title\" content=\"Medidas para internamentos sociais n\u00e3o respondem ao envelhecimento - Portal Tela Portugal\" \/>\n<meta property=\"og:description\" content=\"O vice-presidente da Uni\u00e3o das Miseric\u00f3rdias Portuguesas afirma que solu\u00e7\u00f5es provis\u00f3rias propostas pelo PS n\u00e3o resolvem o envelhecimento da popula\u00e7\u00e3o nem a falta de vagas em lares. A ideia de criar \u201cresid\u00eancias transit\u00f3rias\u201d para quem permanece hospitalizado no SNS por n\u00e3o ter outra solu\u00e7\u00e3o n\u00e3o resolve o problema das altas sociais, embora possa ter algum efeito. O tema foi debatido na comiss\u00e3o parlamentar de Trabalho, Seguran\u00e7a Social e Inclus\u00e3o, ap\u00f3s audi\u00e7\u00f5es de representantes do sector social. O debate envolve o projeto de lei do PS que cria o programa Voltar a Casa, bem como as medidas anunciadas pelo Governo. Os participantes repetem que o problema \u00e9 estrutural e pode agravar-se com o envelhecimento da popula\u00e7\u00e3o, e que as medidas em discuss\u00e3o n\u00e3o chegam para resolver as altas sociais.\" \/>\n<meta property=\"og:url\" content=\"https:\/\/portaltela.pt\/noticias\/2026\/04\/07\/medidas-para-internamentos-sociais-nao-respondem-ao-envelhecimento\/\" \/>\n<meta property=\"og:site_name\" content=\"Portal Tela Portugal\" \/>\n<meta property=\"article:published_time\" content=\"2026-04-07T16:47:21+00:00\" \/>\n<meta name=\"author\" content=\"Telinha\" \/>\n<meta name=\"twitter:card\" content=\"summary_large_image\" \/>\n<meta name=\"twitter:label1\" content=\"Escrito por\" \/>\n\t<meta name=\"twitter:data1\" content=\"Telinha\" \/>\n\t<meta name=\"twitter:label2\" content=\"Tempo estimado de leitura\" \/>\n\t<meta name=\"twitter:data2\" content=\"1 minuto\" \/>\n<script type=\"application\/ld+json\" class=\"yoast-schema-graph\">{\"@context\":\"https:\/\/schema.org\",\"@graph\":[{\"@type\":\"Article\",\"@id\":\"https:\/\/portaltela.pt\/noticias\/2026\/04\/07\/medidas-para-internamentos-sociais-nao-respondem-ao-envelhecimento\/#article\",\"isPartOf\":{\"@id\":\"https:\/\/portaltela.pt\/noticias\/2026\/04\/07\/medidas-para-internamentos-sociais-nao-respondem-ao-envelhecimento\/\"},\"author\":{\"name\":\"Telinha\",\"@id\":\"https:\/\/portaltela.pt\/#\/schema\/person\/c4278d4a6028830caff9ee44b42d32ed\"},\"headline\":\"Medidas para internamentos sociais n\u00e3o respondem ao envelhecimento\",\"datePublished\":\"2026-04-07T16:47:21+00:00\",\"mainEntityOfPage\":{\"@id\":\"https:\/\/portaltela.pt\/noticias\/2026\/04\/07\/medidas-para-internamentos-sociais-nao-respondem-ao-envelhecimento\/\"},\"wordCount\":292,\"image\":{\"@id\":\"https:\/\/portaltela.pt\/noticias\/2026\/04\/07\/medidas-para-internamentos-sociais-nao-respondem-ao-envelhecimento\/#primaryimage\"},\"thumbnailUrl\":\"https:\/\/portaltela.pt\/s.01k8rhncp4jt1\/2026\/04\/2079762.jpg\",\"keywords\":[\"_habita\u00e7\u00e3o social\",\"assist\u00eancia social\",\"prote\u00e7\u00e3o social\",\"sa\u00fade\",\"Setor Social\",\"SNS\"],\"articleSection\":[\"Sa\u00fade\",\"Sociedade\"],\"inLanguage\":\"pt-PT\"},{\"@type\":\"WebPage\",\"@id\":\"https:\/\/portaltela.pt\/noticias\/2026\/04\/07\/medidas-para-internamentos-sociais-nao-respondem-ao-envelhecimento\/\",\"url\":\"https:\/\/portaltela.pt\/noticias\/2026\/04\/07\/medidas-para-internamentos-sociais-nao-respondem-ao-envelhecimento\/\",\"name\":\"Medidas para internamentos sociais n\u00e3o respondem ao envelhecimento - Portal Tela Portugal\",\"isPartOf\":{\"@id\":\"https:\/\/portaltela.pt\/#website\"},\"primaryImageOfPage\":{\"@id\":\"https:\/\/portaltela.pt\/noticias\/2026\/04\/07\/medidas-para-internamentos-sociais-nao-respondem-ao-envelhecimento\/#primaryimage\"},\"image\":{\"@id\":\"https:\/\/portaltela.pt\/noticias\/2026\/04\/07\/medidas-para-internamentos-sociais-nao-respondem-ao-envelhecimento\/#primaryimage\"},\"thumbnailUrl\":\"https:\/\/portaltela.pt\/s.01k8rhncp4jt1\/2026\/04\/2079762.jpg\",\"datePublished\":\"2026-04-07T16:47:21+00:00\",\"author\":{\"@id\":\"https:\/\/portaltela.pt\/#\/schema\/person\/c4278d4a6028830caff9ee44b42d32ed\"},\"breadcrumb\":{\"@id\":\"https:\/\/portaltela.pt\/noticias\/2026\/04\/07\/medidas-para-internamentos-sociais-nao-respondem-ao-envelhecimento\/#breadcrumb\"},\"inLanguage\":\"pt-PT\",\"potentialAction\":[{\"@type\":\"ReadAction\",\"target\":[\"https:\/\/portaltela.pt\/noticias\/2026\/04\/07\/medidas-para-internamentos-sociais-nao-respondem-ao-envelhecimento\/\"]}]},{\"@type\":\"ImageObject\",\"inLanguage\":\"pt-PT\",\"@id\":\"https:\/\/portaltela.pt\/noticias\/2026\/04\/07\/medidas-para-internamentos-sociais-nao-respondem-ao-envelhecimento\/#primaryimage\",\"url\":\"https:\/\/portaltela.pt\/s.01k8rhncp4jt1\/2026\/04\/2079762.jpg\",\"contentUrl\":\"https:\/\/portaltela.pt\/s.01k8rhncp4jt1\/2026\/04\/2079762.jpg\",\"width\":796,\"height\":448,\"caption\":\"H\u00e1 pessoas com alta cl\u00ednica mas que continuam internadas nos hospitais por n\u00e3o terem alternativa no exterior e o projecto de lei do PS prop\u00f5e medidas para estes casos\"},{\"@type\":\"BreadcrumbList\",\"@id\":\"https:\/\/portaltela.pt\/noticias\/2026\/04\/07\/medidas-para-internamentos-sociais-nao-respondem-ao-envelhecimento\/#breadcrumb\",\"itemListElement\":[{\"@type\":\"ListItem\",\"position\":1,\"name\":\"In\u00edcio\",\"item\":\"https:\/\/portaltela.pt\/\"},{\"@type\":\"ListItem\",\"position\":2,\"name\":\"Medidas para internamentos sociais n\u00e3o respondem ao envelhecimento\"}]},{\"@type\":\"WebSite\",\"@id\":\"https:\/\/portaltela.pt\/#website\",\"url\":\"https:\/\/portaltela.pt\/\",\"name\":\"Portal Tela Portugal\",\"description\":\"\",\"potentialAction\":[{\"@type\":\"SearchAction\",\"target\":{\"@type\":\"EntryPoint\",\"urlTemplate\":\"https:\/\/portaltela.pt\/?s={search_term_string}\"},\"query-input\":{\"@type\":\"PropertyValueSpecification\",\"valueRequired\":true,\"valueName\":\"search_term_string\"}}],\"inLanguage\":\"pt-PT\"},{\"@type\":\"Person\",\"@id\":\"https:\/\/portaltela.pt\/#\/schema\/person\/c4278d4a6028830caff9ee44b42d32ed\",\"name\":\"Telinha\",\"image\":{\"@type\":\"ImageObject\",\"inLanguage\":\"pt-PT\",\"@id\":\"https:\/\/portaltela.pt\/s.01k8rhncp4jt1\/2025\/11\/talking-bot-125x125.png\",\"url\":\"https:\/\/portaltela.pt\/s.01k8rhncp4jt1\/2025\/11\/talking-bot-125x125.png\",\"contentUrl\":\"https:\/\/portaltela.pt\/s.01k8rhncp4jt1\/2025\/11\/talking-bot-125x125.png\",\"caption\":\"Telinha\"},\"sameAs\":[\"https:\/\/portaltela.pt\/\"],\"url\":\"https:\/\/portaltela.pt\/por\/367410592786\/\"}]}<\/script>\n<!-- \/ Yoast SEO plugin. -->","yoast_head_json":{"title":"Medidas para internamentos sociais n\u00e3o respondem ao envelhecimento - Portal Tela Portugal","robots":{"index":"index","follow":"follow","max-snippet":"max-snippet:-1","max-image-preview":"max-image-preview:large","max-video-preview":"max-video-preview:-1"},"og_locale":"pt_PT","og_type":"article","og_title":"Medidas para internamentos sociais n\u00e3o respondem ao envelhecimento - Portal Tela Portugal","og_description":"O vice-presidente da Uni\u00e3o das Miseric\u00f3rdias Portuguesas afirma que solu\u00e7\u00f5es provis\u00f3rias propostas pelo PS n\u00e3o resolvem o envelhecimento da popula\u00e7\u00e3o nem a falta de vagas em lares. A ideia de criar \u201cresid\u00eancias transit\u00f3rias\u201d para quem permanece hospitalizado no SNS por n\u00e3o ter outra solu\u00e7\u00e3o n\u00e3o resolve o problema das altas sociais, embora possa ter algum efeito. O tema foi debatido na comiss\u00e3o parlamentar de Trabalho, Seguran\u00e7a Social e Inclus\u00e3o, ap\u00f3s audi\u00e7\u00f5es de representantes do sector social. O debate envolve o projeto de lei do PS que cria o programa Voltar a Casa, bem como as medidas anunciadas pelo Governo. Os participantes repetem que o problema \u00e9 estrutural e pode agravar-se com o envelhecimento da popula\u00e7\u00e3o, e que as medidas em discuss\u00e3o n\u00e3o chegam para resolver as altas sociais.","og_url":"https:\/\/portaltela.pt\/noticias\/2026\/04\/07\/medidas-para-internamentos-sociais-nao-respondem-ao-envelhecimento\/","og_site_name":"Portal Tela Portugal","article_published_time":"2026-04-07T16:47:21+00:00","author":"Telinha","twitter_card":"summary_large_image","twitter_misc":{"Escrito por":"Telinha","Tempo estimado de leitura":"1 minuto"},"schema":{"@context":"https:\/\/schema.org","@graph":[{"@type":"Article","@id":"https:\/\/portaltela.pt\/noticias\/2026\/04\/07\/medidas-para-internamentos-sociais-nao-respondem-ao-envelhecimento\/#article","isPartOf":{"@id":"https:\/\/portaltela.pt\/noticias\/2026\/04\/07\/medidas-para-internamentos-sociais-nao-respondem-ao-envelhecimento\/"},"author":{"name":"Telinha","@id":"https:\/\/portaltela.pt\/#\/schema\/person\/c4278d4a6028830caff9ee44b42d32ed"},"headline":"Medidas para internamentos sociais n\u00e3o respondem ao envelhecimento","datePublished":"2026-04-07T16:47:21+00:00","mainEntityOfPage":{"@id":"https:\/\/portaltela.pt\/noticias\/2026\/04\/07\/medidas-para-internamentos-sociais-nao-respondem-ao-envelhecimento\/"},"wordCount":292,"image":{"@id":"https:\/\/portaltela.pt\/noticias\/2026\/04\/07\/medidas-para-internamentos-sociais-nao-respondem-ao-envelhecimento\/#primaryimage"},"thumbnailUrl":"https:\/\/portaltela.pt\/s.01k8rhncp4jt1\/2026\/04\/2079762.jpg","keywords":["_habita\u00e7\u00e3o social","assist\u00eancia social","prote\u00e7\u00e3o social","sa\u00fade","Setor Social","SNS"],"articleSection":["Sa\u00fade","Sociedade"],"inLanguage":"pt-PT"},{"@type":"WebPage","@id":"https:\/\/portaltela.pt\/noticias\/2026\/04\/07\/medidas-para-internamentos-sociais-nao-respondem-ao-envelhecimento\/","url":"https:\/\/portaltela.pt\/noticias\/2026\/04\/07\/medidas-para-internamentos-sociais-nao-respondem-ao-envelhecimento\/","name":"Medidas para internamentos sociais n\u00e3o respondem ao envelhecimento - Portal Tela Portugal","isPartOf":{"@id":"https:\/\/portaltela.pt\/#website"},"primaryImageOfPage":{"@id":"https:\/\/portaltela.pt\/noticias\/2026\/04\/07\/medidas-para-internamentos-sociais-nao-respondem-ao-envelhecimento\/#primaryimage"},"image":{"@id":"https:\/\/portaltela.pt\/noticias\/2026\/04\/07\/medidas-para-internamentos-sociais-nao-respondem-ao-envelhecimento\/#primaryimage"},"thumbnailUrl":"https:\/\/portaltela.pt\/s.01k8rhncp4jt1\/2026\/04\/2079762.jpg","datePublished":"2026-04-07T16:47:21+00:00","author":{"@id":"https:\/\/portaltela.pt\/#\/schema\/person\/c4278d4a6028830caff9ee44b42d32ed"},"breadcrumb":{"@id":"https:\/\/portaltela.pt\/noticias\/2026\/04\/07\/medidas-para-internamentos-sociais-nao-respondem-ao-envelhecimento\/#breadcrumb"},"inLanguage":"pt-PT","potentialAction":[{"@type":"ReadAction","target":["https:\/\/portaltela.pt\/noticias\/2026\/04\/07\/medidas-para-internamentos-sociais-nao-respondem-ao-envelhecimento\/"]}]},{"@type":"ImageObject","inLanguage":"pt-PT","@id":"https:\/\/portaltela.pt\/noticias\/2026\/04\/07\/medidas-para-internamentos-sociais-nao-respondem-ao-envelhecimento\/#primaryimage","url":"https:\/\/portaltela.pt\/s.01k8rhncp4jt1\/2026\/04\/2079762.jpg","contentUrl":"https:\/\/portaltela.pt\/s.01k8rhncp4jt1\/2026\/04\/2079762.jpg","width":796,"height":448,"caption":"H\u00e1 pessoas com alta cl\u00ednica mas que continuam internadas nos hospitais por n\u00e3o terem alternativa no exterior e o projecto de lei do PS prop\u00f5e medidas para estes casos"},{"@type":"BreadcrumbList","@id":"https:\/\/portaltela.pt\/noticias\/2026\/04\/07\/medidas-para-internamentos-sociais-nao-respondem-ao-envelhecimento\/#breadcrumb","itemListElement":[{"@type":"ListItem","position":1,"name":"In\u00edcio","item":"https:\/\/portaltela.pt\/"},{"@type":"ListItem","position":2,"name":"Medidas para internamentos sociais n\u00e3o respondem ao envelhecimento"}]},{"@type":"WebSite","@id":"https:\/\/portaltela.pt\/#website","url":"https:\/\/portaltela.pt\/","name":"Portal Tela Portugal","description":"","potentialAction":[{"@type":"SearchAction","target":{"@type":"EntryPoint","urlTemplate":"https:\/\/portaltela.pt\/?s={search_term_string}"},"query-input":{"@type":"PropertyValueSpecification","valueRequired":true,"valueName":"search_term_string"}}],"inLanguage":"pt-PT"},{"@type":"Person","@id":"https:\/\/portaltela.pt\/#\/schema\/person\/c4278d4a6028830caff9ee44b42d32ed","name":"Telinha","image":{"@type":"ImageObject","inLanguage":"pt-PT","@id":"https:\/\/portaltela.pt\/s.01k8rhncp4jt1\/2025\/11\/talking-bot-125x125.png","url":"https:\/\/portaltela.pt\/s.01k8rhncp4jt1\/2025\/11\/talking-bot-125x125.png","contentUrl":"https:\/\/portaltela.pt\/s.01k8rhncp4jt1\/2025\/11\/talking-bot-125x125.png","caption":"Telinha"},"sameAs":["https:\/\/portaltela.pt\/"],"url":"https:\/\/portaltela.pt\/por\/367410592786\/"}]}},"_links":{"self":[{"href":"https:\/\/portaltela.pt\/api\/wp\/v2\/posts\/435642","targetHints":{"allow":["GET"]}}],"collection":[{"href":"https:\/\/portaltela.pt\/api\/wp\/v2\/posts"}],"about":[{"href":"https:\/\/portaltela.pt\/api\/wp\/v2\/types\/post"}],"author":[{"embeddable":true,"href":"https:\/\/portaltela.pt\/api\/wp\/v2\/users\/2"}],"replies":[{"embeddable":true,"href":"https:\/\/portaltela.pt\/api\/wp\/v2\/comments?post=435642"}],"version-history":[{"count":0,"href":"https:\/\/portaltela.pt\/api\/wp\/v2\/posts\/435642\/revisions"}],"wp:featuredmedia":[{"embeddable":true,"href":"https:\/\/portaltela.pt\/api\/wp\/v2\/media\/435649"}],"wp:attachment":[{"href":"https:\/\/portaltela.pt\/api\/wp\/v2\/media?parent=435642"}],"wp:term":[{"taxonomy":"category","embeddable":true,"href":"https:\/\/portaltela.pt\/api\/wp\/v2\/categories?post=435642"},{"taxonomy":"post_tag","embeddable":true,"href":"https:\/\/portaltela.pt\/api\/wp\/v2\/tags?post=435642"}],"curies":[{"name":"wp","href":"https:\/\/api.w.org\/{rel}","templated":true}]}}