{"id":435622,"date":"2026-04-07T13:32:09","date_gmt":"2026-04-07T16:32:09","guid":{"rendered":"https:\/\/portaltela.pt\/noticias\/2026\/04\/07\/artemis-ii-mostra-crateras-lunares-eclipse-e-terra-em-imagens-impressionantes\/"},"modified":"2026-04-07T13:32:09","modified_gmt":"2026-04-07T16:32:09","slug":"artemis-ii-mostra-crateras-lunares-eclipse-e-terra-em-imagens-impressionantes","status":"publish","type":"post","link":"https:\/\/portaltela.pt\/tecnologia\/2026\/04\/07\/artemis-ii-mostra-crateras-lunares-eclipse-e-terra-em-imagens-impressionantes\/","title":{"rendered":"Artemis II mostra crateras lunares, eclipse e Terra em imagens impressionantes"},"content":{"rendered":"<p>A NASA divulgou nesta ter\u00e7a-feira imagens in\u00e9ditas da miss\u00e3o Artemis II, que marca o regresso da humanidade \u00e0 Lua. Os registos foram captados pela nave Orion durante a viagem de explora\u00e7\u00e3o.<\/p>\n<p>Nas imagens, destacam-se as crateras do lado oculto da Lua, o eclipse solar observado pela tripula\u00e7\u00e3o e a Terra a surgir no horizonte distante.<\/p>\n<p>Na segunda-feira, os quatro astronautas da Artemis II alcan\u00e7aram o recorde hist\u00f3rico de dist\u00e2ncia da Terra, superando o feito da Apollo 13, de 1970.<\/p>\n<p>A miss\u00e3o pretende testar sistemas de navega\u00e7\u00e3o, comunica\u00e7\u00e3o e suporte \u00e0 vida, preparando o caminho para futuras atividades tripuladas na superf\u00edcie lunar.<\/p>\n","protected":false},"excerpt":{"rendered":"<ul>\n<li>A NASA divulgou imagens in\u00e9ditas da miss\u00e3o Artemis II, captadas pela Orion, que mostram as crateras do lado oculto da Lua.<\/li>\n<li>Os registos incluem o eclipse solar vis\u00edvel apenas para a tripula\u00e7\u00e3o e a Terra no horizonte.<\/li>\n<li>A miss\u00e3o representa o regresso da humanidade \u00e0 Lua.<\/li>\n<li>Na segunda-feira, os quatro astronautas superaram o recorde hist\u00f3rico de dist\u00e2ncia da Terra, anteriormente estabelecido pela tripula\u00e7\u00e3o da Apolo 13 em 1970.<\/li>\n<li>As imagens destacam o afastamento progressivo da Terra durante a miss\u00e3o e a explora\u00e7\u00e3o do espa\u00e7o profundo.<\/li>\n<\/ul>\n","protected":false},"author":2,"featured_media":435625,"comment_status":"closed","ping_status":"closed","sticky":false,"template":"","format":"standard","meta":{"footnotes":""},"categories":[6716],"tags":[2625,7186,1992,5528,153],"class_list":["post-435622","post","type-post","status-publish","format-standard","has-post-thumbnail","hentry","category-tecnologia","tag-aeronautica","tag-astronomia","tag-ciencia","tag-exploracao","tag-tecnologia"],"yoast_head":"<!-- This site is optimized with the Yoast SEO plugin v27.2 - https:\/\/yoast.com\/product\/yoast-seo-wordpress\/ -->\n<title>Artemis II mostra crateras lunares, eclipse e Terra em imagens impressionantes - Portal Tela Portugal<\/title>\n<meta name=\"robots\" content=\"index, follow, max-snippet:-1, max-image-preview:large, max-video-preview:-1\" \/>\n<meta property=\"og:locale\" content=\"pt_PT\" \/>\n<meta property=\"og:type\" content=\"article\" \/>\n<meta property=\"og:title\" content=\"Artemis II mostra crateras lunares, eclipse e Terra em imagens impressionantes - Portal Tela Portugal\" \/>\n<meta property=\"og:description\" content=\"A NASA divulgou imagens in\u00e9ditas da miss\u00e3o Artemis II, captadas pela Orion, que mostram as crateras do lado oculto da Lua. Os registos incluem o eclipse solar vis\u00edvel apenas para a tripula\u00e7\u00e3o e a Terra no horizonte. A miss\u00e3o representa o regresso da humanidade \u00e0 Lua. Na segunda-feira, os quatro astronautas superaram o recorde hist\u00f3rico de dist\u00e2ncia da Terra, anteriormente estabelecido pela tripula\u00e7\u00e3o da Apolo 13 em 1970. As imagens destacam o afastamento progressivo da Terra durante a miss\u00e3o e a explora\u00e7\u00e3o do espa\u00e7o profundo.\" \/>\n<meta property=\"og:url\" content=\"https:\/\/portaltela.pt\/noticias\/2026\/04\/07\/artemis-ii-mostra-crateras-lunares-eclipse-e-terra-em-imagens-impressionantes\/\" \/>\n<meta property=\"og:site_name\" content=\"Portal Tela Portugal\" \/>\n<meta property=\"article:published_time\" content=\"2026-04-07T16:32:09+00:00\" \/>\n<meta name=\"author\" content=\"Telinha\" \/>\n<meta name=\"twitter:card\" content=\"summary_large_image\" \/>\n<meta name=\"twitter:label1\" content=\"Escrito por\" \/>\n\t<meta name=\"twitter:data1\" content=\"Telinha\" \/>\n\t<meta name=\"twitter:label2\" content=\"Tempo estimado de leitura\" \/>\n\t<meta name=\"twitter:data2\" content=\"1 minuto\" \/>\n<script type=\"application\/ld+json\" class=\"yoast-schema-graph\">{\"@context\":\"https:\/\/schema.org\",\"@graph\":[{\"@type\":\"Article\",\"@id\":\"https:\/\/portaltela.pt\/noticias\/2026\/04\/07\/artemis-ii-mostra-crateras-lunares-eclipse-e-terra-em-imagens-impressionantes\/#article\",\"isPartOf\":{\"@id\":\"https:\/\/portaltela.pt\/noticias\/2026\/04\/07\/artemis-ii-mostra-crateras-lunares-eclipse-e-terra-em-imagens-impressionantes\/\"},\"author\":{\"name\":\"Telinha\",\"@id\":\"https:\/\/portaltela.pt\/#\/schema\/person\/c4278d4a6028830caff9ee44b42d32ed\"},\"headline\":\"Artemis II mostra crateras lunares, eclipse e Terra em imagens impressionantes\",\"datePublished\":\"2026-04-07T16:32:09+00:00\",\"mainEntityOfPage\":{\"@id\":\"https:\/\/portaltela.pt\/noticias\/2026\/04\/07\/artemis-ii-mostra-crateras-lunares-eclipse-e-terra-em-imagens-impressionantes\/\"},\"wordCount\":120,\"image\":{\"@id\":\"https:\/\/portaltela.pt\/noticias\/2026\/04\/07\/artemis-ii-mostra-crateras-lunares-eclipse-e-terra-em-imagens-impressionantes\/#primaryimage\"},\"thumbnailUrl\":\"https:\/\/portaltela.pt\/s.01k8rhncp4jt1\/2026\/04\/90d48f1a-c89d-4f97-9846-c540b6f25dd2_1200x675.jpg\",\"keywords\":[\"aeron\u00e1utica\",\"astronomia\",\"ci\u00eancia\",\"explora\u00e7\u00e3o\",\"tecnologia\"],\"articleSection\":[\"Tecnologia\"],\"inLanguage\":\"pt-PT\"},{\"@type\":\"WebPage\",\"@id\":\"https:\/\/portaltela.pt\/noticias\/2026\/04\/07\/artemis-ii-mostra-crateras-lunares-eclipse-e-terra-em-imagens-impressionantes\/\",\"url\":\"https:\/\/portaltela.pt\/noticias\/2026\/04\/07\/artemis-ii-mostra-crateras-lunares-eclipse-e-terra-em-imagens-impressionantes\/\",\"name\":\"Artemis II mostra crateras lunares, eclipse e Terra em imagens impressionantes - Portal Tela Portugal\",\"isPartOf\":{\"@id\":\"https:\/\/portaltela.pt\/#website\"},\"primaryImageOfPage\":{\"@id\":\"https:\/\/portaltela.pt\/noticias\/2026\/04\/07\/artemis-ii-mostra-crateras-lunares-eclipse-e-terra-em-imagens-impressionantes\/#primaryimage\"},\"image\":{\"@id\":\"https:\/\/portaltela.pt\/noticias\/2026\/04\/07\/artemis-ii-mostra-crateras-lunares-eclipse-e-terra-em-imagens-impressionantes\/#primaryimage\"},\"thumbnailUrl\":\"https:\/\/portaltela.pt\/s.01k8rhncp4jt1\/2026\/04\/90d48f1a-c89d-4f97-9846-c540b6f25dd2_1200x675.jpg\",\"datePublished\":\"2026-04-07T16:32:09+00:00\",\"author\":{\"@id\":\"https:\/\/portaltela.pt\/#\/schema\/person\/c4278d4a6028830caff9ee44b42d32ed\"},\"breadcrumb\":{\"@id\":\"https:\/\/portaltela.pt\/noticias\/2026\/04\/07\/artemis-ii-mostra-crateras-lunares-eclipse-e-terra-em-imagens-impressionantes\/#breadcrumb\"},\"inLanguage\":\"pt-PT\",\"potentialAction\":[{\"@type\":\"ReadAction\",\"target\":[\"https:\/\/portaltela.pt\/noticias\/2026\/04\/07\/artemis-ii-mostra-crateras-lunares-eclipse-e-terra-em-imagens-impressionantes\/\"]}]},{\"@type\":\"ImageObject\",\"inLanguage\":\"pt-PT\",\"@id\":\"https:\/\/portaltela.pt\/noticias\/2026\/04\/07\/artemis-ii-mostra-crateras-lunares-eclipse-e-terra-em-imagens-impressionantes\/#primaryimage\",\"url\":\"https:\/\/portaltela.pt\/s.01k8rhncp4jt1\/2026\/04\/90d48f1a-c89d-4f97-9846-c540b6f25dd2_1200x675.jpg\",\"contentUrl\":\"https:\/\/portaltela.pt\/s.01k8rhncp4jt1\/2026\/04\/90d48f1a-c89d-4f97-9846-c540b6f25dd2_1200x675.jpg\",\"width\":796,\"height\":448,\"caption\":\"Photo\"},{\"@type\":\"BreadcrumbList\",\"@id\":\"https:\/\/portaltela.pt\/noticias\/2026\/04\/07\/artemis-ii-mostra-crateras-lunares-eclipse-e-terra-em-imagens-impressionantes\/#breadcrumb\",\"itemListElement\":[{\"@type\":\"ListItem\",\"position\":1,\"name\":\"In\u00edcio\",\"item\":\"https:\/\/portaltela.pt\/\"},{\"@type\":\"ListItem\",\"position\":2,\"name\":\"Artemis II mostra crateras lunares, eclipse e Terra em imagens impressionantes\"}]},{\"@type\":\"WebSite\",\"@id\":\"https:\/\/portaltela.pt\/#website\",\"url\":\"https:\/\/portaltela.pt\/\",\"name\":\"Portal Tela Portugal\",\"description\":\"\",\"potentialAction\":[{\"@type\":\"SearchAction\",\"target\":{\"@type\":\"EntryPoint\",\"urlTemplate\":\"https:\/\/portaltela.pt\/?s={search_term_string}\"},\"query-input\":{\"@type\":\"PropertyValueSpecification\",\"valueRequired\":true,\"valueName\":\"search_term_string\"}}],\"inLanguage\":\"pt-PT\"},{\"@type\":\"Person\",\"@id\":\"https:\/\/portaltela.pt\/#\/schema\/person\/c4278d4a6028830caff9ee44b42d32ed\",\"name\":\"Telinha\",\"image\":{\"@type\":\"ImageObject\",\"inLanguage\":\"pt-PT\",\"@id\":\"https:\/\/portaltela.pt\/s.01k8rhncp4jt1\/2025\/11\/talking-bot-125x125.png\",\"url\":\"https:\/\/portaltela.pt\/s.01k8rhncp4jt1\/2025\/11\/talking-bot-125x125.png\",\"contentUrl\":\"https:\/\/portaltela.pt\/s.01k8rhncp4jt1\/2025\/11\/talking-bot-125x125.png\",\"caption\":\"Telinha\"},\"sameAs\":[\"https:\/\/portaltela.pt\/\"],\"url\":\"https:\/\/portaltela.pt\/por\/367410592786\/\"}]}<\/script>\n<!-- \/ Yoast SEO plugin. -->","yoast_head_json":{"title":"Artemis II mostra crateras lunares, eclipse e Terra em imagens impressionantes - Portal Tela Portugal","robots":{"index":"index","follow":"follow","max-snippet":"max-snippet:-1","max-image-preview":"max-image-preview:large","max-video-preview":"max-video-preview:-1"},"og_locale":"pt_PT","og_type":"article","og_title":"Artemis II mostra crateras lunares, eclipse e Terra em imagens impressionantes - Portal Tela Portugal","og_description":"A NASA divulgou imagens in\u00e9ditas da miss\u00e3o Artemis II, captadas pela Orion, que mostram as crateras do lado oculto da Lua. Os registos incluem o eclipse solar vis\u00edvel apenas para a tripula\u00e7\u00e3o e a Terra no horizonte. A miss\u00e3o representa o regresso da humanidade \u00e0 Lua. Na segunda-feira, os quatro astronautas superaram o recorde hist\u00f3rico de dist\u00e2ncia da Terra, anteriormente estabelecido pela tripula\u00e7\u00e3o da Apolo 13 em 1970. As imagens destacam o afastamento progressivo da Terra durante a miss\u00e3o e a explora\u00e7\u00e3o do espa\u00e7o profundo.","og_url":"https:\/\/portaltela.pt\/noticias\/2026\/04\/07\/artemis-ii-mostra-crateras-lunares-eclipse-e-terra-em-imagens-impressionantes\/","og_site_name":"Portal Tela Portugal","article_published_time":"2026-04-07T16:32:09+00:00","author":"Telinha","twitter_card":"summary_large_image","twitter_misc":{"Escrito por":"Telinha","Tempo estimado de leitura":"1 minuto"},"schema":{"@context":"https:\/\/schema.org","@graph":[{"@type":"Article","@id":"https:\/\/portaltela.pt\/noticias\/2026\/04\/07\/artemis-ii-mostra-crateras-lunares-eclipse-e-terra-em-imagens-impressionantes\/#article","isPartOf":{"@id":"https:\/\/portaltela.pt\/noticias\/2026\/04\/07\/artemis-ii-mostra-crateras-lunares-eclipse-e-terra-em-imagens-impressionantes\/"},"author":{"name":"Telinha","@id":"https:\/\/portaltela.pt\/#\/schema\/person\/c4278d4a6028830caff9ee44b42d32ed"},"headline":"Artemis II mostra crateras lunares, eclipse e Terra em imagens impressionantes","datePublished":"2026-04-07T16:32:09+00:00","mainEntityOfPage":{"@id":"https:\/\/portaltela.pt\/noticias\/2026\/04\/07\/artemis-ii-mostra-crateras-lunares-eclipse-e-terra-em-imagens-impressionantes\/"},"wordCount":120,"image":{"@id":"https:\/\/portaltela.pt\/noticias\/2026\/04\/07\/artemis-ii-mostra-crateras-lunares-eclipse-e-terra-em-imagens-impressionantes\/#primaryimage"},"thumbnailUrl":"https:\/\/portaltela.pt\/s.01k8rhncp4jt1\/2026\/04\/90d48f1a-c89d-4f97-9846-c540b6f25dd2_1200x675.jpg","keywords":["aeron\u00e1utica","astronomia","ci\u00eancia","explora\u00e7\u00e3o","tecnologia"],"articleSection":["Tecnologia"],"inLanguage":"pt-PT"},{"@type":"WebPage","@id":"https:\/\/portaltela.pt\/noticias\/2026\/04\/07\/artemis-ii-mostra-crateras-lunares-eclipse-e-terra-em-imagens-impressionantes\/","url":"https:\/\/portaltela.pt\/noticias\/2026\/04\/07\/artemis-ii-mostra-crateras-lunares-eclipse-e-terra-em-imagens-impressionantes\/","name":"Artemis II mostra crateras lunares, eclipse e Terra em imagens impressionantes - Portal Tela Portugal","isPartOf":{"@id":"https:\/\/portaltela.pt\/#website"},"primaryImageOfPage":{"@id":"https:\/\/portaltela.pt\/noticias\/2026\/04\/07\/artemis-ii-mostra-crateras-lunares-eclipse-e-terra-em-imagens-impressionantes\/#primaryimage"},"image":{"@id":"https:\/\/portaltela.pt\/noticias\/2026\/04\/07\/artemis-ii-mostra-crateras-lunares-eclipse-e-terra-em-imagens-impressionantes\/#primaryimage"},"thumbnailUrl":"https:\/\/portaltela.pt\/s.01k8rhncp4jt1\/2026\/04\/90d48f1a-c89d-4f97-9846-c540b6f25dd2_1200x675.jpg","datePublished":"2026-04-07T16:32:09+00:00","author":{"@id":"https:\/\/portaltela.pt\/#\/schema\/person\/c4278d4a6028830caff9ee44b42d32ed"},"breadcrumb":{"@id":"https:\/\/portaltela.pt\/noticias\/2026\/04\/07\/artemis-ii-mostra-crateras-lunares-eclipse-e-terra-em-imagens-impressionantes\/#breadcrumb"},"inLanguage":"pt-PT","potentialAction":[{"@type":"ReadAction","target":["https:\/\/portaltela.pt\/noticias\/2026\/04\/07\/artemis-ii-mostra-crateras-lunares-eclipse-e-terra-em-imagens-impressionantes\/"]}]},{"@type":"ImageObject","inLanguage":"pt-PT","@id":"https:\/\/portaltela.pt\/noticias\/2026\/04\/07\/artemis-ii-mostra-crateras-lunares-eclipse-e-terra-em-imagens-impressionantes\/#primaryimage","url":"https:\/\/portaltela.pt\/s.01k8rhncp4jt1\/2026\/04\/90d48f1a-c89d-4f97-9846-c540b6f25dd2_1200x675.jpg","contentUrl":"https:\/\/portaltela.pt\/s.01k8rhncp4jt1\/2026\/04\/90d48f1a-c89d-4f97-9846-c540b6f25dd2_1200x675.jpg","width":796,"height":448,"caption":"Photo"},{"@type":"BreadcrumbList","@id":"https:\/\/portaltela.pt\/noticias\/2026\/04\/07\/artemis-ii-mostra-crateras-lunares-eclipse-e-terra-em-imagens-impressionantes\/#breadcrumb","itemListElement":[{"@type":"ListItem","position":1,"name":"In\u00edcio","item":"https:\/\/portaltela.pt\/"},{"@type":"ListItem","position":2,"name":"Artemis II mostra crateras lunares, eclipse e Terra em imagens impressionantes"}]},{"@type":"WebSite","@id":"https:\/\/portaltela.pt\/#website","url":"https:\/\/portaltela.pt\/","name":"Portal Tela Portugal","description":"","potentialAction":[{"@type":"SearchAction","target":{"@type":"EntryPoint","urlTemplate":"https:\/\/portaltela.pt\/?s={search_term_string}"},"query-input":{"@type":"PropertyValueSpecification","valueRequired":true,"valueName":"search_term_string"}}],"inLanguage":"pt-PT"},{"@type":"Person","@id":"https:\/\/portaltela.pt\/#\/schema\/person\/c4278d4a6028830caff9ee44b42d32ed","name":"Telinha","image":{"@type":"ImageObject","inLanguage":"pt-PT","@id":"https:\/\/portaltela.pt\/s.01k8rhncp4jt1\/2025\/11\/talking-bot-125x125.png","url":"https:\/\/portaltela.pt\/s.01k8rhncp4jt1\/2025\/11\/talking-bot-125x125.png","contentUrl":"https:\/\/portaltela.pt\/s.01k8rhncp4jt1\/2025\/11\/talking-bot-125x125.png","caption":"Telinha"},"sameAs":["https:\/\/portaltela.pt\/"],"url":"https:\/\/portaltela.pt\/por\/367410592786\/"}]}},"_links":{"self":[{"href":"https:\/\/portaltela.pt\/api\/wp\/v2\/posts\/435622","targetHints":{"allow":["GET"]}}],"collection":[{"href":"https:\/\/portaltela.pt\/api\/wp\/v2\/posts"}],"about":[{"href":"https:\/\/portaltela.pt\/api\/wp\/v2\/types\/post"}],"author":[{"embeddable":true,"href":"https:\/\/portaltela.pt\/api\/wp\/v2\/users\/2"}],"replies":[{"embeddable":true,"href":"https:\/\/portaltela.pt\/api\/wp\/v2\/comments?post=435622"}],"version-history":[{"count":0,"href":"https:\/\/portaltela.pt\/api\/wp\/v2\/posts\/435622\/revisions"}],"wp:featuredmedia":[{"embeddable":true,"href":"https:\/\/portaltela.pt\/api\/wp\/v2\/media\/435625"}],"wp:attachment":[{"href":"https:\/\/portaltela.pt\/api\/wp\/v2\/media?parent=435622"}],"wp:term":[{"taxonomy":"category","embeddable":true,"href":"https:\/\/portaltela.pt\/api\/wp\/v2\/categories?post=435622"},{"taxonomy":"post_tag","embeddable":true,"href":"https:\/\/portaltela.pt\/api\/wp\/v2\/tags?post=435622"}],"curies":[{"name":"wp","href":"https:\/\/api.w.org\/{rel}","templated":true}]}}