{"id":435619,"date":"2026-04-07T13:32:07","date_gmt":"2026-04-07T16:32:07","guid":{"rendered":"https:\/\/portaltela.pt\/noticias\/2026\/04\/07\/politecnicos-reivindicam-igualdade-de-financiamento-e-carreira-docente\/"},"modified":"2026-04-07T13:32:07","modified_gmt":"2026-04-07T16:32:07","slug":"politecnicos-reivindicam-igualdade-de-financiamento-e-carreira-docente","status":"publish","type":"post","link":"https:\/\/portaltela.pt\/noticias\/politica\/2026\/04\/07\/politecnicos-reivindicam-igualdade-de-financiamento-e-carreira-docente\/","title":{"rendered":"Polit\u00e9cnicos reivindicam igualdade de financiamento e carreira docente"},"content":{"rendered":"<p>O presidente do Conselho Coordenador dos Institutos Superiores Polit\u00e9cnicos (CCISP) pediu ao ministro da Educa\u00e7\u00e3o, nesta ter\u00e7a-feira, a revis\u00e3o da f\u00f3rmula de financiamento que privilegia as universidades. Lu\u00eds Loures apresentou a quest\u00e3o durante uma reuni\u00e3o com o governante.<\/p>\n<p>O pedido inclui tamb\u00e9m a equipara\u00e7\u00e3o da carreira docente entre os polit\u00e9cnicos e as universidades, defendendo que os requisitos de acesso s\u00e3o iguais nos dois subsistemas de ensino. A argumenta\u00e7\u00e3o baseia-se na inten\u00e7\u00e3o de reduzir disparidades.<\/p>\n<p>Numa f\u00f3rmula de financiamento em que o n\u00famero de alunos \u00e9 determinante, Loures demonstra preocupa\u00e7\u00e3o com diferen\u00e7as de financiamento entre estudantes de \u00e1reas semelhantes, como Gest\u00e3o ou Educa\u00e7\u00e3o B\u00e1sica, que podem depender se o estabelecimento \u00e9 universit\u00e1rio ou polit\u00e9cnico.<\/p>\n<h3>Contexto e pr\u00f3ximos passos<\/h3>\n<p>O CCISP pretende que o Minist\u00e9rio da Educa\u00e7\u00e3o reveja os pesos aplicados \u00e0 distribui\u00e7\u00e3o de fundos, assim como alinhe as progress\u00f5es na carreira docente, para assegurar maior equival\u00eancia entre os dois sistemas de ensino. A resposta oficial ainda n\u00e3o foi divulgada.<\/p>\n","protected":false},"excerpt":{"rendered":"<ul>\n<li>O presidente do Conselho Coordenador dos Institutos Superiores Polit\u00e9cnicos (CCISP) pediu ao ministro da Educa\u00e7\u00e3o a revis\u00e3o da f\u00f3rmula de financiamento que privilegia as universidades.<\/li>\n<li>Lu\u00eds Loures tamb\u00e9m reivindica a equipara\u00e7\u00e3o da carreira docente, uma vez que os requisitos de acesso s\u00e3o os mesmos nos dois subsistemas.<\/li>\n<li>A f\u00f3rmula atual baseia o financiamento no n\u00famero de alunos.<\/li>\n<li>O respons\u00e1vel acusa que estudantes a frequentarem cursos id\u00eanticos, em \u00e1reas como Gest\u00e3o ou Educa\u00e7\u00e3o B\u00e1sica, recebem financiamentos diferentes consoante frequentem uma universidade ou um polit\u00e9cnico.<\/li>\n<li>O objetivo \u00e9 garantir financiamento e carreira docente equivalentes entre universidades e polit\u00e9cnicos.<\/li>\n<\/ul>\n","protected":false},"author":2,"featured_media":435624,"comment_status":"closed","ping_status":"closed","sticky":false,"template":"","format":"standard","meta":{"footnotes":""},"categories":[1,5],"tags":[6115,7795,28,163,92,2832],"class_list":["post-435619","post","type-post","status-publish","format-standard","has-post-thumbnail","hentry","category-noticias","category-politica","tag-_economia","tag-_educacao","tag-economia","tag-educacao","tag-ensino","tag-politica"],"yoast_head":"<!-- This site is optimized with the Yoast SEO plugin v27.2 - https:\/\/yoast.com\/product\/yoast-seo-wordpress\/ -->\n<title>Polit\u00e9cnicos reivindicam igualdade de financiamento e carreira docente - Portal Tela Portugal<\/title>\n<meta name=\"robots\" content=\"index, follow, max-snippet:-1, max-image-preview:large, max-video-preview:-1\" \/>\n<meta property=\"og:locale\" content=\"pt_PT\" \/>\n<meta property=\"og:type\" content=\"article\" \/>\n<meta property=\"og:title\" content=\"Polit\u00e9cnicos reivindicam igualdade de financiamento e carreira docente - Portal Tela Portugal\" \/>\n<meta property=\"og:description\" content=\"O presidente do Conselho Coordenador dos Institutos Superiores Polit\u00e9cnicos (CCISP) pediu ao ministro da Educa\u00e7\u00e3o a revis\u00e3o da f\u00f3rmula de financiamento que privilegia as universidades. Lu\u00eds Loures tamb\u00e9m reivindica a equipara\u00e7\u00e3o da carreira docente, uma vez que os requisitos de acesso s\u00e3o os mesmos nos dois subsistemas. A f\u00f3rmula atual baseia o financiamento no n\u00famero de alunos. O respons\u00e1vel acusa que estudantes a frequentarem cursos id\u00eanticos, em \u00e1reas como Gest\u00e3o ou Educa\u00e7\u00e3o B\u00e1sica, recebem financiamentos diferentes consoante frequentem uma universidade ou um polit\u00e9cnico. O objetivo \u00e9 garantir financiamento e carreira docente equivalentes entre universidades e polit\u00e9cnicos.\" \/>\n<meta property=\"og:url\" content=\"https:\/\/portaltela.pt\/noticias\/2026\/04\/07\/politecnicos-reivindicam-igualdade-de-financiamento-e-carreira-docente\/\" \/>\n<meta property=\"og:site_name\" content=\"Portal Tela Portugal\" \/>\n<meta property=\"article:published_time\" content=\"2026-04-07T16:32:07+00:00\" \/>\n<meta name=\"author\" content=\"Telinha\" \/>\n<meta name=\"twitter:card\" content=\"summary_large_image\" \/>\n<meta name=\"twitter:label1\" content=\"Escrito por\" \/>\n\t<meta name=\"twitter:data1\" content=\"Telinha\" \/>\n\t<meta name=\"twitter:label2\" content=\"Tempo estimado de leitura\" \/>\n\t<meta name=\"twitter:data2\" content=\"1 minuto\" \/>\n<script type=\"application\/ld+json\" class=\"yoast-schema-graph\">{\"@context\":\"https:\/\/schema.org\",\"@graph\":[{\"@type\":\"Article\",\"@id\":\"https:\/\/portaltela.pt\/noticias\/2026\/04\/07\/politecnicos-reivindicam-igualdade-de-financiamento-e-carreira-docente\/#article\",\"isPartOf\":{\"@id\":\"https:\/\/portaltela.pt\/noticias\/2026\/04\/07\/politecnicos-reivindicam-igualdade-de-financiamento-e-carreira-docente\/\"},\"author\":{\"name\":\"Telinha\",\"@id\":\"https:\/\/portaltela.pt\/#\/schema\/person\/c4278d4a6028830caff9ee44b42d32ed\"},\"headline\":\"Polit\u00e9cnicos reivindicam igualdade de financiamento e carreira docente\",\"datePublished\":\"2026-04-07T16:32:07+00:00\",\"mainEntityOfPage\":{\"@id\":\"https:\/\/portaltela.pt\/noticias\/2026\/04\/07\/politecnicos-reivindicam-igualdade-de-financiamento-e-carreira-docente\/\"},\"wordCount\":194,\"image\":{\"@id\":\"https:\/\/portaltela.pt\/noticias\/2026\/04\/07\/politecnicos-reivindicam-igualdade-de-financiamento-e-carreira-docente\/#primaryimage\"},\"thumbnailUrl\":\"https:\/\/portaltela.pt\/s.01k8rhncp4jt1\/2026\/04\/image-397.jpg\",\"keywords\":[\"_economia\",\"_educa\u00e7\u00e3o\",\"economia\",\"educa\u00e7\u00e3o\",\"ensino\",\"pol\u00edtica\"],\"articleSection\":[\"Not\u00edcias\",\"Pol\u00edtica\"],\"inLanguage\":\"pt-PT\"},{\"@type\":\"WebPage\",\"@id\":\"https:\/\/portaltela.pt\/noticias\/2026\/04\/07\/politecnicos-reivindicam-igualdade-de-financiamento-e-carreira-docente\/\",\"url\":\"https:\/\/portaltela.pt\/noticias\/2026\/04\/07\/politecnicos-reivindicam-igualdade-de-financiamento-e-carreira-docente\/\",\"name\":\"Polit\u00e9cnicos reivindicam igualdade de financiamento e carreira docente - Portal Tela Portugal\",\"isPartOf\":{\"@id\":\"https:\/\/portaltela.pt\/#website\"},\"primaryImageOfPage\":{\"@id\":\"https:\/\/portaltela.pt\/noticias\/2026\/04\/07\/politecnicos-reivindicam-igualdade-de-financiamento-e-carreira-docente\/#primaryimage\"},\"image\":{\"@id\":\"https:\/\/portaltela.pt\/noticias\/2026\/04\/07\/politecnicos-reivindicam-igualdade-de-financiamento-e-carreira-docente\/#primaryimage\"},\"thumbnailUrl\":\"https:\/\/portaltela.pt\/s.01k8rhncp4jt1\/2026\/04\/image-397.jpg\",\"datePublished\":\"2026-04-07T16:32:07+00:00\",\"author\":{\"@id\":\"https:\/\/portaltela.pt\/#\/schema\/person\/c4278d4a6028830caff9ee44b42d32ed\"},\"breadcrumb\":{\"@id\":\"https:\/\/portaltela.pt\/noticias\/2026\/04\/07\/politecnicos-reivindicam-igualdade-de-financiamento-e-carreira-docente\/#breadcrumb\"},\"inLanguage\":\"pt-PT\",\"potentialAction\":[{\"@type\":\"ReadAction\",\"target\":[\"https:\/\/portaltela.pt\/noticias\/2026\/04\/07\/politecnicos-reivindicam-igualdade-de-financiamento-e-carreira-docente\/\"]}]},{\"@type\":\"ImageObject\",\"inLanguage\":\"pt-PT\",\"@id\":\"https:\/\/portaltela.pt\/noticias\/2026\/04\/07\/politecnicos-reivindicam-igualdade-de-financiamento-e-carreira-docente\/#primaryimage\",\"url\":\"https:\/\/portaltela.pt\/s.01k8rhncp4jt1\/2026\/04\/image-397.jpg\",\"contentUrl\":\"https:\/\/portaltela.pt\/s.01k8rhncp4jt1\/2026\/04\/image-397.jpg\",\"width\":796,\"height\":448,\"caption\":\"Modelo de financiamento do Ensino Superior prejudica os polit\u00e9cnicos\"},{\"@type\":\"BreadcrumbList\",\"@id\":\"https:\/\/portaltela.pt\/noticias\/2026\/04\/07\/politecnicos-reivindicam-igualdade-de-financiamento-e-carreira-docente\/#breadcrumb\",\"itemListElement\":[{\"@type\":\"ListItem\",\"position\":1,\"name\":\"In\u00edcio\",\"item\":\"https:\/\/portaltela.pt\/\"},{\"@type\":\"ListItem\",\"position\":2,\"name\":\"Polit\u00e9cnicos reivindicam igualdade de financiamento e carreira docente\"}]},{\"@type\":\"WebSite\",\"@id\":\"https:\/\/portaltela.pt\/#website\",\"url\":\"https:\/\/portaltela.pt\/\",\"name\":\"Portal Tela Portugal\",\"description\":\"\",\"potentialAction\":[{\"@type\":\"SearchAction\",\"target\":{\"@type\":\"EntryPoint\",\"urlTemplate\":\"https:\/\/portaltela.pt\/?s={search_term_string}\"},\"query-input\":{\"@type\":\"PropertyValueSpecification\",\"valueRequired\":true,\"valueName\":\"search_term_string\"}}],\"inLanguage\":\"pt-PT\"},{\"@type\":\"Person\",\"@id\":\"https:\/\/portaltela.pt\/#\/schema\/person\/c4278d4a6028830caff9ee44b42d32ed\",\"name\":\"Telinha\",\"image\":{\"@type\":\"ImageObject\",\"inLanguage\":\"pt-PT\",\"@id\":\"https:\/\/portaltela.pt\/s.01k8rhncp4jt1\/2025\/11\/talking-bot-125x125.png\",\"url\":\"https:\/\/portaltela.pt\/s.01k8rhncp4jt1\/2025\/11\/talking-bot-125x125.png\",\"contentUrl\":\"https:\/\/portaltela.pt\/s.01k8rhncp4jt1\/2025\/11\/talking-bot-125x125.png\",\"caption\":\"Telinha\"},\"sameAs\":[\"https:\/\/portaltela.pt\/\"],\"url\":\"https:\/\/portaltela.pt\/por\/367410592786\/\"}]}<\/script>\n<!-- \/ Yoast SEO plugin. -->","yoast_head_json":{"title":"Polit\u00e9cnicos reivindicam igualdade de financiamento e carreira docente - Portal Tela Portugal","robots":{"index":"index","follow":"follow","max-snippet":"max-snippet:-1","max-image-preview":"max-image-preview:large","max-video-preview":"max-video-preview:-1"},"og_locale":"pt_PT","og_type":"article","og_title":"Polit\u00e9cnicos reivindicam igualdade de financiamento e carreira docente - Portal Tela Portugal","og_description":"O presidente do Conselho Coordenador dos Institutos Superiores Polit\u00e9cnicos (CCISP) pediu ao ministro da Educa\u00e7\u00e3o a revis\u00e3o da f\u00f3rmula de financiamento que privilegia as universidades. Lu\u00eds Loures tamb\u00e9m reivindica a equipara\u00e7\u00e3o da carreira docente, uma vez que os requisitos de acesso s\u00e3o os mesmos nos dois subsistemas. A f\u00f3rmula atual baseia o financiamento no n\u00famero de alunos. O respons\u00e1vel acusa que estudantes a frequentarem cursos id\u00eanticos, em \u00e1reas como Gest\u00e3o ou Educa\u00e7\u00e3o B\u00e1sica, recebem financiamentos diferentes consoante frequentem uma universidade ou um polit\u00e9cnico. O objetivo \u00e9 garantir financiamento e carreira docente equivalentes entre universidades e polit\u00e9cnicos.","og_url":"https:\/\/portaltela.pt\/noticias\/2026\/04\/07\/politecnicos-reivindicam-igualdade-de-financiamento-e-carreira-docente\/","og_site_name":"Portal Tela Portugal","article_published_time":"2026-04-07T16:32:07+00:00","author":"Telinha","twitter_card":"summary_large_image","twitter_misc":{"Escrito por":"Telinha","Tempo estimado de leitura":"1 minuto"},"schema":{"@context":"https:\/\/schema.org","@graph":[{"@type":"Article","@id":"https:\/\/portaltela.pt\/noticias\/2026\/04\/07\/politecnicos-reivindicam-igualdade-de-financiamento-e-carreira-docente\/#article","isPartOf":{"@id":"https:\/\/portaltela.pt\/noticias\/2026\/04\/07\/politecnicos-reivindicam-igualdade-de-financiamento-e-carreira-docente\/"},"author":{"name":"Telinha","@id":"https:\/\/portaltela.pt\/#\/schema\/person\/c4278d4a6028830caff9ee44b42d32ed"},"headline":"Polit\u00e9cnicos reivindicam igualdade de financiamento e carreira docente","datePublished":"2026-04-07T16:32:07+00:00","mainEntityOfPage":{"@id":"https:\/\/portaltela.pt\/noticias\/2026\/04\/07\/politecnicos-reivindicam-igualdade-de-financiamento-e-carreira-docente\/"},"wordCount":194,"image":{"@id":"https:\/\/portaltela.pt\/noticias\/2026\/04\/07\/politecnicos-reivindicam-igualdade-de-financiamento-e-carreira-docente\/#primaryimage"},"thumbnailUrl":"https:\/\/portaltela.pt\/s.01k8rhncp4jt1\/2026\/04\/image-397.jpg","keywords":["_economia","_educa\u00e7\u00e3o","economia","educa\u00e7\u00e3o","ensino","pol\u00edtica"],"articleSection":["Not\u00edcias","Pol\u00edtica"],"inLanguage":"pt-PT"},{"@type":"WebPage","@id":"https:\/\/portaltela.pt\/noticias\/2026\/04\/07\/politecnicos-reivindicam-igualdade-de-financiamento-e-carreira-docente\/","url":"https:\/\/portaltela.pt\/noticias\/2026\/04\/07\/politecnicos-reivindicam-igualdade-de-financiamento-e-carreira-docente\/","name":"Polit\u00e9cnicos reivindicam igualdade de financiamento e carreira docente - Portal Tela Portugal","isPartOf":{"@id":"https:\/\/portaltela.pt\/#website"},"primaryImageOfPage":{"@id":"https:\/\/portaltela.pt\/noticias\/2026\/04\/07\/politecnicos-reivindicam-igualdade-de-financiamento-e-carreira-docente\/#primaryimage"},"image":{"@id":"https:\/\/portaltela.pt\/noticias\/2026\/04\/07\/politecnicos-reivindicam-igualdade-de-financiamento-e-carreira-docente\/#primaryimage"},"thumbnailUrl":"https:\/\/portaltela.pt\/s.01k8rhncp4jt1\/2026\/04\/image-397.jpg","datePublished":"2026-04-07T16:32:07+00:00","author":{"@id":"https:\/\/portaltela.pt\/#\/schema\/person\/c4278d4a6028830caff9ee44b42d32ed"},"breadcrumb":{"@id":"https:\/\/portaltela.pt\/noticias\/2026\/04\/07\/politecnicos-reivindicam-igualdade-de-financiamento-e-carreira-docente\/#breadcrumb"},"inLanguage":"pt-PT","potentialAction":[{"@type":"ReadAction","target":["https:\/\/portaltela.pt\/noticias\/2026\/04\/07\/politecnicos-reivindicam-igualdade-de-financiamento-e-carreira-docente\/"]}]},{"@type":"ImageObject","inLanguage":"pt-PT","@id":"https:\/\/portaltela.pt\/noticias\/2026\/04\/07\/politecnicos-reivindicam-igualdade-de-financiamento-e-carreira-docente\/#primaryimage","url":"https:\/\/portaltela.pt\/s.01k8rhncp4jt1\/2026\/04\/image-397.jpg","contentUrl":"https:\/\/portaltela.pt\/s.01k8rhncp4jt1\/2026\/04\/image-397.jpg","width":796,"height":448,"caption":"Modelo de financiamento do Ensino Superior prejudica os polit\u00e9cnicos"},{"@type":"BreadcrumbList","@id":"https:\/\/portaltela.pt\/noticias\/2026\/04\/07\/politecnicos-reivindicam-igualdade-de-financiamento-e-carreira-docente\/#breadcrumb","itemListElement":[{"@type":"ListItem","position":1,"name":"In\u00edcio","item":"https:\/\/portaltela.pt\/"},{"@type":"ListItem","position":2,"name":"Polit\u00e9cnicos reivindicam igualdade de financiamento e carreira docente"}]},{"@type":"WebSite","@id":"https:\/\/portaltela.pt\/#website","url":"https:\/\/portaltela.pt\/","name":"Portal Tela Portugal","description":"","potentialAction":[{"@type":"SearchAction","target":{"@type":"EntryPoint","urlTemplate":"https:\/\/portaltela.pt\/?s={search_term_string}"},"query-input":{"@type":"PropertyValueSpecification","valueRequired":true,"valueName":"search_term_string"}}],"inLanguage":"pt-PT"},{"@type":"Person","@id":"https:\/\/portaltela.pt\/#\/schema\/person\/c4278d4a6028830caff9ee44b42d32ed","name":"Telinha","image":{"@type":"ImageObject","inLanguage":"pt-PT","@id":"https:\/\/portaltela.pt\/s.01k8rhncp4jt1\/2025\/11\/talking-bot-125x125.png","url":"https:\/\/portaltela.pt\/s.01k8rhncp4jt1\/2025\/11\/talking-bot-125x125.png","contentUrl":"https:\/\/portaltela.pt\/s.01k8rhncp4jt1\/2025\/11\/talking-bot-125x125.png","caption":"Telinha"},"sameAs":["https:\/\/portaltela.pt\/"],"url":"https:\/\/portaltela.pt\/por\/367410592786\/"}]}},"_links":{"self":[{"href":"https:\/\/portaltela.pt\/api\/wp\/v2\/posts\/435619","targetHints":{"allow":["GET"]}}],"collection":[{"href":"https:\/\/portaltela.pt\/api\/wp\/v2\/posts"}],"about":[{"href":"https:\/\/portaltela.pt\/api\/wp\/v2\/types\/post"}],"author":[{"embeddable":true,"href":"https:\/\/portaltela.pt\/api\/wp\/v2\/users\/2"}],"replies":[{"embeddable":true,"href":"https:\/\/portaltela.pt\/api\/wp\/v2\/comments?post=435619"}],"version-history":[{"count":0,"href":"https:\/\/portaltela.pt\/api\/wp\/v2\/posts\/435619\/revisions"}],"wp:featuredmedia":[{"embeddable":true,"href":"https:\/\/portaltela.pt\/api\/wp\/v2\/media\/435624"}],"wp:attachment":[{"href":"https:\/\/portaltela.pt\/api\/wp\/v2\/media?parent=435619"}],"wp:term":[{"taxonomy":"category","embeddable":true,"href":"https:\/\/portaltela.pt\/api\/wp\/v2\/categories?post=435619"},{"taxonomy":"post_tag","embeddable":true,"href":"https:\/\/portaltela.pt\/api\/wp\/v2\/tags?post=435619"}],"curies":[{"name":"wp","href":"https:\/\/api.w.org\/{rel}","templated":true}]}}