{"id":435613,"date":"2026-04-07T13:32:00","date_gmt":"2026-04-07T16:32:00","guid":{"rendered":"https:\/\/portaltela.pt\/noticias\/2026\/04\/07\/camaras-captam-assalto-a-loja-de-roupa-no-marco-de-canaveses\/"},"modified":"2026-04-07T13:32:00","modified_gmt":"2026-04-07T16:32:00","slug":"camaras-captam-assalto-a-loja-de-roupa-no-marco-de-canaveses","status":"publish","type":"post","link":"https:\/\/portaltela.pt\/policia\/2026\/04\/07\/camaras-captam-assalto-a-loja-de-roupa-no-marco-de-canaveses\/","title":{"rendered":"C\u00e2maras captam assalto a loja de roupa no Marco de Canaveses"},"content":{"rendered":"<p>C\u00e2maras de videovigil\u00e2ncia registaram um assalto numa loja de roupa situada no Marco de Canaveses. O incidente foi captado no \u00e2mbito das imagens de seguran\u00e7a da \u00e1rea e j\u00e1 est\u00e1 a ser analisado pelas autoridades. N\u00e3o foram divulgados detalhes oficiais sobre feridos ou valores envolvidos.<\/p>\n<p>Segundo informa\u00e7\u00f5es preliminares, o alarme ter\u00e1 sido acionado durante o incidente, que ocorreu num espa\u00e7o comercial da localidade. As autoridades n\u00e3o divulgaram n\u00fameros oficiais sobre os suspeitos nem sobre a extens\u00e3o dos danos.<\/p>\n<p>A pr\u00e1tica de furtos na regi\u00e3o tem vindo a aumentar, segundo valida\u00e7\u00e3o de registos locais. As autoridades policiais confirmam que a ocorr\u00eancia j\u00e1 est\u00e1 a ser investigada e n\u00e3o h\u00e1, para j\u00e1, informa\u00e7\u00f5es sobre motiva\u00e7\u00f5es ou liga\u00e7\u00f5es a outros casos.<\/p>\n<p>A investiga\u00e7\u00e3o continua em curso pelas for\u00e7as de seguran\u00e7a, com per\u00edcia forense a analisar as evid\u00eancias recolhidas nas imedia\u00e7\u00f5es da loja. N\u00e3o h\u00e1 ainda um balan\u00e7o oficial sobre o desenvolvimento do processo.<\/p>\n","protected":false},"excerpt":{"rendered":"<ul>\n<li>C\u00e2maras de videovigil\u00e2ncia captaram o assalto a uma loja de roupa no Marco de Canaveses.<\/li>\n<li>Assaltos t\u00eam sido frequentes na regi\u00e3o.<\/li>\n<li>O texto n\u00e3o fornece detalhes adicionais sobre autores, hora ou consequ\u00eancias.<\/li>\n<\/ul>\n","protected":false},"author":2,"featured_media":435615,"comment_status":"closed","ping_status":"closed","sticky":false,"template":"","format":"standard","meta":{"footnotes":""},"categories":[6907,6781],"tags":[5674,244,215,1371,3418,203],"class_list":["post-435613","post","type-post","status-publish","format-standard","has-post-thumbnail","hentry","category-crime","category-policia","tag-assaltos","tag-comercio","tag-investigacao","tag-marco-de-canaveses","tag-policia-de-seguranca-publica","tag-roubo"],"yoast_head":"<!-- This site is optimized with the Yoast SEO plugin v27.2 - https:\/\/yoast.com\/product\/yoast-seo-wordpress\/ -->\n<title>C\u00e2maras captam assalto a loja de roupa no Marco de Canaveses - Portal Tela Portugal<\/title>\n<meta name=\"robots\" content=\"index, follow, max-snippet:-1, max-image-preview:large, max-video-preview:-1\" \/>\n<meta property=\"og:locale\" content=\"pt_PT\" \/>\n<meta property=\"og:type\" content=\"article\" \/>\n<meta property=\"og:title\" content=\"C\u00e2maras captam assalto a loja de roupa no Marco de Canaveses - Portal Tela Portugal\" \/>\n<meta property=\"og:description\" content=\"C\u00e2maras de videovigil\u00e2ncia captaram o assalto a uma loja de roupa no Marco de Canaveses. Assaltos t\u00eam sido frequentes na regi\u00e3o. O texto n\u00e3o fornece detalhes adicionais sobre autores, hora ou consequ\u00eancias.\" \/>\n<meta property=\"og:url\" content=\"https:\/\/portaltela.pt\/noticias\/2026\/04\/07\/camaras-captam-assalto-a-loja-de-roupa-no-marco-de-canaveses\/\" \/>\n<meta property=\"og:site_name\" content=\"Portal Tela Portugal\" \/>\n<meta property=\"article:published_time\" content=\"2026-04-07T16:32:00+00:00\" \/>\n<meta name=\"author\" content=\"Telinha\" \/>\n<meta name=\"twitter:card\" content=\"summary_large_image\" \/>\n<meta name=\"twitter:label1\" content=\"Escrito por\" \/>\n\t<meta name=\"twitter:data1\" content=\"Telinha\" \/>\n\t<meta name=\"twitter:label2\" content=\"Tempo estimado de leitura\" \/>\n\t<meta name=\"twitter:data2\" content=\"1 minuto\" \/>\n<script type=\"application\/ld+json\" class=\"yoast-schema-graph\">{\"@context\":\"https:\/\/schema.org\",\"@graph\":[{\"@type\":\"Article\",\"@id\":\"https:\/\/portaltela.pt\/noticias\/2026\/04\/07\/camaras-captam-assalto-a-loja-de-roupa-no-marco-de-canaveses\/#article\",\"isPartOf\":{\"@id\":\"https:\/\/portaltela.pt\/noticias\/2026\/04\/07\/camaras-captam-assalto-a-loja-de-roupa-no-marco-de-canaveses\/\"},\"author\":{\"name\":\"Telinha\",\"@id\":\"https:\/\/portaltela.pt\/#\/schema\/person\/c4278d4a6028830caff9ee44b42d32ed\"},\"headline\":\"C\u00e2maras captam assalto a loja de roupa no Marco de Canaveses\",\"datePublished\":\"2026-04-07T16:32:00+00:00\",\"mainEntityOfPage\":{\"@id\":\"https:\/\/portaltela.pt\/noticias\/2026\/04\/07\/camaras-captam-assalto-a-loja-de-roupa-no-marco-de-canaveses\/\"},\"wordCount\":187,\"image\":{\"@id\":\"https:\/\/portaltela.pt\/noticias\/2026\/04\/07\/camaras-captam-assalto-a-loja-de-roupa-no-marco-de-canaveses\/#primaryimage\"},\"thumbnailUrl\":\"https:\/\/portaltela.pt\/s.01k8rhncp4jt1\/2026\/04\/img_1280x722uu2026-04-07-17-15-48-2277090.jpg\",\"keywords\":[\"assaltos\",\"com\u00e9rcio\",\"investiga\u00e7\u00e3o\",\"Marco de Canaveses\",\"Pol\u00edcia de Seguran\u00e7a P\u00fablica\",\"roubo\"],\"articleSection\":[\"Crime\",\"Pol\u00edcia\"],\"inLanguage\":\"pt-PT\"},{\"@type\":\"WebPage\",\"@id\":\"https:\/\/portaltela.pt\/noticias\/2026\/04\/07\/camaras-captam-assalto-a-loja-de-roupa-no-marco-de-canaveses\/\",\"url\":\"https:\/\/portaltela.pt\/noticias\/2026\/04\/07\/camaras-captam-assalto-a-loja-de-roupa-no-marco-de-canaveses\/\",\"name\":\"C\u00e2maras captam assalto a loja de roupa no Marco de Canaveses - Portal Tela Portugal\",\"isPartOf\":{\"@id\":\"https:\/\/portaltela.pt\/#website\"},\"primaryImageOfPage\":{\"@id\":\"https:\/\/portaltela.pt\/noticias\/2026\/04\/07\/camaras-captam-assalto-a-loja-de-roupa-no-marco-de-canaveses\/#primaryimage\"},\"image\":{\"@id\":\"https:\/\/portaltela.pt\/noticias\/2026\/04\/07\/camaras-captam-assalto-a-loja-de-roupa-no-marco-de-canaveses\/#primaryimage\"},\"thumbnailUrl\":\"https:\/\/portaltela.pt\/s.01k8rhncp4jt1\/2026\/04\/img_1280x722uu2026-04-07-17-15-48-2277090.jpg\",\"datePublished\":\"2026-04-07T16:32:00+00:00\",\"author\":{\"@id\":\"https:\/\/portaltela.pt\/#\/schema\/person\/c4278d4a6028830caff9ee44b42d32ed\"},\"breadcrumb\":{\"@id\":\"https:\/\/portaltela.pt\/noticias\/2026\/04\/07\/camaras-captam-assalto-a-loja-de-roupa-no-marco-de-canaveses\/#breadcrumb\"},\"inLanguage\":\"pt-PT\",\"potentialAction\":[{\"@type\":\"ReadAction\",\"target\":[\"https:\/\/portaltela.pt\/noticias\/2026\/04\/07\/camaras-captam-assalto-a-loja-de-roupa-no-marco-de-canaveses\/\"]}]},{\"@type\":\"ImageObject\",\"inLanguage\":\"pt-PT\",\"@id\":\"https:\/\/portaltela.pt\/noticias\/2026\/04\/07\/camaras-captam-assalto-a-loja-de-roupa-no-marco-de-canaveses\/#primaryimage\",\"url\":\"https:\/\/portaltela.pt\/s.01k8rhncp4jt1\/2026\/04\/img_1280x722uu2026-04-07-17-15-48-2277090.jpg\",\"contentUrl\":\"https:\/\/portaltela.pt\/s.01k8rhncp4jt1\/2026\/04\/img_1280x722uu2026-04-07-17-15-48-2277090.jpg\",\"width\":796,\"height\":448,\"caption\":\"C\u00e2maras de videovigil\u00e2ncia captam assalto a loja de roupa no Marco de Canaveses\"},{\"@type\":\"BreadcrumbList\",\"@id\":\"https:\/\/portaltela.pt\/noticias\/2026\/04\/07\/camaras-captam-assalto-a-loja-de-roupa-no-marco-de-canaveses\/#breadcrumb\",\"itemListElement\":[{\"@type\":\"ListItem\",\"position\":1,\"name\":\"In\u00edcio\",\"item\":\"https:\/\/portaltela.pt\/\"},{\"@type\":\"ListItem\",\"position\":2,\"name\":\"C\u00e2maras captam assalto a loja de roupa no Marco de Canaveses\"}]},{\"@type\":\"WebSite\",\"@id\":\"https:\/\/portaltela.pt\/#website\",\"url\":\"https:\/\/portaltela.pt\/\",\"name\":\"Portal Tela Portugal\",\"description\":\"\",\"potentialAction\":[{\"@type\":\"SearchAction\",\"target\":{\"@type\":\"EntryPoint\",\"urlTemplate\":\"https:\/\/portaltela.pt\/?s={search_term_string}\"},\"query-input\":{\"@type\":\"PropertyValueSpecification\",\"valueRequired\":true,\"valueName\":\"search_term_string\"}}],\"inLanguage\":\"pt-PT\"},{\"@type\":\"Person\",\"@id\":\"https:\/\/portaltela.pt\/#\/schema\/person\/c4278d4a6028830caff9ee44b42d32ed\",\"name\":\"Telinha\",\"image\":{\"@type\":\"ImageObject\",\"inLanguage\":\"pt-PT\",\"@id\":\"https:\/\/portaltela.pt\/s.01k8rhncp4jt1\/2025\/11\/talking-bot-125x125.png\",\"url\":\"https:\/\/portaltela.pt\/s.01k8rhncp4jt1\/2025\/11\/talking-bot-125x125.png\",\"contentUrl\":\"https:\/\/portaltela.pt\/s.01k8rhncp4jt1\/2025\/11\/talking-bot-125x125.png\",\"caption\":\"Telinha\"},\"sameAs\":[\"https:\/\/portaltela.pt\/\"],\"url\":\"https:\/\/portaltela.pt\/por\/367410592786\/\"}]}<\/script>\n<!-- \/ Yoast SEO plugin. -->","yoast_head_json":{"title":"C\u00e2maras captam assalto a loja de roupa no Marco de Canaveses - Portal Tela Portugal","robots":{"index":"index","follow":"follow","max-snippet":"max-snippet:-1","max-image-preview":"max-image-preview:large","max-video-preview":"max-video-preview:-1"},"og_locale":"pt_PT","og_type":"article","og_title":"C\u00e2maras captam assalto a loja de roupa no Marco de Canaveses - Portal Tela Portugal","og_description":"C\u00e2maras de videovigil\u00e2ncia captaram o assalto a uma loja de roupa no Marco de Canaveses. Assaltos t\u00eam sido frequentes na regi\u00e3o. O texto n\u00e3o fornece detalhes adicionais sobre autores, hora ou consequ\u00eancias.","og_url":"https:\/\/portaltela.pt\/noticias\/2026\/04\/07\/camaras-captam-assalto-a-loja-de-roupa-no-marco-de-canaveses\/","og_site_name":"Portal Tela Portugal","article_published_time":"2026-04-07T16:32:00+00:00","author":"Telinha","twitter_card":"summary_large_image","twitter_misc":{"Escrito por":"Telinha","Tempo estimado de leitura":"1 minuto"},"schema":{"@context":"https:\/\/schema.org","@graph":[{"@type":"Article","@id":"https:\/\/portaltela.pt\/noticias\/2026\/04\/07\/camaras-captam-assalto-a-loja-de-roupa-no-marco-de-canaveses\/#article","isPartOf":{"@id":"https:\/\/portaltela.pt\/noticias\/2026\/04\/07\/camaras-captam-assalto-a-loja-de-roupa-no-marco-de-canaveses\/"},"author":{"name":"Telinha","@id":"https:\/\/portaltela.pt\/#\/schema\/person\/c4278d4a6028830caff9ee44b42d32ed"},"headline":"C\u00e2maras captam assalto a loja de roupa no Marco de Canaveses","datePublished":"2026-04-07T16:32:00+00:00","mainEntityOfPage":{"@id":"https:\/\/portaltela.pt\/noticias\/2026\/04\/07\/camaras-captam-assalto-a-loja-de-roupa-no-marco-de-canaveses\/"},"wordCount":187,"image":{"@id":"https:\/\/portaltela.pt\/noticias\/2026\/04\/07\/camaras-captam-assalto-a-loja-de-roupa-no-marco-de-canaveses\/#primaryimage"},"thumbnailUrl":"https:\/\/portaltela.pt\/s.01k8rhncp4jt1\/2026\/04\/img_1280x722uu2026-04-07-17-15-48-2277090.jpg","keywords":["assaltos","com\u00e9rcio","investiga\u00e7\u00e3o","Marco de Canaveses","Pol\u00edcia de Seguran\u00e7a P\u00fablica","roubo"],"articleSection":["Crime","Pol\u00edcia"],"inLanguage":"pt-PT"},{"@type":"WebPage","@id":"https:\/\/portaltela.pt\/noticias\/2026\/04\/07\/camaras-captam-assalto-a-loja-de-roupa-no-marco-de-canaveses\/","url":"https:\/\/portaltela.pt\/noticias\/2026\/04\/07\/camaras-captam-assalto-a-loja-de-roupa-no-marco-de-canaveses\/","name":"C\u00e2maras captam assalto a loja de roupa no Marco de Canaveses - Portal Tela Portugal","isPartOf":{"@id":"https:\/\/portaltela.pt\/#website"},"primaryImageOfPage":{"@id":"https:\/\/portaltela.pt\/noticias\/2026\/04\/07\/camaras-captam-assalto-a-loja-de-roupa-no-marco-de-canaveses\/#primaryimage"},"image":{"@id":"https:\/\/portaltela.pt\/noticias\/2026\/04\/07\/camaras-captam-assalto-a-loja-de-roupa-no-marco-de-canaveses\/#primaryimage"},"thumbnailUrl":"https:\/\/portaltela.pt\/s.01k8rhncp4jt1\/2026\/04\/img_1280x722uu2026-04-07-17-15-48-2277090.jpg","datePublished":"2026-04-07T16:32:00+00:00","author":{"@id":"https:\/\/portaltela.pt\/#\/schema\/person\/c4278d4a6028830caff9ee44b42d32ed"},"breadcrumb":{"@id":"https:\/\/portaltela.pt\/noticias\/2026\/04\/07\/camaras-captam-assalto-a-loja-de-roupa-no-marco-de-canaveses\/#breadcrumb"},"inLanguage":"pt-PT","potentialAction":[{"@type":"ReadAction","target":["https:\/\/portaltela.pt\/noticias\/2026\/04\/07\/camaras-captam-assalto-a-loja-de-roupa-no-marco-de-canaveses\/"]}]},{"@type":"ImageObject","inLanguage":"pt-PT","@id":"https:\/\/portaltela.pt\/noticias\/2026\/04\/07\/camaras-captam-assalto-a-loja-de-roupa-no-marco-de-canaveses\/#primaryimage","url":"https:\/\/portaltela.pt\/s.01k8rhncp4jt1\/2026\/04\/img_1280x722uu2026-04-07-17-15-48-2277090.jpg","contentUrl":"https:\/\/portaltela.pt\/s.01k8rhncp4jt1\/2026\/04\/img_1280x722uu2026-04-07-17-15-48-2277090.jpg","width":796,"height":448,"caption":"C\u00e2maras de videovigil\u00e2ncia captam assalto a loja de roupa no Marco de Canaveses"},{"@type":"BreadcrumbList","@id":"https:\/\/portaltela.pt\/noticias\/2026\/04\/07\/camaras-captam-assalto-a-loja-de-roupa-no-marco-de-canaveses\/#breadcrumb","itemListElement":[{"@type":"ListItem","position":1,"name":"In\u00edcio","item":"https:\/\/portaltela.pt\/"},{"@type":"ListItem","position":2,"name":"C\u00e2maras captam assalto a loja de roupa no Marco de Canaveses"}]},{"@type":"WebSite","@id":"https:\/\/portaltela.pt\/#website","url":"https:\/\/portaltela.pt\/","name":"Portal Tela Portugal","description":"","potentialAction":[{"@type":"SearchAction","target":{"@type":"EntryPoint","urlTemplate":"https:\/\/portaltela.pt\/?s={search_term_string}"},"query-input":{"@type":"PropertyValueSpecification","valueRequired":true,"valueName":"search_term_string"}}],"inLanguage":"pt-PT"},{"@type":"Person","@id":"https:\/\/portaltela.pt\/#\/schema\/person\/c4278d4a6028830caff9ee44b42d32ed","name":"Telinha","image":{"@type":"ImageObject","inLanguage":"pt-PT","@id":"https:\/\/portaltela.pt\/s.01k8rhncp4jt1\/2025\/11\/talking-bot-125x125.png","url":"https:\/\/portaltela.pt\/s.01k8rhncp4jt1\/2025\/11\/talking-bot-125x125.png","contentUrl":"https:\/\/portaltela.pt\/s.01k8rhncp4jt1\/2025\/11\/talking-bot-125x125.png","caption":"Telinha"},"sameAs":["https:\/\/portaltela.pt\/"],"url":"https:\/\/portaltela.pt\/por\/367410592786\/"}]}},"_links":{"self":[{"href":"https:\/\/portaltela.pt\/api\/wp\/v2\/posts\/435613","targetHints":{"allow":["GET"]}}],"collection":[{"href":"https:\/\/portaltela.pt\/api\/wp\/v2\/posts"}],"about":[{"href":"https:\/\/portaltela.pt\/api\/wp\/v2\/types\/post"}],"author":[{"embeddable":true,"href":"https:\/\/portaltela.pt\/api\/wp\/v2\/users\/2"}],"replies":[{"embeddable":true,"href":"https:\/\/portaltela.pt\/api\/wp\/v2\/comments?post=435613"}],"version-history":[{"count":0,"href":"https:\/\/portaltela.pt\/api\/wp\/v2\/posts\/435613\/revisions"}],"wp:featuredmedia":[{"embeddable":true,"href":"https:\/\/portaltela.pt\/api\/wp\/v2\/media\/435615"}],"wp:attachment":[{"href":"https:\/\/portaltela.pt\/api\/wp\/v2\/media?parent=435613"}],"wp:term":[{"taxonomy":"category","embeddable":true,"href":"https:\/\/portaltela.pt\/api\/wp\/v2\/categories?post=435613"},{"taxonomy":"post_tag","embeddable":true,"href":"https:\/\/portaltela.pt\/api\/wp\/v2\/tags?post=435613"}],"curies":[{"name":"wp","href":"https:\/\/api.w.org\/{rel}","templated":true}]}}