{"id":435596,"date":"2026-04-07T12:56:00","date_gmt":"2026-04-07T15:56:00","guid":{"rendered":"https:\/\/portaltela.pt\/noticias\/2026\/04\/07\/primavera-com-vinhos-e-passeios-sabado-e-dia-de-revista-singular\/"},"modified":"2026-04-07T12:56:00","modified_gmt":"2026-04-07T15:56:00","slug":"primavera-com-vinhos-e-passeios-sabado-e-dia-de-revista-singular","status":"publish","type":"post","link":"https:\/\/portaltela.pt\/noticias\/2026\/04\/07\/primavera-com-vinhos-e-passeios-sabado-e-dia-de-revista-singular\/","title":{"rendered":"Primavera com vinhos e passeios: s\u00e1bado \u00e9 dia de revista Singular"},"content":{"rendered":"<p>A edi\u00e7\u00e3o de Primavera da revista Singular \u00e9 distribu\u00edda gratuitamente com a edi\u00e7\u00e3o do P\u00daBLICO de 11 de Abril. O lan\u00e7amento chega ap\u00f3s um Inverno chuvoso, com o clima a convidar ao ar livre, piqueniques e esplanadas, com vinhos frescos em foco.<\/p>\n<p>Sob a coordena\u00e7\u00e3o da jornalista Ana Costa, o roteiro explora o territ\u00f3rio ao redor de Lousada, a meio caminho entre o Porto e o Douro. O texto destaca monumentos, quintas produtoras e restaurantes que primam pela qualidade sem desperd\u00edcio.<\/p>\n<p>A edi\u00e7\u00e3o tamb\u00e9m conta com a participa\u00e7\u00e3o do sommelier Manuel Moreira, que sugere vinhos Verdes para a temporada e d\u00e1 dicas para harmoniza\u00e7\u00f5es com pratos sazonais. Ant\u00f3nio Mendes Nunes analisa casamentos entre especiarias, umami e fresca vivacidade.<\/p>\n<h3>Roteiro e recomenda\u00e7\u00f5es<\/h3>\n<p>Na sec\u00e7\u00e3o de provas, o cr\u00edtico Jos\u00e9 Augusto Moreira comenta o aumento de brancos na sub-regi\u00e3o de Basto, com frescor e terroir marcante. O passeio inclui uma paragem em Bai\u00e3o, na adega Vale Merc\u00ea, e uma visita a Famalic\u00e3o, na Quinta das Pir\u00e2mides.<\/p>\n<p>A publica\u00e7\u00e3o da Singular, desde 2021, tem como objetivo aproximar o mundo dos Vinhos Verdes do leitor, ligando territ\u00f3rio e vinhos. O P\u00daBLICO edita e financia o projeto, promovido pela Comiss\u00e3o de Viticultura da Regi\u00e3o dos Vinhos Verdes.<\/p>\n<p>Enquanto a edi\u00e7\u00e3o de Primavera n\u00e3o chega \u00e0s bancas, a equipa recomenda consultar a edi\u00e7\u00e3o de Inverno para antecipar tend\u00eancias e possibilidades de harmoniza\u00e7\u00e3o com a esta\u00e7\u00e3o. As informa\u00e7\u00f5es s\u00e3o credenciadas pelas fontes da publica\u00e7\u00e3o.<\/p>\n","protected":false},"excerpt":{"rendered":"<ul>\n<li>A edi\u00e7\u00e3o de Primavera da revista Singular \u00e9 distribu\u00edda gratuitamente com o P\u00daBLICO de 11 de Abril.<\/li>\n<li>O roteiro, guiado pela jornalista Ana Costa, foca o territ\u00f3rio em redor de Lousada, com monumentos, quintas produtoras e restaurantes que privilegiam produtos de qualidade.<\/li>\n<li>O sommelier Manuel Moreira sugere Vinhos Verdes para acompanhar a \u00e9poca, com dicas para aproveitar o que a Primavera oferece.<\/li>\n<li>Ant\u00f3nio Mendes Nunes mostra liga\u00e7\u00f5es entre cozinhas asi\u00e1ticas e os vinhos da regi\u00e3o, destacando combina\u00e7\u00f5es com especiarias, umami e frescura.<\/li>\n<li>Jos\u00e9 Augusto Moreira analisa o aumento de interesse pelos vinhos brancos da sub-regi\u00e3o de Basto; h\u00e1 paragens em Bai\u00e3o, na adega Vale Merc\u00ea, e em Famalic\u00e3o, na Quinta das Pir\u00e2mides.<\/li>\n<\/ul>\n","protected":false},"author":2,"featured_media":435597,"comment_status":"closed","ping_status":"closed","sticky":false,"template":"","format":"standard","meta":{"footnotes":""},"categories":[7369,1],"tags":[145,3727,219,169,779,4103],"class_list":["post-435596","post","type-post","status-publish","format-standard","has-post-thumbnail","hentry","category-gastronomia","category-noticias","tag-cultura","tag-enoturismo","tag-gastronomia","tag-turismo","tag-vinhos","tag-viticultura"],"yoast_head":"<!-- This site is optimized with the Yoast SEO plugin v27.2 - https:\/\/yoast.com\/product\/yoast-seo-wordpress\/ -->\n<title>Primavera com vinhos e passeios: s\u00e1bado \u00e9 dia de revista Singular - Portal Tela Portugal<\/title>\n<meta name=\"robots\" content=\"index, follow, max-snippet:-1, max-image-preview:large, max-video-preview:-1\" \/>\n<meta property=\"og:locale\" content=\"pt_PT\" \/>\n<meta property=\"og:type\" content=\"article\" \/>\n<meta property=\"og:title\" content=\"Primavera com vinhos e passeios: s\u00e1bado \u00e9 dia de revista Singular - Portal Tela Portugal\" \/>\n<meta property=\"og:description\" content=\"A edi\u00e7\u00e3o de Primavera da revista Singular \u00e9 distribu\u00edda gratuitamente com o P\u00daBLICO de 11 de Abril. O roteiro, guiado pela jornalista Ana Costa, foca o territ\u00f3rio em redor de Lousada, com monumentos, quintas produtoras e restaurantes que privilegiam produtos de qualidade. O sommelier Manuel Moreira sugere Vinhos Verdes para acompanhar a \u00e9poca, com dicas para aproveitar o que a Primavera oferece. Ant\u00f3nio Mendes Nunes mostra liga\u00e7\u00f5es entre cozinhas asi\u00e1ticas e os vinhos da regi\u00e3o, destacando combina\u00e7\u00f5es com especiarias, umami e frescura. Jos\u00e9 Augusto Moreira analisa o aumento de interesse pelos vinhos brancos da sub-regi\u00e3o de Basto; h\u00e1 paragens em Bai\u00e3o, na adega Vale Merc\u00ea, e em Famalic\u00e3o, na Quinta das Pir\u00e2mides.\" \/>\n<meta property=\"og:url\" content=\"https:\/\/portaltela.pt\/noticias\/2026\/04\/07\/primavera-com-vinhos-e-passeios-sabado-e-dia-de-revista-singular\/\" \/>\n<meta property=\"og:site_name\" content=\"Portal Tela Portugal\" \/>\n<meta property=\"article:published_time\" content=\"2026-04-07T15:56:00+00:00\" \/>\n<meta name=\"author\" content=\"Telinha\" \/>\n<meta name=\"twitter:card\" content=\"summary_large_image\" \/>\n<meta name=\"twitter:label1\" content=\"Escrito por\" \/>\n\t<meta name=\"twitter:data1\" content=\"Telinha\" \/>\n\t<meta name=\"twitter:label2\" content=\"Tempo estimado de leitura\" \/>\n\t<meta name=\"twitter:data2\" content=\"1 minuto\" \/>\n<script type=\"application\/ld+json\" class=\"yoast-schema-graph\">{\"@context\":\"https:\/\/schema.org\",\"@graph\":[{\"@type\":\"Article\",\"@id\":\"https:\/\/portaltela.pt\/noticias\/2026\/04\/07\/primavera-com-vinhos-e-passeios-sabado-e-dia-de-revista-singular\/#article\",\"isPartOf\":{\"@id\":\"https:\/\/portaltela.pt\/noticias\/2026\/04\/07\/primavera-com-vinhos-e-passeios-sabado-e-dia-de-revista-singular\/\"},\"author\":{\"name\":\"Telinha\",\"@id\":\"https:\/\/portaltela.pt\/#\/schema\/person\/c4278d4a6028830caff9ee44b42d32ed\"},\"headline\":\"Primavera com vinhos e passeios: s\u00e1bado \u00e9 dia de revista Singular\",\"datePublished\":\"2026-04-07T15:56:00+00:00\",\"mainEntityOfPage\":{\"@id\":\"https:\/\/portaltela.pt\/noticias\/2026\/04\/07\/primavera-com-vinhos-e-passeios-sabado-e-dia-de-revista-singular\/\"},\"wordCount\":280,\"image\":{\"@id\":\"https:\/\/portaltela.pt\/noticias\/2026\/04\/07\/primavera-com-vinhos-e-passeios-sabado-e-dia-de-revista-singular\/#primaryimage\"},\"thumbnailUrl\":\"https:\/\/portaltela.pt\/s.01k8rhncp4jt1\/2026\/04\/2079747.jpg\",\"keywords\":[\"cultura\",\"enoturismo\",\"gastronomia\",\"turismo\",\"vinhos\",\"viticultura\"],\"articleSection\":[\"Gastronomia\",\"Not\u00edcias\"],\"inLanguage\":\"pt-PT\"},{\"@type\":\"WebPage\",\"@id\":\"https:\/\/portaltela.pt\/noticias\/2026\/04\/07\/primavera-com-vinhos-e-passeios-sabado-e-dia-de-revista-singular\/\",\"url\":\"https:\/\/portaltela.pt\/noticias\/2026\/04\/07\/primavera-com-vinhos-e-passeios-sabado-e-dia-de-revista-singular\/\",\"name\":\"Primavera com vinhos e passeios: s\u00e1bado \u00e9 dia de revista Singular - Portal Tela Portugal\",\"isPartOf\":{\"@id\":\"https:\/\/portaltela.pt\/#website\"},\"primaryImageOfPage\":{\"@id\":\"https:\/\/portaltela.pt\/noticias\/2026\/04\/07\/primavera-com-vinhos-e-passeios-sabado-e-dia-de-revista-singular\/#primaryimage\"},\"image\":{\"@id\":\"https:\/\/portaltela.pt\/noticias\/2026\/04\/07\/primavera-com-vinhos-e-passeios-sabado-e-dia-de-revista-singular\/#primaryimage\"},\"thumbnailUrl\":\"https:\/\/portaltela.pt\/s.01k8rhncp4jt1\/2026\/04\/2079747.jpg\",\"datePublished\":\"2026-04-07T15:56:00+00:00\",\"author\":{\"@id\":\"https:\/\/portaltela.pt\/#\/schema\/person\/c4278d4a6028830caff9ee44b42d32ed\"},\"breadcrumb\":{\"@id\":\"https:\/\/portaltela.pt\/noticias\/2026\/04\/07\/primavera-com-vinhos-e-passeios-sabado-e-dia-de-revista-singular\/#breadcrumb\"},\"inLanguage\":\"pt-PT\",\"potentialAction\":[{\"@type\":\"ReadAction\",\"target\":[\"https:\/\/portaltela.pt\/noticias\/2026\/04\/07\/primavera-com-vinhos-e-passeios-sabado-e-dia-de-revista-singular\/\"]}]},{\"@type\":\"ImageObject\",\"inLanguage\":\"pt-PT\",\"@id\":\"https:\/\/portaltela.pt\/noticias\/2026\/04\/07\/primavera-com-vinhos-e-passeios-sabado-e-dia-de-revista-singular\/#primaryimage\",\"url\":\"https:\/\/portaltela.pt\/s.01k8rhncp4jt1\/2026\/04\/2079747.jpg\",\"contentUrl\":\"https:\/\/portaltela.pt\/s.01k8rhncp4jt1\/2026\/04\/2079747.jpg\",\"width\":796,\"height\":448,\"caption\":\"A edi\u00e7\u00e3o de Primavera da revista Singular prop\u00f5e um roteiro de enoturismo, boa mesa e ar livre em torno de Lousada\"},{\"@type\":\"BreadcrumbList\",\"@id\":\"https:\/\/portaltela.pt\/noticias\/2026\/04\/07\/primavera-com-vinhos-e-passeios-sabado-e-dia-de-revista-singular\/#breadcrumb\",\"itemListElement\":[{\"@type\":\"ListItem\",\"position\":1,\"name\":\"In\u00edcio\",\"item\":\"https:\/\/portaltela.pt\/\"},{\"@type\":\"ListItem\",\"position\":2,\"name\":\"Primavera com vinhos e passeios: s\u00e1bado \u00e9 dia de revista Singular\"}]},{\"@type\":\"WebSite\",\"@id\":\"https:\/\/portaltela.pt\/#website\",\"url\":\"https:\/\/portaltela.pt\/\",\"name\":\"Portal Tela Portugal\",\"description\":\"\",\"potentialAction\":[{\"@type\":\"SearchAction\",\"target\":{\"@type\":\"EntryPoint\",\"urlTemplate\":\"https:\/\/portaltela.pt\/?s={search_term_string}\"},\"query-input\":{\"@type\":\"PropertyValueSpecification\",\"valueRequired\":true,\"valueName\":\"search_term_string\"}}],\"inLanguage\":\"pt-PT\"},{\"@type\":\"Person\",\"@id\":\"https:\/\/portaltela.pt\/#\/schema\/person\/c4278d4a6028830caff9ee44b42d32ed\",\"name\":\"Telinha\",\"image\":{\"@type\":\"ImageObject\",\"inLanguage\":\"pt-PT\",\"@id\":\"https:\/\/portaltela.pt\/s.01k8rhncp4jt1\/2025\/11\/talking-bot-125x125.png\",\"url\":\"https:\/\/portaltela.pt\/s.01k8rhncp4jt1\/2025\/11\/talking-bot-125x125.png\",\"contentUrl\":\"https:\/\/portaltela.pt\/s.01k8rhncp4jt1\/2025\/11\/talking-bot-125x125.png\",\"caption\":\"Telinha\"},\"sameAs\":[\"https:\/\/portaltela.pt\/\"],\"url\":\"https:\/\/portaltela.pt\/por\/367410592786\/\"}]}<\/script>\n<!-- \/ Yoast SEO plugin. -->","yoast_head_json":{"title":"Primavera com vinhos e passeios: s\u00e1bado \u00e9 dia de revista Singular - Portal Tela Portugal","robots":{"index":"index","follow":"follow","max-snippet":"max-snippet:-1","max-image-preview":"max-image-preview:large","max-video-preview":"max-video-preview:-1"},"og_locale":"pt_PT","og_type":"article","og_title":"Primavera com vinhos e passeios: s\u00e1bado \u00e9 dia de revista Singular - Portal Tela Portugal","og_description":"A edi\u00e7\u00e3o de Primavera da revista Singular \u00e9 distribu\u00edda gratuitamente com o P\u00daBLICO de 11 de Abril. O roteiro, guiado pela jornalista Ana Costa, foca o territ\u00f3rio em redor de Lousada, com monumentos, quintas produtoras e restaurantes que privilegiam produtos de qualidade. O sommelier Manuel Moreira sugere Vinhos Verdes para acompanhar a \u00e9poca, com dicas para aproveitar o que a Primavera oferece. Ant\u00f3nio Mendes Nunes mostra liga\u00e7\u00f5es entre cozinhas asi\u00e1ticas e os vinhos da regi\u00e3o, destacando combina\u00e7\u00f5es com especiarias, umami e frescura. Jos\u00e9 Augusto Moreira analisa o aumento de interesse pelos vinhos brancos da sub-regi\u00e3o de Basto; h\u00e1 paragens em Bai\u00e3o, na adega Vale Merc\u00ea, e em Famalic\u00e3o, na Quinta das Pir\u00e2mides.","og_url":"https:\/\/portaltela.pt\/noticias\/2026\/04\/07\/primavera-com-vinhos-e-passeios-sabado-e-dia-de-revista-singular\/","og_site_name":"Portal Tela Portugal","article_published_time":"2026-04-07T15:56:00+00:00","author":"Telinha","twitter_card":"summary_large_image","twitter_misc":{"Escrito por":"Telinha","Tempo estimado de leitura":"1 minuto"},"schema":{"@context":"https:\/\/schema.org","@graph":[{"@type":"Article","@id":"https:\/\/portaltela.pt\/noticias\/2026\/04\/07\/primavera-com-vinhos-e-passeios-sabado-e-dia-de-revista-singular\/#article","isPartOf":{"@id":"https:\/\/portaltela.pt\/noticias\/2026\/04\/07\/primavera-com-vinhos-e-passeios-sabado-e-dia-de-revista-singular\/"},"author":{"name":"Telinha","@id":"https:\/\/portaltela.pt\/#\/schema\/person\/c4278d4a6028830caff9ee44b42d32ed"},"headline":"Primavera com vinhos e passeios: s\u00e1bado \u00e9 dia de revista Singular","datePublished":"2026-04-07T15:56:00+00:00","mainEntityOfPage":{"@id":"https:\/\/portaltela.pt\/noticias\/2026\/04\/07\/primavera-com-vinhos-e-passeios-sabado-e-dia-de-revista-singular\/"},"wordCount":280,"image":{"@id":"https:\/\/portaltela.pt\/noticias\/2026\/04\/07\/primavera-com-vinhos-e-passeios-sabado-e-dia-de-revista-singular\/#primaryimage"},"thumbnailUrl":"https:\/\/portaltela.pt\/s.01k8rhncp4jt1\/2026\/04\/2079747.jpg","keywords":["cultura","enoturismo","gastronomia","turismo","vinhos","viticultura"],"articleSection":["Gastronomia","Not\u00edcias"],"inLanguage":"pt-PT"},{"@type":"WebPage","@id":"https:\/\/portaltela.pt\/noticias\/2026\/04\/07\/primavera-com-vinhos-e-passeios-sabado-e-dia-de-revista-singular\/","url":"https:\/\/portaltela.pt\/noticias\/2026\/04\/07\/primavera-com-vinhos-e-passeios-sabado-e-dia-de-revista-singular\/","name":"Primavera com vinhos e passeios: s\u00e1bado \u00e9 dia de revista Singular - Portal Tela Portugal","isPartOf":{"@id":"https:\/\/portaltela.pt\/#website"},"primaryImageOfPage":{"@id":"https:\/\/portaltela.pt\/noticias\/2026\/04\/07\/primavera-com-vinhos-e-passeios-sabado-e-dia-de-revista-singular\/#primaryimage"},"image":{"@id":"https:\/\/portaltela.pt\/noticias\/2026\/04\/07\/primavera-com-vinhos-e-passeios-sabado-e-dia-de-revista-singular\/#primaryimage"},"thumbnailUrl":"https:\/\/portaltela.pt\/s.01k8rhncp4jt1\/2026\/04\/2079747.jpg","datePublished":"2026-04-07T15:56:00+00:00","author":{"@id":"https:\/\/portaltela.pt\/#\/schema\/person\/c4278d4a6028830caff9ee44b42d32ed"},"breadcrumb":{"@id":"https:\/\/portaltela.pt\/noticias\/2026\/04\/07\/primavera-com-vinhos-e-passeios-sabado-e-dia-de-revista-singular\/#breadcrumb"},"inLanguage":"pt-PT","potentialAction":[{"@type":"ReadAction","target":["https:\/\/portaltela.pt\/noticias\/2026\/04\/07\/primavera-com-vinhos-e-passeios-sabado-e-dia-de-revista-singular\/"]}]},{"@type":"ImageObject","inLanguage":"pt-PT","@id":"https:\/\/portaltela.pt\/noticias\/2026\/04\/07\/primavera-com-vinhos-e-passeios-sabado-e-dia-de-revista-singular\/#primaryimage","url":"https:\/\/portaltela.pt\/s.01k8rhncp4jt1\/2026\/04\/2079747.jpg","contentUrl":"https:\/\/portaltela.pt\/s.01k8rhncp4jt1\/2026\/04\/2079747.jpg","width":796,"height":448,"caption":"A edi\u00e7\u00e3o de Primavera da revista Singular prop\u00f5e um roteiro de enoturismo, boa mesa e ar livre em torno de Lousada"},{"@type":"BreadcrumbList","@id":"https:\/\/portaltela.pt\/noticias\/2026\/04\/07\/primavera-com-vinhos-e-passeios-sabado-e-dia-de-revista-singular\/#breadcrumb","itemListElement":[{"@type":"ListItem","position":1,"name":"In\u00edcio","item":"https:\/\/portaltela.pt\/"},{"@type":"ListItem","position":2,"name":"Primavera com vinhos e passeios: s\u00e1bado \u00e9 dia de revista Singular"}]},{"@type":"WebSite","@id":"https:\/\/portaltela.pt\/#website","url":"https:\/\/portaltela.pt\/","name":"Portal Tela Portugal","description":"","potentialAction":[{"@type":"SearchAction","target":{"@type":"EntryPoint","urlTemplate":"https:\/\/portaltela.pt\/?s={search_term_string}"},"query-input":{"@type":"PropertyValueSpecification","valueRequired":true,"valueName":"search_term_string"}}],"inLanguage":"pt-PT"},{"@type":"Person","@id":"https:\/\/portaltela.pt\/#\/schema\/person\/c4278d4a6028830caff9ee44b42d32ed","name":"Telinha","image":{"@type":"ImageObject","inLanguage":"pt-PT","@id":"https:\/\/portaltela.pt\/s.01k8rhncp4jt1\/2025\/11\/talking-bot-125x125.png","url":"https:\/\/portaltela.pt\/s.01k8rhncp4jt1\/2025\/11\/talking-bot-125x125.png","contentUrl":"https:\/\/portaltela.pt\/s.01k8rhncp4jt1\/2025\/11\/talking-bot-125x125.png","caption":"Telinha"},"sameAs":["https:\/\/portaltela.pt\/"],"url":"https:\/\/portaltela.pt\/por\/367410592786\/"}]}},"_links":{"self":[{"href":"https:\/\/portaltela.pt\/api\/wp\/v2\/posts\/435596","targetHints":{"allow":["GET"]}}],"collection":[{"href":"https:\/\/portaltela.pt\/api\/wp\/v2\/posts"}],"about":[{"href":"https:\/\/portaltela.pt\/api\/wp\/v2\/types\/post"}],"author":[{"embeddable":true,"href":"https:\/\/portaltela.pt\/api\/wp\/v2\/users\/2"}],"replies":[{"embeddable":true,"href":"https:\/\/portaltela.pt\/api\/wp\/v2\/comments?post=435596"}],"version-history":[{"count":0,"href":"https:\/\/portaltela.pt\/api\/wp\/v2\/posts\/435596\/revisions"}],"wp:featuredmedia":[{"embeddable":true,"href":"https:\/\/portaltela.pt\/api\/wp\/v2\/media\/435597"}],"wp:attachment":[{"href":"https:\/\/portaltela.pt\/api\/wp\/v2\/media?parent=435596"}],"wp:term":[{"taxonomy":"category","embeddable":true,"href":"https:\/\/portaltela.pt\/api\/wp\/v2\/categories?post=435596"},{"taxonomy":"post_tag","embeddable":true,"href":"https:\/\/portaltela.pt\/api\/wp\/v2\/tags?post=435596"}],"curies":[{"name":"wp","href":"https:\/\/api.w.org\/{rel}","templated":true}]}}