{"id":435561,"date":"2026-04-07T12:47:10","date_gmt":"2026-04-07T15:47:10","guid":{"rendered":"https:\/\/portaltela.pt\/noticias\/2026\/04\/07\/governo-acredita-que-uso-da-base-das-lajes-esta-a-ser-respeitado\/"},"modified":"2026-04-07T12:47:10","modified_gmt":"2026-04-07T15:47:10","slug":"governo-acredita-que-uso-da-base-das-lajes-esta-a-ser-respeitado","status":"publish","type":"post","link":"https:\/\/portaltela.pt\/noticias\/internacional\/2026\/04\/07\/governo-acredita-que-uso-da-base-das-lajes-esta-a-ser-respeitado\/","title":{"rendered":"Governo acredita que uso da Base das Lajes est\u00e1 a ser respeitado"},"content":{"rendered":"<p>O Governo portugu\u00eas afirma ter motivos para acreditar que o acordo de utiliza\u00e7\u00e3o da Base das Lajes, nos A\u00e7ores, pelos Estados Unidos no \u00e2mbito do esfor\u00e7o de guerra contra o Ir\u00e3o est\u00e1 a ser respeitado. A declara\u00e7\u00e3o foi feita pelo ministro dos Neg\u00f3cios Estrangeiros em sess\u00e3o na Comiss\u00e3o de Neg\u00f3cios Estrangeiros e Comunidades Portuguesas.<\/p>\n<p>Paulo Rangel explicou que o enquadramento t\u00e9cnico do acordo prev\u00ea respostas proporcionais a ataques concretos, com necessidade comprovada e sem visar infraestruturas civis. O ministro destacou a colabora\u00e7\u00e3o considerada leal por parte das autoridades de Washington.<\/p>\n<p>Foram partilhados dados sobre o movimento na base nas \u00faltimas semanas, considerado \u00ednfimo face ao volume global do conflito. Desde 15 de fevereiro, registaram-se 76 aterragens nas Lajes e 25 sobrevoos no espa\u00e7o a\u00e9reo portugu\u00eas.<\/p>\n<p>O Governo manteve o assunto em transpar\u00eancia, descrevendo di\u00e1logo cont\u00ednuo com Washington e acompanhamento dos movimentos na base. Rangel indicou que recusas entre parceiros da NATO existem, mas n\u00e3o pretendem serem alvo de divulga\u00e7\u00e3o p\u00fablica.<\/p>\n","protected":false},"excerpt":{"rendered":"<ul>\n<li>O ministro dos Neg\u00f3cios Estrangeiros, Paulo Rangel, afirmou no parlamento que o Governo tem raz\u00f5es para acreditar que o acordo de utiliza\u00e7\u00e3o da Base das Lajes est\u00e1 a ser respeitado no contexto do conflito com o Ir\u00e3o.<\/li>\n<li>O entendimento t\u00e9cnico prev\u00ea uma resposta a um ataque concreto, de acordo com o princ\u00edpio da proporcionalidade e da necessidade, sem visar infraestruturas civis.<\/li>\n<li>O chefe da diplomacia portuguesa destacou uma colabora\u00e7\u00e3o leal por parte das autoridades dos Estados Unidos.<\/li>\n<li>Desde 15 de fevereiro foram registadas 76 aterragens nas Lajes e 25 sobrevoos no espa\u00e7o a\u00e9reo portugu\u00eas, n\u00fameros considerados \u00ednfimos face ao esfor\u00e7o de guerra.<\/li>\n<li>O Governo mant\u00e9m transpar\u00eancia e acompanha os movimentos, mantendo di\u00e1logo com Washington, apesar de recusas de parceiros da Organiza\u00e7\u00e3o do Tratado do Atl\u00e2ntico Norte (NATO).<\/li>\n<\/ul>\n","protected":false},"author":2,"featured_media":435564,"comment_status":"closed","ping_status":"closed","sticky":false,"template":"","format":"standard","meta":{"footnotes":""},"categories":[6814,4],"tags":[4558,6760,4644,1600,4299,3327],"class_list":["post-435561","post","type-post","status-publish","format-standard","has-post-thumbnail","hentry","category-geopolitica","category-internacional","tag-a-aeronautica","tag-a-base-das-lajes","tag-alianca-atlantica","tag-estados-unidos","tag-forca-aerea","tag-iran"],"yoast_head":"<!-- This site is optimized with the Yoast SEO plugin v27.2 - https:\/\/yoast.com\/product\/yoast-seo-wordpress\/ -->\n<title>Governo acredita que uso da Base das Lajes est\u00e1 a ser respeitado - Portal Tela Portugal<\/title>\n<meta name=\"robots\" content=\"index, follow, max-snippet:-1, max-image-preview:large, max-video-preview:-1\" \/>\n<meta property=\"og:locale\" content=\"pt_PT\" \/>\n<meta property=\"og:type\" content=\"article\" \/>\n<meta property=\"og:title\" content=\"Governo acredita que uso da Base das Lajes est\u00e1 a ser respeitado - Portal Tela Portugal\" \/>\n<meta property=\"og:description\" content=\"O ministro dos Neg\u00f3cios Estrangeiros, Paulo Rangel, afirmou no parlamento que o Governo tem raz\u00f5es para acreditar que o acordo de utiliza\u00e7\u00e3o da Base das Lajes est\u00e1 a ser respeitado no contexto do conflito com o Ir\u00e3o. O entendimento t\u00e9cnico prev\u00ea uma resposta a um ataque concreto, de acordo com o princ\u00edpio da proporcionalidade e da necessidade, sem visar infraestruturas civis. O chefe da diplomacia portuguesa destacou uma colabora\u00e7\u00e3o leal por parte das autoridades dos Estados Unidos. Desde 15 de fevereiro foram registadas 76 aterragens nas Lajes e 25 sobrevoos no espa\u00e7o a\u00e9reo portugu\u00eas, n\u00fameros considerados \u00ednfimos face ao esfor\u00e7o de guerra. O Governo mant\u00e9m transpar\u00eancia e acompanha os movimentos, mantendo di\u00e1logo com Washington, apesar de recusas de parceiros da Organiza\u00e7\u00e3o do Tratado do Atl\u00e2ntico Norte (NATO).\" \/>\n<meta property=\"og:url\" content=\"https:\/\/portaltela.pt\/noticias\/2026\/04\/07\/governo-acredita-que-uso-da-base-das-lajes-esta-a-ser-respeitado\/\" \/>\n<meta property=\"og:site_name\" content=\"Portal Tela Portugal\" \/>\n<meta property=\"article:published_time\" content=\"2026-04-07T15:47:10+00:00\" \/>\n<meta name=\"author\" content=\"Telinha\" \/>\n<meta name=\"twitter:card\" content=\"summary_large_image\" \/>\n<meta name=\"twitter:label1\" content=\"Escrito por\" \/>\n\t<meta name=\"twitter:data1\" content=\"Telinha\" \/>\n\t<meta name=\"twitter:label2\" content=\"Tempo estimado de leitura\" \/>\n\t<meta name=\"twitter:data2\" content=\"1 minuto\" \/>\n<script type=\"application\/ld+json\" class=\"yoast-schema-graph\">{\"@context\":\"https:\/\/schema.org\",\"@graph\":[{\"@type\":\"Article\",\"@id\":\"https:\/\/portaltela.pt\/noticias\/2026\/04\/07\/governo-acredita-que-uso-da-base-das-lajes-esta-a-ser-respeitado\/#article\",\"isPartOf\":{\"@id\":\"https:\/\/portaltela.pt\/noticias\/2026\/04\/07\/governo-acredita-que-uso-da-base-das-lajes-esta-a-ser-respeitado\/\"},\"author\":{\"name\":\"Telinha\",\"@id\":\"https:\/\/portaltela.pt\/#\/schema\/person\/c4278d4a6028830caff9ee44b42d32ed\"},\"headline\":\"Governo acredita que uso da Base das Lajes est\u00e1 a ser respeitado\",\"datePublished\":\"2026-04-07T15:47:10+00:00\",\"mainEntityOfPage\":{\"@id\":\"https:\/\/portaltela.pt\/noticias\/2026\/04\/07\/governo-acredita-que-uso-da-base-das-lajes-esta-a-ser-respeitado\/\"},\"wordCount\":190,\"image\":{\"@id\":\"https:\/\/portaltela.pt\/noticias\/2026\/04\/07\/governo-acredita-que-uso-da-base-das-lajes-esta-a-ser-respeitado\/#primaryimage\"},\"thumbnailUrl\":\"https:\/\/portaltela.pt\/s.01k8rhncp4jt1\/2026\/04\/image-392.jpg\",\"keywords\":[\"a aeron\u00e1utica\",\"A Base das Lajes\",\"Alian\u00e7a Atl\u00e2ntica\",\"Estados Unidos\",\"For\u00e7a A\u00e9rea\",\"\u00cdr\u00e1n\"],\"articleSection\":[\"Geopol\u00edtica\",\"Internacional\"],\"inLanguage\":\"pt-PT\"},{\"@type\":\"WebPage\",\"@id\":\"https:\/\/portaltela.pt\/noticias\/2026\/04\/07\/governo-acredita-que-uso-da-base-das-lajes-esta-a-ser-respeitado\/\",\"url\":\"https:\/\/portaltela.pt\/noticias\/2026\/04\/07\/governo-acredita-que-uso-da-base-das-lajes-esta-a-ser-respeitado\/\",\"name\":\"Governo acredita que uso da Base das Lajes est\u00e1 a ser respeitado - Portal Tela Portugal\",\"isPartOf\":{\"@id\":\"https:\/\/portaltela.pt\/#website\"},\"primaryImageOfPage\":{\"@id\":\"https:\/\/portaltela.pt\/noticias\/2026\/04\/07\/governo-acredita-que-uso-da-base-das-lajes-esta-a-ser-respeitado\/#primaryimage\"},\"image\":{\"@id\":\"https:\/\/portaltela.pt\/noticias\/2026\/04\/07\/governo-acredita-que-uso-da-base-das-lajes-esta-a-ser-respeitado\/#primaryimage\"},\"thumbnailUrl\":\"https:\/\/portaltela.pt\/s.01k8rhncp4jt1\/2026\/04\/image-392.jpg\",\"datePublished\":\"2026-04-07T15:47:10+00:00\",\"author\":{\"@id\":\"https:\/\/portaltela.pt\/#\/schema\/person\/c4278d4a6028830caff9ee44b42d32ed\"},\"breadcrumb\":{\"@id\":\"https:\/\/portaltela.pt\/noticias\/2026\/04\/07\/governo-acredita-que-uso-da-base-das-lajes-esta-a-ser-respeitado\/#breadcrumb\"},\"inLanguage\":\"pt-PT\",\"potentialAction\":[{\"@type\":\"ReadAction\",\"target\":[\"https:\/\/portaltela.pt\/noticias\/2026\/04\/07\/governo-acredita-que-uso-da-base-das-lajes-esta-a-ser-respeitado\/\"]}]},{\"@type\":\"ImageObject\",\"inLanguage\":\"pt-PT\",\"@id\":\"https:\/\/portaltela.pt\/noticias\/2026\/04\/07\/governo-acredita-que-uso-da-base-das-lajes-esta-a-ser-respeitado\/#primaryimage\",\"url\":\"https:\/\/portaltela.pt\/s.01k8rhncp4jt1\/2026\/04\/image-392.jpg\",\"contentUrl\":\"https:\/\/portaltela.pt\/s.01k8rhncp4jt1\/2026\/04\/image-392.jpg\",\"width\":796,\"height\":448,\"caption\":\"Paulo Rangel partilhou dados sobre o movimento na Base das Lajes nas \u00faltimas semanas\"},{\"@type\":\"BreadcrumbList\",\"@id\":\"https:\/\/portaltela.pt\/noticias\/2026\/04\/07\/governo-acredita-que-uso-da-base-das-lajes-esta-a-ser-respeitado\/#breadcrumb\",\"itemListElement\":[{\"@type\":\"ListItem\",\"position\":1,\"name\":\"In\u00edcio\",\"item\":\"https:\/\/portaltela.pt\/\"},{\"@type\":\"ListItem\",\"position\":2,\"name\":\"Governo acredita que uso da Base das Lajes est\u00e1 a ser respeitado\"}]},{\"@type\":\"WebSite\",\"@id\":\"https:\/\/portaltela.pt\/#website\",\"url\":\"https:\/\/portaltela.pt\/\",\"name\":\"Portal Tela Portugal\",\"description\":\"\",\"potentialAction\":[{\"@type\":\"SearchAction\",\"target\":{\"@type\":\"EntryPoint\",\"urlTemplate\":\"https:\/\/portaltela.pt\/?s={search_term_string}\"},\"query-input\":{\"@type\":\"PropertyValueSpecification\",\"valueRequired\":true,\"valueName\":\"search_term_string\"}}],\"inLanguage\":\"pt-PT\"},{\"@type\":\"Person\",\"@id\":\"https:\/\/portaltela.pt\/#\/schema\/person\/c4278d4a6028830caff9ee44b42d32ed\",\"name\":\"Telinha\",\"image\":{\"@type\":\"ImageObject\",\"inLanguage\":\"pt-PT\",\"@id\":\"https:\/\/portaltela.pt\/s.01k8rhncp4jt1\/2025\/11\/talking-bot-125x125.png\",\"url\":\"https:\/\/portaltela.pt\/s.01k8rhncp4jt1\/2025\/11\/talking-bot-125x125.png\",\"contentUrl\":\"https:\/\/portaltela.pt\/s.01k8rhncp4jt1\/2025\/11\/talking-bot-125x125.png\",\"caption\":\"Telinha\"},\"sameAs\":[\"https:\/\/portaltela.pt\/\"],\"url\":\"https:\/\/portaltela.pt\/por\/367410592786\/\"}]}<\/script>\n<!-- \/ Yoast SEO plugin. -->","yoast_head_json":{"title":"Governo acredita que uso da Base das Lajes est\u00e1 a ser respeitado - Portal Tela Portugal","robots":{"index":"index","follow":"follow","max-snippet":"max-snippet:-1","max-image-preview":"max-image-preview:large","max-video-preview":"max-video-preview:-1"},"og_locale":"pt_PT","og_type":"article","og_title":"Governo acredita que uso da Base das Lajes est\u00e1 a ser respeitado - Portal Tela Portugal","og_description":"O ministro dos Neg\u00f3cios Estrangeiros, Paulo Rangel, afirmou no parlamento que o Governo tem raz\u00f5es para acreditar que o acordo de utiliza\u00e7\u00e3o da Base das Lajes est\u00e1 a ser respeitado no contexto do conflito com o Ir\u00e3o. O entendimento t\u00e9cnico prev\u00ea uma resposta a um ataque concreto, de acordo com o princ\u00edpio da proporcionalidade e da necessidade, sem visar infraestruturas civis. O chefe da diplomacia portuguesa destacou uma colabora\u00e7\u00e3o leal por parte das autoridades dos Estados Unidos. Desde 15 de fevereiro foram registadas 76 aterragens nas Lajes e 25 sobrevoos no espa\u00e7o a\u00e9reo portugu\u00eas, n\u00fameros considerados \u00ednfimos face ao esfor\u00e7o de guerra. O Governo mant\u00e9m transpar\u00eancia e acompanha os movimentos, mantendo di\u00e1logo com Washington, apesar de recusas de parceiros da Organiza\u00e7\u00e3o do Tratado do Atl\u00e2ntico Norte (NATO).","og_url":"https:\/\/portaltela.pt\/noticias\/2026\/04\/07\/governo-acredita-que-uso-da-base-das-lajes-esta-a-ser-respeitado\/","og_site_name":"Portal Tela Portugal","article_published_time":"2026-04-07T15:47:10+00:00","author":"Telinha","twitter_card":"summary_large_image","twitter_misc":{"Escrito por":"Telinha","Tempo estimado de leitura":"1 minuto"},"schema":{"@context":"https:\/\/schema.org","@graph":[{"@type":"Article","@id":"https:\/\/portaltela.pt\/noticias\/2026\/04\/07\/governo-acredita-que-uso-da-base-das-lajes-esta-a-ser-respeitado\/#article","isPartOf":{"@id":"https:\/\/portaltela.pt\/noticias\/2026\/04\/07\/governo-acredita-que-uso-da-base-das-lajes-esta-a-ser-respeitado\/"},"author":{"name":"Telinha","@id":"https:\/\/portaltela.pt\/#\/schema\/person\/c4278d4a6028830caff9ee44b42d32ed"},"headline":"Governo acredita que uso da Base das Lajes est\u00e1 a ser respeitado","datePublished":"2026-04-07T15:47:10+00:00","mainEntityOfPage":{"@id":"https:\/\/portaltela.pt\/noticias\/2026\/04\/07\/governo-acredita-que-uso-da-base-das-lajes-esta-a-ser-respeitado\/"},"wordCount":190,"image":{"@id":"https:\/\/portaltela.pt\/noticias\/2026\/04\/07\/governo-acredita-que-uso-da-base-das-lajes-esta-a-ser-respeitado\/#primaryimage"},"thumbnailUrl":"https:\/\/portaltela.pt\/s.01k8rhncp4jt1\/2026\/04\/image-392.jpg","keywords":["a aeron\u00e1utica","A Base das Lajes","Alian\u00e7a Atl\u00e2ntica","Estados Unidos","For\u00e7a A\u00e9rea","\u00cdr\u00e1n"],"articleSection":["Geopol\u00edtica","Internacional"],"inLanguage":"pt-PT"},{"@type":"WebPage","@id":"https:\/\/portaltela.pt\/noticias\/2026\/04\/07\/governo-acredita-que-uso-da-base-das-lajes-esta-a-ser-respeitado\/","url":"https:\/\/portaltela.pt\/noticias\/2026\/04\/07\/governo-acredita-que-uso-da-base-das-lajes-esta-a-ser-respeitado\/","name":"Governo acredita que uso da Base das Lajes est\u00e1 a ser respeitado - Portal Tela Portugal","isPartOf":{"@id":"https:\/\/portaltela.pt\/#website"},"primaryImageOfPage":{"@id":"https:\/\/portaltela.pt\/noticias\/2026\/04\/07\/governo-acredita-que-uso-da-base-das-lajes-esta-a-ser-respeitado\/#primaryimage"},"image":{"@id":"https:\/\/portaltela.pt\/noticias\/2026\/04\/07\/governo-acredita-que-uso-da-base-das-lajes-esta-a-ser-respeitado\/#primaryimage"},"thumbnailUrl":"https:\/\/portaltela.pt\/s.01k8rhncp4jt1\/2026\/04\/image-392.jpg","datePublished":"2026-04-07T15:47:10+00:00","author":{"@id":"https:\/\/portaltela.pt\/#\/schema\/person\/c4278d4a6028830caff9ee44b42d32ed"},"breadcrumb":{"@id":"https:\/\/portaltela.pt\/noticias\/2026\/04\/07\/governo-acredita-que-uso-da-base-das-lajes-esta-a-ser-respeitado\/#breadcrumb"},"inLanguage":"pt-PT","potentialAction":[{"@type":"ReadAction","target":["https:\/\/portaltela.pt\/noticias\/2026\/04\/07\/governo-acredita-que-uso-da-base-das-lajes-esta-a-ser-respeitado\/"]}]},{"@type":"ImageObject","inLanguage":"pt-PT","@id":"https:\/\/portaltela.pt\/noticias\/2026\/04\/07\/governo-acredita-que-uso-da-base-das-lajes-esta-a-ser-respeitado\/#primaryimage","url":"https:\/\/portaltela.pt\/s.01k8rhncp4jt1\/2026\/04\/image-392.jpg","contentUrl":"https:\/\/portaltela.pt\/s.01k8rhncp4jt1\/2026\/04\/image-392.jpg","width":796,"height":448,"caption":"Paulo Rangel partilhou dados sobre o movimento na Base das Lajes nas \u00faltimas semanas"},{"@type":"BreadcrumbList","@id":"https:\/\/portaltela.pt\/noticias\/2026\/04\/07\/governo-acredita-que-uso-da-base-das-lajes-esta-a-ser-respeitado\/#breadcrumb","itemListElement":[{"@type":"ListItem","position":1,"name":"In\u00edcio","item":"https:\/\/portaltela.pt\/"},{"@type":"ListItem","position":2,"name":"Governo acredita que uso da Base das Lajes est\u00e1 a ser respeitado"}]},{"@type":"WebSite","@id":"https:\/\/portaltela.pt\/#website","url":"https:\/\/portaltela.pt\/","name":"Portal Tela Portugal","description":"","potentialAction":[{"@type":"SearchAction","target":{"@type":"EntryPoint","urlTemplate":"https:\/\/portaltela.pt\/?s={search_term_string}"},"query-input":{"@type":"PropertyValueSpecification","valueRequired":true,"valueName":"search_term_string"}}],"inLanguage":"pt-PT"},{"@type":"Person","@id":"https:\/\/portaltela.pt\/#\/schema\/person\/c4278d4a6028830caff9ee44b42d32ed","name":"Telinha","image":{"@type":"ImageObject","inLanguage":"pt-PT","@id":"https:\/\/portaltela.pt\/s.01k8rhncp4jt1\/2025\/11\/talking-bot-125x125.png","url":"https:\/\/portaltela.pt\/s.01k8rhncp4jt1\/2025\/11\/talking-bot-125x125.png","contentUrl":"https:\/\/portaltela.pt\/s.01k8rhncp4jt1\/2025\/11\/talking-bot-125x125.png","caption":"Telinha"},"sameAs":["https:\/\/portaltela.pt\/"],"url":"https:\/\/portaltela.pt\/por\/367410592786\/"}]}},"_links":{"self":[{"href":"https:\/\/portaltela.pt\/api\/wp\/v2\/posts\/435561","targetHints":{"allow":["GET"]}}],"collection":[{"href":"https:\/\/portaltela.pt\/api\/wp\/v2\/posts"}],"about":[{"href":"https:\/\/portaltela.pt\/api\/wp\/v2\/types\/post"}],"author":[{"embeddable":true,"href":"https:\/\/portaltela.pt\/api\/wp\/v2\/users\/2"}],"replies":[{"embeddable":true,"href":"https:\/\/portaltela.pt\/api\/wp\/v2\/comments?post=435561"}],"version-history":[{"count":0,"href":"https:\/\/portaltela.pt\/api\/wp\/v2\/posts\/435561\/revisions"}],"wp:featuredmedia":[{"embeddable":true,"href":"https:\/\/portaltela.pt\/api\/wp\/v2\/media\/435564"}],"wp:attachment":[{"href":"https:\/\/portaltela.pt\/api\/wp\/v2\/media?parent=435561"}],"wp:term":[{"taxonomy":"category","embeddable":true,"href":"https:\/\/portaltela.pt\/api\/wp\/v2\/categories?post=435561"},{"taxonomy":"post_tag","embeddable":true,"href":"https:\/\/portaltela.pt\/api\/wp\/v2\/tags?post=435561"}],"curies":[{"name":"wp","href":"https:\/\/api.w.org\/{rel}","templated":true}]}}