{"id":435560,"date":"2026-04-07T12:47:08","date_gmt":"2026-04-07T15:47:08","guid":{"rendered":"https:\/\/portaltela.pt\/noticias\/2026\/04\/07\/volta-ao-pais-basco-paul-seixas-vence-segunda-etapa\/"},"modified":"2026-04-07T12:47:08","modified_gmt":"2026-04-07T15:47:08","slug":"volta-ao-pais-basco-paul-seixas-vence-segunda-etapa","status":"publish","type":"post","link":"https:\/\/portaltela.pt\/desporto\/copa-do-mundo\/2026\/04\/07\/volta-ao-pais-basco-paul-seixas-vence-segunda-etapa\/","title":{"rendered":"Volta ao Pa\u00eds Basco: Paul Seixas vence segunda etapa"},"content":{"rendered":"<p>O ciclista franc\u00eas Paul Seixas venceu a segunda etapa da Volta ao Pa\u00eds Basco, impondo-se isolado numa fuga que ganhou terreno a cerca de 30 km da meta. A prova, disputada na regi\u00e3o basca com uma inclina\u00e7\u00e3o importante, viu o jovem talento confirmar a lideran\u00e7a ap\u00f3s a vit\u00f3ria na etapa inaugural, num contrarrel\u00f3gio.<\/p>\n<p>Seixas, de 19 anos e com ascend\u00eancia portuguesa pelo bisav\u00f4, atacou numa subida de primeira categoria e ultrapassou os fugitivos para chegar \u00e0 frente da corrida. No grupo perseguidor, ficaram Raiz de rivais que n\u00e3o conseguiram reagir suficientemente r\u00e1pido.<\/p>\n<p>O prod\u00edgio voltou a terminar na frente em Cuevas de Mendukilo, cortando a meta com quase um minuto e meio de vantagem sobre um grupo de cinco, liderado por Mattias Skjelmose. Primoz Roglic fechou o p\u00f3dio da etapa.<\/p>\n<h3>Conquista de Seixas e perspetivas<\/h3>\n<p>A vit\u00f3ria refor\u00e7a a lideran\u00e7a de Seixas na geral da prova e coloca-o numa posi\u00e7\u00e3o de destaque para se tornar, aos 19 anos, o primeiro franc\u00eas a vencer uma prova por etapas do World Tour em 19 anos. Entre os advers\u00e1rios pr\u00f3ximos estavam Isaac del Toro (Emirates) e Juan Ayuso (Lidl-Trek), que n\u00e3o conseguiram acompanhar o ritmo do jovem sprinto.<\/p>\n<p>A Volta ao Pa\u00eds Basco continua com etapas seguintes ainda decisivas para a classifica\u00e7\u00e3o geral, com Seixas a manter a larga vantagem sobre os rivais. A corrida segue no calend\u00e1rio mundial de ciclismo, mantendo a aten\u00e7\u00e3o sobre o jovem prod\u00edgio franc\u00eas.<\/p>\n","protected":false},"excerpt":{"rendered":"<ul>\n<li>Paul Seixas venceu a segunda etapa da Volta ao Pa\u00eds Basco, disputada em Cuevas de Mendukilo, mantendo a lideran\u00e7a da corrida.<\/li>\n<li>O jovem franc\u00eas, de 19 anos e com ascend\u00eancia portuguesa, atacou a cerca de trinta quil\u00f3metros do fim, isolando-se na frente.<\/li>\n<li>Entre os nomes que n\u00e3o acompanharam o ataque estiveram Isaac del Toro (Emirates) e Juan Ayuso (Lidl-Trek).<\/li>\n<li>Seixas terminou com quase um minuto e meio de vantagem sobre um grupo de cinco, com Mattias Skjelmose (Lidl-Trek) na segunda posi\u00e7\u00e3o e Primoz Roglic (Red Bull) no p\u00f3dio.<\/li>\n<li>O prod\u00edgio aproxima-se de ser o primeiro franc\u00eas a vencer uma prova por etapas do World Tour em dezoito ou dezenove anos.<\/li>\n<\/ul>\n","protected":false},"author":2,"featured_media":435565,"comment_status":"closed","ping_status":"closed","sticky":false,"template":"","format":"standard","meta":{"footnotes":""},"categories":[6695,21],"tags":[923,152,6069,6083,1014,5902],"class_list":["post-435560","post","type-post","status-publish","format-standard","has-post-thumbnail","hentry","category-copa-do-mundo","category-desporto","tag-ciclismo","tag-desporto","tag-emirates","tag-lidl-trek","tag-portugal","tag-world-tour"],"yoast_head":"<!-- This site is optimized with the Yoast SEO plugin v27.2 - https:\/\/yoast.com\/product\/yoast-seo-wordpress\/ -->\n<title>Volta ao Pa\u00eds Basco: Paul Seixas vence segunda etapa - Portal Tela Portugal<\/title>\n<meta name=\"robots\" content=\"index, follow, max-snippet:-1, max-image-preview:large, max-video-preview:-1\" \/>\n<meta property=\"og:locale\" content=\"pt_PT\" \/>\n<meta property=\"og:type\" content=\"article\" \/>\n<meta property=\"og:title\" content=\"Volta ao Pa\u00eds Basco: Paul Seixas vence segunda etapa - Portal Tela Portugal\" \/>\n<meta property=\"og:description\" content=\"Paul Seixas venceu a segunda etapa da Volta ao Pa\u00eds Basco, disputada em Cuevas de Mendukilo, mantendo a lideran\u00e7a da corrida. O jovem franc\u00eas, de 19 anos e com ascend\u00eancia portuguesa, atacou a cerca de trinta quil\u00f3metros do fim, isolando-se na frente. Entre os nomes que n\u00e3o acompanharam o ataque estiveram Isaac del Toro (Emirates) e Juan Ayuso (Lidl-Trek). Seixas terminou com quase um minuto e meio de vantagem sobre um grupo de cinco, com Mattias Skjelmose (Lidl-Trek) na segunda posi\u00e7\u00e3o e Primoz Roglic (Red Bull) no p\u00f3dio. O prod\u00edgio aproxima-se de ser o primeiro franc\u00eas a vencer uma prova por etapas do World Tour em dezoito ou dezenove anos.\" \/>\n<meta property=\"og:url\" content=\"https:\/\/portaltela.pt\/noticias\/2026\/04\/07\/volta-ao-pais-basco-paul-seixas-vence-segunda-etapa\/\" \/>\n<meta property=\"og:site_name\" content=\"Portal Tela Portugal\" \/>\n<meta property=\"article:published_time\" content=\"2026-04-07T15:47:08+00:00\" \/>\n<meta name=\"author\" content=\"Telinha\" \/>\n<meta name=\"twitter:card\" content=\"summary_large_image\" \/>\n<meta name=\"twitter:label1\" content=\"Escrito por\" \/>\n\t<meta name=\"twitter:data1\" content=\"Telinha\" \/>\n\t<meta name=\"twitter:label2\" content=\"Tempo estimado de leitura\" \/>\n\t<meta name=\"twitter:data2\" content=\"1 minuto\" \/>\n<script type=\"application\/ld+json\" class=\"yoast-schema-graph\">{\"@context\":\"https:\/\/schema.org\",\"@graph\":[{\"@type\":\"Article\",\"@id\":\"https:\/\/portaltela.pt\/noticias\/2026\/04\/07\/volta-ao-pais-basco-paul-seixas-vence-segunda-etapa\/#article\",\"isPartOf\":{\"@id\":\"https:\/\/portaltela.pt\/noticias\/2026\/04\/07\/volta-ao-pais-basco-paul-seixas-vence-segunda-etapa\/\"},\"author\":{\"name\":\"Telinha\",\"@id\":\"https:\/\/portaltela.pt\/#\/schema\/person\/c4278d4a6028830caff9ee44b42d32ed\"},\"headline\":\"Volta ao Pa\u00eds Basco: Paul Seixas vence segunda etapa\",\"datePublished\":\"2026-04-07T15:47:08+00:00\",\"mainEntityOfPage\":{\"@id\":\"https:\/\/portaltela.pt\/noticias\/2026\/04\/07\/volta-ao-pais-basco-paul-seixas-vence-segunda-etapa\/\"},\"wordCount\":268,\"image\":{\"@id\":\"https:\/\/portaltela.pt\/noticias\/2026\/04\/07\/volta-ao-pais-basco-paul-seixas-vence-segunda-etapa\/#primaryimage\"},\"thumbnailUrl\":\"https:\/\/portaltela.pt\/s.01k8rhncp4jt1\/2026\/04\/img_920x518uu2026-04-07-16-29-01-2431587.jpg\",\"keywords\":[\"ciclismo\",\"desporto\",\"Emirates\",\"Lidl-Trek\",\"Portugal\",\"World Tour\"],\"articleSection\":[\"Copa do Mundo\",\"Desporto\"],\"inLanguage\":\"pt-PT\"},{\"@type\":\"WebPage\",\"@id\":\"https:\/\/portaltela.pt\/noticias\/2026\/04\/07\/volta-ao-pais-basco-paul-seixas-vence-segunda-etapa\/\",\"url\":\"https:\/\/portaltela.pt\/noticias\/2026\/04\/07\/volta-ao-pais-basco-paul-seixas-vence-segunda-etapa\/\",\"name\":\"Volta ao Pa\u00eds Basco: Paul Seixas vence segunda etapa - Portal Tela Portugal\",\"isPartOf\":{\"@id\":\"https:\/\/portaltela.pt\/#website\"},\"primaryImageOfPage\":{\"@id\":\"https:\/\/portaltela.pt\/noticias\/2026\/04\/07\/volta-ao-pais-basco-paul-seixas-vence-segunda-etapa\/#primaryimage\"},\"image\":{\"@id\":\"https:\/\/portaltela.pt\/noticias\/2026\/04\/07\/volta-ao-pais-basco-paul-seixas-vence-segunda-etapa\/#primaryimage\"},\"thumbnailUrl\":\"https:\/\/portaltela.pt\/s.01k8rhncp4jt1\/2026\/04\/img_920x518uu2026-04-07-16-29-01-2431587.jpg\",\"datePublished\":\"2026-04-07T15:47:08+00:00\",\"author\":{\"@id\":\"https:\/\/portaltela.pt\/#\/schema\/person\/c4278d4a6028830caff9ee44b42d32ed\"},\"breadcrumb\":{\"@id\":\"https:\/\/portaltela.pt\/noticias\/2026\/04\/07\/volta-ao-pais-basco-paul-seixas-vence-segunda-etapa\/#breadcrumb\"},\"inLanguage\":\"pt-PT\",\"potentialAction\":[{\"@type\":\"ReadAction\",\"target\":[\"https:\/\/portaltela.pt\/noticias\/2026\/04\/07\/volta-ao-pais-basco-paul-seixas-vence-segunda-etapa\/\"]}]},{\"@type\":\"ImageObject\",\"inLanguage\":\"pt-PT\",\"@id\":\"https:\/\/portaltela.pt\/noticias\/2026\/04\/07\/volta-ao-pais-basco-paul-seixas-vence-segunda-etapa\/#primaryimage\",\"url\":\"https:\/\/portaltela.pt\/s.01k8rhncp4jt1\/2026\/04\/img_920x518uu2026-04-07-16-29-01-2431587.jpg\",\"contentUrl\":\"https:\/\/portaltela.pt\/s.01k8rhncp4jt1\/2026\/04\/img_920x518uu2026-04-07-16-29-01-2431587.jpg\",\"width\":796,\"height\":448,\"caption\":\"Paul Seixas lidera a Volta ao Pa\u00eds Basco\"},{\"@type\":\"BreadcrumbList\",\"@id\":\"https:\/\/portaltela.pt\/noticias\/2026\/04\/07\/volta-ao-pais-basco-paul-seixas-vence-segunda-etapa\/#breadcrumb\",\"itemListElement\":[{\"@type\":\"ListItem\",\"position\":1,\"name\":\"In\u00edcio\",\"item\":\"https:\/\/portaltela.pt\/\"},{\"@type\":\"ListItem\",\"position\":2,\"name\":\"Volta ao Pa\u00eds Basco: Paul Seixas vence segunda etapa\"}]},{\"@type\":\"WebSite\",\"@id\":\"https:\/\/portaltela.pt\/#website\",\"url\":\"https:\/\/portaltela.pt\/\",\"name\":\"Portal Tela Portugal\",\"description\":\"\",\"potentialAction\":[{\"@type\":\"SearchAction\",\"target\":{\"@type\":\"EntryPoint\",\"urlTemplate\":\"https:\/\/portaltela.pt\/?s={search_term_string}\"},\"query-input\":{\"@type\":\"PropertyValueSpecification\",\"valueRequired\":true,\"valueName\":\"search_term_string\"}}],\"inLanguage\":\"pt-PT\"},{\"@type\":\"Person\",\"@id\":\"https:\/\/portaltela.pt\/#\/schema\/person\/c4278d4a6028830caff9ee44b42d32ed\",\"name\":\"Telinha\",\"image\":{\"@type\":\"ImageObject\",\"inLanguage\":\"pt-PT\",\"@id\":\"https:\/\/portaltela.pt\/s.01k8rhncp4jt1\/2025\/11\/talking-bot-125x125.png\",\"url\":\"https:\/\/portaltela.pt\/s.01k8rhncp4jt1\/2025\/11\/talking-bot-125x125.png\",\"contentUrl\":\"https:\/\/portaltela.pt\/s.01k8rhncp4jt1\/2025\/11\/talking-bot-125x125.png\",\"caption\":\"Telinha\"},\"sameAs\":[\"https:\/\/portaltela.pt\/\"],\"url\":\"https:\/\/portaltela.pt\/por\/367410592786\/\"}]}<\/script>\n<!-- \/ Yoast SEO plugin. -->","yoast_head_json":{"title":"Volta ao Pa\u00eds Basco: Paul Seixas vence segunda etapa - Portal Tela Portugal","robots":{"index":"index","follow":"follow","max-snippet":"max-snippet:-1","max-image-preview":"max-image-preview:large","max-video-preview":"max-video-preview:-1"},"og_locale":"pt_PT","og_type":"article","og_title":"Volta ao Pa\u00eds Basco: Paul Seixas vence segunda etapa - Portal Tela Portugal","og_description":"Paul Seixas venceu a segunda etapa da Volta ao Pa\u00eds Basco, disputada em Cuevas de Mendukilo, mantendo a lideran\u00e7a da corrida. O jovem franc\u00eas, de 19 anos e com ascend\u00eancia portuguesa, atacou a cerca de trinta quil\u00f3metros do fim, isolando-se na frente. Entre os nomes que n\u00e3o acompanharam o ataque estiveram Isaac del Toro (Emirates) e Juan Ayuso (Lidl-Trek). Seixas terminou com quase um minuto e meio de vantagem sobre um grupo de cinco, com Mattias Skjelmose (Lidl-Trek) na segunda posi\u00e7\u00e3o e Primoz Roglic (Red Bull) no p\u00f3dio. O prod\u00edgio aproxima-se de ser o primeiro franc\u00eas a vencer uma prova por etapas do World Tour em dezoito ou dezenove anos.","og_url":"https:\/\/portaltela.pt\/noticias\/2026\/04\/07\/volta-ao-pais-basco-paul-seixas-vence-segunda-etapa\/","og_site_name":"Portal Tela Portugal","article_published_time":"2026-04-07T15:47:08+00:00","author":"Telinha","twitter_card":"summary_large_image","twitter_misc":{"Escrito por":"Telinha","Tempo estimado de leitura":"1 minuto"},"schema":{"@context":"https:\/\/schema.org","@graph":[{"@type":"Article","@id":"https:\/\/portaltela.pt\/noticias\/2026\/04\/07\/volta-ao-pais-basco-paul-seixas-vence-segunda-etapa\/#article","isPartOf":{"@id":"https:\/\/portaltela.pt\/noticias\/2026\/04\/07\/volta-ao-pais-basco-paul-seixas-vence-segunda-etapa\/"},"author":{"name":"Telinha","@id":"https:\/\/portaltela.pt\/#\/schema\/person\/c4278d4a6028830caff9ee44b42d32ed"},"headline":"Volta ao Pa\u00eds Basco: Paul Seixas vence segunda etapa","datePublished":"2026-04-07T15:47:08+00:00","mainEntityOfPage":{"@id":"https:\/\/portaltela.pt\/noticias\/2026\/04\/07\/volta-ao-pais-basco-paul-seixas-vence-segunda-etapa\/"},"wordCount":268,"image":{"@id":"https:\/\/portaltela.pt\/noticias\/2026\/04\/07\/volta-ao-pais-basco-paul-seixas-vence-segunda-etapa\/#primaryimage"},"thumbnailUrl":"https:\/\/portaltela.pt\/s.01k8rhncp4jt1\/2026\/04\/img_920x518uu2026-04-07-16-29-01-2431587.jpg","keywords":["ciclismo","desporto","Emirates","Lidl-Trek","Portugal","World Tour"],"articleSection":["Copa do Mundo","Desporto"],"inLanguage":"pt-PT"},{"@type":"WebPage","@id":"https:\/\/portaltela.pt\/noticias\/2026\/04\/07\/volta-ao-pais-basco-paul-seixas-vence-segunda-etapa\/","url":"https:\/\/portaltela.pt\/noticias\/2026\/04\/07\/volta-ao-pais-basco-paul-seixas-vence-segunda-etapa\/","name":"Volta ao Pa\u00eds Basco: Paul Seixas vence segunda etapa - Portal Tela Portugal","isPartOf":{"@id":"https:\/\/portaltela.pt\/#website"},"primaryImageOfPage":{"@id":"https:\/\/portaltela.pt\/noticias\/2026\/04\/07\/volta-ao-pais-basco-paul-seixas-vence-segunda-etapa\/#primaryimage"},"image":{"@id":"https:\/\/portaltela.pt\/noticias\/2026\/04\/07\/volta-ao-pais-basco-paul-seixas-vence-segunda-etapa\/#primaryimage"},"thumbnailUrl":"https:\/\/portaltela.pt\/s.01k8rhncp4jt1\/2026\/04\/img_920x518uu2026-04-07-16-29-01-2431587.jpg","datePublished":"2026-04-07T15:47:08+00:00","author":{"@id":"https:\/\/portaltela.pt\/#\/schema\/person\/c4278d4a6028830caff9ee44b42d32ed"},"breadcrumb":{"@id":"https:\/\/portaltela.pt\/noticias\/2026\/04\/07\/volta-ao-pais-basco-paul-seixas-vence-segunda-etapa\/#breadcrumb"},"inLanguage":"pt-PT","potentialAction":[{"@type":"ReadAction","target":["https:\/\/portaltela.pt\/noticias\/2026\/04\/07\/volta-ao-pais-basco-paul-seixas-vence-segunda-etapa\/"]}]},{"@type":"ImageObject","inLanguage":"pt-PT","@id":"https:\/\/portaltela.pt\/noticias\/2026\/04\/07\/volta-ao-pais-basco-paul-seixas-vence-segunda-etapa\/#primaryimage","url":"https:\/\/portaltela.pt\/s.01k8rhncp4jt1\/2026\/04\/img_920x518uu2026-04-07-16-29-01-2431587.jpg","contentUrl":"https:\/\/portaltela.pt\/s.01k8rhncp4jt1\/2026\/04\/img_920x518uu2026-04-07-16-29-01-2431587.jpg","width":796,"height":448,"caption":"Paul Seixas lidera a Volta ao Pa\u00eds Basco"},{"@type":"BreadcrumbList","@id":"https:\/\/portaltela.pt\/noticias\/2026\/04\/07\/volta-ao-pais-basco-paul-seixas-vence-segunda-etapa\/#breadcrumb","itemListElement":[{"@type":"ListItem","position":1,"name":"In\u00edcio","item":"https:\/\/portaltela.pt\/"},{"@type":"ListItem","position":2,"name":"Volta ao Pa\u00eds Basco: Paul Seixas vence segunda etapa"}]},{"@type":"WebSite","@id":"https:\/\/portaltela.pt\/#website","url":"https:\/\/portaltela.pt\/","name":"Portal Tela Portugal","description":"","potentialAction":[{"@type":"SearchAction","target":{"@type":"EntryPoint","urlTemplate":"https:\/\/portaltela.pt\/?s={search_term_string}"},"query-input":{"@type":"PropertyValueSpecification","valueRequired":true,"valueName":"search_term_string"}}],"inLanguage":"pt-PT"},{"@type":"Person","@id":"https:\/\/portaltela.pt\/#\/schema\/person\/c4278d4a6028830caff9ee44b42d32ed","name":"Telinha","image":{"@type":"ImageObject","inLanguage":"pt-PT","@id":"https:\/\/portaltela.pt\/s.01k8rhncp4jt1\/2025\/11\/talking-bot-125x125.png","url":"https:\/\/portaltela.pt\/s.01k8rhncp4jt1\/2025\/11\/talking-bot-125x125.png","contentUrl":"https:\/\/portaltela.pt\/s.01k8rhncp4jt1\/2025\/11\/talking-bot-125x125.png","caption":"Telinha"},"sameAs":["https:\/\/portaltela.pt\/"],"url":"https:\/\/portaltela.pt\/por\/367410592786\/"}]}},"_links":{"self":[{"href":"https:\/\/portaltela.pt\/api\/wp\/v2\/posts\/435560","targetHints":{"allow":["GET"]}}],"collection":[{"href":"https:\/\/portaltela.pt\/api\/wp\/v2\/posts"}],"about":[{"href":"https:\/\/portaltela.pt\/api\/wp\/v2\/types\/post"}],"author":[{"embeddable":true,"href":"https:\/\/portaltela.pt\/api\/wp\/v2\/users\/2"}],"replies":[{"embeddable":true,"href":"https:\/\/portaltela.pt\/api\/wp\/v2\/comments?post=435560"}],"version-history":[{"count":0,"href":"https:\/\/portaltela.pt\/api\/wp\/v2\/posts\/435560\/revisions"}],"wp:featuredmedia":[{"embeddable":true,"href":"https:\/\/portaltela.pt\/api\/wp\/v2\/media\/435565"}],"wp:attachment":[{"href":"https:\/\/portaltela.pt\/api\/wp\/v2\/media?parent=435560"}],"wp:term":[{"taxonomy":"category","embeddable":true,"href":"https:\/\/portaltela.pt\/api\/wp\/v2\/categories?post=435560"},{"taxonomy":"post_tag","embeddable":true,"href":"https:\/\/portaltela.pt\/api\/wp\/v2\/tags?post=435560"}],"curies":[{"name":"wp","href":"https:\/\/api.w.org\/{rel}","templated":true}]}}