{"id":435525,"date":"2026-04-07T12:32:04","date_gmt":"2026-04-07T15:32:04","guid":{"rendered":"https:\/\/portaltela.pt\/noticias\/2026\/04\/07\/cartas-gastronomicas-preservam-a-identidade-da-regiao-saloia\/"},"modified":"2026-04-07T12:32:04","modified_gmt":"2026-04-07T15:32:04","slug":"cartas-gastronomicas-preservam-a-identidade-da-regiao-saloia","status":"publish","type":"post","link":"https:\/\/portaltela.pt\/noticias\/2026\/04\/07\/cartas-gastronomicas-preservam-a-identidade-da-regiao-saloia\/","title":{"rendered":"Cartas gastron\u00f3micas preservam a identidade da regi\u00e3o saloia"},"content":{"rendered":"<p>As cartas gastron\u00f3micas s\u00e3o not\u00edcia em Cascais, onde se discutiu o papel dessas listas de receitas na preserva\u00e7\u00e3o da identidade regional. O debate ocorreu durante as II Jornadas de Gastronomia Portuguesa, nos dias 26 e 27 de Mar\u00e7o. O foco foi a fun\u00e7\u00e3o cultural das tradi\u00e7\u00f5es alimentares na constru\u00e7\u00e3o de mem\u00f3rias coletivas.<\/p>\n<p>Foi sublinhado que a alentejana \u00e9 a carta mais antiga, com a saloia a seguir. A ideia central \u00e9 que estas cartas v\u00e3o al\u00e9m da cozinha, servindo de ve\u00edculo para usos, costumes e produtos locais que definem regi\u00f5es inteiras.<\/p>\n<p>Os organizadores destacaram a import\u00e2ncia de preservar comunidades e pr\u00e1ticas culin\u00e1rias. Entre os participantes estiveram especialistas, chefs e representantes culturais, que analisaram como as cartas ajudam a manter vivas tradi\u00e7\u00f5es e identidades regionais.<\/p>\n<h3>Cartas gastron\u00f3micas como preserva\u00e7\u00e3o<\/h3>\n<p>Em Cascais, os debates enfatizaram a culin\u00e1ria como elemento de conv\u00edvio e mem\u00f3ria social. Os participantes discutiram ainda como as cartas podem orientar pol\u00edticas culturais e educativas ligadas \u00e0 gastronomia regional.<\/p>\n<p>O encontro permitiu partilhar experi\u00eancias de v\u00e1rias regi\u00f5es, refor\u00e7ando a ideia de que a alimenta\u00e7\u00e3o regional \u00e9 parte essencial do patrim\u00f3nio imaterial. O objetivo \u00e9 conservar o que \u00e9 \u00fanico de cada regi\u00e3o.<\/p>\n<p>Ainda n\u00e3o h\u00e1 conclus\u00e3o sobre um modelo \u00fanico de carta gastron\u00f3mica, mas ficou claro que estas listas devem evoluir sem perder a liga\u00e7\u00e3o ao territ\u00f3rio. O pr\u00f3ximo passo envolve colabora\u00e7\u00e3o entre comunidades e institui\u00e7\u00f5es.<\/p>\n","protected":false},"excerpt":{"rendered":"<ul>\n<li>As cartas gastron\u00f3micas ajudam a preservar a identidade cultural \u00e0 mesa, reunindo receitas, usos e costumes.<\/li>\n<li>Em Portugal, a mais antiga \u00e9 a carta alentejana; a pr\u00f3xima a ser lan\u00e7ada \u00e9 a saloia.<\/li>\n<li>O tema foi discutido nas II Jornadas de Gastronomia Portuguesa, em Cascais, a 26 e 27 de mar\u00e7o.<\/li>\n<li>O ato de comer \u00e9 visto como mem\u00f3ria, hist\u00f3ria e meio de conv\u00edvio que fortalece identidades sociais.<\/li>\n<li>Cada regi\u00e3o tem tradi\u00e7\u00f5es alimentares e produtos aut\u00f3ctones que enriquecem a cultura gastron\u00f3mica do pa\u00eds.<\/li>\n<\/ul>\n","protected":false},"author":2,"featured_media":435528,"comment_status":"closed","ping_status":"closed","sticky":false,"template":"","format":"standard","meta":{"footnotes":""},"categories":[7369,1],"tags":[86,1111,145,219,1175,3295],"class_list":["post-435525","post","type-post","status-publish","format-standard","has-post-thumbnail","hentry","category-gastronomia","category-noticias","tag-alimentacao","tag-cascais","tag-cultura","tag-gastronomia","tag-patrimonio-cultural","tag-patrimonio-imaterial"],"yoast_head":"<!-- This site is optimized with the Yoast SEO plugin v27.2 - https:\/\/yoast.com\/product\/yoast-seo-wordpress\/ -->\n<title>Cartas gastron\u00f3micas preservam a identidade da regi\u00e3o saloia - Portal Tela Portugal<\/title>\n<meta name=\"robots\" content=\"index, follow, max-snippet:-1, max-image-preview:large, max-video-preview:-1\" \/>\n<meta property=\"og:locale\" content=\"pt_PT\" \/>\n<meta property=\"og:type\" content=\"article\" \/>\n<meta property=\"og:title\" content=\"Cartas gastron\u00f3micas preservam a identidade da regi\u00e3o saloia - Portal Tela Portugal\" \/>\n<meta property=\"og:description\" content=\"As cartas gastron\u00f3micas ajudam a preservar a identidade cultural \u00e0 mesa, reunindo receitas, usos e costumes. Em Portugal, a mais antiga \u00e9 a carta alentejana; a pr\u00f3xima a ser lan\u00e7ada \u00e9 a saloia. O tema foi discutido nas II Jornadas de Gastronomia Portuguesa, em Cascais, a 26 e 27 de mar\u00e7o. O ato de comer \u00e9 visto como mem\u00f3ria, hist\u00f3ria e meio de conv\u00edvio que fortalece identidades sociais. Cada regi\u00e3o tem tradi\u00e7\u00f5es alimentares e produtos aut\u00f3ctones que enriquecem a cultura gastron\u00f3mica do pa\u00eds.\" \/>\n<meta property=\"og:url\" content=\"https:\/\/portaltela.pt\/noticias\/2026\/04\/07\/cartas-gastronomicas-preservam-a-identidade-da-regiao-saloia\/\" \/>\n<meta property=\"og:site_name\" content=\"Portal Tela Portugal\" \/>\n<meta property=\"article:published_time\" content=\"2026-04-07T15:32:04+00:00\" \/>\n<meta name=\"author\" content=\"Telinha\" \/>\n<meta name=\"twitter:card\" content=\"summary_large_image\" \/>\n<meta name=\"twitter:label1\" content=\"Escrito por\" \/>\n\t<meta name=\"twitter:data1\" content=\"Telinha\" \/>\n\t<meta name=\"twitter:label2\" content=\"Tempo estimado de leitura\" \/>\n\t<meta name=\"twitter:data2\" content=\"1 minuto\" \/>\n<script type=\"application\/ld+json\" class=\"yoast-schema-graph\">{\"@context\":\"https:\/\/schema.org\",\"@graph\":[{\"@type\":\"Article\",\"@id\":\"https:\/\/portaltela.pt\/noticias\/2026\/04\/07\/cartas-gastronomicas-preservam-a-identidade-da-regiao-saloia\/#article\",\"isPartOf\":{\"@id\":\"https:\/\/portaltela.pt\/noticias\/2026\/04\/07\/cartas-gastronomicas-preservam-a-identidade-da-regiao-saloia\/\"},\"author\":{\"name\":\"Telinha\",\"@id\":\"https:\/\/portaltela.pt\/#\/schema\/person\/c4278d4a6028830caff9ee44b42d32ed\"},\"headline\":\"Cartas gastron\u00f3micas preservam a identidade da regi\u00e3o saloia\",\"datePublished\":\"2026-04-07T15:32:04+00:00\",\"mainEntityOfPage\":{\"@id\":\"https:\/\/portaltela.pt\/noticias\/2026\/04\/07\/cartas-gastronomicas-preservam-a-identidade-da-regiao-saloia\/\"},\"wordCount\":266,\"image\":{\"@id\":\"https:\/\/portaltela.pt\/noticias\/2026\/04\/07\/cartas-gastronomicas-preservam-a-identidade-da-regiao-saloia\/#primaryimage\"},\"thumbnailUrl\":\"https:\/\/portaltela.pt\/s.01k8rhncp4jt1\/2026\/04\/2079754.jpg\",\"keywords\":[\"alimenta\u00e7\u00e3o\",\"Cascais\",\"cultura\",\"gastronomia\",\"Patrim\u00f3nio Cultural\",\"patrim\u00f3nio imaterial\"],\"articleSection\":[\"Gastronomia\",\"Not\u00edcias\"],\"inLanguage\":\"pt-PT\"},{\"@type\":\"WebPage\",\"@id\":\"https:\/\/portaltela.pt\/noticias\/2026\/04\/07\/cartas-gastronomicas-preservam-a-identidade-da-regiao-saloia\/\",\"url\":\"https:\/\/portaltela.pt\/noticias\/2026\/04\/07\/cartas-gastronomicas-preservam-a-identidade-da-regiao-saloia\/\",\"name\":\"Cartas gastron\u00f3micas preservam a identidade da regi\u00e3o saloia - Portal Tela Portugal\",\"isPartOf\":{\"@id\":\"https:\/\/portaltela.pt\/#website\"},\"primaryImageOfPage\":{\"@id\":\"https:\/\/portaltela.pt\/noticias\/2026\/04\/07\/cartas-gastronomicas-preservam-a-identidade-da-regiao-saloia\/#primaryimage\"},\"image\":{\"@id\":\"https:\/\/portaltela.pt\/noticias\/2026\/04\/07\/cartas-gastronomicas-preservam-a-identidade-da-regiao-saloia\/#primaryimage\"},\"thumbnailUrl\":\"https:\/\/portaltela.pt\/s.01k8rhncp4jt1\/2026\/04\/2079754.jpg\",\"datePublished\":\"2026-04-07T15:32:04+00:00\",\"author\":{\"@id\":\"https:\/\/portaltela.pt\/#\/schema\/person\/c4278d4a6028830caff9ee44b42d32ed\"},\"breadcrumb\":{\"@id\":\"https:\/\/portaltela.pt\/noticias\/2026\/04\/07\/cartas-gastronomicas-preservam-a-identidade-da-regiao-saloia\/#breadcrumb\"},\"inLanguage\":\"pt-PT\",\"potentialAction\":[{\"@type\":\"ReadAction\",\"target\":[\"https:\/\/portaltela.pt\/noticias\/2026\/04\/07\/cartas-gastronomicas-preservam-a-identidade-da-regiao-saloia\/\"]}]},{\"@type\":\"ImageObject\",\"inLanguage\":\"pt-PT\",\"@id\":\"https:\/\/portaltela.pt\/noticias\/2026\/04\/07\/cartas-gastronomicas-preservam-a-identidade-da-regiao-saloia\/#primaryimage\",\"url\":\"https:\/\/portaltela.pt\/s.01k8rhncp4jt1\/2026\/04\/2079754.jpg\",\"contentUrl\":\"https:\/\/portaltela.pt\/s.01k8rhncp4jt1\/2026\/04\/2079754.jpg\",\"width\":796,\"height\":448,\"caption\":\"A primeira carta gastron\u00f3mica portuguesa foi a alentejana, publicada em 2013\"},{\"@type\":\"BreadcrumbList\",\"@id\":\"https:\/\/portaltela.pt\/noticias\/2026\/04\/07\/cartas-gastronomicas-preservam-a-identidade-da-regiao-saloia\/#breadcrumb\",\"itemListElement\":[{\"@type\":\"ListItem\",\"position\":1,\"name\":\"In\u00edcio\",\"item\":\"https:\/\/portaltela.pt\/\"},{\"@type\":\"ListItem\",\"position\":2,\"name\":\"Cartas gastron\u00f3micas preservam a identidade da regi\u00e3o saloia\"}]},{\"@type\":\"WebSite\",\"@id\":\"https:\/\/portaltela.pt\/#website\",\"url\":\"https:\/\/portaltela.pt\/\",\"name\":\"Portal Tela Portugal\",\"description\":\"\",\"potentialAction\":[{\"@type\":\"SearchAction\",\"target\":{\"@type\":\"EntryPoint\",\"urlTemplate\":\"https:\/\/portaltela.pt\/?s={search_term_string}\"},\"query-input\":{\"@type\":\"PropertyValueSpecification\",\"valueRequired\":true,\"valueName\":\"search_term_string\"}}],\"inLanguage\":\"pt-PT\"},{\"@type\":\"Person\",\"@id\":\"https:\/\/portaltela.pt\/#\/schema\/person\/c4278d4a6028830caff9ee44b42d32ed\",\"name\":\"Telinha\",\"image\":{\"@type\":\"ImageObject\",\"inLanguage\":\"pt-PT\",\"@id\":\"https:\/\/portaltela.pt\/s.01k8rhncp4jt1\/2025\/11\/talking-bot-125x125.png\",\"url\":\"https:\/\/portaltela.pt\/s.01k8rhncp4jt1\/2025\/11\/talking-bot-125x125.png\",\"contentUrl\":\"https:\/\/portaltela.pt\/s.01k8rhncp4jt1\/2025\/11\/talking-bot-125x125.png\",\"caption\":\"Telinha\"},\"sameAs\":[\"https:\/\/portaltela.pt\/\"],\"url\":\"https:\/\/portaltela.pt\/por\/367410592786\/\"}]}<\/script>\n<!-- \/ Yoast SEO plugin. -->","yoast_head_json":{"title":"Cartas gastron\u00f3micas preservam a identidade da regi\u00e3o saloia - Portal Tela Portugal","robots":{"index":"index","follow":"follow","max-snippet":"max-snippet:-1","max-image-preview":"max-image-preview:large","max-video-preview":"max-video-preview:-1"},"og_locale":"pt_PT","og_type":"article","og_title":"Cartas gastron\u00f3micas preservam a identidade da regi\u00e3o saloia - Portal Tela Portugal","og_description":"As cartas gastron\u00f3micas ajudam a preservar a identidade cultural \u00e0 mesa, reunindo receitas, usos e costumes. Em Portugal, a mais antiga \u00e9 a carta alentejana; a pr\u00f3xima a ser lan\u00e7ada \u00e9 a saloia. O tema foi discutido nas II Jornadas de Gastronomia Portuguesa, em Cascais, a 26 e 27 de mar\u00e7o. O ato de comer \u00e9 visto como mem\u00f3ria, hist\u00f3ria e meio de conv\u00edvio que fortalece identidades sociais. Cada regi\u00e3o tem tradi\u00e7\u00f5es alimentares e produtos aut\u00f3ctones que enriquecem a cultura gastron\u00f3mica do pa\u00eds.","og_url":"https:\/\/portaltela.pt\/noticias\/2026\/04\/07\/cartas-gastronomicas-preservam-a-identidade-da-regiao-saloia\/","og_site_name":"Portal Tela Portugal","article_published_time":"2026-04-07T15:32:04+00:00","author":"Telinha","twitter_card":"summary_large_image","twitter_misc":{"Escrito por":"Telinha","Tempo estimado de leitura":"1 minuto"},"schema":{"@context":"https:\/\/schema.org","@graph":[{"@type":"Article","@id":"https:\/\/portaltela.pt\/noticias\/2026\/04\/07\/cartas-gastronomicas-preservam-a-identidade-da-regiao-saloia\/#article","isPartOf":{"@id":"https:\/\/portaltela.pt\/noticias\/2026\/04\/07\/cartas-gastronomicas-preservam-a-identidade-da-regiao-saloia\/"},"author":{"name":"Telinha","@id":"https:\/\/portaltela.pt\/#\/schema\/person\/c4278d4a6028830caff9ee44b42d32ed"},"headline":"Cartas gastron\u00f3micas preservam a identidade da regi\u00e3o saloia","datePublished":"2026-04-07T15:32:04+00:00","mainEntityOfPage":{"@id":"https:\/\/portaltela.pt\/noticias\/2026\/04\/07\/cartas-gastronomicas-preservam-a-identidade-da-regiao-saloia\/"},"wordCount":266,"image":{"@id":"https:\/\/portaltela.pt\/noticias\/2026\/04\/07\/cartas-gastronomicas-preservam-a-identidade-da-regiao-saloia\/#primaryimage"},"thumbnailUrl":"https:\/\/portaltela.pt\/s.01k8rhncp4jt1\/2026\/04\/2079754.jpg","keywords":["alimenta\u00e7\u00e3o","Cascais","cultura","gastronomia","Patrim\u00f3nio Cultural","patrim\u00f3nio imaterial"],"articleSection":["Gastronomia","Not\u00edcias"],"inLanguage":"pt-PT"},{"@type":"WebPage","@id":"https:\/\/portaltela.pt\/noticias\/2026\/04\/07\/cartas-gastronomicas-preservam-a-identidade-da-regiao-saloia\/","url":"https:\/\/portaltela.pt\/noticias\/2026\/04\/07\/cartas-gastronomicas-preservam-a-identidade-da-regiao-saloia\/","name":"Cartas gastron\u00f3micas preservam a identidade da regi\u00e3o saloia - Portal Tela Portugal","isPartOf":{"@id":"https:\/\/portaltela.pt\/#website"},"primaryImageOfPage":{"@id":"https:\/\/portaltela.pt\/noticias\/2026\/04\/07\/cartas-gastronomicas-preservam-a-identidade-da-regiao-saloia\/#primaryimage"},"image":{"@id":"https:\/\/portaltela.pt\/noticias\/2026\/04\/07\/cartas-gastronomicas-preservam-a-identidade-da-regiao-saloia\/#primaryimage"},"thumbnailUrl":"https:\/\/portaltela.pt\/s.01k8rhncp4jt1\/2026\/04\/2079754.jpg","datePublished":"2026-04-07T15:32:04+00:00","author":{"@id":"https:\/\/portaltela.pt\/#\/schema\/person\/c4278d4a6028830caff9ee44b42d32ed"},"breadcrumb":{"@id":"https:\/\/portaltela.pt\/noticias\/2026\/04\/07\/cartas-gastronomicas-preservam-a-identidade-da-regiao-saloia\/#breadcrumb"},"inLanguage":"pt-PT","potentialAction":[{"@type":"ReadAction","target":["https:\/\/portaltela.pt\/noticias\/2026\/04\/07\/cartas-gastronomicas-preservam-a-identidade-da-regiao-saloia\/"]}]},{"@type":"ImageObject","inLanguage":"pt-PT","@id":"https:\/\/portaltela.pt\/noticias\/2026\/04\/07\/cartas-gastronomicas-preservam-a-identidade-da-regiao-saloia\/#primaryimage","url":"https:\/\/portaltela.pt\/s.01k8rhncp4jt1\/2026\/04\/2079754.jpg","contentUrl":"https:\/\/portaltela.pt\/s.01k8rhncp4jt1\/2026\/04\/2079754.jpg","width":796,"height":448,"caption":"A primeira carta gastron\u00f3mica portuguesa foi a alentejana, publicada em 2013"},{"@type":"BreadcrumbList","@id":"https:\/\/portaltela.pt\/noticias\/2026\/04\/07\/cartas-gastronomicas-preservam-a-identidade-da-regiao-saloia\/#breadcrumb","itemListElement":[{"@type":"ListItem","position":1,"name":"In\u00edcio","item":"https:\/\/portaltela.pt\/"},{"@type":"ListItem","position":2,"name":"Cartas gastron\u00f3micas preservam a identidade da regi\u00e3o saloia"}]},{"@type":"WebSite","@id":"https:\/\/portaltela.pt\/#website","url":"https:\/\/portaltela.pt\/","name":"Portal Tela Portugal","description":"","potentialAction":[{"@type":"SearchAction","target":{"@type":"EntryPoint","urlTemplate":"https:\/\/portaltela.pt\/?s={search_term_string}"},"query-input":{"@type":"PropertyValueSpecification","valueRequired":true,"valueName":"search_term_string"}}],"inLanguage":"pt-PT"},{"@type":"Person","@id":"https:\/\/portaltela.pt\/#\/schema\/person\/c4278d4a6028830caff9ee44b42d32ed","name":"Telinha","image":{"@type":"ImageObject","inLanguage":"pt-PT","@id":"https:\/\/portaltela.pt\/s.01k8rhncp4jt1\/2025\/11\/talking-bot-125x125.png","url":"https:\/\/portaltela.pt\/s.01k8rhncp4jt1\/2025\/11\/talking-bot-125x125.png","contentUrl":"https:\/\/portaltela.pt\/s.01k8rhncp4jt1\/2025\/11\/talking-bot-125x125.png","caption":"Telinha"},"sameAs":["https:\/\/portaltela.pt\/"],"url":"https:\/\/portaltela.pt\/por\/367410592786\/"}]}},"_links":{"self":[{"href":"https:\/\/portaltela.pt\/api\/wp\/v2\/posts\/435525","targetHints":{"allow":["GET"]}}],"collection":[{"href":"https:\/\/portaltela.pt\/api\/wp\/v2\/posts"}],"about":[{"href":"https:\/\/portaltela.pt\/api\/wp\/v2\/types\/post"}],"author":[{"embeddable":true,"href":"https:\/\/portaltela.pt\/api\/wp\/v2\/users\/2"}],"replies":[{"embeddable":true,"href":"https:\/\/portaltela.pt\/api\/wp\/v2\/comments?post=435525"}],"version-history":[{"count":0,"href":"https:\/\/portaltela.pt\/api\/wp\/v2\/posts\/435525\/revisions"}],"wp:featuredmedia":[{"embeddable":true,"href":"https:\/\/portaltela.pt\/api\/wp\/v2\/media\/435528"}],"wp:attachment":[{"href":"https:\/\/portaltela.pt\/api\/wp\/v2\/media?parent=435525"}],"wp:term":[{"taxonomy":"category","embeddable":true,"href":"https:\/\/portaltela.pt\/api\/wp\/v2\/categories?post=435525"},{"taxonomy":"post_tag","embeddable":true,"href":"https:\/\/portaltela.pt\/api\/wp\/v2\/tags?post=435525"}],"curies":[{"name":"wp","href":"https:\/\/api.w.org\/{rel}","templated":true}]}}