{"id":435522,"date":"2026-04-07T12:17:26","date_gmt":"2026-04-07T15:17:26","guid":{"rendered":"https:\/\/portaltela.pt\/noticias\/2026\/04\/07\/angine-de-poitrine-duo-de-math-rock-viraliza-entusiasmo-justificado\/"},"modified":"2026-04-07T12:17:26","modified_gmt":"2026-04-07T15:17:26","slug":"angine-de-poitrine-duo-de-math-rock-viraliza-entusiasmo-justificado","status":"publish","type":"post","link":"https:\/\/portaltela.pt\/musica\/2026\/04\/07\/angine-de-poitrine-duo-de-math-rock-viraliza-entusiasmo-justificado\/","title":{"rendered":"Angine de Poitrine, duo de math rock, viraliza: entusiasmo justificado?"},"content":{"rendered":"<p>Angine de Poitrine, duo canadiano do Quebec, tornou-se viral pela atua\u00e7\u00e3o teatral e pelo math rock experimental. A sess\u00e3o gravada na KEXP, durante os Trans Musicales de Rennes, catapultou o duo para as redes em semanas.<\/p>\n<p>A dupla usa m\u00e1scaras de papel Mach\u00ea e fatos com bolinhas, improvisando sobre rock dissonante. Os m\u00fasicos s\u00e3o conhecidos pelos apelidos Klek de Poitrine (bateria) e Khn de Poitrine (guitarra e baixo). Formaram-se em 2019, quase como uma piada.<\/p>\n<p>O sucesso ganhou impulso ap\u00f3s o v\u00eddeo no YouTube da apresenta\u00e7\u00e3o na edi\u00e7\u00e3o de 48 do festival franc\u00eas. Datas de digress\u00e3o no Reino Unido e na UE para o outono esgotaram rapidamente, refletindo forte interesse internacional.<\/p>\n<h3>A viraliza\u00e7\u00e3o e o reconhecimento<\/h3>\n<p>Dave Grohl, dos Foo Fighters, elogiou publicamente o duo, descrevendo a atua\u00e7\u00e3o como \u201ccompletamente louca\u201d. Em entrevista a Logan Sounds Off, Grohl mostrou um v\u00eddeo da dupla e disse ter ficado impressionado.<\/p>\n<p>O segundo \u00e1lbum, Vol. II, lan\u00e7ado em abril, re\u00fane seis temas instrumentais. Mant\u00e9m o tra\u00e7o de math rock com grooves, refer\u00eancias diversas e uma pitada dada\u00edsta, sem reinventar o g\u00e9nero.<\/p>\n<p>A aposta na teatralidade n\u00e3o \u00e9 nova no rock, mas a banda tem atra\u00eddo ouvintes de novas gera\u00e7\u00f5es, em busca de sonoridades menos previs\u00edveis. O projeto pode abrir portas para artistas mais experimentais.<\/p>\n<p>Vol. II j\u00e1 est\u00e1 dispon\u00edvel, consolidando o percurso de Angine de Poitrine desde o in\u00edcio de 2019. A rece\u00e7\u00e3o cr\u00edtica destaca a cad\u00eancia entre humor, t\u00e9cnica e criatividade.<\/p>\n","protected":false},"excerpt":{"rendered":"<ul>\n<li>Angine de Poitrine, duo canadiano, tornou-se viral ap\u00f3s a sess\u00e3o na KEXP gravada na 48.\u00aa edi\u00e7\u00e3o dos Trans Musicales, em Rennes.<\/li>\n<li>S\u00e3o reconhecidos pela est\u00e9tica com m\u00e1scaras de papel-mache e fatos \u00e0s bolinhas, em improvisos dentro de um math rock experimental.<\/li>\n<li>O duo, formado em 2019 com os palcos Klek de Poitrine e Khn de Poitrine, lan\u00e7ou Vol.\u202f1 em 2024 e Vol.\u202fII no in\u00edcio de abril, este com seis temas.<\/li>\n<li>O fen\u00f3meno ganhou alcance mundial, esgotando datas de digress\u00e3o no Reino Unido e na Uni\u00e3o Europeia; recebeu elogios p\u00fablicos de Dave Grohl.<\/li>\n<li>O Vol.\u202fII n\u00e3o revoluciona a microtonalidade, mas \u00e9 divertido; pode representar uma porta de entrada para g\u00e9neros mais experimentais, ainda sujeita a evolu\u00e7\u00e3o.<\/li>\n<\/ul>\n","protected":false},"author":2,"featured_media":435524,"comment_status":"closed","ping_status":"closed","sticky":false,"template":"","format":"standard","meta":{"footnotes":""},"categories":[6676],"tags":[2015,145,3674,1856,81,122],"class_list":["post-435522","post","type-post","status-publish","format-standard","has-post-thumbnail","hentry","category-musica","tag-canada","tag-cultura","tag-festival","tag-franca","tag-internacionais","tag-musica"],"yoast_head":"<!-- This site is optimized with the Yoast SEO plugin v27.2 - https:\/\/yoast.com\/product\/yoast-seo-wordpress\/ -->\n<title>Angine de Poitrine, duo de math rock, viraliza: entusiasmo justificado? - Portal Tela Portugal<\/title>\n<meta name=\"robots\" content=\"index, follow, max-snippet:-1, max-image-preview:large, max-video-preview:-1\" \/>\n<meta property=\"og:locale\" content=\"pt_PT\" \/>\n<meta property=\"og:type\" content=\"article\" \/>\n<meta property=\"og:title\" content=\"Angine de Poitrine, duo de math rock, viraliza: entusiasmo justificado? - Portal Tela Portugal\" \/>\n<meta property=\"og:description\" content=\"Angine de Poitrine, duo canadiano, tornou-se viral ap\u00f3s a sess\u00e3o na KEXP gravada na 48.\u00aa edi\u00e7\u00e3o dos Trans Musicales, em Rennes. S\u00e3o reconhecidos pela est\u00e9tica com m\u00e1scaras de papel-mache e fatos \u00e0s bolinhas, em improvisos dentro de um math rock experimental. O duo, formado em 2019 com os palcos Klek de Poitrine e Khn de Poitrine, lan\u00e7ou Vol.\u202f1 em 2024 e Vol.\u202fII no in\u00edcio de abril, este com seis temas. O fen\u00f3meno ganhou alcance mundial, esgotando datas de digress\u00e3o no Reino Unido e na Uni\u00e3o Europeia; recebeu elogios p\u00fablicos de Dave Grohl. O Vol.\u202fII n\u00e3o revoluciona a microtonalidade, mas \u00e9 divertido; pode representar uma porta de entrada para g\u00e9neros mais experimentais, ainda sujeita a evolu\u00e7\u00e3o.\" \/>\n<meta property=\"og:url\" content=\"https:\/\/portaltela.pt\/noticias\/2026\/04\/07\/angine-de-poitrine-duo-de-math-rock-viraliza-entusiasmo-justificado\/\" \/>\n<meta property=\"og:site_name\" content=\"Portal Tela Portugal\" \/>\n<meta property=\"article:published_time\" content=\"2026-04-07T15:17:26+00:00\" \/>\n<meta name=\"author\" content=\"Telinha\" \/>\n<meta name=\"twitter:card\" content=\"summary_large_image\" \/>\n<meta name=\"twitter:label1\" content=\"Escrito por\" \/>\n\t<meta name=\"twitter:data1\" content=\"Telinha\" \/>\n\t<meta name=\"twitter:label2\" content=\"Tempo estimado de leitura\" \/>\n\t<meta name=\"twitter:data2\" content=\"1 minuto\" \/>\n<script type=\"application\/ld+json\" class=\"yoast-schema-graph\">{\"@context\":\"https:\/\/schema.org\",\"@graph\":[{\"@type\":\"Article\",\"@id\":\"https:\/\/portaltela.pt\/noticias\/2026\/04\/07\/angine-de-poitrine-duo-de-math-rock-viraliza-entusiasmo-justificado\/#article\",\"isPartOf\":{\"@id\":\"https:\/\/portaltela.pt\/noticias\/2026\/04\/07\/angine-de-poitrine-duo-de-math-rock-viraliza-entusiasmo-justificado\/\"},\"author\":{\"name\":\"Telinha\",\"@id\":\"https:\/\/portaltela.pt\/#\/schema\/person\/c4278d4a6028830caff9ee44b42d32ed\"},\"headline\":\"Angine de Poitrine, duo de math rock, viraliza: entusiasmo justificado?\",\"datePublished\":\"2026-04-07T15:17:26+00:00\",\"mainEntityOfPage\":{\"@id\":\"https:\/\/portaltela.pt\/noticias\/2026\/04\/07\/angine-de-poitrine-duo-de-math-rock-viraliza-entusiasmo-justificado\/\"},\"wordCount\":276,\"image\":{\"@id\":\"https:\/\/portaltela.pt\/noticias\/2026\/04\/07\/angine-de-poitrine-duo-de-math-rock-viraliza-entusiasmo-justificado\/#primaryimage\"},\"thumbnailUrl\":\"https:\/\/portaltela.pt\/s.01k8rhncp4jt1\/2026\/04\/1536x864_cmsv2_c46575aa-0cb0-5d30-9b9e-66f9b564b321-9713373.jpg\",\"keywords\":[\"Canad\u00e1\",\"cultura\",\"festival\",\"Fran\u00e7a\",\"internacionais\",\"m\u00fasica\"],\"articleSection\":[\"M\u00fasica\"],\"inLanguage\":\"pt-PT\"},{\"@type\":\"WebPage\",\"@id\":\"https:\/\/portaltela.pt\/noticias\/2026\/04\/07\/angine-de-poitrine-duo-de-math-rock-viraliza-entusiasmo-justificado\/\",\"url\":\"https:\/\/portaltela.pt\/noticias\/2026\/04\/07\/angine-de-poitrine-duo-de-math-rock-viraliza-entusiasmo-justificado\/\",\"name\":\"Angine de Poitrine, duo de math rock, viraliza: entusiasmo justificado? - Portal Tela Portugal\",\"isPartOf\":{\"@id\":\"https:\/\/portaltela.pt\/#website\"},\"primaryImageOfPage\":{\"@id\":\"https:\/\/portaltela.pt\/noticias\/2026\/04\/07\/angine-de-poitrine-duo-de-math-rock-viraliza-entusiasmo-justificado\/#primaryimage\"},\"image\":{\"@id\":\"https:\/\/portaltela.pt\/noticias\/2026\/04\/07\/angine-de-poitrine-duo-de-math-rock-viraliza-entusiasmo-justificado\/#primaryimage\"},\"thumbnailUrl\":\"https:\/\/portaltela.pt\/s.01k8rhncp4jt1\/2026\/04\/1536x864_cmsv2_c46575aa-0cb0-5d30-9b9e-66f9b564b321-9713373.jpg\",\"datePublished\":\"2026-04-07T15:17:26+00:00\",\"author\":{\"@id\":\"https:\/\/portaltela.pt\/#\/schema\/person\/c4278d4a6028830caff9ee44b42d32ed\"},\"breadcrumb\":{\"@id\":\"https:\/\/portaltela.pt\/noticias\/2026\/04\/07\/angine-de-poitrine-duo-de-math-rock-viraliza-entusiasmo-justificado\/#breadcrumb\"},\"inLanguage\":\"pt-PT\",\"potentialAction\":[{\"@type\":\"ReadAction\",\"target\":[\"https:\/\/portaltela.pt\/noticias\/2026\/04\/07\/angine-de-poitrine-duo-de-math-rock-viraliza-entusiasmo-justificado\/\"]}]},{\"@type\":\"ImageObject\",\"inLanguage\":\"pt-PT\",\"@id\":\"https:\/\/portaltela.pt\/noticias\/2026\/04\/07\/angine-de-poitrine-duo-de-math-rock-viraliza-entusiasmo-justificado\/#primaryimage\",\"url\":\"https:\/\/portaltela.pt\/s.01k8rhncp4jt1\/2026\/04\/1536x864_cmsv2_c46575aa-0cb0-5d30-9b9e-66f9b564b321-9713373.jpg\",\"contentUrl\":\"https:\/\/portaltela.pt\/s.01k8rhncp4jt1\/2026\/04\/1536x864_cmsv2_c46575aa-0cb0-5d30-9b9e-66f9b564b321-9713373.jpg\",\"width\":1536,\"height\":864,\"caption\":\"Quem s\u00e3o os Angine de Poitrine, dupla de math rock que se tornou viral, e justifica-se o entusiasmo?\"},{\"@type\":\"BreadcrumbList\",\"@id\":\"https:\/\/portaltela.pt\/noticias\/2026\/04\/07\/angine-de-poitrine-duo-de-math-rock-viraliza-entusiasmo-justificado\/#breadcrumb\",\"itemListElement\":[{\"@type\":\"ListItem\",\"position\":1,\"name\":\"In\u00edcio\",\"item\":\"https:\/\/portaltela.pt\/\"},{\"@type\":\"ListItem\",\"position\":2,\"name\":\"Angine de Poitrine, duo de math rock, viraliza: entusiasmo justificado?\"}]},{\"@type\":\"WebSite\",\"@id\":\"https:\/\/portaltela.pt\/#website\",\"url\":\"https:\/\/portaltela.pt\/\",\"name\":\"Portal Tela Portugal\",\"description\":\"\",\"potentialAction\":[{\"@type\":\"SearchAction\",\"target\":{\"@type\":\"EntryPoint\",\"urlTemplate\":\"https:\/\/portaltela.pt\/?s={search_term_string}\"},\"query-input\":{\"@type\":\"PropertyValueSpecification\",\"valueRequired\":true,\"valueName\":\"search_term_string\"}}],\"inLanguage\":\"pt-PT\"},{\"@type\":\"Person\",\"@id\":\"https:\/\/portaltela.pt\/#\/schema\/person\/c4278d4a6028830caff9ee44b42d32ed\",\"name\":\"Telinha\",\"image\":{\"@type\":\"ImageObject\",\"inLanguage\":\"pt-PT\",\"@id\":\"https:\/\/portaltela.pt\/s.01k8rhncp4jt1\/2025\/11\/talking-bot-125x125.png\",\"url\":\"https:\/\/portaltela.pt\/s.01k8rhncp4jt1\/2025\/11\/talking-bot-125x125.png\",\"contentUrl\":\"https:\/\/portaltela.pt\/s.01k8rhncp4jt1\/2025\/11\/talking-bot-125x125.png\",\"caption\":\"Telinha\"},\"sameAs\":[\"https:\/\/portaltela.pt\/\"],\"url\":\"https:\/\/portaltela.pt\/por\/367410592786\/\"}]}<\/script>\n<!-- \/ Yoast SEO plugin. -->","yoast_head_json":{"title":"Angine de Poitrine, duo de math rock, viraliza: entusiasmo justificado? - Portal Tela Portugal","robots":{"index":"index","follow":"follow","max-snippet":"max-snippet:-1","max-image-preview":"max-image-preview:large","max-video-preview":"max-video-preview:-1"},"og_locale":"pt_PT","og_type":"article","og_title":"Angine de Poitrine, duo de math rock, viraliza: entusiasmo justificado? - Portal Tela Portugal","og_description":"Angine de Poitrine, duo canadiano, tornou-se viral ap\u00f3s a sess\u00e3o na KEXP gravada na 48.\u00aa edi\u00e7\u00e3o dos Trans Musicales, em Rennes. S\u00e3o reconhecidos pela est\u00e9tica com m\u00e1scaras de papel-mache e fatos \u00e0s bolinhas, em improvisos dentro de um math rock experimental. O duo, formado em 2019 com os palcos Klek de Poitrine e Khn de Poitrine, lan\u00e7ou Vol.\u202f1 em 2024 e Vol.\u202fII no in\u00edcio de abril, este com seis temas. O fen\u00f3meno ganhou alcance mundial, esgotando datas de digress\u00e3o no Reino Unido e na Uni\u00e3o Europeia; recebeu elogios p\u00fablicos de Dave Grohl. O Vol.\u202fII n\u00e3o revoluciona a microtonalidade, mas \u00e9 divertido; pode representar uma porta de entrada para g\u00e9neros mais experimentais, ainda sujeita a evolu\u00e7\u00e3o.","og_url":"https:\/\/portaltela.pt\/noticias\/2026\/04\/07\/angine-de-poitrine-duo-de-math-rock-viraliza-entusiasmo-justificado\/","og_site_name":"Portal Tela Portugal","article_published_time":"2026-04-07T15:17:26+00:00","author":"Telinha","twitter_card":"summary_large_image","twitter_misc":{"Escrito por":"Telinha","Tempo estimado de leitura":"1 minuto"},"schema":{"@context":"https:\/\/schema.org","@graph":[{"@type":"Article","@id":"https:\/\/portaltela.pt\/noticias\/2026\/04\/07\/angine-de-poitrine-duo-de-math-rock-viraliza-entusiasmo-justificado\/#article","isPartOf":{"@id":"https:\/\/portaltela.pt\/noticias\/2026\/04\/07\/angine-de-poitrine-duo-de-math-rock-viraliza-entusiasmo-justificado\/"},"author":{"name":"Telinha","@id":"https:\/\/portaltela.pt\/#\/schema\/person\/c4278d4a6028830caff9ee44b42d32ed"},"headline":"Angine de Poitrine, duo de math rock, viraliza: entusiasmo justificado?","datePublished":"2026-04-07T15:17:26+00:00","mainEntityOfPage":{"@id":"https:\/\/portaltela.pt\/noticias\/2026\/04\/07\/angine-de-poitrine-duo-de-math-rock-viraliza-entusiasmo-justificado\/"},"wordCount":276,"image":{"@id":"https:\/\/portaltela.pt\/noticias\/2026\/04\/07\/angine-de-poitrine-duo-de-math-rock-viraliza-entusiasmo-justificado\/#primaryimage"},"thumbnailUrl":"https:\/\/portaltela.pt\/s.01k8rhncp4jt1\/2026\/04\/1536x864_cmsv2_c46575aa-0cb0-5d30-9b9e-66f9b564b321-9713373.jpg","keywords":["Canad\u00e1","cultura","festival","Fran\u00e7a","internacionais","m\u00fasica"],"articleSection":["M\u00fasica"],"inLanguage":"pt-PT"},{"@type":"WebPage","@id":"https:\/\/portaltela.pt\/noticias\/2026\/04\/07\/angine-de-poitrine-duo-de-math-rock-viraliza-entusiasmo-justificado\/","url":"https:\/\/portaltela.pt\/noticias\/2026\/04\/07\/angine-de-poitrine-duo-de-math-rock-viraliza-entusiasmo-justificado\/","name":"Angine de Poitrine, duo de math rock, viraliza: entusiasmo justificado? - Portal Tela Portugal","isPartOf":{"@id":"https:\/\/portaltela.pt\/#website"},"primaryImageOfPage":{"@id":"https:\/\/portaltela.pt\/noticias\/2026\/04\/07\/angine-de-poitrine-duo-de-math-rock-viraliza-entusiasmo-justificado\/#primaryimage"},"image":{"@id":"https:\/\/portaltela.pt\/noticias\/2026\/04\/07\/angine-de-poitrine-duo-de-math-rock-viraliza-entusiasmo-justificado\/#primaryimage"},"thumbnailUrl":"https:\/\/portaltela.pt\/s.01k8rhncp4jt1\/2026\/04\/1536x864_cmsv2_c46575aa-0cb0-5d30-9b9e-66f9b564b321-9713373.jpg","datePublished":"2026-04-07T15:17:26+00:00","author":{"@id":"https:\/\/portaltela.pt\/#\/schema\/person\/c4278d4a6028830caff9ee44b42d32ed"},"breadcrumb":{"@id":"https:\/\/portaltela.pt\/noticias\/2026\/04\/07\/angine-de-poitrine-duo-de-math-rock-viraliza-entusiasmo-justificado\/#breadcrumb"},"inLanguage":"pt-PT","potentialAction":[{"@type":"ReadAction","target":["https:\/\/portaltela.pt\/noticias\/2026\/04\/07\/angine-de-poitrine-duo-de-math-rock-viraliza-entusiasmo-justificado\/"]}]},{"@type":"ImageObject","inLanguage":"pt-PT","@id":"https:\/\/portaltela.pt\/noticias\/2026\/04\/07\/angine-de-poitrine-duo-de-math-rock-viraliza-entusiasmo-justificado\/#primaryimage","url":"https:\/\/portaltela.pt\/s.01k8rhncp4jt1\/2026\/04\/1536x864_cmsv2_c46575aa-0cb0-5d30-9b9e-66f9b564b321-9713373.jpg","contentUrl":"https:\/\/portaltela.pt\/s.01k8rhncp4jt1\/2026\/04\/1536x864_cmsv2_c46575aa-0cb0-5d30-9b9e-66f9b564b321-9713373.jpg","width":1536,"height":864,"caption":"Quem s\u00e3o os Angine de Poitrine, dupla de math rock que se tornou viral, e justifica-se o entusiasmo?"},{"@type":"BreadcrumbList","@id":"https:\/\/portaltela.pt\/noticias\/2026\/04\/07\/angine-de-poitrine-duo-de-math-rock-viraliza-entusiasmo-justificado\/#breadcrumb","itemListElement":[{"@type":"ListItem","position":1,"name":"In\u00edcio","item":"https:\/\/portaltela.pt\/"},{"@type":"ListItem","position":2,"name":"Angine de Poitrine, duo de math rock, viraliza: entusiasmo justificado?"}]},{"@type":"WebSite","@id":"https:\/\/portaltela.pt\/#website","url":"https:\/\/portaltela.pt\/","name":"Portal Tela Portugal","description":"","potentialAction":[{"@type":"SearchAction","target":{"@type":"EntryPoint","urlTemplate":"https:\/\/portaltela.pt\/?s={search_term_string}"},"query-input":{"@type":"PropertyValueSpecification","valueRequired":true,"valueName":"search_term_string"}}],"inLanguage":"pt-PT"},{"@type":"Person","@id":"https:\/\/portaltela.pt\/#\/schema\/person\/c4278d4a6028830caff9ee44b42d32ed","name":"Telinha","image":{"@type":"ImageObject","inLanguage":"pt-PT","@id":"https:\/\/portaltela.pt\/s.01k8rhncp4jt1\/2025\/11\/talking-bot-125x125.png","url":"https:\/\/portaltela.pt\/s.01k8rhncp4jt1\/2025\/11\/talking-bot-125x125.png","contentUrl":"https:\/\/portaltela.pt\/s.01k8rhncp4jt1\/2025\/11\/talking-bot-125x125.png","caption":"Telinha"},"sameAs":["https:\/\/portaltela.pt\/"],"url":"https:\/\/portaltela.pt\/por\/367410592786\/"}]}},"_links":{"self":[{"href":"https:\/\/portaltela.pt\/api\/wp\/v2\/posts\/435522","targetHints":{"allow":["GET"]}}],"collection":[{"href":"https:\/\/portaltela.pt\/api\/wp\/v2\/posts"}],"about":[{"href":"https:\/\/portaltela.pt\/api\/wp\/v2\/types\/post"}],"author":[{"embeddable":true,"href":"https:\/\/portaltela.pt\/api\/wp\/v2\/users\/2"}],"replies":[{"embeddable":true,"href":"https:\/\/portaltela.pt\/api\/wp\/v2\/comments?post=435522"}],"version-history":[{"count":0,"href":"https:\/\/portaltela.pt\/api\/wp\/v2\/posts\/435522\/revisions"}],"wp:featuredmedia":[{"embeddable":true,"href":"https:\/\/portaltela.pt\/api\/wp\/v2\/media\/435524"}],"wp:attachment":[{"href":"https:\/\/portaltela.pt\/api\/wp\/v2\/media?parent=435522"}],"wp:term":[{"taxonomy":"category","embeddable":true,"href":"https:\/\/portaltela.pt\/api\/wp\/v2\/categories?post=435522"},{"taxonomy":"post_tag","embeddable":true,"href":"https:\/\/portaltela.pt\/api\/wp\/v2\/tags?post=435522"}],"curies":[{"name":"wp","href":"https:\/\/api.w.org\/{rel}","templated":true}]}}