{"id":435519,"date":"2026-04-07T12:17:14","date_gmt":"2026-04-07T15:17:14","guid":{"rendered":"https:\/\/portaltela.pt\/noticias\/2026\/04\/07\/mortes-na-estrada-quadruplicaram-na-pascoa-face-a-2025\/"},"modified":"2026-04-07T12:17:14","modified_gmt":"2026-04-07T15:17:14","slug":"mortes-na-estrada-quadruplicaram-na-pascoa-face-a-2025","status":"publish","type":"post","link":"https:\/\/portaltela.pt\/seguranca\/2026\/04\/07\/mortes-na-estrada-quadruplicaram-na-pascoa-face-a-2025\/","title":{"rendered":"Mortes na estrada quadruplicaram na P\u00e1scoa face a 2025"},"content":{"rendered":"<p>O n\u00famero de mortes nas estradas durante as opera\u00e7\u00f5es de P\u00e1scoa da GNR e da PSP deste ano quadruplicou face a 2025. Ao todo, morreram 20 pessoas durante as a\u00e7\u00f5es de seguran\u00e7a rodovi\u00e1ria, quatro vezes mais do que no ano passado, quando houve 5 v\u00edtimas.<\/p>\n<p>Na GNR, 14 \u00f3bitos foram registados numa opera\u00e7\u00e3o que durou 5 dias, 6 dias a menos que em 2025 (11 dias, 5 mortes). Apesar das mortes, o total de acidentes foi 941, com 31 feridos graves e 266 feridos leves, face a 2.322 acidentes, 50 feridos graves e 649 feridos leves em 2025.<\/p>\n<p>Relativamente \u00e0 PSP, houve 6 mortes, estando o ano anterior sem v\u00edtimas mortais. As opera\u00e7\u00f5es da PSP tiveram dura\u00e7\u00e3o parecida em 2025 e 2026, com um aumento de 237 acidentes para 1.661 e mais 332 feridos, totalizando 1.202 feridos.<\/p>\n<h3>Medidas de seguran\u00e7a rodovi\u00e1ria em an\u00e1lise<\/h3>\n<p>O Minist\u00e9rio da Administra\u00e7\u00e3o Interna anunciou que vai apresentar um pacote de medidas estrat\u00e9gicas a curto, m\u00e9dio e longo prazo. A pasta real\u00e7ou a necessidade de uma resposta conjunta entre Estado, autarquias, entidades p\u00fablicas e privadas.<\/p>\n<p>O Governo aponta a persist\u00eancia de comportamentos de risco, como condu\u00e7\u00e3o sob \u00e1lcool, velocidade excessiva e uso indevido do telem\u00f3vel. O ministro Lu\u00eds Neves afirmou que interessa reduzir a sinistralidade, sublinhando n\u00fameros do primeiro trimestre deste ano superiores aos do per\u00edodo hom\u00f3logo.<\/p>\n<p>A Estrat\u00e9gia Nacional de Seguran\u00e7a Rodovi\u00e1ria, lan\u00e7ada em 2021, visa reduzir em 50% os mortos e feridos graves at\u00e9 2030. Embora tenha sido apresentada, a estrat\u00e9gia ainda n\u00e3o foi completamente implementada, com etapas de consulta p\u00fablica previstas e um conjunto de 40 medidas.<\/p>\n","protected":false},"excerpt":{"rendered":"<ul>\n<li>Este ano, as opera\u00e7\u00f5es de P\u00e1scoa da GNR e PSP registaram 20 mortes nas estradas, Quadruplando o n\u00famero de 2025, que foi de cinco.<\/li>\n<li>Da GNR ocorreram 14 mortes numa opera\u00e7\u00e3o de cinco dias, face a cinco mortes em 2025, que teve dura\u00e7\u00e3o de onze dias.<\/li>\n<li>Apesar de menos dias, houve menos acidentes e feridos este ano: 941 acidentes, 31 feridos graves e 266 feridos ligeiros; em 2025 houve 2.322 acidentes, 50 feridos graves e 649 feridos ligeiros.<\/li>\n<li>A PSP registou seis mortes este ano; no ano passado n\u00e3o houve v\u00edtimas mortais. As opera\u00e7\u00f5es da PSP mantiveram a dura\u00e7\u00e3o entre 2025 e 2026, com mais 1.661 acidentes (1.661 no total) e 1.202 feridos (1.202 no total) face a 2025.<\/li>\n<li>O Minist\u00e9rio da Administra\u00e7\u00e3o Interna anunciou um pacote de medidas estrat\u00e9gicas de seguran\u00e7a rodovi\u00e1ria a curto, m\u00e9dio e longo prazo, com foco na redu\u00e7\u00e3o de mortos e feridos graves at\u00e9 2030 e envolvimento de v\u00e1rias entidades.<\/li>\n<\/ul>\n","protected":false},"author":2,"featured_media":435520,"comment_status":"closed","ping_status":"closed","sticky":false,"template":"","format":"standard","meta":{"footnotes":""},"categories":[1,6779],"tags":[5487,2335,111,1014,250,1629],"class_list":["post-435519","post","type-post","status-publish","format-standard","has-post-thumbnail","hentry","category-noticias","category-seguranca","tag-acidente","tag-acidentes-rodoviarios","tag-comportamento","tag-portugal","tag-seguranca-publica","tag-transito"],"yoast_head":"<!-- This site is optimized with the Yoast SEO plugin v27.2 - https:\/\/yoast.com\/product\/yoast-seo-wordpress\/ -->\n<title>Mortes na estrada quadruplicaram na P\u00e1scoa face a 2025 - Portal Tela Portugal<\/title>\n<meta name=\"robots\" content=\"index, follow, max-snippet:-1, max-image-preview:large, max-video-preview:-1\" \/>\n<meta property=\"og:locale\" content=\"pt_PT\" \/>\n<meta property=\"og:type\" content=\"article\" \/>\n<meta property=\"og:title\" content=\"Mortes na estrada quadruplicaram na P\u00e1scoa face a 2025 - Portal Tela Portugal\" \/>\n<meta property=\"og:description\" content=\"Este ano, as opera\u00e7\u00f5es de P\u00e1scoa da GNR e PSP registaram 20 mortes nas estradas, Quadruplando o n\u00famero de 2025, que foi de cinco. Da GNR ocorreram 14 mortes numa opera\u00e7\u00e3o de cinco dias, face a cinco mortes em 2025, que teve dura\u00e7\u00e3o de onze dias. Apesar de menos dias, houve menos acidentes e feridos este ano: 941 acidentes, 31 feridos graves e 266 feridos ligeiros; em 2025 houve 2.322 acidentes, 50 feridos graves e 649 feridos ligeiros. A PSP registou seis mortes este ano; no ano passado n\u00e3o houve v\u00edtimas mortais. As opera\u00e7\u00f5es da PSP mantiveram a dura\u00e7\u00e3o entre 2025 e 2026, com mais 1.661 acidentes (1.661 no total) e 1.202 feridos (1.202 no total) face a 2025. O Minist\u00e9rio da Administra\u00e7\u00e3o Interna anunciou um pacote de medidas estrat\u00e9gicas de seguran\u00e7a rodovi\u00e1ria a curto, m\u00e9dio e longo prazo, com foco na redu\u00e7\u00e3o de mortos e feridos graves at\u00e9 2030 e envolvimento de v\u00e1rias entidades.\" \/>\n<meta property=\"og:url\" content=\"https:\/\/portaltela.pt\/noticias\/2026\/04\/07\/mortes-na-estrada-quadruplicaram-na-pascoa-face-a-2025\/\" \/>\n<meta property=\"og:site_name\" content=\"Portal Tela Portugal\" \/>\n<meta property=\"article:published_time\" content=\"2026-04-07T15:17:14+00:00\" \/>\n<meta name=\"author\" content=\"Telinha\" \/>\n<meta name=\"twitter:card\" content=\"summary_large_image\" \/>\n<meta name=\"twitter:label1\" content=\"Escrito por\" \/>\n\t<meta name=\"twitter:data1\" content=\"Telinha\" \/>\n\t<meta name=\"twitter:label2\" content=\"Tempo estimado de leitura\" \/>\n\t<meta name=\"twitter:data2\" content=\"1 minuto\" \/>\n<script type=\"application\/ld+json\" class=\"yoast-schema-graph\">{\"@context\":\"https:\/\/schema.org\",\"@graph\":[{\"@type\":\"Article\",\"@id\":\"https:\/\/portaltela.pt\/noticias\/2026\/04\/07\/mortes-na-estrada-quadruplicaram-na-pascoa-face-a-2025\/#article\",\"isPartOf\":{\"@id\":\"https:\/\/portaltela.pt\/noticias\/2026\/04\/07\/mortes-na-estrada-quadruplicaram-na-pascoa-face-a-2025\/\"},\"author\":{\"name\":\"Telinha\",\"@id\":\"https:\/\/portaltela.pt\/#\/schema\/person\/c4278d4a6028830caff9ee44b42d32ed\"},\"headline\":\"Mortes na estrada quadruplicaram na P\u00e1scoa face a 2025\",\"datePublished\":\"2026-04-07T15:17:14+00:00\",\"mainEntityOfPage\":{\"@id\":\"https:\/\/portaltela.pt\/noticias\/2026\/04\/07\/mortes-na-estrada-quadruplicaram-na-pascoa-face-a-2025\/\"},\"wordCount\":279,\"image\":{\"@id\":\"https:\/\/portaltela.pt\/noticias\/2026\/04\/07\/mortes-na-estrada-quadruplicaram-na-pascoa-face-a-2025\/#primaryimage\"},\"thumbnailUrl\":\"https:\/\/portaltela.pt\/s.01k8rhncp4jt1\/2026\/04\/img_1500x1000uu2015-09-28-10-27-00-485875.jpg\",\"keywords\":[\"acidente\",\"acidentes rodovi\u00e1rios\",\"comportamento\",\"Portugal\",\"seguran\u00e7a p\u00fablica\",\"tr\u00e2nsito\"],\"articleSection\":[\"Not\u00edcias\",\"Seguran\u00e7a\"],\"inLanguage\":\"pt-PT\"},{\"@type\":\"WebPage\",\"@id\":\"https:\/\/portaltela.pt\/noticias\/2026\/04\/07\/mortes-na-estrada-quadruplicaram-na-pascoa-face-a-2025\/\",\"url\":\"https:\/\/portaltela.pt\/noticias\/2026\/04\/07\/mortes-na-estrada-quadruplicaram-na-pascoa-face-a-2025\/\",\"name\":\"Mortes na estrada quadruplicaram na P\u00e1scoa face a 2025 - Portal Tela Portugal\",\"isPartOf\":{\"@id\":\"https:\/\/portaltela.pt\/#website\"},\"primaryImageOfPage\":{\"@id\":\"https:\/\/portaltela.pt\/noticias\/2026\/04\/07\/mortes-na-estrada-quadruplicaram-na-pascoa-face-a-2025\/#primaryimage\"},\"image\":{\"@id\":\"https:\/\/portaltela.pt\/noticias\/2026\/04\/07\/mortes-na-estrada-quadruplicaram-na-pascoa-face-a-2025\/#primaryimage\"},\"thumbnailUrl\":\"https:\/\/portaltela.pt\/s.01k8rhncp4jt1\/2026\/04\/img_1500x1000uu2015-09-28-10-27-00-485875.jpg\",\"datePublished\":\"2026-04-07T15:17:14+00:00\",\"author\":{\"@id\":\"https:\/\/portaltela.pt\/#\/schema\/person\/c4278d4a6028830caff9ee44b42d32ed\"},\"breadcrumb\":{\"@id\":\"https:\/\/portaltela.pt\/noticias\/2026\/04\/07\/mortes-na-estrada-quadruplicaram-na-pascoa-face-a-2025\/#breadcrumb\"},\"inLanguage\":\"pt-PT\",\"potentialAction\":[{\"@type\":\"ReadAction\",\"target\":[\"https:\/\/portaltela.pt\/noticias\/2026\/04\/07\/mortes-na-estrada-quadruplicaram-na-pascoa-face-a-2025\/\"]}]},{\"@type\":\"ImageObject\",\"inLanguage\":\"pt-PT\",\"@id\":\"https:\/\/portaltela.pt\/noticias\/2026\/04\/07\/mortes-na-estrada-quadruplicaram-na-pascoa-face-a-2025\/#primaryimage\",\"url\":\"https:\/\/portaltela.pt\/s.01k8rhncp4jt1\/2026\/04\/img_1500x1000uu2015-09-28-10-27-00-485875.jpg\",\"contentUrl\":\"https:\/\/portaltela.pt\/s.01k8rhncp4jt1\/2026\/04\/img_1500x1000uu2015-09-28-10-27-00-485875.jpg\",\"width\":796,\"height\":448,\"caption\":\"Pol\u00edcia de tr\u00e2nsito\"},{\"@type\":\"BreadcrumbList\",\"@id\":\"https:\/\/portaltela.pt\/noticias\/2026\/04\/07\/mortes-na-estrada-quadruplicaram-na-pascoa-face-a-2025\/#breadcrumb\",\"itemListElement\":[{\"@type\":\"ListItem\",\"position\":1,\"name\":\"In\u00edcio\",\"item\":\"https:\/\/portaltela.pt\/\"},{\"@type\":\"ListItem\",\"position\":2,\"name\":\"Mortes na estrada quadruplicaram na P\u00e1scoa face a 2025\"}]},{\"@type\":\"WebSite\",\"@id\":\"https:\/\/portaltela.pt\/#website\",\"url\":\"https:\/\/portaltela.pt\/\",\"name\":\"Portal Tela Portugal\",\"description\":\"\",\"potentialAction\":[{\"@type\":\"SearchAction\",\"target\":{\"@type\":\"EntryPoint\",\"urlTemplate\":\"https:\/\/portaltela.pt\/?s={search_term_string}\"},\"query-input\":{\"@type\":\"PropertyValueSpecification\",\"valueRequired\":true,\"valueName\":\"search_term_string\"}}],\"inLanguage\":\"pt-PT\"},{\"@type\":\"Person\",\"@id\":\"https:\/\/portaltela.pt\/#\/schema\/person\/c4278d4a6028830caff9ee44b42d32ed\",\"name\":\"Telinha\",\"image\":{\"@type\":\"ImageObject\",\"inLanguage\":\"pt-PT\",\"@id\":\"https:\/\/portaltela.pt\/s.01k8rhncp4jt1\/2025\/11\/talking-bot-125x125.png\",\"url\":\"https:\/\/portaltela.pt\/s.01k8rhncp4jt1\/2025\/11\/talking-bot-125x125.png\",\"contentUrl\":\"https:\/\/portaltela.pt\/s.01k8rhncp4jt1\/2025\/11\/talking-bot-125x125.png\",\"caption\":\"Telinha\"},\"sameAs\":[\"https:\/\/portaltela.pt\/\"],\"url\":\"https:\/\/portaltela.pt\/por\/367410592786\/\"}]}<\/script>\n<!-- \/ Yoast SEO plugin. -->","yoast_head_json":{"title":"Mortes na estrada quadruplicaram na P\u00e1scoa face a 2025 - Portal Tela Portugal","robots":{"index":"index","follow":"follow","max-snippet":"max-snippet:-1","max-image-preview":"max-image-preview:large","max-video-preview":"max-video-preview:-1"},"og_locale":"pt_PT","og_type":"article","og_title":"Mortes na estrada quadruplicaram na P\u00e1scoa face a 2025 - Portal Tela Portugal","og_description":"Este ano, as opera\u00e7\u00f5es de P\u00e1scoa da GNR e PSP registaram 20 mortes nas estradas, Quadruplando o n\u00famero de 2025, que foi de cinco. Da GNR ocorreram 14 mortes numa opera\u00e7\u00e3o de cinco dias, face a cinco mortes em 2025, que teve dura\u00e7\u00e3o de onze dias. Apesar de menos dias, houve menos acidentes e feridos este ano: 941 acidentes, 31 feridos graves e 266 feridos ligeiros; em 2025 houve 2.322 acidentes, 50 feridos graves e 649 feridos ligeiros. A PSP registou seis mortes este ano; no ano passado n\u00e3o houve v\u00edtimas mortais. As opera\u00e7\u00f5es da PSP mantiveram a dura\u00e7\u00e3o entre 2025 e 2026, com mais 1.661 acidentes (1.661 no total) e 1.202 feridos (1.202 no total) face a 2025. O Minist\u00e9rio da Administra\u00e7\u00e3o Interna anunciou um pacote de medidas estrat\u00e9gicas de seguran\u00e7a rodovi\u00e1ria a curto, m\u00e9dio e longo prazo, com foco na redu\u00e7\u00e3o de mortos e feridos graves at\u00e9 2030 e envolvimento de v\u00e1rias entidades.","og_url":"https:\/\/portaltela.pt\/noticias\/2026\/04\/07\/mortes-na-estrada-quadruplicaram-na-pascoa-face-a-2025\/","og_site_name":"Portal Tela Portugal","article_published_time":"2026-04-07T15:17:14+00:00","author":"Telinha","twitter_card":"summary_large_image","twitter_misc":{"Escrito por":"Telinha","Tempo estimado de leitura":"1 minuto"},"schema":{"@context":"https:\/\/schema.org","@graph":[{"@type":"Article","@id":"https:\/\/portaltela.pt\/noticias\/2026\/04\/07\/mortes-na-estrada-quadruplicaram-na-pascoa-face-a-2025\/#article","isPartOf":{"@id":"https:\/\/portaltela.pt\/noticias\/2026\/04\/07\/mortes-na-estrada-quadruplicaram-na-pascoa-face-a-2025\/"},"author":{"name":"Telinha","@id":"https:\/\/portaltela.pt\/#\/schema\/person\/c4278d4a6028830caff9ee44b42d32ed"},"headline":"Mortes na estrada quadruplicaram na P\u00e1scoa face a 2025","datePublished":"2026-04-07T15:17:14+00:00","mainEntityOfPage":{"@id":"https:\/\/portaltela.pt\/noticias\/2026\/04\/07\/mortes-na-estrada-quadruplicaram-na-pascoa-face-a-2025\/"},"wordCount":279,"image":{"@id":"https:\/\/portaltela.pt\/noticias\/2026\/04\/07\/mortes-na-estrada-quadruplicaram-na-pascoa-face-a-2025\/#primaryimage"},"thumbnailUrl":"https:\/\/portaltela.pt\/s.01k8rhncp4jt1\/2026\/04\/img_1500x1000uu2015-09-28-10-27-00-485875.jpg","keywords":["acidente","acidentes rodovi\u00e1rios","comportamento","Portugal","seguran\u00e7a p\u00fablica","tr\u00e2nsito"],"articleSection":["Not\u00edcias","Seguran\u00e7a"],"inLanguage":"pt-PT"},{"@type":"WebPage","@id":"https:\/\/portaltela.pt\/noticias\/2026\/04\/07\/mortes-na-estrada-quadruplicaram-na-pascoa-face-a-2025\/","url":"https:\/\/portaltela.pt\/noticias\/2026\/04\/07\/mortes-na-estrada-quadruplicaram-na-pascoa-face-a-2025\/","name":"Mortes na estrada quadruplicaram na P\u00e1scoa face a 2025 - Portal Tela Portugal","isPartOf":{"@id":"https:\/\/portaltela.pt\/#website"},"primaryImageOfPage":{"@id":"https:\/\/portaltela.pt\/noticias\/2026\/04\/07\/mortes-na-estrada-quadruplicaram-na-pascoa-face-a-2025\/#primaryimage"},"image":{"@id":"https:\/\/portaltela.pt\/noticias\/2026\/04\/07\/mortes-na-estrada-quadruplicaram-na-pascoa-face-a-2025\/#primaryimage"},"thumbnailUrl":"https:\/\/portaltela.pt\/s.01k8rhncp4jt1\/2026\/04\/img_1500x1000uu2015-09-28-10-27-00-485875.jpg","datePublished":"2026-04-07T15:17:14+00:00","author":{"@id":"https:\/\/portaltela.pt\/#\/schema\/person\/c4278d4a6028830caff9ee44b42d32ed"},"breadcrumb":{"@id":"https:\/\/portaltela.pt\/noticias\/2026\/04\/07\/mortes-na-estrada-quadruplicaram-na-pascoa-face-a-2025\/#breadcrumb"},"inLanguage":"pt-PT","potentialAction":[{"@type":"ReadAction","target":["https:\/\/portaltela.pt\/noticias\/2026\/04\/07\/mortes-na-estrada-quadruplicaram-na-pascoa-face-a-2025\/"]}]},{"@type":"ImageObject","inLanguage":"pt-PT","@id":"https:\/\/portaltela.pt\/noticias\/2026\/04\/07\/mortes-na-estrada-quadruplicaram-na-pascoa-face-a-2025\/#primaryimage","url":"https:\/\/portaltela.pt\/s.01k8rhncp4jt1\/2026\/04\/img_1500x1000uu2015-09-28-10-27-00-485875.jpg","contentUrl":"https:\/\/portaltela.pt\/s.01k8rhncp4jt1\/2026\/04\/img_1500x1000uu2015-09-28-10-27-00-485875.jpg","width":796,"height":448,"caption":"Pol\u00edcia de tr\u00e2nsito"},{"@type":"BreadcrumbList","@id":"https:\/\/portaltela.pt\/noticias\/2026\/04\/07\/mortes-na-estrada-quadruplicaram-na-pascoa-face-a-2025\/#breadcrumb","itemListElement":[{"@type":"ListItem","position":1,"name":"In\u00edcio","item":"https:\/\/portaltela.pt\/"},{"@type":"ListItem","position":2,"name":"Mortes na estrada quadruplicaram na P\u00e1scoa face a 2025"}]},{"@type":"WebSite","@id":"https:\/\/portaltela.pt\/#website","url":"https:\/\/portaltela.pt\/","name":"Portal Tela Portugal","description":"","potentialAction":[{"@type":"SearchAction","target":{"@type":"EntryPoint","urlTemplate":"https:\/\/portaltela.pt\/?s={search_term_string}"},"query-input":{"@type":"PropertyValueSpecification","valueRequired":true,"valueName":"search_term_string"}}],"inLanguage":"pt-PT"},{"@type":"Person","@id":"https:\/\/portaltela.pt\/#\/schema\/person\/c4278d4a6028830caff9ee44b42d32ed","name":"Telinha","image":{"@type":"ImageObject","inLanguage":"pt-PT","@id":"https:\/\/portaltela.pt\/s.01k8rhncp4jt1\/2025\/11\/talking-bot-125x125.png","url":"https:\/\/portaltela.pt\/s.01k8rhncp4jt1\/2025\/11\/talking-bot-125x125.png","contentUrl":"https:\/\/portaltela.pt\/s.01k8rhncp4jt1\/2025\/11\/talking-bot-125x125.png","caption":"Telinha"},"sameAs":["https:\/\/portaltela.pt\/"],"url":"https:\/\/portaltela.pt\/por\/367410592786\/"}]}},"_links":{"self":[{"href":"https:\/\/portaltela.pt\/api\/wp\/v2\/posts\/435519","targetHints":{"allow":["GET"]}}],"collection":[{"href":"https:\/\/portaltela.pt\/api\/wp\/v2\/posts"}],"about":[{"href":"https:\/\/portaltela.pt\/api\/wp\/v2\/types\/post"}],"author":[{"embeddable":true,"href":"https:\/\/portaltela.pt\/api\/wp\/v2\/users\/2"}],"replies":[{"embeddable":true,"href":"https:\/\/portaltela.pt\/api\/wp\/v2\/comments?post=435519"}],"version-history":[{"count":0,"href":"https:\/\/portaltela.pt\/api\/wp\/v2\/posts\/435519\/revisions"}],"wp:featuredmedia":[{"embeddable":true,"href":"https:\/\/portaltela.pt\/api\/wp\/v2\/media\/435520"}],"wp:attachment":[{"href":"https:\/\/portaltela.pt\/api\/wp\/v2\/media?parent=435519"}],"wp:term":[{"taxonomy":"category","embeddable":true,"href":"https:\/\/portaltela.pt\/api\/wp\/v2\/categories?post=435519"},{"taxonomy":"post_tag","embeddable":true,"href":"https:\/\/portaltela.pt\/api\/wp\/v2\/tags?post=435519"}],"curies":[{"name":"wp","href":"https:\/\/api.w.org\/{rel}","templated":true}]}}