{"id":435507,"date":"2026-04-07T12:02:18","date_gmt":"2026-04-07T15:02:18","guid":{"rendered":"https:\/\/portaltela.pt\/noticias\/2026\/04\/07\/gil-vicente-volta-a-oferecer-bilhete-e-viagem-pagos-aos-adeptos\/"},"modified":"2026-04-07T12:02:18","modified_gmt":"2026-04-07T15:02:18","slug":"gil-vicente-volta-a-oferecer-bilhete-e-viagem-pagos-aos-adeptos","status":"publish","type":"post","link":"https:\/\/portaltela.pt\/desporto\/futebol\/2026\/04\/07\/gil-vicente-volta-a-oferecer-bilhete-e-viagem-pagos-aos-adeptos\/","title":{"rendered":"Gil Vicente volta a oferecer bilhete e viagem pagos aos adeptos"},"content":{"rendered":"<p>O Gil Vicente anunciou uma iniciativa para a desloca\u00e7\u00e3o dos adeptos \u00e0 pr\u00f3xima jornada do campeonato. Os associados podem comprar bilhete e viagem para o jogo frente ao Tondela, na segunda-feira, \u00e0s 20h15, na Beira.<\/p>\n<p>A campanha repete o formato j\u00e1 utilizado com a visita ao Est\u00e1dio de Amadora, na 25\u00aa jornada. Os s\u00f3cios podem reservar ingressos digitalmente ou na loja junto ao Est\u00e1dio Cidade de Barcelos; os n\u00e3o-s\u00f3cios devem dirigir-se \u00e0 loja do Gil Vicente.<\/p>\n<p>Os s\u00f3cios t\u00eam direito a at\u00e9 quatro bilhetes adicionais. A reserva de lugar no autocarro \u00e9 necess\u00e1ria para assegurar o transporte at\u00e9 \u00e0 Beira, no m\u00e9todo de desloca\u00e7\u00e3o escolhido pelos organizadores.<\/p>\n<h3>Como aceder aos bilhetes e transporte<\/h3>\n<p>Os adeptos podem adquirir ingressos digitalmente ou na loja anexa ao Est\u00e1dio Cidade de Barcelos. N\u00e3o-s\u00f3cios devem dirigir-se \u00e0 loja do clube para efetuar a compra.<\/p>\n<p>Para viajar, \u00e9 necess\u00e1rio marcar o lugar no autocarro que os levar\u00e1 at\u00e9 Tondela, mantendo o hor\u00e1rio de partida pr\u00f3ximo do in\u00edcio do encontro.<\/p>\n","protected":false},"excerpt":{"rendered":"<ul>\n<li>O Gil Vicente volta a oferecer bilhete e viagem aos adeptos para a desloca\u00e7\u00e3o a Tondela, na 29\u00aa jornada do campeonato, segunda-feira, 13 de abril.<\/li>\n<li>O jogo est\u00e1 marcado para as 20h15.<\/li>\n<li>Os s\u00f3cios podem usar venda digital ou loja junto ao Est\u00e1dio Cidade de Barcelos; os n\u00e3o-s\u00f3cios devem dirigir-se \u00e0 loja do clube.<\/li>\n<li>Os s\u00f3cios t\u00eam direito a at\u00e9 quatro ingressos adicionais.<\/li>\n<li>A iniciativa exige tamb\u00e9m reserva de lugar no autocarro que leva os adeptos at\u00e9 \u00e0 Beira.<\/li>\n<\/ul>\n","protected":false},"author":2,"featured_media":435508,"comment_status":"closed","ping_status":"closed","sticky":false,"template":"","format":"standard","meta":{"footnotes":""},"categories":[21,24],"tags":[3769,1027,7468,32,1829,1005],"class_list":["post-435507","post","type-post","status-publish","format-standard","has-post-thumbnail","hentry","category-desporto","category-futebol","tag-autocarros","tag-barcelos","tag-beira","tag-futebol","tag-gil-vicente","tag-tondela"],"yoast_head":"<!-- This site is optimized with the Yoast SEO plugin v27.2 - https:\/\/yoast.com\/product\/yoast-seo-wordpress\/ -->\n<title>Gil Vicente volta a oferecer bilhete e viagem pagos aos adeptos - Portal Tela Portugal<\/title>\n<meta name=\"robots\" content=\"index, follow, max-snippet:-1, max-image-preview:large, max-video-preview:-1\" \/>\n<meta property=\"og:locale\" content=\"pt_PT\" \/>\n<meta property=\"og:type\" content=\"article\" \/>\n<meta property=\"og:title\" content=\"Gil Vicente volta a oferecer bilhete e viagem pagos aos adeptos - Portal Tela Portugal\" \/>\n<meta property=\"og:description\" content=\"O Gil Vicente volta a oferecer bilhete e viagem aos adeptos para a desloca\u00e7\u00e3o a Tondela, na 29\u00aa jornada do campeonato, segunda-feira, 13 de abril. O jogo est\u00e1 marcado para as 20h15. Os s\u00f3cios podem usar venda digital ou loja junto ao Est\u00e1dio Cidade de Barcelos; os n\u00e3o-s\u00f3cios devem dirigir-se \u00e0 loja do clube. Os s\u00f3cios t\u00eam direito a at\u00e9 quatro ingressos adicionais. A iniciativa exige tamb\u00e9m reserva de lugar no autocarro que leva os adeptos at\u00e9 \u00e0 Beira.\" \/>\n<meta property=\"og:url\" content=\"https:\/\/portaltela.pt\/noticias\/2026\/04\/07\/gil-vicente-volta-a-oferecer-bilhete-e-viagem-pagos-aos-adeptos\/\" \/>\n<meta property=\"og:site_name\" content=\"Portal Tela Portugal\" \/>\n<meta property=\"article:published_time\" content=\"2026-04-07T15:02:18+00:00\" \/>\n<meta name=\"author\" content=\"Telinha\" \/>\n<meta name=\"twitter:card\" content=\"summary_large_image\" \/>\n<meta name=\"twitter:label1\" content=\"Escrito por\" \/>\n\t<meta name=\"twitter:data1\" content=\"Telinha\" \/>\n\t<meta name=\"twitter:label2\" content=\"Tempo estimado de leitura\" \/>\n\t<meta name=\"twitter:data2\" content=\"1 minuto\" \/>\n<script type=\"application\/ld+json\" class=\"yoast-schema-graph\">{\"@context\":\"https:\/\/schema.org\",\"@graph\":[{\"@type\":\"Article\",\"@id\":\"https:\/\/portaltela.pt\/noticias\/2026\/04\/07\/gil-vicente-volta-a-oferecer-bilhete-e-viagem-pagos-aos-adeptos\/#article\",\"isPartOf\":{\"@id\":\"https:\/\/portaltela.pt\/noticias\/2026\/04\/07\/gil-vicente-volta-a-oferecer-bilhete-e-viagem-pagos-aos-adeptos\/\"},\"author\":{\"name\":\"Telinha\",\"@id\":\"https:\/\/portaltela.pt\/#\/schema\/person\/c4278d4a6028830caff9ee44b42d32ed\"},\"headline\":\"Gil Vicente volta a oferecer bilhete e viagem pagos aos adeptos\",\"datePublished\":\"2026-04-07T15:02:18+00:00\",\"mainEntityOfPage\":{\"@id\":\"https:\/\/portaltela.pt\/noticias\/2026\/04\/07\/gil-vicente-volta-a-oferecer-bilhete-e-viagem-pagos-aos-adeptos\/\"},\"wordCount\":186,\"image\":{\"@id\":\"https:\/\/portaltela.pt\/noticias\/2026\/04\/07\/gil-vicente-volta-a-oferecer-bilhete-e-viagem-pagos-aos-adeptos\/#primaryimage\"},\"thumbnailUrl\":\"https:\/\/portaltela.pt\/s.01k8rhncp4jt1\/2026\/04\/img_920x518uu2026-04-07-15-33-21-2431580-im-639111728216330352.jpg\",\"keywords\":[\"autocarros\",\"Barcelos\",\"Beira\",\"futebol\",\"Gil Vicente\",\"Tondela\"],\"articleSection\":[\"Desporto\",\"Futebol\"],\"inLanguage\":\"pt-PT\"},{\"@type\":\"WebPage\",\"@id\":\"https:\/\/portaltela.pt\/noticias\/2026\/04\/07\/gil-vicente-volta-a-oferecer-bilhete-e-viagem-pagos-aos-adeptos\/\",\"url\":\"https:\/\/portaltela.pt\/noticias\/2026\/04\/07\/gil-vicente-volta-a-oferecer-bilhete-e-viagem-pagos-aos-adeptos\/\",\"name\":\"Gil Vicente volta a oferecer bilhete e viagem pagos aos adeptos - Portal Tela Portugal\",\"isPartOf\":{\"@id\":\"https:\/\/portaltela.pt\/#website\"},\"primaryImageOfPage\":{\"@id\":\"https:\/\/portaltela.pt\/noticias\/2026\/04\/07\/gil-vicente-volta-a-oferecer-bilhete-e-viagem-pagos-aos-adeptos\/#primaryimage\"},\"image\":{\"@id\":\"https:\/\/portaltela.pt\/noticias\/2026\/04\/07\/gil-vicente-volta-a-oferecer-bilhete-e-viagem-pagos-aos-adeptos\/#primaryimage\"},\"thumbnailUrl\":\"https:\/\/portaltela.pt\/s.01k8rhncp4jt1\/2026\/04\/img_920x518uu2026-04-07-15-33-21-2431580-im-639111728216330352.jpg\",\"datePublished\":\"2026-04-07T15:02:18+00:00\",\"author\":{\"@id\":\"https:\/\/portaltela.pt\/#\/schema\/person\/c4278d4a6028830caff9ee44b42d32ed\"},\"breadcrumb\":{\"@id\":\"https:\/\/portaltela.pt\/noticias\/2026\/04\/07\/gil-vicente-volta-a-oferecer-bilhete-e-viagem-pagos-aos-adeptos\/#breadcrumb\"},\"inLanguage\":\"pt-PT\",\"potentialAction\":[{\"@type\":\"ReadAction\",\"target\":[\"https:\/\/portaltela.pt\/noticias\/2026\/04\/07\/gil-vicente-volta-a-oferecer-bilhete-e-viagem-pagos-aos-adeptos\/\"]}]},{\"@type\":\"ImageObject\",\"inLanguage\":\"pt-PT\",\"@id\":\"https:\/\/portaltela.pt\/noticias\/2026\/04\/07\/gil-vicente-volta-a-oferecer-bilhete-e-viagem-pagos-aos-adeptos\/#primaryimage\",\"url\":\"https:\/\/portaltela.pt\/s.01k8rhncp4jt1\/2026\/04\/img_920x518uu2026-04-07-15-33-21-2431580-im-639111728216330352.jpg\",\"contentUrl\":\"https:\/\/portaltela.pt\/s.01k8rhncp4jt1\/2026\/04\/img_920x518uu2026-04-07-15-33-21-2431580-im-639111728216330352.jpg\",\"width\":796,\"height\":448,\"caption\":\"Gil Vicente oferece bilhete e viagem aos adeptos\"},{\"@type\":\"BreadcrumbList\",\"@id\":\"https:\/\/portaltela.pt\/noticias\/2026\/04\/07\/gil-vicente-volta-a-oferecer-bilhete-e-viagem-pagos-aos-adeptos\/#breadcrumb\",\"itemListElement\":[{\"@type\":\"ListItem\",\"position\":1,\"name\":\"In\u00edcio\",\"item\":\"https:\/\/portaltela.pt\/\"},{\"@type\":\"ListItem\",\"position\":2,\"name\":\"Gil Vicente volta a oferecer bilhete e viagem pagos aos adeptos\"}]},{\"@type\":\"WebSite\",\"@id\":\"https:\/\/portaltela.pt\/#website\",\"url\":\"https:\/\/portaltela.pt\/\",\"name\":\"Portal Tela Portugal\",\"description\":\"\",\"potentialAction\":[{\"@type\":\"SearchAction\",\"target\":{\"@type\":\"EntryPoint\",\"urlTemplate\":\"https:\/\/portaltela.pt\/?s={search_term_string}\"},\"query-input\":{\"@type\":\"PropertyValueSpecification\",\"valueRequired\":true,\"valueName\":\"search_term_string\"}}],\"inLanguage\":\"pt-PT\"},{\"@type\":\"Person\",\"@id\":\"https:\/\/portaltela.pt\/#\/schema\/person\/c4278d4a6028830caff9ee44b42d32ed\",\"name\":\"Telinha\",\"image\":{\"@type\":\"ImageObject\",\"inLanguage\":\"pt-PT\",\"@id\":\"https:\/\/portaltela.pt\/s.01k8rhncp4jt1\/2025\/11\/talking-bot-125x125.png\",\"url\":\"https:\/\/portaltela.pt\/s.01k8rhncp4jt1\/2025\/11\/talking-bot-125x125.png\",\"contentUrl\":\"https:\/\/portaltela.pt\/s.01k8rhncp4jt1\/2025\/11\/talking-bot-125x125.png\",\"caption\":\"Telinha\"},\"sameAs\":[\"https:\/\/portaltela.pt\/\"],\"url\":\"https:\/\/portaltela.pt\/por\/367410592786\/\"}]}<\/script>\n<!-- \/ Yoast SEO plugin. -->","yoast_head_json":{"title":"Gil Vicente volta a oferecer bilhete e viagem pagos aos adeptos - Portal Tela Portugal","robots":{"index":"index","follow":"follow","max-snippet":"max-snippet:-1","max-image-preview":"max-image-preview:large","max-video-preview":"max-video-preview:-1"},"og_locale":"pt_PT","og_type":"article","og_title":"Gil Vicente volta a oferecer bilhete e viagem pagos aos adeptos - Portal Tela Portugal","og_description":"O Gil Vicente volta a oferecer bilhete e viagem aos adeptos para a desloca\u00e7\u00e3o a Tondela, na 29\u00aa jornada do campeonato, segunda-feira, 13 de abril. O jogo est\u00e1 marcado para as 20h15. Os s\u00f3cios podem usar venda digital ou loja junto ao Est\u00e1dio Cidade de Barcelos; os n\u00e3o-s\u00f3cios devem dirigir-se \u00e0 loja do clube. Os s\u00f3cios t\u00eam direito a at\u00e9 quatro ingressos adicionais. A iniciativa exige tamb\u00e9m reserva de lugar no autocarro que leva os adeptos at\u00e9 \u00e0 Beira.","og_url":"https:\/\/portaltela.pt\/noticias\/2026\/04\/07\/gil-vicente-volta-a-oferecer-bilhete-e-viagem-pagos-aos-adeptos\/","og_site_name":"Portal Tela Portugal","article_published_time":"2026-04-07T15:02:18+00:00","author":"Telinha","twitter_card":"summary_large_image","twitter_misc":{"Escrito por":"Telinha","Tempo estimado de leitura":"1 minuto"},"schema":{"@context":"https:\/\/schema.org","@graph":[{"@type":"Article","@id":"https:\/\/portaltela.pt\/noticias\/2026\/04\/07\/gil-vicente-volta-a-oferecer-bilhete-e-viagem-pagos-aos-adeptos\/#article","isPartOf":{"@id":"https:\/\/portaltela.pt\/noticias\/2026\/04\/07\/gil-vicente-volta-a-oferecer-bilhete-e-viagem-pagos-aos-adeptos\/"},"author":{"name":"Telinha","@id":"https:\/\/portaltela.pt\/#\/schema\/person\/c4278d4a6028830caff9ee44b42d32ed"},"headline":"Gil Vicente volta a oferecer bilhete e viagem pagos aos adeptos","datePublished":"2026-04-07T15:02:18+00:00","mainEntityOfPage":{"@id":"https:\/\/portaltela.pt\/noticias\/2026\/04\/07\/gil-vicente-volta-a-oferecer-bilhete-e-viagem-pagos-aos-adeptos\/"},"wordCount":186,"image":{"@id":"https:\/\/portaltela.pt\/noticias\/2026\/04\/07\/gil-vicente-volta-a-oferecer-bilhete-e-viagem-pagos-aos-adeptos\/#primaryimage"},"thumbnailUrl":"https:\/\/portaltela.pt\/s.01k8rhncp4jt1\/2026\/04\/img_920x518uu2026-04-07-15-33-21-2431580-im-639111728216330352.jpg","keywords":["autocarros","Barcelos","Beira","futebol","Gil Vicente","Tondela"],"articleSection":["Desporto","Futebol"],"inLanguage":"pt-PT"},{"@type":"WebPage","@id":"https:\/\/portaltela.pt\/noticias\/2026\/04\/07\/gil-vicente-volta-a-oferecer-bilhete-e-viagem-pagos-aos-adeptos\/","url":"https:\/\/portaltela.pt\/noticias\/2026\/04\/07\/gil-vicente-volta-a-oferecer-bilhete-e-viagem-pagos-aos-adeptos\/","name":"Gil Vicente volta a oferecer bilhete e viagem pagos aos adeptos - Portal Tela Portugal","isPartOf":{"@id":"https:\/\/portaltela.pt\/#website"},"primaryImageOfPage":{"@id":"https:\/\/portaltela.pt\/noticias\/2026\/04\/07\/gil-vicente-volta-a-oferecer-bilhete-e-viagem-pagos-aos-adeptos\/#primaryimage"},"image":{"@id":"https:\/\/portaltela.pt\/noticias\/2026\/04\/07\/gil-vicente-volta-a-oferecer-bilhete-e-viagem-pagos-aos-adeptos\/#primaryimage"},"thumbnailUrl":"https:\/\/portaltela.pt\/s.01k8rhncp4jt1\/2026\/04\/img_920x518uu2026-04-07-15-33-21-2431580-im-639111728216330352.jpg","datePublished":"2026-04-07T15:02:18+00:00","author":{"@id":"https:\/\/portaltela.pt\/#\/schema\/person\/c4278d4a6028830caff9ee44b42d32ed"},"breadcrumb":{"@id":"https:\/\/portaltela.pt\/noticias\/2026\/04\/07\/gil-vicente-volta-a-oferecer-bilhete-e-viagem-pagos-aos-adeptos\/#breadcrumb"},"inLanguage":"pt-PT","potentialAction":[{"@type":"ReadAction","target":["https:\/\/portaltela.pt\/noticias\/2026\/04\/07\/gil-vicente-volta-a-oferecer-bilhete-e-viagem-pagos-aos-adeptos\/"]}]},{"@type":"ImageObject","inLanguage":"pt-PT","@id":"https:\/\/portaltela.pt\/noticias\/2026\/04\/07\/gil-vicente-volta-a-oferecer-bilhete-e-viagem-pagos-aos-adeptos\/#primaryimage","url":"https:\/\/portaltela.pt\/s.01k8rhncp4jt1\/2026\/04\/img_920x518uu2026-04-07-15-33-21-2431580-im-639111728216330352.jpg","contentUrl":"https:\/\/portaltela.pt\/s.01k8rhncp4jt1\/2026\/04\/img_920x518uu2026-04-07-15-33-21-2431580-im-639111728216330352.jpg","width":796,"height":448,"caption":"Gil Vicente oferece bilhete e viagem aos adeptos"},{"@type":"BreadcrumbList","@id":"https:\/\/portaltela.pt\/noticias\/2026\/04\/07\/gil-vicente-volta-a-oferecer-bilhete-e-viagem-pagos-aos-adeptos\/#breadcrumb","itemListElement":[{"@type":"ListItem","position":1,"name":"In\u00edcio","item":"https:\/\/portaltela.pt\/"},{"@type":"ListItem","position":2,"name":"Gil Vicente volta a oferecer bilhete e viagem pagos aos adeptos"}]},{"@type":"WebSite","@id":"https:\/\/portaltela.pt\/#website","url":"https:\/\/portaltela.pt\/","name":"Portal Tela Portugal","description":"","potentialAction":[{"@type":"SearchAction","target":{"@type":"EntryPoint","urlTemplate":"https:\/\/portaltela.pt\/?s={search_term_string}"},"query-input":{"@type":"PropertyValueSpecification","valueRequired":true,"valueName":"search_term_string"}}],"inLanguage":"pt-PT"},{"@type":"Person","@id":"https:\/\/portaltela.pt\/#\/schema\/person\/c4278d4a6028830caff9ee44b42d32ed","name":"Telinha","image":{"@type":"ImageObject","inLanguage":"pt-PT","@id":"https:\/\/portaltela.pt\/s.01k8rhncp4jt1\/2025\/11\/talking-bot-125x125.png","url":"https:\/\/portaltela.pt\/s.01k8rhncp4jt1\/2025\/11\/talking-bot-125x125.png","contentUrl":"https:\/\/portaltela.pt\/s.01k8rhncp4jt1\/2025\/11\/talking-bot-125x125.png","caption":"Telinha"},"sameAs":["https:\/\/portaltela.pt\/"],"url":"https:\/\/portaltela.pt\/por\/367410592786\/"}]}},"_links":{"self":[{"href":"https:\/\/portaltela.pt\/api\/wp\/v2\/posts\/435507","targetHints":{"allow":["GET"]}}],"collection":[{"href":"https:\/\/portaltela.pt\/api\/wp\/v2\/posts"}],"about":[{"href":"https:\/\/portaltela.pt\/api\/wp\/v2\/types\/post"}],"author":[{"embeddable":true,"href":"https:\/\/portaltela.pt\/api\/wp\/v2\/users\/2"}],"replies":[{"embeddable":true,"href":"https:\/\/portaltela.pt\/api\/wp\/v2\/comments?post=435507"}],"version-history":[{"count":0,"href":"https:\/\/portaltela.pt\/api\/wp\/v2\/posts\/435507\/revisions"}],"wp:featuredmedia":[{"embeddable":true,"href":"https:\/\/portaltela.pt\/api\/wp\/v2\/media\/435508"}],"wp:attachment":[{"href":"https:\/\/portaltela.pt\/api\/wp\/v2\/media?parent=435507"}],"wp:term":[{"taxonomy":"category","embeddable":true,"href":"https:\/\/portaltela.pt\/api\/wp\/v2\/categories?post=435507"},{"taxonomy":"post_tag","embeddable":true,"href":"https:\/\/portaltela.pt\/api\/wp\/v2\/tags?post=435507"}],"curies":[{"name":"wp","href":"https:\/\/api.w.org\/{rel}","templated":true}]}}