{"id":435502,"date":"2026-04-07T12:02:14","date_gmt":"2026-04-07T15:02:14","guid":{"rendered":"https:\/\/portaltela.pt\/noticias\/2026\/04\/07\/raul-minh-alma-comenta-sucesso-literario-no-programa-ola-bom-dia\/"},"modified":"2026-04-07T12:02:14","modified_gmt":"2026-04-07T15:02:14","slug":"raul-minh-alma-comenta-sucesso-literario-no-programa-ola-bom-dia","status":"publish","type":"post","link":"https:\/\/portaltela.pt\/noticias\/2026\/04\/07\/raul-minh-alma-comenta-sucesso-literario-no-programa-ola-bom-dia\/","title":{"rendered":"Raul Minh\u2019alma comenta sucesso liter\u00e1rio no programa Ol\u00e1, Bom dia!"},"content":{"rendered":"<p>Raul Minh\u2019alma, autor com maior sucesso de vendas em Portugal, revelou detalhes da sua carreira numa entrevista \u00e0 CMTV. O escritor falou sobre o percurso que o levou ao topo das listas e o que o sucesso representa para a sua vida pessoal e profissional.<\/p>\n<p>Na conversa, Minh\u2019alma descreveu o seu processo de escrita, as inspira\u00e7\u00f5es que alimentam as obras e os desafios enfrentados ao longo da trajet\u00f3ria. Falou tamb\u00e9m do impacto cultural das suas obras em Portugal.<\/p>\n<p>A entrevista completa mostra ainda os projetos futuros do autor e a sua vis\u00e3o sobre o que o sucesso liter\u00e1rio significa no contexto nacional. Ra\u00edzes da carreira e entusiasmo pela continuidade foram destacados pelo escritor.<\/p>\n<h3>Raul Minh\u2019alma: impacto e pr\u00f3ximos passos<\/h3>\n<p>O autor destacou a import\u00e2ncia de manter autenticidade e paix\u00e3o pelo escrever, afirmando que o reconhecimento \u00e9 consequ\u00eancia de dedica\u00e7\u00e3o. Agradeceu aos leitores pelo apoio e refor\u00e7ou o compromisso com novas obras.<\/p>\n<p>A sess\u00e3o com Minh\u2019alma est\u00e1 dispon\u00edvel na CMTV, onde o autor aborda carreira, inspira\u00e7\u00f5es e planos de publica\u00e7\u00e3o para o que vem a seguir. A entrevista refor\u00e7a a perspetiva do escritor sobre o panorama liter\u00e1rio em Portugal.<\/p>\n","protected":false},"excerpt":{"rendered":"<ul>\n<li>Raul Minh\u2019alma, autor mais vendido em Portugal, participou numa entrevista na CMTV.<\/li>\n<li>O escritor abordou o sucesso liter\u00e1rio e o seu impacto na carreira e na vida pessoal.<\/li>\n<li>Falou sobre o seu processo de escrita, inspira\u00e7\u00f5es e os desafios ao longo da trajet\u00f3ria.<\/li>\n<li>Comentou o papel das suas obras na cultura portuguesa e os projetos futuros no panorama liter\u00e1rio.<\/li>\n<li>Enfatizou a import\u00e2ncia da autenticidade e da paix\u00e3o pelo que escreve, agradeceu aos leitores e afirmou que continuar\u00e1 a escrever com entusiasmo.<\/li>\n<\/ul>\n","protected":false},"author":2,"featured_media":435506,"comment_status":"closed","ping_status":"closed","sticky":false,"template":"","format":"standard","meta":{"footnotes":""},"categories":[7375,1],"tags":[6657,145,6101,106,130,1014],"class_list":["post-435502","post","type-post","status-publish","format-standard","has-post-thumbnail","hentry","category-cultura","category-noticias","tag-autores","tag-cultura","tag-entrevistas","tag-literatura","tag-livros","tag-portugal"],"yoast_head":"<!-- This site is optimized with the Yoast SEO plugin v27.2 - https:\/\/yoast.com\/product\/yoast-seo-wordpress\/ -->\n<title>Raul Minh\u2019alma comenta sucesso liter\u00e1rio no programa Ol\u00e1, Bom dia! - Portal Tela Portugal<\/title>\n<meta name=\"robots\" content=\"index, follow, max-snippet:-1, max-image-preview:large, max-video-preview:-1\" \/>\n<meta property=\"og:locale\" content=\"pt_PT\" \/>\n<meta property=\"og:type\" content=\"article\" \/>\n<meta property=\"og:title\" content=\"Raul Minh\u2019alma comenta sucesso liter\u00e1rio no programa Ol\u00e1, Bom dia! - Portal Tela Portugal\" \/>\n<meta property=\"og:description\" content=\"Raul Minh\u2019alma, autor mais vendido em Portugal, participou numa entrevista na CMTV. O escritor abordou o sucesso liter\u00e1rio e o seu impacto na carreira e na vida pessoal. Falou sobre o seu processo de escrita, inspira\u00e7\u00f5es e os desafios ao longo da trajet\u00f3ria. Comentou o papel das suas obras na cultura portuguesa e os projetos futuros no panorama liter\u00e1rio. Enfatizou a import\u00e2ncia da autenticidade e da paix\u00e3o pelo que escreve, agradeceu aos leitores e afirmou que continuar\u00e1 a escrever com entusiasmo.\" \/>\n<meta property=\"og:url\" content=\"https:\/\/portaltela.pt\/noticias\/2026\/04\/07\/raul-minh-alma-comenta-sucesso-literario-no-programa-ola-bom-dia\/\" \/>\n<meta property=\"og:site_name\" content=\"Portal Tela Portugal\" \/>\n<meta property=\"article:published_time\" content=\"2026-04-07T15:02:14+00:00\" \/>\n<meta name=\"author\" content=\"Telinha\" \/>\n<meta name=\"twitter:card\" content=\"summary_large_image\" \/>\n<meta name=\"twitter:label1\" content=\"Escrito por\" \/>\n\t<meta name=\"twitter:data1\" content=\"Telinha\" \/>\n\t<meta name=\"twitter:label2\" content=\"Tempo estimado de leitura\" \/>\n\t<meta name=\"twitter:data2\" content=\"1 minuto\" \/>\n<script type=\"application\/ld+json\" class=\"yoast-schema-graph\">{\"@context\":\"https:\/\/schema.org\",\"@graph\":[{\"@type\":\"Article\",\"@id\":\"https:\/\/portaltela.pt\/noticias\/2026\/04\/07\/raul-minh-alma-comenta-sucesso-literario-no-programa-ola-bom-dia\/#article\",\"isPartOf\":{\"@id\":\"https:\/\/portaltela.pt\/noticias\/2026\/04\/07\/raul-minh-alma-comenta-sucesso-literario-no-programa-ola-bom-dia\/\"},\"author\":{\"name\":\"Telinha\",\"@id\":\"https:\/\/portaltela.pt\/#\/schema\/person\/c4278d4a6028830caff9ee44b42d32ed\"},\"headline\":\"Raul Minh\u2019alma comenta sucesso liter\u00e1rio no programa Ol\u00e1, Bom dia!\",\"datePublished\":\"2026-04-07T15:02:14+00:00\",\"mainEntityOfPage\":{\"@id\":\"https:\/\/portaltela.pt\/noticias\/2026\/04\/07\/raul-minh-alma-comenta-sucesso-literario-no-programa-ola-bom-dia\/\"},\"wordCount\":220,\"image\":{\"@id\":\"https:\/\/portaltela.pt\/noticias\/2026\/04\/07\/raul-minh-alma-comenta-sucesso-literario-no-programa-ola-bom-dia\/#primaryimage\"},\"thumbnailUrl\":\"https:\/\/portaltela.pt\/s.01k8rhncp4jt1\/2026\/04\/img_1280x722uu2026-04-07-15-59-19-2277079.jpg\",\"keywords\":[\"autores\",\"cultura\",\"entrevistas\",\"literatura\",\"livros\",\"Portugal\"],\"articleSection\":[\"Cultura\",\"Not\u00edcias\"],\"inLanguage\":\"pt-PT\"},{\"@type\":\"WebPage\",\"@id\":\"https:\/\/portaltela.pt\/noticias\/2026\/04\/07\/raul-minh-alma-comenta-sucesso-literario-no-programa-ola-bom-dia\/\",\"url\":\"https:\/\/portaltela.pt\/noticias\/2026\/04\/07\/raul-minh-alma-comenta-sucesso-literario-no-programa-ola-bom-dia\/\",\"name\":\"Raul Minh\u2019alma comenta sucesso liter\u00e1rio no programa Ol\u00e1, Bom dia! - Portal Tela Portugal\",\"isPartOf\":{\"@id\":\"https:\/\/portaltela.pt\/#website\"},\"primaryImageOfPage\":{\"@id\":\"https:\/\/portaltela.pt\/noticias\/2026\/04\/07\/raul-minh-alma-comenta-sucesso-literario-no-programa-ola-bom-dia\/#primaryimage\"},\"image\":{\"@id\":\"https:\/\/portaltela.pt\/noticias\/2026\/04\/07\/raul-minh-alma-comenta-sucesso-literario-no-programa-ola-bom-dia\/#primaryimage\"},\"thumbnailUrl\":\"https:\/\/portaltela.pt\/s.01k8rhncp4jt1\/2026\/04\/img_1280x722uu2026-04-07-15-59-19-2277079.jpg\",\"datePublished\":\"2026-04-07T15:02:14+00:00\",\"author\":{\"@id\":\"https:\/\/portaltela.pt\/#\/schema\/person\/c4278d4a6028830caff9ee44b42d32ed\"},\"breadcrumb\":{\"@id\":\"https:\/\/portaltela.pt\/noticias\/2026\/04\/07\/raul-minh-alma-comenta-sucesso-literario-no-programa-ola-bom-dia\/#breadcrumb\"},\"inLanguage\":\"pt-PT\",\"potentialAction\":[{\"@type\":\"ReadAction\",\"target\":[\"https:\/\/portaltela.pt\/noticias\/2026\/04\/07\/raul-minh-alma-comenta-sucesso-literario-no-programa-ola-bom-dia\/\"]}]},{\"@type\":\"ImageObject\",\"inLanguage\":\"pt-PT\",\"@id\":\"https:\/\/portaltela.pt\/noticias\/2026\/04\/07\/raul-minh-alma-comenta-sucesso-literario-no-programa-ola-bom-dia\/#primaryimage\",\"url\":\"https:\/\/portaltela.pt\/s.01k8rhncp4jt1\/2026\/04\/img_1280x722uu2026-04-07-15-59-19-2277079.jpg\",\"contentUrl\":\"https:\/\/portaltela.pt\/s.01k8rhncp4jt1\/2026\/04\/img_1280x722uu2026-04-07-15-59-19-2277079.jpg\",\"width\":796,\"height\":448,\"caption\":\"Photo\"},{\"@type\":\"BreadcrumbList\",\"@id\":\"https:\/\/portaltela.pt\/noticias\/2026\/04\/07\/raul-minh-alma-comenta-sucesso-literario-no-programa-ola-bom-dia\/#breadcrumb\",\"itemListElement\":[{\"@type\":\"ListItem\",\"position\":1,\"name\":\"In\u00edcio\",\"item\":\"https:\/\/portaltela.pt\/\"},{\"@type\":\"ListItem\",\"position\":2,\"name\":\"Raul Minh\u2019alma comenta sucesso liter\u00e1rio no programa Ol\u00e1, Bom dia!\"}]},{\"@type\":\"WebSite\",\"@id\":\"https:\/\/portaltela.pt\/#website\",\"url\":\"https:\/\/portaltela.pt\/\",\"name\":\"Portal Tela Portugal\",\"description\":\"\",\"potentialAction\":[{\"@type\":\"SearchAction\",\"target\":{\"@type\":\"EntryPoint\",\"urlTemplate\":\"https:\/\/portaltela.pt\/?s={search_term_string}\"},\"query-input\":{\"@type\":\"PropertyValueSpecification\",\"valueRequired\":true,\"valueName\":\"search_term_string\"}}],\"inLanguage\":\"pt-PT\"},{\"@type\":\"Person\",\"@id\":\"https:\/\/portaltela.pt\/#\/schema\/person\/c4278d4a6028830caff9ee44b42d32ed\",\"name\":\"Telinha\",\"image\":{\"@type\":\"ImageObject\",\"inLanguage\":\"pt-PT\",\"@id\":\"https:\/\/portaltela.pt\/s.01k8rhncp4jt1\/2025\/11\/talking-bot-125x125.png\",\"url\":\"https:\/\/portaltela.pt\/s.01k8rhncp4jt1\/2025\/11\/talking-bot-125x125.png\",\"contentUrl\":\"https:\/\/portaltela.pt\/s.01k8rhncp4jt1\/2025\/11\/talking-bot-125x125.png\",\"caption\":\"Telinha\"},\"sameAs\":[\"https:\/\/portaltela.pt\/\"],\"url\":\"https:\/\/portaltela.pt\/por\/367410592786\/\"}]}<\/script>\n<!-- \/ Yoast SEO plugin. -->","yoast_head_json":{"title":"Raul Minh\u2019alma comenta sucesso liter\u00e1rio no programa Ol\u00e1, Bom dia! - Portal Tela Portugal","robots":{"index":"index","follow":"follow","max-snippet":"max-snippet:-1","max-image-preview":"max-image-preview:large","max-video-preview":"max-video-preview:-1"},"og_locale":"pt_PT","og_type":"article","og_title":"Raul Minh\u2019alma comenta sucesso liter\u00e1rio no programa Ol\u00e1, Bom dia! - Portal Tela Portugal","og_description":"Raul Minh\u2019alma, autor mais vendido em Portugal, participou numa entrevista na CMTV. O escritor abordou o sucesso liter\u00e1rio e o seu impacto na carreira e na vida pessoal. Falou sobre o seu processo de escrita, inspira\u00e7\u00f5es e os desafios ao longo da trajet\u00f3ria. Comentou o papel das suas obras na cultura portuguesa e os projetos futuros no panorama liter\u00e1rio. Enfatizou a import\u00e2ncia da autenticidade e da paix\u00e3o pelo que escreve, agradeceu aos leitores e afirmou que continuar\u00e1 a escrever com entusiasmo.","og_url":"https:\/\/portaltela.pt\/noticias\/2026\/04\/07\/raul-minh-alma-comenta-sucesso-literario-no-programa-ola-bom-dia\/","og_site_name":"Portal Tela Portugal","article_published_time":"2026-04-07T15:02:14+00:00","author":"Telinha","twitter_card":"summary_large_image","twitter_misc":{"Escrito por":"Telinha","Tempo estimado de leitura":"1 minuto"},"schema":{"@context":"https:\/\/schema.org","@graph":[{"@type":"Article","@id":"https:\/\/portaltela.pt\/noticias\/2026\/04\/07\/raul-minh-alma-comenta-sucesso-literario-no-programa-ola-bom-dia\/#article","isPartOf":{"@id":"https:\/\/portaltela.pt\/noticias\/2026\/04\/07\/raul-minh-alma-comenta-sucesso-literario-no-programa-ola-bom-dia\/"},"author":{"name":"Telinha","@id":"https:\/\/portaltela.pt\/#\/schema\/person\/c4278d4a6028830caff9ee44b42d32ed"},"headline":"Raul Minh\u2019alma comenta sucesso liter\u00e1rio no programa Ol\u00e1, Bom dia!","datePublished":"2026-04-07T15:02:14+00:00","mainEntityOfPage":{"@id":"https:\/\/portaltela.pt\/noticias\/2026\/04\/07\/raul-minh-alma-comenta-sucesso-literario-no-programa-ola-bom-dia\/"},"wordCount":220,"image":{"@id":"https:\/\/portaltela.pt\/noticias\/2026\/04\/07\/raul-minh-alma-comenta-sucesso-literario-no-programa-ola-bom-dia\/#primaryimage"},"thumbnailUrl":"https:\/\/portaltela.pt\/s.01k8rhncp4jt1\/2026\/04\/img_1280x722uu2026-04-07-15-59-19-2277079.jpg","keywords":["autores","cultura","entrevistas","literatura","livros","Portugal"],"articleSection":["Cultura","Not\u00edcias"],"inLanguage":"pt-PT"},{"@type":"WebPage","@id":"https:\/\/portaltela.pt\/noticias\/2026\/04\/07\/raul-minh-alma-comenta-sucesso-literario-no-programa-ola-bom-dia\/","url":"https:\/\/portaltela.pt\/noticias\/2026\/04\/07\/raul-minh-alma-comenta-sucesso-literario-no-programa-ola-bom-dia\/","name":"Raul Minh\u2019alma comenta sucesso liter\u00e1rio no programa Ol\u00e1, Bom dia! - Portal Tela Portugal","isPartOf":{"@id":"https:\/\/portaltela.pt\/#website"},"primaryImageOfPage":{"@id":"https:\/\/portaltela.pt\/noticias\/2026\/04\/07\/raul-minh-alma-comenta-sucesso-literario-no-programa-ola-bom-dia\/#primaryimage"},"image":{"@id":"https:\/\/portaltela.pt\/noticias\/2026\/04\/07\/raul-minh-alma-comenta-sucesso-literario-no-programa-ola-bom-dia\/#primaryimage"},"thumbnailUrl":"https:\/\/portaltela.pt\/s.01k8rhncp4jt1\/2026\/04\/img_1280x722uu2026-04-07-15-59-19-2277079.jpg","datePublished":"2026-04-07T15:02:14+00:00","author":{"@id":"https:\/\/portaltela.pt\/#\/schema\/person\/c4278d4a6028830caff9ee44b42d32ed"},"breadcrumb":{"@id":"https:\/\/portaltela.pt\/noticias\/2026\/04\/07\/raul-minh-alma-comenta-sucesso-literario-no-programa-ola-bom-dia\/#breadcrumb"},"inLanguage":"pt-PT","potentialAction":[{"@type":"ReadAction","target":["https:\/\/portaltela.pt\/noticias\/2026\/04\/07\/raul-minh-alma-comenta-sucesso-literario-no-programa-ola-bom-dia\/"]}]},{"@type":"ImageObject","inLanguage":"pt-PT","@id":"https:\/\/portaltela.pt\/noticias\/2026\/04\/07\/raul-minh-alma-comenta-sucesso-literario-no-programa-ola-bom-dia\/#primaryimage","url":"https:\/\/portaltela.pt\/s.01k8rhncp4jt1\/2026\/04\/img_1280x722uu2026-04-07-15-59-19-2277079.jpg","contentUrl":"https:\/\/portaltela.pt\/s.01k8rhncp4jt1\/2026\/04\/img_1280x722uu2026-04-07-15-59-19-2277079.jpg","width":796,"height":448,"caption":"Photo"},{"@type":"BreadcrumbList","@id":"https:\/\/portaltela.pt\/noticias\/2026\/04\/07\/raul-minh-alma-comenta-sucesso-literario-no-programa-ola-bom-dia\/#breadcrumb","itemListElement":[{"@type":"ListItem","position":1,"name":"In\u00edcio","item":"https:\/\/portaltela.pt\/"},{"@type":"ListItem","position":2,"name":"Raul Minh\u2019alma comenta sucesso liter\u00e1rio no programa Ol\u00e1, Bom dia!"}]},{"@type":"WebSite","@id":"https:\/\/portaltela.pt\/#website","url":"https:\/\/portaltela.pt\/","name":"Portal Tela Portugal","description":"","potentialAction":[{"@type":"SearchAction","target":{"@type":"EntryPoint","urlTemplate":"https:\/\/portaltela.pt\/?s={search_term_string}"},"query-input":{"@type":"PropertyValueSpecification","valueRequired":true,"valueName":"search_term_string"}}],"inLanguage":"pt-PT"},{"@type":"Person","@id":"https:\/\/portaltela.pt\/#\/schema\/person\/c4278d4a6028830caff9ee44b42d32ed","name":"Telinha","image":{"@type":"ImageObject","inLanguage":"pt-PT","@id":"https:\/\/portaltela.pt\/s.01k8rhncp4jt1\/2025\/11\/talking-bot-125x125.png","url":"https:\/\/portaltela.pt\/s.01k8rhncp4jt1\/2025\/11\/talking-bot-125x125.png","contentUrl":"https:\/\/portaltela.pt\/s.01k8rhncp4jt1\/2025\/11\/talking-bot-125x125.png","caption":"Telinha"},"sameAs":["https:\/\/portaltela.pt\/"],"url":"https:\/\/portaltela.pt\/por\/367410592786\/"}]}},"_links":{"self":[{"href":"https:\/\/portaltela.pt\/api\/wp\/v2\/posts\/435502","targetHints":{"allow":["GET"]}}],"collection":[{"href":"https:\/\/portaltela.pt\/api\/wp\/v2\/posts"}],"about":[{"href":"https:\/\/portaltela.pt\/api\/wp\/v2\/types\/post"}],"author":[{"embeddable":true,"href":"https:\/\/portaltela.pt\/api\/wp\/v2\/users\/2"}],"replies":[{"embeddable":true,"href":"https:\/\/portaltela.pt\/api\/wp\/v2\/comments?post=435502"}],"version-history":[{"count":0,"href":"https:\/\/portaltela.pt\/api\/wp\/v2\/posts\/435502\/revisions"}],"wp:featuredmedia":[{"embeddable":true,"href":"https:\/\/portaltela.pt\/api\/wp\/v2\/media\/435506"}],"wp:attachment":[{"href":"https:\/\/portaltela.pt\/api\/wp\/v2\/media?parent=435502"}],"wp:term":[{"taxonomy":"category","embeddable":true,"href":"https:\/\/portaltela.pt\/api\/wp\/v2\/categories?post=435502"},{"taxonomy":"post_tag","embeddable":true,"href":"https:\/\/portaltela.pt\/api\/wp\/v2\/tags?post=435502"}],"curies":[{"name":"wp","href":"https:\/\/api.w.org\/{rel}","templated":true}]}}