{"id":435495,"date":"2026-04-07T12:02:08","date_gmt":"2026-04-07T15:02:08","guid":{"rendered":"https:\/\/portaltela.pt\/noticias\/2026\/04\/07\/incendio-em-matosinhos-desalojou-sete-pessoas-de-quatro-habitacoes\/"},"modified":"2026-04-07T12:02:08","modified_gmt":"2026-04-07T15:02:08","slug":"incendio-em-matosinhos-desalojou-sete-pessoas-de-quatro-habitacoes","status":"publish","type":"post","link":"https:\/\/portaltela.pt\/noticias\/2026\/04\/07\/incendio-em-matosinhos-desalojou-sete-pessoas-de-quatro-habitacoes\/","title":{"rendered":"Inc\u00eandio em Matosinhos desalojou sete pessoas de quatro habita\u00e7\u00f5es"},"content":{"rendered":"<p>Um inc\u00eandio deflagrou numa habita\u00e7\u00e3o situada numa ilha, na Viela da Fonte Velha, em Custoias, Matosinhos, ao in\u00edcio da tarde de ter\u00e7a-feira. O fogo foi detetado \u00e0s 12h00 e os Bombeiros de Le\u00e7a do Balio combinaram com as corpora\u00e7\u00f5es de S\u00e3o Mamede de Infesta, Leix\u00f5es e Matosinhos-Le\u00e7a para responder ao incidente.<\/p>\n<p>O fogo atingiu ainda tr\u00eas casas vizinhas na mesma \u00e1rea. A prioridade foi preservar estruturas adjacentes e assegurar a evacua\u00e7\u00e3o, com a PSP a coordenar a ocorr\u00eancia no local.<\/p>\n<p>Sete pessoas ficaram desalojadas, e foram acionados os Servi\u00e7os Municipais da Prote\u00e7\u00e3o Civil para apoiar as fam\u00edlias afetadas. Tr\u00eas pessoas receberam assist\u00eancia no local, sem necessidade de transporte hospitalar.<\/p>\n<h3>Desalojados e apoio \u00e0 popula\u00e7\u00e3o<\/h3>\n<p>A interven\u00e7\u00e3o de resgate ocorreu com celeridade, sem registo de feridos graves. As causas do inc\u00eandio ainda s\u00e3o desconhecidas, cabendo a per\u00edcia t\u00e9cnica apurar o que aconteceu.<\/p>\n<h3>Situa\u00e7\u00e3o no terreno e pr\u00f3ximas a\u00e7\u00f5es<\/h3>\n<p>A PSP permanece a agir no local, assegurando a \u00e1rea e a gest\u00e3o de dilig\u00eancias. N\u00e3o houve indica\u00e7\u00f5es de danos estruturais amplos al\u00e9m das habita\u00e7\u00f5es j\u00e1 referidas.<\/p>\n","protected":false},"excerpt":{"rendered":"<ul>\n<li>Inc\u00eandio numa habita\u00e7\u00e3o inserida numa ilha, na Viela da Fonte Velha, em Custoias, Matosinhos, deflagrou ao in\u00edcio da tarde de ter\u00e7a-feira, por volta das 12h00.<\/li>\n<li>O fogo afetou as tr\u00eas habita\u00e7\u00f5es adjacentes, totalizando quatro casas atingidas.<\/li>\n<li>Sete pessoas ficaram desalojadas; os Servi\u00e7os Municipais da Prote\u00e7\u00e3o Civil foram acionados para apoiar as fam\u00edlias.<\/li>\n<li>Tr\u00eas pessoas foram assistidas no local, sem necessidade de hospitaliza\u00e7\u00e3o.<\/li>\n<li>A PSP tomou conta da ocorr\u00eancia e desconhecem-se as causas do inc\u00eandio.<\/li>\n<\/ul>\n","protected":false},"author":2,"featured_media":435500,"comment_status":"closed","ping_status":"closed","sticky":false,"template":"","format":"standard","meta":{"footnotes":""},"categories":[6849,1],"tags":[7791,971,3004,1438,1709,5099],"class_list":["post-435495","post","type-post","status-publish","format-standard","has-post-thumbnail","hentry","category-acidentes","category-noticias","tag-_habitacao","tag-bombeiros","tag-desalojados","tag-incendio","tag-matosinhos","tag-protecao-civil-municipal"],"yoast_head":"<!-- This site is optimized with the Yoast SEO plugin v27.2 - https:\/\/yoast.com\/product\/yoast-seo-wordpress\/ -->\n<title>Inc\u00eandio em Matosinhos desalojou sete pessoas de quatro habita\u00e7\u00f5es - Portal Tela Portugal<\/title>\n<meta name=\"robots\" content=\"index, follow, max-snippet:-1, max-image-preview:large, max-video-preview:-1\" \/>\n<meta property=\"og:locale\" content=\"pt_PT\" \/>\n<meta property=\"og:type\" content=\"article\" \/>\n<meta property=\"og:title\" content=\"Inc\u00eandio em Matosinhos desalojou sete pessoas de quatro habita\u00e7\u00f5es - Portal Tela Portugal\" \/>\n<meta property=\"og:description\" content=\"Inc\u00eandio numa habita\u00e7\u00e3o inserida numa ilha, na Viela da Fonte Velha, em Custoias, Matosinhos, deflagrou ao in\u00edcio da tarde de ter\u00e7a-feira, por volta das 12h00. O fogo afetou as tr\u00eas habita\u00e7\u00f5es adjacentes, totalizando quatro casas atingidas. Sete pessoas ficaram desalojadas; os Servi\u00e7os Municipais da Prote\u00e7\u00e3o Civil foram acionados para apoiar as fam\u00edlias. Tr\u00eas pessoas foram assistidas no local, sem necessidade de hospitaliza\u00e7\u00e3o. A PSP tomou conta da ocorr\u00eancia e desconhecem-se as causas do inc\u00eandio.\" \/>\n<meta property=\"og:url\" content=\"https:\/\/portaltela.pt\/noticias\/2026\/04\/07\/incendio-em-matosinhos-desalojou-sete-pessoas-de-quatro-habitacoes\/\" \/>\n<meta property=\"og:site_name\" content=\"Portal Tela Portugal\" \/>\n<meta property=\"article:published_time\" content=\"2026-04-07T15:02:08+00:00\" \/>\n<meta name=\"author\" content=\"Telinha\" \/>\n<meta name=\"twitter:card\" content=\"summary_large_image\" \/>\n<meta name=\"twitter:label1\" content=\"Escrito por\" \/>\n\t<meta name=\"twitter:data1\" content=\"Telinha\" \/>\n\t<meta name=\"twitter:label2\" content=\"Tempo estimado de leitura\" \/>\n\t<meta name=\"twitter:data2\" content=\"1 minuto\" \/>\n<script type=\"application\/ld+json\" class=\"yoast-schema-graph\">{\"@context\":\"https:\/\/schema.org\",\"@graph\":[{\"@type\":\"Article\",\"@id\":\"https:\/\/portaltela.pt\/noticias\/2026\/04\/07\/incendio-em-matosinhos-desalojou-sete-pessoas-de-quatro-habitacoes\/#article\",\"isPartOf\":{\"@id\":\"https:\/\/portaltela.pt\/noticias\/2026\/04\/07\/incendio-em-matosinhos-desalojou-sete-pessoas-de-quatro-habitacoes\/\"},\"author\":{\"name\":\"Telinha\",\"@id\":\"https:\/\/portaltela.pt\/#\/schema\/person\/c4278d4a6028830caff9ee44b42d32ed\"},\"headline\":\"Inc\u00eandio em Matosinhos desalojou sete pessoas de quatro habita\u00e7\u00f5es\",\"datePublished\":\"2026-04-07T15:02:08+00:00\",\"mainEntityOfPage\":{\"@id\":\"https:\/\/portaltela.pt\/noticias\/2026\/04\/07\/incendio-em-matosinhos-desalojou-sete-pessoas-de-quatro-habitacoes\/\"},\"wordCount\":216,\"image\":{\"@id\":\"https:\/\/portaltela.pt\/noticias\/2026\/04\/07\/incendio-em-matosinhos-desalojou-sete-pessoas-de-quatro-habitacoes\/#primaryimage\"},\"thumbnailUrl\":\"https:\/\/portaltela.pt\/s.01k8rhncp4jt1\/2026\/04\/img_1280x721uu2026-04-07-15-18-51-2277057.jpg\",\"keywords\":[\"_habita\u00e7\u00e3o\",\"bombeiros\",\"desalojados\",\"inc\u00eandio\",\"Matosinhos\",\"Prote\u00e7\u00e3o Civil Municipal\"],\"articleSection\":[\"Acidentes\",\"Not\u00edcias\"],\"inLanguage\":\"pt-PT\"},{\"@type\":\"WebPage\",\"@id\":\"https:\/\/portaltela.pt\/noticias\/2026\/04\/07\/incendio-em-matosinhos-desalojou-sete-pessoas-de-quatro-habitacoes\/\",\"url\":\"https:\/\/portaltela.pt\/noticias\/2026\/04\/07\/incendio-em-matosinhos-desalojou-sete-pessoas-de-quatro-habitacoes\/\",\"name\":\"Inc\u00eandio em Matosinhos desalojou sete pessoas de quatro habita\u00e7\u00f5es - Portal Tela Portugal\",\"isPartOf\":{\"@id\":\"https:\/\/portaltela.pt\/#website\"},\"primaryImageOfPage\":{\"@id\":\"https:\/\/portaltela.pt\/noticias\/2026\/04\/07\/incendio-em-matosinhos-desalojou-sete-pessoas-de-quatro-habitacoes\/#primaryimage\"},\"image\":{\"@id\":\"https:\/\/portaltela.pt\/noticias\/2026\/04\/07\/incendio-em-matosinhos-desalojou-sete-pessoas-de-quatro-habitacoes\/#primaryimage\"},\"thumbnailUrl\":\"https:\/\/portaltela.pt\/s.01k8rhncp4jt1\/2026\/04\/img_1280x721uu2026-04-07-15-18-51-2277057.jpg\",\"datePublished\":\"2026-04-07T15:02:08+00:00\",\"author\":{\"@id\":\"https:\/\/portaltela.pt\/#\/schema\/person\/c4278d4a6028830caff9ee44b42d32ed\"},\"breadcrumb\":{\"@id\":\"https:\/\/portaltela.pt\/noticias\/2026\/04\/07\/incendio-em-matosinhos-desalojou-sete-pessoas-de-quatro-habitacoes\/#breadcrumb\"},\"inLanguage\":\"pt-PT\",\"potentialAction\":[{\"@type\":\"ReadAction\",\"target\":[\"https:\/\/portaltela.pt\/noticias\/2026\/04\/07\/incendio-em-matosinhos-desalojou-sete-pessoas-de-quatro-habitacoes\/\"]}]},{\"@type\":\"ImageObject\",\"inLanguage\":\"pt-PT\",\"@id\":\"https:\/\/portaltela.pt\/noticias\/2026\/04\/07\/incendio-em-matosinhos-desalojou-sete-pessoas-de-quatro-habitacoes\/#primaryimage\",\"url\":\"https:\/\/portaltela.pt\/s.01k8rhncp4jt1\/2026\/04\/img_1280x721uu2026-04-07-15-18-51-2277057.jpg\",\"contentUrl\":\"https:\/\/portaltela.pt\/s.01k8rhncp4jt1\/2026\/04\/img_1280x721uu2026-04-07-15-18-51-2277057.jpg\",\"width\":1280,\"height\":721,\"caption\":\"Photo\"},{\"@type\":\"BreadcrumbList\",\"@id\":\"https:\/\/portaltela.pt\/noticias\/2026\/04\/07\/incendio-em-matosinhos-desalojou-sete-pessoas-de-quatro-habitacoes\/#breadcrumb\",\"itemListElement\":[{\"@type\":\"ListItem\",\"position\":1,\"name\":\"In\u00edcio\",\"item\":\"https:\/\/portaltela.pt\/\"},{\"@type\":\"ListItem\",\"position\":2,\"name\":\"Inc\u00eandio em Matosinhos desalojou sete pessoas de quatro habita\u00e7\u00f5es\"}]},{\"@type\":\"WebSite\",\"@id\":\"https:\/\/portaltela.pt\/#website\",\"url\":\"https:\/\/portaltela.pt\/\",\"name\":\"Portal Tela Portugal\",\"description\":\"\",\"potentialAction\":[{\"@type\":\"SearchAction\",\"target\":{\"@type\":\"EntryPoint\",\"urlTemplate\":\"https:\/\/portaltela.pt\/?s={search_term_string}\"},\"query-input\":{\"@type\":\"PropertyValueSpecification\",\"valueRequired\":true,\"valueName\":\"search_term_string\"}}],\"inLanguage\":\"pt-PT\"},{\"@type\":\"Person\",\"@id\":\"https:\/\/portaltela.pt\/#\/schema\/person\/c4278d4a6028830caff9ee44b42d32ed\",\"name\":\"Telinha\",\"image\":{\"@type\":\"ImageObject\",\"inLanguage\":\"pt-PT\",\"@id\":\"https:\/\/portaltela.pt\/s.01k8rhncp4jt1\/2025\/11\/talking-bot-125x125.png\",\"url\":\"https:\/\/portaltela.pt\/s.01k8rhncp4jt1\/2025\/11\/talking-bot-125x125.png\",\"contentUrl\":\"https:\/\/portaltela.pt\/s.01k8rhncp4jt1\/2025\/11\/talking-bot-125x125.png\",\"caption\":\"Telinha\"},\"sameAs\":[\"https:\/\/portaltela.pt\/\"],\"url\":\"https:\/\/portaltela.pt\/por\/367410592786\/\"}]}<\/script>\n<!-- \/ Yoast SEO plugin. -->","yoast_head_json":{"title":"Inc\u00eandio em Matosinhos desalojou sete pessoas de quatro habita\u00e7\u00f5es - Portal Tela Portugal","robots":{"index":"index","follow":"follow","max-snippet":"max-snippet:-1","max-image-preview":"max-image-preview:large","max-video-preview":"max-video-preview:-1"},"og_locale":"pt_PT","og_type":"article","og_title":"Inc\u00eandio em Matosinhos desalojou sete pessoas de quatro habita\u00e7\u00f5es - Portal Tela Portugal","og_description":"Inc\u00eandio numa habita\u00e7\u00e3o inserida numa ilha, na Viela da Fonte Velha, em Custoias, Matosinhos, deflagrou ao in\u00edcio da tarde de ter\u00e7a-feira, por volta das 12h00. O fogo afetou as tr\u00eas habita\u00e7\u00f5es adjacentes, totalizando quatro casas atingidas. Sete pessoas ficaram desalojadas; os Servi\u00e7os Municipais da Prote\u00e7\u00e3o Civil foram acionados para apoiar as fam\u00edlias. Tr\u00eas pessoas foram assistidas no local, sem necessidade de hospitaliza\u00e7\u00e3o. A PSP tomou conta da ocorr\u00eancia e desconhecem-se as causas do inc\u00eandio.","og_url":"https:\/\/portaltela.pt\/noticias\/2026\/04\/07\/incendio-em-matosinhos-desalojou-sete-pessoas-de-quatro-habitacoes\/","og_site_name":"Portal Tela Portugal","article_published_time":"2026-04-07T15:02:08+00:00","author":"Telinha","twitter_card":"summary_large_image","twitter_misc":{"Escrito por":"Telinha","Tempo estimado de leitura":"1 minuto"},"schema":{"@context":"https:\/\/schema.org","@graph":[{"@type":"Article","@id":"https:\/\/portaltela.pt\/noticias\/2026\/04\/07\/incendio-em-matosinhos-desalojou-sete-pessoas-de-quatro-habitacoes\/#article","isPartOf":{"@id":"https:\/\/portaltela.pt\/noticias\/2026\/04\/07\/incendio-em-matosinhos-desalojou-sete-pessoas-de-quatro-habitacoes\/"},"author":{"name":"Telinha","@id":"https:\/\/portaltela.pt\/#\/schema\/person\/c4278d4a6028830caff9ee44b42d32ed"},"headline":"Inc\u00eandio em Matosinhos desalojou sete pessoas de quatro habita\u00e7\u00f5es","datePublished":"2026-04-07T15:02:08+00:00","mainEntityOfPage":{"@id":"https:\/\/portaltela.pt\/noticias\/2026\/04\/07\/incendio-em-matosinhos-desalojou-sete-pessoas-de-quatro-habitacoes\/"},"wordCount":216,"image":{"@id":"https:\/\/portaltela.pt\/noticias\/2026\/04\/07\/incendio-em-matosinhos-desalojou-sete-pessoas-de-quatro-habitacoes\/#primaryimage"},"thumbnailUrl":"https:\/\/portaltela.pt\/s.01k8rhncp4jt1\/2026\/04\/img_1280x721uu2026-04-07-15-18-51-2277057.jpg","keywords":["_habita\u00e7\u00e3o","bombeiros","desalojados","inc\u00eandio","Matosinhos","Prote\u00e7\u00e3o Civil Municipal"],"articleSection":["Acidentes","Not\u00edcias"],"inLanguage":"pt-PT"},{"@type":"WebPage","@id":"https:\/\/portaltela.pt\/noticias\/2026\/04\/07\/incendio-em-matosinhos-desalojou-sete-pessoas-de-quatro-habitacoes\/","url":"https:\/\/portaltela.pt\/noticias\/2026\/04\/07\/incendio-em-matosinhos-desalojou-sete-pessoas-de-quatro-habitacoes\/","name":"Inc\u00eandio em Matosinhos desalojou sete pessoas de quatro habita\u00e7\u00f5es - Portal Tela Portugal","isPartOf":{"@id":"https:\/\/portaltela.pt\/#website"},"primaryImageOfPage":{"@id":"https:\/\/portaltela.pt\/noticias\/2026\/04\/07\/incendio-em-matosinhos-desalojou-sete-pessoas-de-quatro-habitacoes\/#primaryimage"},"image":{"@id":"https:\/\/portaltela.pt\/noticias\/2026\/04\/07\/incendio-em-matosinhos-desalojou-sete-pessoas-de-quatro-habitacoes\/#primaryimage"},"thumbnailUrl":"https:\/\/portaltela.pt\/s.01k8rhncp4jt1\/2026\/04\/img_1280x721uu2026-04-07-15-18-51-2277057.jpg","datePublished":"2026-04-07T15:02:08+00:00","author":{"@id":"https:\/\/portaltela.pt\/#\/schema\/person\/c4278d4a6028830caff9ee44b42d32ed"},"breadcrumb":{"@id":"https:\/\/portaltela.pt\/noticias\/2026\/04\/07\/incendio-em-matosinhos-desalojou-sete-pessoas-de-quatro-habitacoes\/#breadcrumb"},"inLanguage":"pt-PT","potentialAction":[{"@type":"ReadAction","target":["https:\/\/portaltela.pt\/noticias\/2026\/04\/07\/incendio-em-matosinhos-desalojou-sete-pessoas-de-quatro-habitacoes\/"]}]},{"@type":"ImageObject","inLanguage":"pt-PT","@id":"https:\/\/portaltela.pt\/noticias\/2026\/04\/07\/incendio-em-matosinhos-desalojou-sete-pessoas-de-quatro-habitacoes\/#primaryimage","url":"https:\/\/portaltela.pt\/s.01k8rhncp4jt1\/2026\/04\/img_1280x721uu2026-04-07-15-18-51-2277057.jpg","contentUrl":"https:\/\/portaltela.pt\/s.01k8rhncp4jt1\/2026\/04\/img_1280x721uu2026-04-07-15-18-51-2277057.jpg","width":1280,"height":721,"caption":"Photo"},{"@type":"BreadcrumbList","@id":"https:\/\/portaltela.pt\/noticias\/2026\/04\/07\/incendio-em-matosinhos-desalojou-sete-pessoas-de-quatro-habitacoes\/#breadcrumb","itemListElement":[{"@type":"ListItem","position":1,"name":"In\u00edcio","item":"https:\/\/portaltela.pt\/"},{"@type":"ListItem","position":2,"name":"Inc\u00eandio em Matosinhos desalojou sete pessoas de quatro habita\u00e7\u00f5es"}]},{"@type":"WebSite","@id":"https:\/\/portaltela.pt\/#website","url":"https:\/\/portaltela.pt\/","name":"Portal Tela Portugal","description":"","potentialAction":[{"@type":"SearchAction","target":{"@type":"EntryPoint","urlTemplate":"https:\/\/portaltela.pt\/?s={search_term_string}"},"query-input":{"@type":"PropertyValueSpecification","valueRequired":true,"valueName":"search_term_string"}}],"inLanguage":"pt-PT"},{"@type":"Person","@id":"https:\/\/portaltela.pt\/#\/schema\/person\/c4278d4a6028830caff9ee44b42d32ed","name":"Telinha","image":{"@type":"ImageObject","inLanguage":"pt-PT","@id":"https:\/\/portaltela.pt\/s.01k8rhncp4jt1\/2025\/11\/talking-bot-125x125.png","url":"https:\/\/portaltela.pt\/s.01k8rhncp4jt1\/2025\/11\/talking-bot-125x125.png","contentUrl":"https:\/\/portaltela.pt\/s.01k8rhncp4jt1\/2025\/11\/talking-bot-125x125.png","caption":"Telinha"},"sameAs":["https:\/\/portaltela.pt\/"],"url":"https:\/\/portaltela.pt\/por\/367410592786\/"}]}},"_links":{"self":[{"href":"https:\/\/portaltela.pt\/api\/wp\/v2\/posts\/435495","targetHints":{"allow":["GET"]}}],"collection":[{"href":"https:\/\/portaltela.pt\/api\/wp\/v2\/posts"}],"about":[{"href":"https:\/\/portaltela.pt\/api\/wp\/v2\/types\/post"}],"author":[{"embeddable":true,"href":"https:\/\/portaltela.pt\/api\/wp\/v2\/users\/2"}],"replies":[{"embeddable":true,"href":"https:\/\/portaltela.pt\/api\/wp\/v2\/comments?post=435495"}],"version-history":[{"count":0,"href":"https:\/\/portaltela.pt\/api\/wp\/v2\/posts\/435495\/revisions"}],"wp:featuredmedia":[{"embeddable":true,"href":"https:\/\/portaltela.pt\/api\/wp\/v2\/media\/435500"}],"wp:attachment":[{"href":"https:\/\/portaltela.pt\/api\/wp\/v2\/media?parent=435495"}],"wp:term":[{"taxonomy":"category","embeddable":true,"href":"https:\/\/portaltela.pt\/api\/wp\/v2\/categories?post=435495"},{"taxonomy":"post_tag","embeddable":true,"href":"https:\/\/portaltela.pt\/api\/wp\/v2\/tags?post=435495"}],"curies":[{"name":"wp","href":"https:\/\/api.w.org\/{rel}","templated":true}]}}