{"id":435491,"date":"2026-04-07T12:02:02","date_gmt":"2026-04-07T15:02:02","guid":{"rendered":"https:\/\/portaltela.pt\/noticias\/2026\/04\/07\/maratona-sai-dos-mundiais-de-atletismo-e-torna-se-prova-autonoma\/"},"modified":"2026-04-07T12:02:02","modified_gmt":"2026-04-07T15:02:02","slug":"maratona-sai-dos-mundiais-de-atletismo-e-torna-se-prova-autonoma","status":"publish","type":"post","link":"https:\/\/portaltela.pt\/desporto\/futebol\/2026\/04\/07\/maratona-sai-dos-mundiais-de-atletismo-e-torna-se-prova-autonoma\/","title":{"rendered":"Maratona sai dos Mundiais de atletismo e torna-se prova aut\u00f3noma"},"content":{"rendered":"<p>A maratona vai deixar os Mundiais de atletismo e ter\u00e1 um campeonato mundial aut\u00f3nomo a partir de 2030. A prova passar\u00e1 a disputar-se anualmente, alternando entre edi\u00e7\u00f5es masculinas e femininas, segundo a World Athletics.<\/p>\n<p>At\u00e9 2029, o formato atual ser\u00e1 mantido, com a maratona integrada nos Mundiais de atletismo. A partir de 2030, o novo campeonato aut\u00f3nomo poder\u00e1 ter Atenas como sede inicial, com a primeira edi\u00e7\u00e3o nesse ano.<\/p>\n<p>A World Athletics comunicou que, a partir de 2031, a maratona \u2014 e outras provas de corrida de estrada \u2014 n\u00e3o voltar\u00e3o aos Mundiais, mantendo a nova estrutura apenas para o campeonato aut\u00f3nomo. O objetivo \u00e9 modernizar o formato e ampliar o alcance global.<\/p>\n<h3>Novo modelo e ambi\u00e7\u00e3o<\/h3>\n<p>A organiza\u00e7\u00e3o indica um roteiro estrat\u00e9gico para as corridas de longa dist\u00e2ncia, com um campeonato desenhado em parceria com quem tornou a maratona num fen\u00f3meno global. Nos pr\u00f3ximos meses devem ser anunciados detalhes formais dessas parcerias.<\/p>\n<p>A World Athletics j\u00e1 iniciou conversa\u00e7\u00f5es explorat\u00f3rias com a Federa\u00e7\u00e3o Grega de Atletismo e autoridades da regi\u00e3o de \u00c1tica para organizar a primeira edi\u00e7\u00e3o em Atenas, em 2030, mantendo o esp\u00edrito hist\u00f3rico da prova.<\/p>\n<h3>Perspetiva e participa\u00e7\u00e3o<\/h3>\n<p>O presidente da World Athletics destacou o peso da maratona como teste de alto rendimento e celebra\u00e7\u00e3o de participa\u00e7\u00e3o popular, afirmando a cria\u00e7\u00e3o de uma celebra\u00e7\u00e3o global dedicada \u00e0 disciplina. O objetivo \u00e9 preservar o legado hist\u00f3rico enquanto se moderniza o evento.<\/p>\n<p>Os Mundiais de atletismo de estrada manter\u00e3o a sua autonomia e ocorrer\u00e3o anualmente, sem altera\u00e7\u00f5es na frequ\u00eancia, segundo o comunicado oficial. O foco \u00e9 manter a relev\u00e2ncia das provas de estrada dentro do desporto.<\/p>\n","protected":false},"excerpt":{"rendered":"<ul>\n<li>A maratona sair\u00e1 dos Mundiais de atletismo a partir de 2030, passando a ter um campeonato mundial aut\u00f3nomo anual, alternando entre edi\u00e7\u00f5es masculinas e femininas.<\/li>\n<li>Em 2027 e 2029 mant\u00e9m-se nos Mundiais, com a primeira edi\u00e7\u00e3o independente prevista para Atenas em 2030; a partir de 2031 a maratona deixar\u00e1 de fazer parte dos Mundiais de atletismo.<\/li>\n<li>A frequ\u00eancia entre homens e mulheres mant\u00e9m-se inalterada, com altern\u00e2ncia entre edi\u00e7\u00f5es, e Atenas surge como sede preferencial na inaugura\u00e7\u00e3o.<\/li>\n<li>A World Athletics detalhou um roteiro para o futuro das corridas de longa dist\u00e2ncia, incluindo a cria\u00e7\u00e3o de um campeonato dedicado \u00e0 maratona em parceria com quem tornou a disciplina num fen\u00f3meno global.<\/li>\n<li>A World Athletics j\u00e1 iniciou conversa\u00e7\u00f5es explorat\u00f3rias com a Federa\u00e7\u00e3o Grega de Atletismo e autoridades da regi\u00e3o de \u00c1tica para organizar a primeira edi\u00e7\u00e3o em Atenas, em 2030, mantendo os Mundiais de atletismo de estrada como evento aut\u00f3nomo anual.<\/li>\n<\/ul>\n","protected":false},"author":2,"featured_media":435493,"comment_status":"closed","ping_status":"closed","sticky":false,"template":"","format":"standard","meta":{"footnotes":""},"categories":[21,24],"tags":[137,3504,152,81,1014],"class_list":["post-435491","post","type-post","status-publish","format-standard","has-post-thumbnail","hentry","category-desporto","category-futebol","tag-atletismo","tag-corridas","tag-desporto","tag-internacionais","tag-portugal"],"yoast_head":"<!-- This site is optimized with the Yoast SEO plugin v27.2 - https:\/\/yoast.com\/product\/yoast-seo-wordpress\/ -->\n<title>Maratona sai dos Mundiais de atletismo e torna-se prova aut\u00f3noma - Portal Tela Portugal<\/title>\n<meta name=\"robots\" content=\"index, follow, max-snippet:-1, max-image-preview:large, max-video-preview:-1\" \/>\n<meta property=\"og:locale\" content=\"pt_PT\" \/>\n<meta property=\"og:type\" content=\"article\" \/>\n<meta property=\"og:title\" content=\"Maratona sai dos Mundiais de atletismo e torna-se prova aut\u00f3noma - Portal Tela Portugal\" \/>\n<meta property=\"og:description\" content=\"A maratona sair\u00e1 dos Mundiais de atletismo a partir de 2030, passando a ter um campeonato mundial aut\u00f3nomo anual, alternando entre edi\u00e7\u00f5es masculinas e femininas. Em 2027 e 2029 mant\u00e9m-se nos Mundiais, com a primeira edi\u00e7\u00e3o independente prevista para Atenas em 2030; a partir de 2031 a maratona deixar\u00e1 de fazer parte dos Mundiais de atletismo. A frequ\u00eancia entre homens e mulheres mant\u00e9m-se inalterada, com altern\u00e2ncia entre edi\u00e7\u00f5es, e Atenas surge como sede preferencial na inaugura\u00e7\u00e3o. A World Athletics detalhou um roteiro para o futuro das corridas de longa dist\u00e2ncia, incluindo a cria\u00e7\u00e3o de um campeonato dedicado \u00e0 maratona em parceria com quem tornou a disciplina num fen\u00f3meno global. A World Athletics j\u00e1 iniciou conversa\u00e7\u00f5es explorat\u00f3rias com a Federa\u00e7\u00e3o Grega de Atletismo e autoridades da regi\u00e3o de \u00c1tica para organizar a primeira edi\u00e7\u00e3o em Atenas, em 2030, mantendo os Mundiais de atletismo de estrada como evento aut\u00f3nomo anual.\" \/>\n<meta property=\"og:url\" content=\"https:\/\/portaltela.pt\/noticias\/2026\/04\/07\/maratona-sai-dos-mundiais-de-atletismo-e-torna-se-prova-autonoma\/\" \/>\n<meta property=\"og:site_name\" content=\"Portal Tela Portugal\" \/>\n<meta property=\"article:published_time\" content=\"2026-04-07T15:02:02+00:00\" \/>\n<meta name=\"author\" content=\"Telinha\" \/>\n<meta name=\"twitter:card\" content=\"summary_large_image\" \/>\n<meta name=\"twitter:label1\" content=\"Escrito por\" \/>\n\t<meta name=\"twitter:data1\" content=\"Telinha\" \/>\n\t<meta name=\"twitter:label2\" content=\"Tempo estimado de leitura\" \/>\n\t<meta name=\"twitter:data2\" content=\"1 minuto\" \/>\n<script type=\"application\/ld+json\" class=\"yoast-schema-graph\">{\"@context\":\"https:\/\/schema.org\",\"@graph\":[{\"@type\":\"Article\",\"@id\":\"https:\/\/portaltela.pt\/noticias\/2026\/04\/07\/maratona-sai-dos-mundiais-de-atletismo-e-torna-se-prova-autonoma\/#article\",\"isPartOf\":{\"@id\":\"https:\/\/portaltela.pt\/noticias\/2026\/04\/07\/maratona-sai-dos-mundiais-de-atletismo-e-torna-se-prova-autonoma\/\"},\"author\":{\"name\":\"Telinha\",\"@id\":\"https:\/\/portaltela.pt\/#\/schema\/person\/c4278d4a6028830caff9ee44b42d32ed\"},\"headline\":\"Maratona sai dos Mundiais de atletismo e torna-se prova aut\u00f3noma\",\"datePublished\":\"2026-04-07T15:02:02+00:00\",\"mainEntityOfPage\":{\"@id\":\"https:\/\/portaltela.pt\/noticias\/2026\/04\/07\/maratona-sai-dos-mundiais-de-atletismo-e-torna-se-prova-autonoma\/\"},\"wordCount\":297,\"image\":{\"@id\":\"https:\/\/portaltela.pt\/noticias\/2026\/04\/07\/maratona-sai-dos-mundiais-de-atletismo-e-torna-se-prova-autonoma\/#primaryimage\"},\"thumbnailUrl\":\"https:\/\/portaltela.pt\/s.01k8rhncp4jt1\/2026\/04\/2079739.jpg\",\"keywords\":[\"atletismo\",\"corridas\",\"desporto\",\"internacionais\",\"Portugal\"],\"articleSection\":[\"Desporto\",\"Futebol\"],\"inLanguage\":\"pt-PT\"},{\"@type\":\"WebPage\",\"@id\":\"https:\/\/portaltela.pt\/noticias\/2026\/04\/07\/maratona-sai-dos-mundiais-de-atletismo-e-torna-se-prova-autonoma\/\",\"url\":\"https:\/\/portaltela.pt\/noticias\/2026\/04\/07\/maratona-sai-dos-mundiais-de-atletismo-e-torna-se-prova-autonoma\/\",\"name\":\"Maratona sai dos Mundiais de atletismo e torna-se prova aut\u00f3noma - Portal Tela Portugal\",\"isPartOf\":{\"@id\":\"https:\/\/portaltela.pt\/#website\"},\"primaryImageOfPage\":{\"@id\":\"https:\/\/portaltela.pt\/noticias\/2026\/04\/07\/maratona-sai-dos-mundiais-de-atletismo-e-torna-se-prova-autonoma\/#primaryimage\"},\"image\":{\"@id\":\"https:\/\/portaltela.pt\/noticias\/2026\/04\/07\/maratona-sai-dos-mundiais-de-atletismo-e-torna-se-prova-autonoma\/#primaryimage\"},\"thumbnailUrl\":\"https:\/\/portaltela.pt\/s.01k8rhncp4jt1\/2026\/04\/2079739.jpg\",\"datePublished\":\"2026-04-07T15:02:02+00:00\",\"author\":{\"@id\":\"https:\/\/portaltela.pt\/#\/schema\/person\/c4278d4a6028830caff9ee44b42d32ed\"},\"breadcrumb\":{\"@id\":\"https:\/\/portaltela.pt\/noticias\/2026\/04\/07\/maratona-sai-dos-mundiais-de-atletismo-e-torna-se-prova-autonoma\/#breadcrumb\"},\"inLanguage\":\"pt-PT\",\"potentialAction\":[{\"@type\":\"ReadAction\",\"target\":[\"https:\/\/portaltela.pt\/noticias\/2026\/04\/07\/maratona-sai-dos-mundiais-de-atletismo-e-torna-se-prova-autonoma\/\"]}]},{\"@type\":\"ImageObject\",\"inLanguage\":\"pt-PT\",\"@id\":\"https:\/\/portaltela.pt\/noticias\/2026\/04\/07\/maratona-sai-dos-mundiais-de-atletismo-e-torna-se-prova-autonoma\/#primaryimage\",\"url\":\"https:\/\/portaltela.pt\/s.01k8rhncp4jt1\/2026\/04\/2079739.jpg\",\"contentUrl\":\"https:\/\/portaltela.pt\/s.01k8rhncp4jt1\/2026\/04\/2079739.jpg\",\"width\":796,\"height\":448,\"caption\":\"A maratona deixar\u00e1 de ser um evento dos Mundiais de atletismo\"},{\"@type\":\"BreadcrumbList\",\"@id\":\"https:\/\/portaltela.pt\/noticias\/2026\/04\/07\/maratona-sai-dos-mundiais-de-atletismo-e-torna-se-prova-autonoma\/#breadcrumb\",\"itemListElement\":[{\"@type\":\"ListItem\",\"position\":1,\"name\":\"In\u00edcio\",\"item\":\"https:\/\/portaltela.pt\/\"},{\"@type\":\"ListItem\",\"position\":2,\"name\":\"Maratona sai dos Mundiais de atletismo e torna-se prova aut\u00f3noma\"}]},{\"@type\":\"WebSite\",\"@id\":\"https:\/\/portaltela.pt\/#website\",\"url\":\"https:\/\/portaltela.pt\/\",\"name\":\"Portal Tela Portugal\",\"description\":\"\",\"potentialAction\":[{\"@type\":\"SearchAction\",\"target\":{\"@type\":\"EntryPoint\",\"urlTemplate\":\"https:\/\/portaltela.pt\/?s={search_term_string}\"},\"query-input\":{\"@type\":\"PropertyValueSpecification\",\"valueRequired\":true,\"valueName\":\"search_term_string\"}}],\"inLanguage\":\"pt-PT\"},{\"@type\":\"Person\",\"@id\":\"https:\/\/portaltela.pt\/#\/schema\/person\/c4278d4a6028830caff9ee44b42d32ed\",\"name\":\"Telinha\",\"image\":{\"@type\":\"ImageObject\",\"inLanguage\":\"pt-PT\",\"@id\":\"https:\/\/portaltela.pt\/s.01k8rhncp4jt1\/2025\/11\/talking-bot-125x125.png\",\"url\":\"https:\/\/portaltela.pt\/s.01k8rhncp4jt1\/2025\/11\/talking-bot-125x125.png\",\"contentUrl\":\"https:\/\/portaltela.pt\/s.01k8rhncp4jt1\/2025\/11\/talking-bot-125x125.png\",\"caption\":\"Telinha\"},\"sameAs\":[\"https:\/\/portaltela.pt\/\"],\"url\":\"https:\/\/portaltela.pt\/por\/367410592786\/\"}]}<\/script>\n<!-- \/ Yoast SEO plugin. -->","yoast_head_json":{"title":"Maratona sai dos Mundiais de atletismo e torna-se prova aut\u00f3noma - Portal Tela Portugal","robots":{"index":"index","follow":"follow","max-snippet":"max-snippet:-1","max-image-preview":"max-image-preview:large","max-video-preview":"max-video-preview:-1"},"og_locale":"pt_PT","og_type":"article","og_title":"Maratona sai dos Mundiais de atletismo e torna-se prova aut\u00f3noma - Portal Tela Portugal","og_description":"A maratona sair\u00e1 dos Mundiais de atletismo a partir de 2030, passando a ter um campeonato mundial aut\u00f3nomo anual, alternando entre edi\u00e7\u00f5es masculinas e femininas. Em 2027 e 2029 mant\u00e9m-se nos Mundiais, com a primeira edi\u00e7\u00e3o independente prevista para Atenas em 2030; a partir de 2031 a maratona deixar\u00e1 de fazer parte dos Mundiais de atletismo. A frequ\u00eancia entre homens e mulheres mant\u00e9m-se inalterada, com altern\u00e2ncia entre edi\u00e7\u00f5es, e Atenas surge como sede preferencial na inaugura\u00e7\u00e3o. A World Athletics detalhou um roteiro para o futuro das corridas de longa dist\u00e2ncia, incluindo a cria\u00e7\u00e3o de um campeonato dedicado \u00e0 maratona em parceria com quem tornou a disciplina num fen\u00f3meno global. A World Athletics j\u00e1 iniciou conversa\u00e7\u00f5es explorat\u00f3rias com a Federa\u00e7\u00e3o Grega de Atletismo e autoridades da regi\u00e3o de \u00c1tica para organizar a primeira edi\u00e7\u00e3o em Atenas, em 2030, mantendo os Mundiais de atletismo de estrada como evento aut\u00f3nomo anual.","og_url":"https:\/\/portaltela.pt\/noticias\/2026\/04\/07\/maratona-sai-dos-mundiais-de-atletismo-e-torna-se-prova-autonoma\/","og_site_name":"Portal Tela Portugal","article_published_time":"2026-04-07T15:02:02+00:00","author":"Telinha","twitter_card":"summary_large_image","twitter_misc":{"Escrito por":"Telinha","Tempo estimado de leitura":"1 minuto"},"schema":{"@context":"https:\/\/schema.org","@graph":[{"@type":"Article","@id":"https:\/\/portaltela.pt\/noticias\/2026\/04\/07\/maratona-sai-dos-mundiais-de-atletismo-e-torna-se-prova-autonoma\/#article","isPartOf":{"@id":"https:\/\/portaltela.pt\/noticias\/2026\/04\/07\/maratona-sai-dos-mundiais-de-atletismo-e-torna-se-prova-autonoma\/"},"author":{"name":"Telinha","@id":"https:\/\/portaltela.pt\/#\/schema\/person\/c4278d4a6028830caff9ee44b42d32ed"},"headline":"Maratona sai dos Mundiais de atletismo e torna-se prova aut\u00f3noma","datePublished":"2026-04-07T15:02:02+00:00","mainEntityOfPage":{"@id":"https:\/\/portaltela.pt\/noticias\/2026\/04\/07\/maratona-sai-dos-mundiais-de-atletismo-e-torna-se-prova-autonoma\/"},"wordCount":297,"image":{"@id":"https:\/\/portaltela.pt\/noticias\/2026\/04\/07\/maratona-sai-dos-mundiais-de-atletismo-e-torna-se-prova-autonoma\/#primaryimage"},"thumbnailUrl":"https:\/\/portaltela.pt\/s.01k8rhncp4jt1\/2026\/04\/2079739.jpg","keywords":["atletismo","corridas","desporto","internacionais","Portugal"],"articleSection":["Desporto","Futebol"],"inLanguage":"pt-PT"},{"@type":"WebPage","@id":"https:\/\/portaltela.pt\/noticias\/2026\/04\/07\/maratona-sai-dos-mundiais-de-atletismo-e-torna-se-prova-autonoma\/","url":"https:\/\/portaltela.pt\/noticias\/2026\/04\/07\/maratona-sai-dos-mundiais-de-atletismo-e-torna-se-prova-autonoma\/","name":"Maratona sai dos Mundiais de atletismo e torna-se prova aut\u00f3noma - Portal Tela Portugal","isPartOf":{"@id":"https:\/\/portaltela.pt\/#website"},"primaryImageOfPage":{"@id":"https:\/\/portaltela.pt\/noticias\/2026\/04\/07\/maratona-sai-dos-mundiais-de-atletismo-e-torna-se-prova-autonoma\/#primaryimage"},"image":{"@id":"https:\/\/portaltela.pt\/noticias\/2026\/04\/07\/maratona-sai-dos-mundiais-de-atletismo-e-torna-se-prova-autonoma\/#primaryimage"},"thumbnailUrl":"https:\/\/portaltela.pt\/s.01k8rhncp4jt1\/2026\/04\/2079739.jpg","datePublished":"2026-04-07T15:02:02+00:00","author":{"@id":"https:\/\/portaltela.pt\/#\/schema\/person\/c4278d4a6028830caff9ee44b42d32ed"},"breadcrumb":{"@id":"https:\/\/portaltela.pt\/noticias\/2026\/04\/07\/maratona-sai-dos-mundiais-de-atletismo-e-torna-se-prova-autonoma\/#breadcrumb"},"inLanguage":"pt-PT","potentialAction":[{"@type":"ReadAction","target":["https:\/\/portaltela.pt\/noticias\/2026\/04\/07\/maratona-sai-dos-mundiais-de-atletismo-e-torna-se-prova-autonoma\/"]}]},{"@type":"ImageObject","inLanguage":"pt-PT","@id":"https:\/\/portaltela.pt\/noticias\/2026\/04\/07\/maratona-sai-dos-mundiais-de-atletismo-e-torna-se-prova-autonoma\/#primaryimage","url":"https:\/\/portaltela.pt\/s.01k8rhncp4jt1\/2026\/04\/2079739.jpg","contentUrl":"https:\/\/portaltela.pt\/s.01k8rhncp4jt1\/2026\/04\/2079739.jpg","width":796,"height":448,"caption":"A maratona deixar\u00e1 de ser um evento dos Mundiais de atletismo"},{"@type":"BreadcrumbList","@id":"https:\/\/portaltela.pt\/noticias\/2026\/04\/07\/maratona-sai-dos-mundiais-de-atletismo-e-torna-se-prova-autonoma\/#breadcrumb","itemListElement":[{"@type":"ListItem","position":1,"name":"In\u00edcio","item":"https:\/\/portaltela.pt\/"},{"@type":"ListItem","position":2,"name":"Maratona sai dos Mundiais de atletismo e torna-se prova aut\u00f3noma"}]},{"@type":"WebSite","@id":"https:\/\/portaltela.pt\/#website","url":"https:\/\/portaltela.pt\/","name":"Portal Tela Portugal","description":"","potentialAction":[{"@type":"SearchAction","target":{"@type":"EntryPoint","urlTemplate":"https:\/\/portaltela.pt\/?s={search_term_string}"},"query-input":{"@type":"PropertyValueSpecification","valueRequired":true,"valueName":"search_term_string"}}],"inLanguage":"pt-PT"},{"@type":"Person","@id":"https:\/\/portaltela.pt\/#\/schema\/person\/c4278d4a6028830caff9ee44b42d32ed","name":"Telinha","image":{"@type":"ImageObject","inLanguage":"pt-PT","@id":"https:\/\/portaltela.pt\/s.01k8rhncp4jt1\/2025\/11\/talking-bot-125x125.png","url":"https:\/\/portaltela.pt\/s.01k8rhncp4jt1\/2025\/11\/talking-bot-125x125.png","contentUrl":"https:\/\/portaltela.pt\/s.01k8rhncp4jt1\/2025\/11\/talking-bot-125x125.png","caption":"Telinha"},"sameAs":["https:\/\/portaltela.pt\/"],"url":"https:\/\/portaltela.pt\/por\/367410592786\/"}]}},"_links":{"self":[{"href":"https:\/\/portaltela.pt\/api\/wp\/v2\/posts\/435491","targetHints":{"allow":["GET"]}}],"collection":[{"href":"https:\/\/portaltela.pt\/api\/wp\/v2\/posts"}],"about":[{"href":"https:\/\/portaltela.pt\/api\/wp\/v2\/types\/post"}],"author":[{"embeddable":true,"href":"https:\/\/portaltela.pt\/api\/wp\/v2\/users\/2"}],"replies":[{"embeddable":true,"href":"https:\/\/portaltela.pt\/api\/wp\/v2\/comments?post=435491"}],"version-history":[{"count":0,"href":"https:\/\/portaltela.pt\/api\/wp\/v2\/posts\/435491\/revisions"}],"wp:featuredmedia":[{"embeddable":true,"href":"https:\/\/portaltela.pt\/api\/wp\/v2\/media\/435493"}],"wp:attachment":[{"href":"https:\/\/portaltela.pt\/api\/wp\/v2\/media?parent=435491"}],"wp:term":[{"taxonomy":"category","embeddable":true,"href":"https:\/\/portaltela.pt\/api\/wp\/v2\/categories?post=435491"},{"taxonomy":"post_tag","embeddable":true,"href":"https:\/\/portaltela.pt\/api\/wp\/v2\/tags?post=435491"}],"curies":[{"name":"wp","href":"https:\/\/api.w.org\/{rel}","templated":true}]}}