{"id":435477,"date":"2026-04-07T11:47:14","date_gmt":"2026-04-07T14:47:14","guid":{"rendered":"https:\/\/portaltela.pt\/noticias\/2026\/04\/07\/relogio-da-torre-dos-clerigos-no-porto-parado-ha-dias\/"},"modified":"2026-04-07T11:47:14","modified_gmt":"2026-04-07T14:47:14","slug":"relogio-da-torre-dos-clerigos-no-porto-parado-ha-dias","status":"publish","type":"post","link":"https:\/\/portaltela.pt\/noticias\/2026\/04\/07\/relogio-da-torre-dos-clerigos-no-porto-parado-ha-dias\/","title":{"rendered":"Rel\u00f3gio da Torre dos Cl\u00e9rigos, no Porto, parado h\u00e1 dias"},"content":{"rendered":"<p>O rel\u00f3gio da Torre dos Cl\u00e9rigos, no Porto, est\u00e1 parado h\u00e1 v\u00e1rios dias. O mecanismo aguarda pela troca de uma pe\u00e7a feita \u00e0 medida para voltar a funcionar, segundo o presidente da Irmandade dos Cl\u00e9rigos. O hor\u00e1rio im\u00f3vel \u00e9 11h35.<\/p>\n<p>A falha no sistema atrasou o reparo devido ao car\u00e1ter artesanal da pe\u00e7a e \u00e0 quadra festiva da P\u00e1scoa, explicou Manuel Fernando. O atraso impede o regular funcionamento do conjunto arquitet\u00f3nico, classificado como Monumento Nacional desde 1910.<\/p>\n<p>Em janeiro de 2024, o rel\u00f3gio j\u00e1 tinha ficado atrasado cerca de 40 minutos durante v\u00e1rios dias, ap\u00f3s um turista danificar um dos veios mec\u00e2nicos. Na altura, o respons\u00e1vel pela gest\u00e3o explicou que o incidente exigiu avalia\u00e7\u00e3o t\u00e9cnica.<\/p>\n<p>Aparecem ainda dificuldades de financiamento para o arranjo, admitiu o l\u00edder da Irmandade dos Cl\u00e9rigos, sem revelar o montante necess\u00e1rio. O objetivo \u00e9 retomar o funcionamento normal do rel\u00f3gio nas pr\u00f3ximas semanas.<\/p>\n<p>A Irmandade dos Cl\u00e9rigos gere o conjunto que integra a Igreja e a Torre, ambos desenhados por Nicolau Nasoni e integrado no patrim\u00f3nio do Porto. A Torre dos Cl\u00e9rigos tem 76 metros de altura e acede-se por uma escada em espiral de 240 degraus.<\/p>\n","protected":false},"excerpt":{"rendered":"<ul>\n<li>O rel\u00f3gio da Torre dos Cl\u00e9rigos, no Porto, est\u00e1 parado h\u00e1 alguns dias, \u00e0s 11h35.<\/li>\n<li>A falha \u00e9 no sistema antigo e exige uma pe\u00e7a nova feita \u00e0 medida; o conserto ficou por vencer devido \u00e0 quadra da P\u00e1scoa.<\/li>\n<li>Em janeiro de 2024 houve atraso de 40 minutos ap\u00f3s um turista ter danificado um veio mec\u00e2nico.<\/li>\n<li>A Irmandade dos Cl\u00e9rigos \u00e9 respons\u00e1vel pela gest\u00e3o da Igreja e da Torre, monuments classificados desde 1910.<\/li>\n<li>A Torre dos Cl\u00e9rigos tem 76 metros de altura e pode ser elevada por uma escada em espiral com 240 degraus.<\/li>\n<\/ul>\n","protected":false},"author":2,"featured_media":435481,"comment_status":"closed","ping_status":"closed","sticky":false,"template":"","format":"standard","meta":{"footnotes":""},"categories":[7375,1],"tags":[7756,142,5216,814,1175,982],"class_list":["post-435477","post","type-post","status-publish","format-standard","has-post-thumbnail","hentry","category-cultura","category-noticias","tag-_cultura","tag-arquitetura","tag-monumento-nacional","tag-patrimonio","tag-patrimonio-cultural","tag-porto"],"yoast_head":"<!-- This site is optimized with the Yoast SEO plugin v27.2 - https:\/\/yoast.com\/product\/yoast-seo-wordpress\/ -->\n<title>Rel\u00f3gio da Torre dos Cl\u00e9rigos, no Porto, parado h\u00e1 dias - Portal Tela Portugal<\/title>\n<meta name=\"robots\" content=\"index, follow, max-snippet:-1, max-image-preview:large, max-video-preview:-1\" \/>\n<meta property=\"og:locale\" content=\"pt_PT\" \/>\n<meta property=\"og:type\" content=\"article\" \/>\n<meta property=\"og:title\" content=\"Rel\u00f3gio da Torre dos Cl\u00e9rigos, no Porto, parado h\u00e1 dias - Portal Tela Portugal\" \/>\n<meta property=\"og:description\" content=\"O rel\u00f3gio da Torre dos Cl\u00e9rigos, no Porto, est\u00e1 parado h\u00e1 alguns dias, \u00e0s 11h35. A falha \u00e9 no sistema antigo e exige uma pe\u00e7a nova feita \u00e0 medida; o conserto ficou por vencer devido \u00e0 quadra da P\u00e1scoa. Em janeiro de 2024 houve atraso de 40 minutos ap\u00f3s um turista ter danificado um veio mec\u00e2nico. A Irmandade dos Cl\u00e9rigos \u00e9 respons\u00e1vel pela gest\u00e3o da Igreja e da Torre, monuments classificados desde 1910. A Torre dos Cl\u00e9rigos tem 76 metros de altura e pode ser elevada por uma escada em espiral com 240 degraus.\" \/>\n<meta property=\"og:url\" content=\"https:\/\/portaltela.pt\/noticias\/2026\/04\/07\/relogio-da-torre-dos-clerigos-no-porto-parado-ha-dias\/\" \/>\n<meta property=\"og:site_name\" content=\"Portal Tela Portugal\" \/>\n<meta property=\"article:published_time\" content=\"2026-04-07T14:47:14+00:00\" \/>\n<meta name=\"author\" content=\"Telinha\" \/>\n<meta name=\"twitter:card\" content=\"summary_large_image\" \/>\n<meta name=\"twitter:label1\" content=\"Escrito por\" \/>\n\t<meta name=\"twitter:data1\" content=\"Telinha\" \/>\n\t<meta name=\"twitter:label2\" content=\"Tempo estimado de leitura\" \/>\n\t<meta name=\"twitter:data2\" content=\"1 minuto\" \/>\n<script type=\"application\/ld+json\" class=\"yoast-schema-graph\">{\"@context\":\"https:\/\/schema.org\",\"@graph\":[{\"@type\":\"Article\",\"@id\":\"https:\/\/portaltela.pt\/noticias\/2026\/04\/07\/relogio-da-torre-dos-clerigos-no-porto-parado-ha-dias\/#article\",\"isPartOf\":{\"@id\":\"https:\/\/portaltela.pt\/noticias\/2026\/04\/07\/relogio-da-torre-dos-clerigos-no-porto-parado-ha-dias\/\"},\"author\":{\"name\":\"Telinha\",\"@id\":\"https:\/\/portaltela.pt\/#\/schema\/person\/c4278d4a6028830caff9ee44b42d32ed\"},\"headline\":\"Rel\u00f3gio da Torre dos Cl\u00e9rigos, no Porto, parado h\u00e1 dias\",\"datePublished\":\"2026-04-07T14:47:14+00:00\",\"mainEntityOfPage\":{\"@id\":\"https:\/\/portaltela.pt\/noticias\/2026\/04\/07\/relogio-da-torre-dos-clerigos-no-porto-parado-ha-dias\/\"},\"wordCount\":221,\"image\":{\"@id\":\"https:\/\/portaltela.pt\/noticias\/2026\/04\/07\/relogio-da-torre-dos-clerigos-no-porto-parado-ha-dias\/#primaryimage\"},\"thumbnailUrl\":\"https:\/\/portaltela.pt\/s.01k8rhncp4jt1\/2026\/04\/image-386.jpg\",\"keywords\":[\"_cultura\",\"arquitetura\",\"Monumento Nacional\",\"patrim\u00f3nio\",\"Patrim\u00f3nio Cultural\",\"Porto\"],\"articleSection\":[\"Cultura\",\"Not\u00edcias\"],\"inLanguage\":\"pt-PT\"},{\"@type\":\"WebPage\",\"@id\":\"https:\/\/portaltela.pt\/noticias\/2026\/04\/07\/relogio-da-torre-dos-clerigos-no-porto-parado-ha-dias\/\",\"url\":\"https:\/\/portaltela.pt\/noticias\/2026\/04\/07\/relogio-da-torre-dos-clerigos-no-porto-parado-ha-dias\/\",\"name\":\"Rel\u00f3gio da Torre dos Cl\u00e9rigos, no Porto, parado h\u00e1 dias - Portal Tela Portugal\",\"isPartOf\":{\"@id\":\"https:\/\/portaltela.pt\/#website\"},\"primaryImageOfPage\":{\"@id\":\"https:\/\/portaltela.pt\/noticias\/2026\/04\/07\/relogio-da-torre-dos-clerigos-no-porto-parado-ha-dias\/#primaryimage\"},\"image\":{\"@id\":\"https:\/\/portaltela.pt\/noticias\/2026\/04\/07\/relogio-da-torre-dos-clerigos-no-porto-parado-ha-dias\/#primaryimage\"},\"thumbnailUrl\":\"https:\/\/portaltela.pt\/s.01k8rhncp4jt1\/2026\/04\/image-386.jpg\",\"datePublished\":\"2026-04-07T14:47:14+00:00\",\"author\":{\"@id\":\"https:\/\/portaltela.pt\/#\/schema\/person\/c4278d4a6028830caff9ee44b42d32ed\"},\"breadcrumb\":{\"@id\":\"https:\/\/portaltela.pt\/noticias\/2026\/04\/07\/relogio-da-torre-dos-clerigos-no-porto-parado-ha-dias\/#breadcrumb\"},\"inLanguage\":\"pt-PT\",\"potentialAction\":[{\"@type\":\"ReadAction\",\"target\":[\"https:\/\/portaltela.pt\/noticias\/2026\/04\/07\/relogio-da-torre-dos-clerigos-no-porto-parado-ha-dias\/\"]}]},{\"@type\":\"ImageObject\",\"inLanguage\":\"pt-PT\",\"@id\":\"https:\/\/portaltela.pt\/noticias\/2026\/04\/07\/relogio-da-torre-dos-clerigos-no-porto-parado-ha-dias\/#primaryimage\",\"url\":\"https:\/\/portaltela.pt\/s.01k8rhncp4jt1\/2026\/04\/image-386.jpg\",\"contentUrl\":\"https:\/\/portaltela.pt\/s.01k8rhncp4jt1\/2026\/04\/image-386.jpg\",\"width\":796,\"height\":448,\"caption\":\"Rel\u00f3gio tem \\\"uma falha no sistema\\\"\"},{\"@type\":\"BreadcrumbList\",\"@id\":\"https:\/\/portaltela.pt\/noticias\/2026\/04\/07\/relogio-da-torre-dos-clerigos-no-porto-parado-ha-dias\/#breadcrumb\",\"itemListElement\":[{\"@type\":\"ListItem\",\"position\":1,\"name\":\"In\u00edcio\",\"item\":\"https:\/\/portaltela.pt\/\"},{\"@type\":\"ListItem\",\"position\":2,\"name\":\"Rel\u00f3gio da Torre dos Cl\u00e9rigos, no Porto, parado h\u00e1 dias\"}]},{\"@type\":\"WebSite\",\"@id\":\"https:\/\/portaltela.pt\/#website\",\"url\":\"https:\/\/portaltela.pt\/\",\"name\":\"Portal Tela Portugal\",\"description\":\"\",\"potentialAction\":[{\"@type\":\"SearchAction\",\"target\":{\"@type\":\"EntryPoint\",\"urlTemplate\":\"https:\/\/portaltela.pt\/?s={search_term_string}\"},\"query-input\":{\"@type\":\"PropertyValueSpecification\",\"valueRequired\":true,\"valueName\":\"search_term_string\"}}],\"inLanguage\":\"pt-PT\"},{\"@type\":\"Person\",\"@id\":\"https:\/\/portaltela.pt\/#\/schema\/person\/c4278d4a6028830caff9ee44b42d32ed\",\"name\":\"Telinha\",\"image\":{\"@type\":\"ImageObject\",\"inLanguage\":\"pt-PT\",\"@id\":\"https:\/\/portaltela.pt\/s.01k8rhncp4jt1\/2025\/11\/talking-bot-125x125.png\",\"url\":\"https:\/\/portaltela.pt\/s.01k8rhncp4jt1\/2025\/11\/talking-bot-125x125.png\",\"contentUrl\":\"https:\/\/portaltela.pt\/s.01k8rhncp4jt1\/2025\/11\/talking-bot-125x125.png\",\"caption\":\"Telinha\"},\"sameAs\":[\"https:\/\/portaltela.pt\/\"],\"url\":\"https:\/\/portaltela.pt\/por\/367410592786\/\"}]}<\/script>\n<!-- \/ Yoast SEO plugin. -->","yoast_head_json":{"title":"Rel\u00f3gio da Torre dos Cl\u00e9rigos, no Porto, parado h\u00e1 dias - Portal Tela Portugal","robots":{"index":"index","follow":"follow","max-snippet":"max-snippet:-1","max-image-preview":"max-image-preview:large","max-video-preview":"max-video-preview:-1"},"og_locale":"pt_PT","og_type":"article","og_title":"Rel\u00f3gio da Torre dos Cl\u00e9rigos, no Porto, parado h\u00e1 dias - Portal Tela Portugal","og_description":"O rel\u00f3gio da Torre dos Cl\u00e9rigos, no Porto, est\u00e1 parado h\u00e1 alguns dias, \u00e0s 11h35. A falha \u00e9 no sistema antigo e exige uma pe\u00e7a nova feita \u00e0 medida; o conserto ficou por vencer devido \u00e0 quadra da P\u00e1scoa. Em janeiro de 2024 houve atraso de 40 minutos ap\u00f3s um turista ter danificado um veio mec\u00e2nico. A Irmandade dos Cl\u00e9rigos \u00e9 respons\u00e1vel pela gest\u00e3o da Igreja e da Torre, monuments classificados desde 1910. A Torre dos Cl\u00e9rigos tem 76 metros de altura e pode ser elevada por uma escada em espiral com 240 degraus.","og_url":"https:\/\/portaltela.pt\/noticias\/2026\/04\/07\/relogio-da-torre-dos-clerigos-no-porto-parado-ha-dias\/","og_site_name":"Portal Tela Portugal","article_published_time":"2026-04-07T14:47:14+00:00","author":"Telinha","twitter_card":"summary_large_image","twitter_misc":{"Escrito por":"Telinha","Tempo estimado de leitura":"1 minuto"},"schema":{"@context":"https:\/\/schema.org","@graph":[{"@type":"Article","@id":"https:\/\/portaltela.pt\/noticias\/2026\/04\/07\/relogio-da-torre-dos-clerigos-no-porto-parado-ha-dias\/#article","isPartOf":{"@id":"https:\/\/portaltela.pt\/noticias\/2026\/04\/07\/relogio-da-torre-dos-clerigos-no-porto-parado-ha-dias\/"},"author":{"name":"Telinha","@id":"https:\/\/portaltela.pt\/#\/schema\/person\/c4278d4a6028830caff9ee44b42d32ed"},"headline":"Rel\u00f3gio da Torre dos Cl\u00e9rigos, no Porto, parado h\u00e1 dias","datePublished":"2026-04-07T14:47:14+00:00","mainEntityOfPage":{"@id":"https:\/\/portaltela.pt\/noticias\/2026\/04\/07\/relogio-da-torre-dos-clerigos-no-porto-parado-ha-dias\/"},"wordCount":221,"image":{"@id":"https:\/\/portaltela.pt\/noticias\/2026\/04\/07\/relogio-da-torre-dos-clerigos-no-porto-parado-ha-dias\/#primaryimage"},"thumbnailUrl":"https:\/\/portaltela.pt\/s.01k8rhncp4jt1\/2026\/04\/image-386.jpg","keywords":["_cultura","arquitetura","Monumento Nacional","patrim\u00f3nio","Patrim\u00f3nio Cultural","Porto"],"articleSection":["Cultura","Not\u00edcias"],"inLanguage":"pt-PT"},{"@type":"WebPage","@id":"https:\/\/portaltela.pt\/noticias\/2026\/04\/07\/relogio-da-torre-dos-clerigos-no-porto-parado-ha-dias\/","url":"https:\/\/portaltela.pt\/noticias\/2026\/04\/07\/relogio-da-torre-dos-clerigos-no-porto-parado-ha-dias\/","name":"Rel\u00f3gio da Torre dos Cl\u00e9rigos, no Porto, parado h\u00e1 dias - Portal Tela Portugal","isPartOf":{"@id":"https:\/\/portaltela.pt\/#website"},"primaryImageOfPage":{"@id":"https:\/\/portaltela.pt\/noticias\/2026\/04\/07\/relogio-da-torre-dos-clerigos-no-porto-parado-ha-dias\/#primaryimage"},"image":{"@id":"https:\/\/portaltela.pt\/noticias\/2026\/04\/07\/relogio-da-torre-dos-clerigos-no-porto-parado-ha-dias\/#primaryimage"},"thumbnailUrl":"https:\/\/portaltela.pt\/s.01k8rhncp4jt1\/2026\/04\/image-386.jpg","datePublished":"2026-04-07T14:47:14+00:00","author":{"@id":"https:\/\/portaltela.pt\/#\/schema\/person\/c4278d4a6028830caff9ee44b42d32ed"},"breadcrumb":{"@id":"https:\/\/portaltela.pt\/noticias\/2026\/04\/07\/relogio-da-torre-dos-clerigos-no-porto-parado-ha-dias\/#breadcrumb"},"inLanguage":"pt-PT","potentialAction":[{"@type":"ReadAction","target":["https:\/\/portaltela.pt\/noticias\/2026\/04\/07\/relogio-da-torre-dos-clerigos-no-porto-parado-ha-dias\/"]}]},{"@type":"ImageObject","inLanguage":"pt-PT","@id":"https:\/\/portaltela.pt\/noticias\/2026\/04\/07\/relogio-da-torre-dos-clerigos-no-porto-parado-ha-dias\/#primaryimage","url":"https:\/\/portaltela.pt\/s.01k8rhncp4jt1\/2026\/04\/image-386.jpg","contentUrl":"https:\/\/portaltela.pt\/s.01k8rhncp4jt1\/2026\/04\/image-386.jpg","width":796,"height":448,"caption":"Rel\u00f3gio tem \"uma falha no sistema\""},{"@type":"BreadcrumbList","@id":"https:\/\/portaltela.pt\/noticias\/2026\/04\/07\/relogio-da-torre-dos-clerigos-no-porto-parado-ha-dias\/#breadcrumb","itemListElement":[{"@type":"ListItem","position":1,"name":"In\u00edcio","item":"https:\/\/portaltela.pt\/"},{"@type":"ListItem","position":2,"name":"Rel\u00f3gio da Torre dos Cl\u00e9rigos, no Porto, parado h\u00e1 dias"}]},{"@type":"WebSite","@id":"https:\/\/portaltela.pt\/#website","url":"https:\/\/portaltela.pt\/","name":"Portal Tela Portugal","description":"","potentialAction":[{"@type":"SearchAction","target":{"@type":"EntryPoint","urlTemplate":"https:\/\/portaltela.pt\/?s={search_term_string}"},"query-input":{"@type":"PropertyValueSpecification","valueRequired":true,"valueName":"search_term_string"}}],"inLanguage":"pt-PT"},{"@type":"Person","@id":"https:\/\/portaltela.pt\/#\/schema\/person\/c4278d4a6028830caff9ee44b42d32ed","name":"Telinha","image":{"@type":"ImageObject","inLanguage":"pt-PT","@id":"https:\/\/portaltela.pt\/s.01k8rhncp4jt1\/2025\/11\/talking-bot-125x125.png","url":"https:\/\/portaltela.pt\/s.01k8rhncp4jt1\/2025\/11\/talking-bot-125x125.png","contentUrl":"https:\/\/portaltela.pt\/s.01k8rhncp4jt1\/2025\/11\/talking-bot-125x125.png","caption":"Telinha"},"sameAs":["https:\/\/portaltela.pt\/"],"url":"https:\/\/portaltela.pt\/por\/367410592786\/"}]}},"_links":{"self":[{"href":"https:\/\/portaltela.pt\/api\/wp\/v2\/posts\/435477","targetHints":{"allow":["GET"]}}],"collection":[{"href":"https:\/\/portaltela.pt\/api\/wp\/v2\/posts"}],"about":[{"href":"https:\/\/portaltela.pt\/api\/wp\/v2\/types\/post"}],"author":[{"embeddable":true,"href":"https:\/\/portaltela.pt\/api\/wp\/v2\/users\/2"}],"replies":[{"embeddable":true,"href":"https:\/\/portaltela.pt\/api\/wp\/v2\/comments?post=435477"}],"version-history":[{"count":0,"href":"https:\/\/portaltela.pt\/api\/wp\/v2\/posts\/435477\/revisions"}],"wp:featuredmedia":[{"embeddable":true,"href":"https:\/\/portaltela.pt\/api\/wp\/v2\/media\/435481"}],"wp:attachment":[{"href":"https:\/\/portaltela.pt\/api\/wp\/v2\/media?parent=435477"}],"wp:term":[{"taxonomy":"category","embeddable":true,"href":"https:\/\/portaltela.pt\/api\/wp\/v2\/categories?post=435477"},{"taxonomy":"post_tag","embeddable":true,"href":"https:\/\/portaltela.pt\/api\/wp\/v2\/tags?post=435477"}],"curies":[{"name":"wp","href":"https:\/\/api.w.org\/{rel}","templated":true}]}}