{"id":435475,"date":"2026-04-07T11:47:13","date_gmt":"2026-04-07T14:47:13","guid":{"rendered":"https:\/\/portaltela.pt\/noticias\/2026\/04\/07\/o-que-os-portugueses-dizem-sobre-a-polemica-da-casa-dos-segredos-10\/"},"modified":"2026-04-07T11:47:13","modified_gmt":"2026-04-07T14:47:13","slug":"o-que-os-portugueses-dizem-sobre-a-polemica-da-casa-dos-segredos-10","status":"publish","type":"post","link":"https:\/\/portaltela.pt\/noticias\/2026\/04\/07\/o-que-os-portugueses-dizem-sobre-a-polemica-da-casa-dos-segredos-10\/","title":{"rendered":"O que os portugueses dizem sobre a pol\u00e9mica da Casa dos Segredos 10"},"content":{"rendered":"<p>Beatriz Prates esteve em direto no Mercado de Alvalade para recolher opini\u00f5es sobre a pol\u00e9mica em torno da Casa dos Segredos 10. O tri\u00e2ngulo amoroso que tem gerado burburinho divide a audi\u00eancia entre surpresa, indigna\u00e7\u00e3o e aceita\u00e7\u00e3o como parte do jogo. O objetivo foi ouvir diferentes perspetivas dos portugueses.<\/p>\n<p>Alguns entrevistados afirmam que a situa\u00e7\u00e3o surpreende e incomoda, enquanto outros defendem que o reality mostra a din\u00e2mica humana e deve manter-se fiel \u00e0 realidade. H\u00e1 quem critique a forma como os concorrentes lidam com quest\u00f5es pessoais, pedindo maior responsabilidade.<\/p>\n<p>Outros apontam que o programa ganha relev\u00e2ncia ao explorar temas de vida privada, desde que haja equil\u00edbrio entre entretenimento e autenticidade. A discuss\u00e3o p\u00fablica nas opini\u00f5es expressas no local manteve-se variada ao longo da manh\u00e3.<\/p>\n<p>As redes sociais acompanham o debate, com seguidores do programa a apoiar ou criticar as atitudes dos participantes. A pol\u00e9mica tem contribu\u00eddo para aumentar o interesse, mantendo o reality show entre os conte\u00fados mais comentados da televis\u00e3o em Portugal.<\/p>\n<p>A transmiss\u00e3o em direto e a cobertura de opini\u00e3o refor\u00e7am a visibilidade do formato, que continua a ser tema de conversa frequente entre f\u00e3s e cr\u00edticos. A equipa de reportagem pretende acompanhar desenvolvimentos futuros da edi\u00e7\u00e3o.<\/p>\n<p>O programa permanece em emiss\u00e3o, com f\u00e3s a acompanhar pr\u00f3ximos epis\u00f3dios para entender a evolu\u00e7\u00e3o do tri\u00e2ngulo amoroso. A cobertura tem, assim, contribu\u00eddo para manter o entretenimento no centro das discuss\u00f5es televisivas nacionais.<\/p>\n","protected":false},"excerpt":{"rendered":"<ul>\n<li>Beatriz Prates esteve em direto no Mercado de Alvalade para recolher opini\u00f5es sobre o tri\u00e2ngulo amoroso da Casa dos Segredos 10.<\/li>\n<li>Os portugueses respondem de forma diversificada, com surpresa e indigna\u00e7\u00e3o a algumas perspetivas.<\/li>\n<li>Outros entendem que a situa\u00e7\u00e3o faz parte do jogo e deve ser encarada com naturalidade.<\/li>\n<li>H\u00e1 quem critique a forma como os concorrentes lidam com quest\u00f5es pessoais e quem defenda uma abordagem mais aut\u00eantica da realidade.<\/li>\n<li>O debate tamb\u00e9m ganha for\u00e7a nas redes sociais, potenciando o interesse pelo programa, que continua entre os conte\u00fados mais comentados na televis\u00e3o portuguesa.<\/li>\n<\/ul>\n","protected":false},"author":2,"featured_media":435482,"comment_status":"closed","ping_status":"closed","sticky":false,"template":"","format":"standard","meta":{"footnotes":""},"categories":[12,1],"tags":[7756,3259,76,1196,5962],"class_list":["post-435475","post","type-post","status-publish","format-standard","has-post-thumbnail","hentry","category-entretenimento","category-noticias","tag-_cultura","tag-celebidades","tag-celebridades","tag-vida-privada","tag-vida-publica"],"yoast_head":"<!-- This site is optimized with the Yoast SEO plugin v27.2 - https:\/\/yoast.com\/product\/yoast-seo-wordpress\/ -->\n<title>O que os portugueses dizem sobre a pol\u00e9mica da Casa dos Segredos 10 - Portal Tela Portugal<\/title>\n<meta name=\"robots\" content=\"index, follow, max-snippet:-1, max-image-preview:large, max-video-preview:-1\" \/>\n<meta property=\"og:locale\" content=\"pt_PT\" \/>\n<meta property=\"og:type\" content=\"article\" \/>\n<meta property=\"og:title\" content=\"O que os portugueses dizem sobre a pol\u00e9mica da Casa dos Segredos 10 - Portal Tela Portugal\" \/>\n<meta property=\"og:description\" content=\"Beatriz Prates esteve em direto no Mercado de Alvalade para recolher opini\u00f5es sobre o tri\u00e2ngulo amoroso da Casa dos Segredos 10. Os portugueses respondem de forma diversificada, com surpresa e indigna\u00e7\u00e3o a algumas perspetivas. Outros entendem que a situa\u00e7\u00e3o faz parte do jogo e deve ser encarada com naturalidade. H\u00e1 quem critique a forma como os concorrentes lidam com quest\u00f5es pessoais e quem defenda uma abordagem mais aut\u00eantica da realidade. O debate tamb\u00e9m ganha for\u00e7a nas redes sociais, potenciando o interesse pelo programa, que continua entre os conte\u00fados mais comentados na televis\u00e3o portuguesa.\" \/>\n<meta property=\"og:url\" content=\"https:\/\/portaltela.pt\/noticias\/2026\/04\/07\/o-que-os-portugueses-dizem-sobre-a-polemica-da-casa-dos-segredos-10\/\" \/>\n<meta property=\"og:site_name\" content=\"Portal Tela Portugal\" \/>\n<meta property=\"article:published_time\" content=\"2026-04-07T14:47:13+00:00\" \/>\n<meta name=\"author\" content=\"Telinha\" \/>\n<meta name=\"twitter:card\" content=\"summary_large_image\" \/>\n<meta name=\"twitter:label1\" content=\"Escrito por\" \/>\n\t<meta name=\"twitter:data1\" content=\"Telinha\" \/>\n\t<meta name=\"twitter:label2\" content=\"Tempo estimado de leitura\" \/>\n\t<meta name=\"twitter:data2\" content=\"1 minuto\" \/>\n<script type=\"application\/ld+json\" class=\"yoast-schema-graph\">{\"@context\":\"https:\/\/schema.org\",\"@graph\":[{\"@type\":\"Article\",\"@id\":\"https:\/\/portaltela.pt\/noticias\/2026\/04\/07\/o-que-os-portugueses-dizem-sobre-a-polemica-da-casa-dos-segredos-10\/#article\",\"isPartOf\":{\"@id\":\"https:\/\/portaltela.pt\/noticias\/2026\/04\/07\/o-que-os-portugueses-dizem-sobre-a-polemica-da-casa-dos-segredos-10\/\"},\"author\":{\"name\":\"Telinha\",\"@id\":\"https:\/\/portaltela.pt\/#\/schema\/person\/c4278d4a6028830caff9ee44b42d32ed\"},\"headline\":\"O que os portugueses dizem sobre a pol\u00e9mica da Casa dos Segredos 10\",\"datePublished\":\"2026-04-07T14:47:13+00:00\",\"mainEntityOfPage\":{\"@id\":\"https:\/\/portaltela.pt\/noticias\/2026\/04\/07\/o-que-os-portugueses-dizem-sobre-a-polemica-da-casa-dos-segredos-10\/\"},\"wordCount\":275,\"image\":{\"@id\":\"https:\/\/portaltela.pt\/noticias\/2026\/04\/07\/o-que-os-portugueses-dizem-sobre-a-polemica-da-casa-dos-segredos-10\/#primaryimage\"},\"thumbnailUrl\":\"https:\/\/portaltela.pt\/s.01k8rhncp4jt1\/2026\/04\/img_1280x722uu2026-04-07-15-43-57-2277072.jpg\",\"keywords\":[\"_cultura\",\"celebidades\",\"celebridades\",\"Vida Privada\",\"vida p\u00fablica\"],\"articleSection\":[\"Entretenimento\",\"Not\u00edcias\"],\"inLanguage\":\"pt-PT\"},{\"@type\":\"WebPage\",\"@id\":\"https:\/\/portaltela.pt\/noticias\/2026\/04\/07\/o-que-os-portugueses-dizem-sobre-a-polemica-da-casa-dos-segredos-10\/\",\"url\":\"https:\/\/portaltela.pt\/noticias\/2026\/04\/07\/o-que-os-portugueses-dizem-sobre-a-polemica-da-casa-dos-segredos-10\/\",\"name\":\"O que os portugueses dizem sobre a pol\u00e9mica da Casa dos Segredos 10 - Portal Tela Portugal\",\"isPartOf\":{\"@id\":\"https:\/\/portaltela.pt\/#website\"},\"primaryImageOfPage\":{\"@id\":\"https:\/\/portaltela.pt\/noticias\/2026\/04\/07\/o-que-os-portugueses-dizem-sobre-a-polemica-da-casa-dos-segredos-10\/#primaryimage\"},\"image\":{\"@id\":\"https:\/\/portaltela.pt\/noticias\/2026\/04\/07\/o-que-os-portugueses-dizem-sobre-a-polemica-da-casa-dos-segredos-10\/#primaryimage\"},\"thumbnailUrl\":\"https:\/\/portaltela.pt\/s.01k8rhncp4jt1\/2026\/04\/img_1280x722uu2026-04-07-15-43-57-2277072.jpg\",\"datePublished\":\"2026-04-07T14:47:13+00:00\",\"author\":{\"@id\":\"https:\/\/portaltela.pt\/#\/schema\/person\/c4278d4a6028830caff9ee44b42d32ed\"},\"breadcrumb\":{\"@id\":\"https:\/\/portaltela.pt\/noticias\/2026\/04\/07\/o-que-os-portugueses-dizem-sobre-a-polemica-da-casa-dos-segredos-10\/#breadcrumb\"},\"inLanguage\":\"pt-PT\",\"potentialAction\":[{\"@type\":\"ReadAction\",\"target\":[\"https:\/\/portaltela.pt\/noticias\/2026\/04\/07\/o-que-os-portugueses-dizem-sobre-a-polemica-da-casa-dos-segredos-10\/\"]}]},{\"@type\":\"ImageObject\",\"inLanguage\":\"pt-PT\",\"@id\":\"https:\/\/portaltela.pt\/noticias\/2026\/04\/07\/o-que-os-portugueses-dizem-sobre-a-polemica-da-casa-dos-segredos-10\/#primaryimage\",\"url\":\"https:\/\/portaltela.pt\/s.01k8rhncp4jt1\/2026\/04\/img_1280x722uu2026-04-07-15-43-57-2277072.jpg\",\"contentUrl\":\"https:\/\/portaltela.pt\/s.01k8rhncp4jt1\/2026\/04\/img_1280x722uu2026-04-07-15-43-57-2277072.jpg\",\"width\":796,\"height\":448,\"caption\":\"Photo\"},{\"@type\":\"BreadcrumbList\",\"@id\":\"https:\/\/portaltela.pt\/noticias\/2026\/04\/07\/o-que-os-portugueses-dizem-sobre-a-polemica-da-casa-dos-segredos-10\/#breadcrumb\",\"itemListElement\":[{\"@type\":\"ListItem\",\"position\":1,\"name\":\"In\u00edcio\",\"item\":\"https:\/\/portaltela.pt\/\"},{\"@type\":\"ListItem\",\"position\":2,\"name\":\"O que os portugueses dizem sobre a pol\u00e9mica da Casa dos Segredos 10\"}]},{\"@type\":\"WebSite\",\"@id\":\"https:\/\/portaltela.pt\/#website\",\"url\":\"https:\/\/portaltela.pt\/\",\"name\":\"Portal Tela Portugal\",\"description\":\"\",\"potentialAction\":[{\"@type\":\"SearchAction\",\"target\":{\"@type\":\"EntryPoint\",\"urlTemplate\":\"https:\/\/portaltela.pt\/?s={search_term_string}\"},\"query-input\":{\"@type\":\"PropertyValueSpecification\",\"valueRequired\":true,\"valueName\":\"search_term_string\"}}],\"inLanguage\":\"pt-PT\"},{\"@type\":\"Person\",\"@id\":\"https:\/\/portaltela.pt\/#\/schema\/person\/c4278d4a6028830caff9ee44b42d32ed\",\"name\":\"Telinha\",\"image\":{\"@type\":\"ImageObject\",\"inLanguage\":\"pt-PT\",\"@id\":\"https:\/\/portaltela.pt\/s.01k8rhncp4jt1\/2025\/11\/talking-bot-125x125.png\",\"url\":\"https:\/\/portaltela.pt\/s.01k8rhncp4jt1\/2025\/11\/talking-bot-125x125.png\",\"contentUrl\":\"https:\/\/portaltela.pt\/s.01k8rhncp4jt1\/2025\/11\/talking-bot-125x125.png\",\"caption\":\"Telinha\"},\"sameAs\":[\"https:\/\/portaltela.pt\/\"],\"url\":\"https:\/\/portaltela.pt\/por\/367410592786\/\"}]}<\/script>\n<!-- \/ Yoast SEO plugin. -->","yoast_head_json":{"title":"O que os portugueses dizem sobre a pol\u00e9mica da Casa dos Segredos 10 - Portal Tela Portugal","robots":{"index":"index","follow":"follow","max-snippet":"max-snippet:-1","max-image-preview":"max-image-preview:large","max-video-preview":"max-video-preview:-1"},"og_locale":"pt_PT","og_type":"article","og_title":"O que os portugueses dizem sobre a pol\u00e9mica da Casa dos Segredos 10 - Portal Tela Portugal","og_description":"Beatriz Prates esteve em direto no Mercado de Alvalade para recolher opini\u00f5es sobre o tri\u00e2ngulo amoroso da Casa dos Segredos 10. Os portugueses respondem de forma diversificada, com surpresa e indigna\u00e7\u00e3o a algumas perspetivas. Outros entendem que a situa\u00e7\u00e3o faz parte do jogo e deve ser encarada com naturalidade. H\u00e1 quem critique a forma como os concorrentes lidam com quest\u00f5es pessoais e quem defenda uma abordagem mais aut\u00eantica da realidade. O debate tamb\u00e9m ganha for\u00e7a nas redes sociais, potenciando o interesse pelo programa, que continua entre os conte\u00fados mais comentados na televis\u00e3o portuguesa.","og_url":"https:\/\/portaltela.pt\/noticias\/2026\/04\/07\/o-que-os-portugueses-dizem-sobre-a-polemica-da-casa-dos-segredos-10\/","og_site_name":"Portal Tela Portugal","article_published_time":"2026-04-07T14:47:13+00:00","author":"Telinha","twitter_card":"summary_large_image","twitter_misc":{"Escrito por":"Telinha","Tempo estimado de leitura":"1 minuto"},"schema":{"@context":"https:\/\/schema.org","@graph":[{"@type":"Article","@id":"https:\/\/portaltela.pt\/noticias\/2026\/04\/07\/o-que-os-portugueses-dizem-sobre-a-polemica-da-casa-dos-segredos-10\/#article","isPartOf":{"@id":"https:\/\/portaltela.pt\/noticias\/2026\/04\/07\/o-que-os-portugueses-dizem-sobre-a-polemica-da-casa-dos-segredos-10\/"},"author":{"name":"Telinha","@id":"https:\/\/portaltela.pt\/#\/schema\/person\/c4278d4a6028830caff9ee44b42d32ed"},"headline":"O que os portugueses dizem sobre a pol\u00e9mica da Casa dos Segredos 10","datePublished":"2026-04-07T14:47:13+00:00","mainEntityOfPage":{"@id":"https:\/\/portaltela.pt\/noticias\/2026\/04\/07\/o-que-os-portugueses-dizem-sobre-a-polemica-da-casa-dos-segredos-10\/"},"wordCount":275,"image":{"@id":"https:\/\/portaltela.pt\/noticias\/2026\/04\/07\/o-que-os-portugueses-dizem-sobre-a-polemica-da-casa-dos-segredos-10\/#primaryimage"},"thumbnailUrl":"https:\/\/portaltela.pt\/s.01k8rhncp4jt1\/2026\/04\/img_1280x722uu2026-04-07-15-43-57-2277072.jpg","keywords":["_cultura","celebidades","celebridades","Vida Privada","vida p\u00fablica"],"articleSection":["Entretenimento","Not\u00edcias"],"inLanguage":"pt-PT"},{"@type":"WebPage","@id":"https:\/\/portaltela.pt\/noticias\/2026\/04\/07\/o-que-os-portugueses-dizem-sobre-a-polemica-da-casa-dos-segredos-10\/","url":"https:\/\/portaltela.pt\/noticias\/2026\/04\/07\/o-que-os-portugueses-dizem-sobre-a-polemica-da-casa-dos-segredos-10\/","name":"O que os portugueses dizem sobre a pol\u00e9mica da Casa dos Segredos 10 - Portal Tela Portugal","isPartOf":{"@id":"https:\/\/portaltela.pt\/#website"},"primaryImageOfPage":{"@id":"https:\/\/portaltela.pt\/noticias\/2026\/04\/07\/o-que-os-portugueses-dizem-sobre-a-polemica-da-casa-dos-segredos-10\/#primaryimage"},"image":{"@id":"https:\/\/portaltela.pt\/noticias\/2026\/04\/07\/o-que-os-portugueses-dizem-sobre-a-polemica-da-casa-dos-segredos-10\/#primaryimage"},"thumbnailUrl":"https:\/\/portaltela.pt\/s.01k8rhncp4jt1\/2026\/04\/img_1280x722uu2026-04-07-15-43-57-2277072.jpg","datePublished":"2026-04-07T14:47:13+00:00","author":{"@id":"https:\/\/portaltela.pt\/#\/schema\/person\/c4278d4a6028830caff9ee44b42d32ed"},"breadcrumb":{"@id":"https:\/\/portaltela.pt\/noticias\/2026\/04\/07\/o-que-os-portugueses-dizem-sobre-a-polemica-da-casa-dos-segredos-10\/#breadcrumb"},"inLanguage":"pt-PT","potentialAction":[{"@type":"ReadAction","target":["https:\/\/portaltela.pt\/noticias\/2026\/04\/07\/o-que-os-portugueses-dizem-sobre-a-polemica-da-casa-dos-segredos-10\/"]}]},{"@type":"ImageObject","inLanguage":"pt-PT","@id":"https:\/\/portaltela.pt\/noticias\/2026\/04\/07\/o-que-os-portugueses-dizem-sobre-a-polemica-da-casa-dos-segredos-10\/#primaryimage","url":"https:\/\/portaltela.pt\/s.01k8rhncp4jt1\/2026\/04\/img_1280x722uu2026-04-07-15-43-57-2277072.jpg","contentUrl":"https:\/\/portaltela.pt\/s.01k8rhncp4jt1\/2026\/04\/img_1280x722uu2026-04-07-15-43-57-2277072.jpg","width":796,"height":448,"caption":"Photo"},{"@type":"BreadcrumbList","@id":"https:\/\/portaltela.pt\/noticias\/2026\/04\/07\/o-que-os-portugueses-dizem-sobre-a-polemica-da-casa-dos-segredos-10\/#breadcrumb","itemListElement":[{"@type":"ListItem","position":1,"name":"In\u00edcio","item":"https:\/\/portaltela.pt\/"},{"@type":"ListItem","position":2,"name":"O que os portugueses dizem sobre a pol\u00e9mica da Casa dos Segredos 10"}]},{"@type":"WebSite","@id":"https:\/\/portaltela.pt\/#website","url":"https:\/\/portaltela.pt\/","name":"Portal Tela Portugal","description":"","potentialAction":[{"@type":"SearchAction","target":{"@type":"EntryPoint","urlTemplate":"https:\/\/portaltela.pt\/?s={search_term_string}"},"query-input":{"@type":"PropertyValueSpecification","valueRequired":true,"valueName":"search_term_string"}}],"inLanguage":"pt-PT"},{"@type":"Person","@id":"https:\/\/portaltela.pt\/#\/schema\/person\/c4278d4a6028830caff9ee44b42d32ed","name":"Telinha","image":{"@type":"ImageObject","inLanguage":"pt-PT","@id":"https:\/\/portaltela.pt\/s.01k8rhncp4jt1\/2025\/11\/talking-bot-125x125.png","url":"https:\/\/portaltela.pt\/s.01k8rhncp4jt1\/2025\/11\/talking-bot-125x125.png","contentUrl":"https:\/\/portaltela.pt\/s.01k8rhncp4jt1\/2025\/11\/talking-bot-125x125.png","caption":"Telinha"},"sameAs":["https:\/\/portaltela.pt\/"],"url":"https:\/\/portaltela.pt\/por\/367410592786\/"}]}},"_links":{"self":[{"href":"https:\/\/portaltela.pt\/api\/wp\/v2\/posts\/435475","targetHints":{"allow":["GET"]}}],"collection":[{"href":"https:\/\/portaltela.pt\/api\/wp\/v2\/posts"}],"about":[{"href":"https:\/\/portaltela.pt\/api\/wp\/v2\/types\/post"}],"author":[{"embeddable":true,"href":"https:\/\/portaltela.pt\/api\/wp\/v2\/users\/2"}],"replies":[{"embeddable":true,"href":"https:\/\/portaltela.pt\/api\/wp\/v2\/comments?post=435475"}],"version-history":[{"count":0,"href":"https:\/\/portaltela.pt\/api\/wp\/v2\/posts\/435475\/revisions"}],"wp:featuredmedia":[{"embeddable":true,"href":"https:\/\/portaltela.pt\/api\/wp\/v2\/media\/435482"}],"wp:attachment":[{"href":"https:\/\/portaltela.pt\/api\/wp\/v2\/media?parent=435475"}],"wp:term":[{"taxonomy":"category","embeddable":true,"href":"https:\/\/portaltela.pt\/api\/wp\/v2\/categories?post=435475"},{"taxonomy":"post_tag","embeddable":true,"href":"https:\/\/portaltela.pt\/api\/wp\/v2\/tags?post=435475"}],"curies":[{"name":"wp","href":"https:\/\/api.w.org\/{rel}","templated":true}]}}