{"id":435467,"date":"2026-04-07T11:32:49","date_gmt":"2026-04-07T14:32:49","guid":{"rendered":"https:\/\/portaltela.pt\/noticias\/2026\/04\/07\/pais-podem-inscrever-os-filhos-na-escola-a-partir-de-22-de-abril\/"},"modified":"2026-04-07T11:32:49","modified_gmt":"2026-04-07T14:32:49","slug":"pais-podem-inscrever-os-filhos-na-escola-a-partir-de-22-de-abril","status":"publish","type":"post","link":"https:\/\/portaltela.pt\/sociedade\/2026\/04\/07\/pais-podem-inscrever-os-filhos-na-escola-a-partir-de-22-de-abril\/","title":{"rendered":"Pais podem inscrever os filhos na escola a partir de 22 de abril"},"content":{"rendered":"<p>O calend\u00e1rio de matr\u00edculas para o pr\u00f3ximo ano letivo foi publicado em Di\u00e1rio da Rep\u00fablica. Os pais podem inscrever os filhos a partir de 22 de abril para entrada no Pr\u00e9-Escolar ou no 1.\u00ba ano.<\/p>\n<p>Todas as inscri\u00e7\u00f5es decorrem pelo Portal das Matr\u00edculas. Para o Pr\u00e9-Escolar e o 1.\u00ba ano, o prazo \u00e9 22 de abril a 1 de junho; se o \u00faltimo dia coincidir com feriado ou fim de semana, a data limite transita para o dia \u00fatil seguinte.<\/p>\n<p>O per\u00edodo para transitar para 6.\u00ba, 7.\u00ba, 9.\u00ba e 11.\u00ba anos ocorre entre 16 e 29 de junho. Para os restantes alunos do 1.\u00ba Ciclo que v\u00e3o passar para 2.\u00ba, 3.\u00ba, 4.\u00ba anos ou entrar no 2.\u00ba Ciclo e no 5.\u00ba ano, o prazo \u00e9 1 a 13 de julho.<\/p>\n<p>Quem inicia ou conclui o Secund\u00e1rio (10.\u00ba e 12.\u00ba anos) tem entre 15 e 22 de julho para se matricular. As renova\u00e7\u00f5es s\u00e3o autom\u00e1ticas; apenas devem ser requeridas em situa\u00e7\u00f5es de transfer\u00eancia, mudan\u00e7a de ciclo, altera\u00e7\u00e3o de encarregado de educa\u00e7\u00e3o ou quando dependente de op\u00e7\u00e3o curricular.<\/p>\n<p>O diploma estabelece ainda prazos para os agrupamentos divulgarem listas de alunos admitidos ou com renova\u00e7\u00f5es. At\u00e9 ao 1.\u00ba dia \u00fatil de julho para a Pr\u00e9-Escolar e o 1.\u00ba ano; at\u00e9 ao \u00faltimo dia \u00fatil de julho para os restantes n\u00edveis do B\u00e1sico e do Secund\u00e1rio.<\/p>\n","protected":false},"excerpt":{"rendered":"<ul>\n<li>O calend\u00e1rio de matr\u00edculas e renova\u00e7\u00f5es para o pr\u00f3ximo ano letivo foi publicado no Di\u00e1rio da Rep\u00fablica; as inscri\u00e7\u00f5es para Pr\u00e9-escolar ou 1.\u00ba ano come\u00e7am a 22 de abril, via Portal das Matr\u00edculas, com prazo de 22 de abril a 1 de junho (quando o \u00faltimo dia coincidir com feriado ou fim de semana, transfere-se para o dia \u00fatil seguinte).<\/li>\n<li>Os alunos que v\u00e3o transitar para 6.\u00ba, 7.\u00ba, 9.\u00ba e 11.\u00ba anos podem inscrever-se entre 16 e 29 de junho.<\/li>\n<li>Quem passa para 2.\u00ba, 3.\u00ba, 4.\u00ba ano do 1.\u00ba ciclo ou ingressa no 2.\u00ba ciclo e entra no 5.\u00ba ano tem de se matricular entre 1 e 13 de julho.<\/li>\n<li>Quem vai iniciar ou concluir o Secund\u00e1rio (10.\u00ba e 12.\u00ba anos) tem entre 15 e 22 de julho para se matricular.<\/li>\n<li>Renova\u00e7\u00f5es s\u00e3o autom\u00e1ticas; apenas devem ser requeridas em casos de transfer\u00eancia de estabelecimento, transi\u00e7\u00e3o de ciclo, altera\u00e7\u00e3o de encarregado de educa\u00e7\u00e3o ou depend\u00eancia de op\u00e7\u00e3o curricular; as listas de alunos admitidos ou com renova\u00e7\u00f5es devem ser divulgadas at\u00e9 1.\u00ba dia \u00fatil de julho (Pr\u00e9-Escolar e 1.\u00ba ano) ou at\u00e9 ao \u00faltimo dia \u00fatil de julho (restantes anos).<\/li>\n<\/ul>\n","protected":false},"author":2,"featured_media":435468,"comment_status":"closed","ping_status":"closed","sticky":false,"template":"","format":"standard","meta":{"footnotes":""},"categories":[1,6871],"tags":[7795,5170,163,5955,2443,6114],"class_list":["post-435467","post","type-post","status-publish","format-standard","has-post-thumbnail","hentry","category-noticias","category-sociedade","tag-_educacao","tag-calendario-escolar","tag-educacao","tag-educacao-infantil","tag-educacao-publica","tag-ensino-publico"],"yoast_head":"<!-- This site is optimized with the Yoast SEO plugin v27.2 - https:\/\/yoast.com\/product\/yoast-seo-wordpress\/ -->\n<title>Pais podem inscrever os filhos na escola a partir de 22 de abril - Portal Tela Portugal<\/title>\n<meta name=\"robots\" content=\"index, follow, max-snippet:-1, max-image-preview:large, max-video-preview:-1\" \/>\n<meta property=\"og:locale\" content=\"pt_PT\" \/>\n<meta property=\"og:type\" content=\"article\" \/>\n<meta property=\"og:title\" content=\"Pais podem inscrever os filhos na escola a partir de 22 de abril - Portal Tela Portugal\" \/>\n<meta property=\"og:description\" content=\"O calend\u00e1rio de matr\u00edculas e renova\u00e7\u00f5es para o pr\u00f3ximo ano letivo foi publicado no Di\u00e1rio da Rep\u00fablica; as inscri\u00e7\u00f5es para Pr\u00e9-escolar ou 1.\u00ba ano come\u00e7am a 22 de abril, via Portal das Matr\u00edculas, com prazo de 22 de abril a 1 de junho (quando o \u00faltimo dia coincidir com feriado ou fim de semana, transfere-se para o dia \u00fatil seguinte). Os alunos que v\u00e3o transitar para 6.\u00ba, 7.\u00ba, 9.\u00ba e 11.\u00ba anos podem inscrever-se entre 16 e 29 de junho. Quem passa para 2.\u00ba, 3.\u00ba, 4.\u00ba ano do 1.\u00ba ciclo ou ingressa no 2.\u00ba ciclo e entra no 5.\u00ba ano tem de se matricular entre 1 e 13 de julho. Quem vai iniciar ou concluir o Secund\u00e1rio (10.\u00ba e 12.\u00ba anos) tem entre 15 e 22 de julho para se matricular. Renova\u00e7\u00f5es s\u00e3o autom\u00e1ticas; apenas devem ser requeridas em casos de transfer\u00eancia de estabelecimento, transi\u00e7\u00e3o de ciclo, altera\u00e7\u00e3o de encarregado de educa\u00e7\u00e3o ou depend\u00eancia de op\u00e7\u00e3o curricular; as listas de alunos admitidos ou com renova\u00e7\u00f5es devem ser divulgadas at\u00e9 1.\u00ba dia \u00fatil de julho (Pr\u00e9-Escolar e 1.\u00ba ano) ou at\u00e9 ao \u00faltimo dia \u00fatil de julho (restantes anos).\" \/>\n<meta property=\"og:url\" content=\"https:\/\/portaltela.pt\/noticias\/2026\/04\/07\/pais-podem-inscrever-os-filhos-na-escola-a-partir-de-22-de-abril\/\" \/>\n<meta property=\"og:site_name\" content=\"Portal Tela Portugal\" \/>\n<meta property=\"article:published_time\" content=\"2026-04-07T14:32:49+00:00\" \/>\n<meta name=\"author\" content=\"Telinha\" \/>\n<meta name=\"twitter:card\" content=\"summary_large_image\" \/>\n<meta name=\"twitter:label1\" content=\"Escrito por\" \/>\n\t<meta name=\"twitter:data1\" content=\"Telinha\" \/>\n\t<meta name=\"twitter:label2\" content=\"Tempo estimado de leitura\" \/>\n\t<meta name=\"twitter:data2\" content=\"1 minuto\" \/>\n<script type=\"application\/ld+json\" class=\"yoast-schema-graph\">{\"@context\":\"https:\/\/schema.org\",\"@graph\":[{\"@type\":\"Article\",\"@id\":\"https:\/\/portaltela.pt\/noticias\/2026\/04\/07\/pais-podem-inscrever-os-filhos-na-escola-a-partir-de-22-de-abril\/#article\",\"isPartOf\":{\"@id\":\"https:\/\/portaltela.pt\/noticias\/2026\/04\/07\/pais-podem-inscrever-os-filhos-na-escola-a-partir-de-22-de-abril\/\"},\"author\":{\"name\":\"Telinha\",\"@id\":\"https:\/\/portaltela.pt\/#\/schema\/person\/c4278d4a6028830caff9ee44b42d32ed\"},\"headline\":\"Pais podem inscrever os filhos na escola a partir de 22 de abril\",\"datePublished\":\"2026-04-07T14:32:49+00:00\",\"mainEntityOfPage\":{\"@id\":\"https:\/\/portaltela.pt\/noticias\/2026\/04\/07\/pais-podem-inscrever-os-filhos-na-escola-a-partir-de-22-de-abril\/\"},\"wordCount\":233,\"image\":{\"@id\":\"https:\/\/portaltela.pt\/noticias\/2026\/04\/07\/pais-podem-inscrever-os-filhos-na-escola-a-partir-de-22-de-abril\/#primaryimage\"},\"thumbnailUrl\":\"https:\/\/portaltela.pt\/s.01k8rhncp4jt1\/2026\/04\/image-16.webp\",\"keywords\":[\"_educa\u00e7\u00e3o\",\"calend\u00e1rio escolar\",\"educa\u00e7\u00e3o\",\"educa\u00e7\u00e3o infantil\",\"educa\u00e7\u00e3o p\u00fablica\",\"ensino p\u00fablico\"],\"articleSection\":[\"Not\u00edcias\",\"Sociedade\"],\"inLanguage\":\"pt-PT\"},{\"@type\":\"WebPage\",\"@id\":\"https:\/\/portaltela.pt\/noticias\/2026\/04\/07\/pais-podem-inscrever-os-filhos-na-escola-a-partir-de-22-de-abril\/\",\"url\":\"https:\/\/portaltela.pt\/noticias\/2026\/04\/07\/pais-podem-inscrever-os-filhos-na-escola-a-partir-de-22-de-abril\/\",\"name\":\"Pais podem inscrever os filhos na escola a partir de 22 de abril - Portal Tela Portugal\",\"isPartOf\":{\"@id\":\"https:\/\/portaltela.pt\/#website\"},\"primaryImageOfPage\":{\"@id\":\"https:\/\/portaltela.pt\/noticias\/2026\/04\/07\/pais-podem-inscrever-os-filhos-na-escola-a-partir-de-22-de-abril\/#primaryimage\"},\"image\":{\"@id\":\"https:\/\/portaltela.pt\/noticias\/2026\/04\/07\/pais-podem-inscrever-os-filhos-na-escola-a-partir-de-22-de-abril\/#primaryimage\"},\"thumbnailUrl\":\"https:\/\/portaltela.pt\/s.01k8rhncp4jt1\/2026\/04\/image-16.webp\",\"datePublished\":\"2026-04-07T14:32:49+00:00\",\"author\":{\"@id\":\"https:\/\/portaltela.pt\/#\/schema\/person\/c4278d4a6028830caff9ee44b42d32ed\"},\"breadcrumb\":{\"@id\":\"https:\/\/portaltela.pt\/noticias\/2026\/04\/07\/pais-podem-inscrever-os-filhos-na-escola-a-partir-de-22-de-abril\/#breadcrumb\"},\"inLanguage\":\"pt-PT\",\"potentialAction\":[{\"@type\":\"ReadAction\",\"target\":[\"https:\/\/portaltela.pt\/noticias\/2026\/04\/07\/pais-podem-inscrever-os-filhos-na-escola-a-partir-de-22-de-abril\/\"]}]},{\"@type\":\"ImageObject\",\"inLanguage\":\"pt-PT\",\"@id\":\"https:\/\/portaltela.pt\/noticias\/2026\/04\/07\/pais-podem-inscrever-os-filhos-na-escola-a-partir-de-22-de-abril\/#primaryimage\",\"url\":\"https:\/\/portaltela.pt\/s.01k8rhncp4jt1\/2026\/04\/image-16.webp\",\"contentUrl\":\"https:\/\/portaltela.pt\/s.01k8rhncp4jt1\/2026\/04\/image-16.webp\",\"width\":1200,\"height\":800,\"caption\":\"O Governo publicou esta ter\u00e7a-feira o calend\u00e1rio de matr\u00edculas para o pr\u00f3ximo ano letivo\"},{\"@type\":\"BreadcrumbList\",\"@id\":\"https:\/\/portaltela.pt\/noticias\/2026\/04\/07\/pais-podem-inscrever-os-filhos-na-escola-a-partir-de-22-de-abril\/#breadcrumb\",\"itemListElement\":[{\"@type\":\"ListItem\",\"position\":1,\"name\":\"In\u00edcio\",\"item\":\"https:\/\/portaltela.pt\/\"},{\"@type\":\"ListItem\",\"position\":2,\"name\":\"Pais podem inscrever os filhos na escola a partir de 22 de abril\"}]},{\"@type\":\"WebSite\",\"@id\":\"https:\/\/portaltela.pt\/#website\",\"url\":\"https:\/\/portaltela.pt\/\",\"name\":\"Portal Tela Portugal\",\"description\":\"\",\"potentialAction\":[{\"@type\":\"SearchAction\",\"target\":{\"@type\":\"EntryPoint\",\"urlTemplate\":\"https:\/\/portaltela.pt\/?s={search_term_string}\"},\"query-input\":{\"@type\":\"PropertyValueSpecification\",\"valueRequired\":true,\"valueName\":\"search_term_string\"}}],\"inLanguage\":\"pt-PT\"},{\"@type\":\"Person\",\"@id\":\"https:\/\/portaltela.pt\/#\/schema\/person\/c4278d4a6028830caff9ee44b42d32ed\",\"name\":\"Telinha\",\"image\":{\"@type\":\"ImageObject\",\"inLanguage\":\"pt-PT\",\"@id\":\"https:\/\/portaltela.pt\/s.01k8rhncp4jt1\/2025\/11\/talking-bot-125x125.png\",\"url\":\"https:\/\/portaltela.pt\/s.01k8rhncp4jt1\/2025\/11\/talking-bot-125x125.png\",\"contentUrl\":\"https:\/\/portaltela.pt\/s.01k8rhncp4jt1\/2025\/11\/talking-bot-125x125.png\",\"caption\":\"Telinha\"},\"sameAs\":[\"https:\/\/portaltela.pt\/\"],\"url\":\"https:\/\/portaltela.pt\/por\/367410592786\/\"}]}<\/script>\n<!-- \/ Yoast SEO plugin. -->","yoast_head_json":{"title":"Pais podem inscrever os filhos na escola a partir de 22 de abril - Portal Tela Portugal","robots":{"index":"index","follow":"follow","max-snippet":"max-snippet:-1","max-image-preview":"max-image-preview:large","max-video-preview":"max-video-preview:-1"},"og_locale":"pt_PT","og_type":"article","og_title":"Pais podem inscrever os filhos na escola a partir de 22 de abril - Portal Tela Portugal","og_description":"O calend\u00e1rio de matr\u00edculas e renova\u00e7\u00f5es para o pr\u00f3ximo ano letivo foi publicado no Di\u00e1rio da Rep\u00fablica; as inscri\u00e7\u00f5es para Pr\u00e9-escolar ou 1.\u00ba ano come\u00e7am a 22 de abril, via Portal das Matr\u00edculas, com prazo de 22 de abril a 1 de junho (quando o \u00faltimo dia coincidir com feriado ou fim de semana, transfere-se para o dia \u00fatil seguinte). Os alunos que v\u00e3o transitar para 6.\u00ba, 7.\u00ba, 9.\u00ba e 11.\u00ba anos podem inscrever-se entre 16 e 29 de junho. Quem passa para 2.\u00ba, 3.\u00ba, 4.\u00ba ano do 1.\u00ba ciclo ou ingressa no 2.\u00ba ciclo e entra no 5.\u00ba ano tem de se matricular entre 1 e 13 de julho. Quem vai iniciar ou concluir o Secund\u00e1rio (10.\u00ba e 12.\u00ba anos) tem entre 15 e 22 de julho para se matricular. Renova\u00e7\u00f5es s\u00e3o autom\u00e1ticas; apenas devem ser requeridas em casos de transfer\u00eancia de estabelecimento, transi\u00e7\u00e3o de ciclo, altera\u00e7\u00e3o de encarregado de educa\u00e7\u00e3o ou depend\u00eancia de op\u00e7\u00e3o curricular; as listas de alunos admitidos ou com renova\u00e7\u00f5es devem ser divulgadas at\u00e9 1.\u00ba dia \u00fatil de julho (Pr\u00e9-Escolar e 1.\u00ba ano) ou at\u00e9 ao \u00faltimo dia \u00fatil de julho (restantes anos).","og_url":"https:\/\/portaltela.pt\/noticias\/2026\/04\/07\/pais-podem-inscrever-os-filhos-na-escola-a-partir-de-22-de-abril\/","og_site_name":"Portal Tela Portugal","article_published_time":"2026-04-07T14:32:49+00:00","author":"Telinha","twitter_card":"summary_large_image","twitter_misc":{"Escrito por":"Telinha","Tempo estimado de leitura":"1 minuto"},"schema":{"@context":"https:\/\/schema.org","@graph":[{"@type":"Article","@id":"https:\/\/portaltela.pt\/noticias\/2026\/04\/07\/pais-podem-inscrever-os-filhos-na-escola-a-partir-de-22-de-abril\/#article","isPartOf":{"@id":"https:\/\/portaltela.pt\/noticias\/2026\/04\/07\/pais-podem-inscrever-os-filhos-na-escola-a-partir-de-22-de-abril\/"},"author":{"name":"Telinha","@id":"https:\/\/portaltela.pt\/#\/schema\/person\/c4278d4a6028830caff9ee44b42d32ed"},"headline":"Pais podem inscrever os filhos na escola a partir de 22 de abril","datePublished":"2026-04-07T14:32:49+00:00","mainEntityOfPage":{"@id":"https:\/\/portaltela.pt\/noticias\/2026\/04\/07\/pais-podem-inscrever-os-filhos-na-escola-a-partir-de-22-de-abril\/"},"wordCount":233,"image":{"@id":"https:\/\/portaltela.pt\/noticias\/2026\/04\/07\/pais-podem-inscrever-os-filhos-na-escola-a-partir-de-22-de-abril\/#primaryimage"},"thumbnailUrl":"https:\/\/portaltela.pt\/s.01k8rhncp4jt1\/2026\/04\/image-16.webp","keywords":["_educa\u00e7\u00e3o","calend\u00e1rio escolar","educa\u00e7\u00e3o","educa\u00e7\u00e3o infantil","educa\u00e7\u00e3o p\u00fablica","ensino p\u00fablico"],"articleSection":["Not\u00edcias","Sociedade"],"inLanguage":"pt-PT"},{"@type":"WebPage","@id":"https:\/\/portaltela.pt\/noticias\/2026\/04\/07\/pais-podem-inscrever-os-filhos-na-escola-a-partir-de-22-de-abril\/","url":"https:\/\/portaltela.pt\/noticias\/2026\/04\/07\/pais-podem-inscrever-os-filhos-na-escola-a-partir-de-22-de-abril\/","name":"Pais podem inscrever os filhos na escola a partir de 22 de abril - Portal Tela Portugal","isPartOf":{"@id":"https:\/\/portaltela.pt\/#website"},"primaryImageOfPage":{"@id":"https:\/\/portaltela.pt\/noticias\/2026\/04\/07\/pais-podem-inscrever-os-filhos-na-escola-a-partir-de-22-de-abril\/#primaryimage"},"image":{"@id":"https:\/\/portaltela.pt\/noticias\/2026\/04\/07\/pais-podem-inscrever-os-filhos-na-escola-a-partir-de-22-de-abril\/#primaryimage"},"thumbnailUrl":"https:\/\/portaltela.pt\/s.01k8rhncp4jt1\/2026\/04\/image-16.webp","datePublished":"2026-04-07T14:32:49+00:00","author":{"@id":"https:\/\/portaltela.pt\/#\/schema\/person\/c4278d4a6028830caff9ee44b42d32ed"},"breadcrumb":{"@id":"https:\/\/portaltela.pt\/noticias\/2026\/04\/07\/pais-podem-inscrever-os-filhos-na-escola-a-partir-de-22-de-abril\/#breadcrumb"},"inLanguage":"pt-PT","potentialAction":[{"@type":"ReadAction","target":["https:\/\/portaltela.pt\/noticias\/2026\/04\/07\/pais-podem-inscrever-os-filhos-na-escola-a-partir-de-22-de-abril\/"]}]},{"@type":"ImageObject","inLanguage":"pt-PT","@id":"https:\/\/portaltela.pt\/noticias\/2026\/04\/07\/pais-podem-inscrever-os-filhos-na-escola-a-partir-de-22-de-abril\/#primaryimage","url":"https:\/\/portaltela.pt\/s.01k8rhncp4jt1\/2026\/04\/image-16.webp","contentUrl":"https:\/\/portaltela.pt\/s.01k8rhncp4jt1\/2026\/04\/image-16.webp","width":1200,"height":800,"caption":"O Governo publicou esta ter\u00e7a-feira o calend\u00e1rio de matr\u00edculas para o pr\u00f3ximo ano letivo"},{"@type":"BreadcrumbList","@id":"https:\/\/portaltela.pt\/noticias\/2026\/04\/07\/pais-podem-inscrever-os-filhos-na-escola-a-partir-de-22-de-abril\/#breadcrumb","itemListElement":[{"@type":"ListItem","position":1,"name":"In\u00edcio","item":"https:\/\/portaltela.pt\/"},{"@type":"ListItem","position":2,"name":"Pais podem inscrever os filhos na escola a partir de 22 de abril"}]},{"@type":"WebSite","@id":"https:\/\/portaltela.pt\/#website","url":"https:\/\/portaltela.pt\/","name":"Portal Tela Portugal","description":"","potentialAction":[{"@type":"SearchAction","target":{"@type":"EntryPoint","urlTemplate":"https:\/\/portaltela.pt\/?s={search_term_string}"},"query-input":{"@type":"PropertyValueSpecification","valueRequired":true,"valueName":"search_term_string"}}],"inLanguage":"pt-PT"},{"@type":"Person","@id":"https:\/\/portaltela.pt\/#\/schema\/person\/c4278d4a6028830caff9ee44b42d32ed","name":"Telinha","image":{"@type":"ImageObject","inLanguage":"pt-PT","@id":"https:\/\/portaltela.pt\/s.01k8rhncp4jt1\/2025\/11\/talking-bot-125x125.png","url":"https:\/\/portaltela.pt\/s.01k8rhncp4jt1\/2025\/11\/talking-bot-125x125.png","contentUrl":"https:\/\/portaltela.pt\/s.01k8rhncp4jt1\/2025\/11\/talking-bot-125x125.png","caption":"Telinha"},"sameAs":["https:\/\/portaltela.pt\/"],"url":"https:\/\/portaltela.pt\/por\/367410592786\/"}]}},"_links":{"self":[{"href":"https:\/\/portaltela.pt\/api\/wp\/v2\/posts\/435467","targetHints":{"allow":["GET"]}}],"collection":[{"href":"https:\/\/portaltela.pt\/api\/wp\/v2\/posts"}],"about":[{"href":"https:\/\/portaltela.pt\/api\/wp\/v2\/types\/post"}],"author":[{"embeddable":true,"href":"https:\/\/portaltela.pt\/api\/wp\/v2\/users\/2"}],"replies":[{"embeddable":true,"href":"https:\/\/portaltela.pt\/api\/wp\/v2\/comments?post=435467"}],"version-history":[{"count":0,"href":"https:\/\/portaltela.pt\/api\/wp\/v2\/posts\/435467\/revisions"}],"wp:featuredmedia":[{"embeddable":true,"href":"https:\/\/portaltela.pt\/api\/wp\/v2\/media\/435468"}],"wp:attachment":[{"href":"https:\/\/portaltela.pt\/api\/wp\/v2\/media?parent=435467"}],"wp:term":[{"taxonomy":"category","embeddable":true,"href":"https:\/\/portaltela.pt\/api\/wp\/v2\/categories?post=435467"},{"taxonomy":"post_tag","embeddable":true,"href":"https:\/\/portaltela.pt\/api\/wp\/v2\/tags?post=435467"}],"curies":[{"name":"wp","href":"https:\/\/api.w.org\/{rel}","templated":true}]}}