{"id":435465,"date":"2026-04-07T11:32:34","date_gmt":"2026-04-07T14:32:34","guid":{"rendered":"https:\/\/portaltela.pt\/noticias\/2026\/04\/07\/crianca-de-um-ano-fica-ferida-apos-acidente\/"},"modified":"2026-04-07T11:32:34","modified_gmt":"2026-04-07T14:32:34","slug":"crianca-de-um-ano-fica-ferida-apos-acidente","status":"publish","type":"post","link":"https:\/\/portaltela.pt\/acidentes\/2026\/04\/07\/crianca-de-um-ano-fica-ferida-apos-acidente\/","title":{"rendered":"Crian\u00e7a de um ano fica ferida ap\u00f3s acidente"},"content":{"rendered":"<p>Uma crian\u00e7a com cerca de um ano ficou ferida de forma ligeira na sequ\u00eancia do despiste do autom\u00f3vel em que viajava, na zona de Pinhel. No mesmo acidente, um adulto de 22 anos ficou ferido.<\/p>\n<p>O alerta chegou \u00e0s autoridades \u00e0s 09h30. As v\u00edtimas receberam assist\u00eancia no local e foram transportadas para o hospital.<\/p>\n<p>A GNR est\u00e1 a investigar as circunst\u00e2ncias do despiste.<\/p>\n","protected":false},"excerpt":{"rendered":"<ul>\n<li>\u00c0s 09h30, ocorreu um despiste na zona de Pinhel envolvendo um ve\u00edculo em que viajava uma crian\u00e7a com cerca de um ano.<\/li>\n<li>A crian\u00e7a sofreu ferimentos ligeiros.<\/li>\n<li>Um adulto, de 22 anos, tamb\u00e9m ficou ferido com les\u00f5es ligeiras.<\/li>\n<li>Ambas as v\u00edtimas foram assistidas no local e transportadas para o hospital.<\/li>\n<li>A Guarda Nacional Republicana (GNR) investiga as circunst\u00e2ncias do despiste.<\/li>\n<\/ul>\n","protected":false},"author":2,"featured_media":435466,"comment_status":"closed","ping_status":"closed","sticky":false,"template":"","format":"standard","meta":{"footnotes":""},"categories":[6849],"tags":[5487,2088,2335,3953,3449],"class_list":["post-435465","post","type-post","status-publish","format-standard","has-post-thumbnail","hentry","category-acidentes","tag-acidente","tag-acidente-de-viacao","tag-acidentes-rodoviarios","tag-criancas","tag-feridos"],"yoast_head":"<!-- This site is optimized with the Yoast SEO plugin v27.2 - https:\/\/yoast.com\/product\/yoast-seo-wordpress\/ -->\n<title>Crian\u00e7a de um ano fica ferida ap\u00f3s acidente - Portal Tela Portugal<\/title>\n<meta name=\"robots\" content=\"index, follow, max-snippet:-1, max-image-preview:large, max-video-preview:-1\" \/>\n<meta property=\"og:locale\" content=\"pt_PT\" \/>\n<meta property=\"og:type\" content=\"article\" \/>\n<meta property=\"og:title\" content=\"Crian\u00e7a de um ano fica ferida ap\u00f3s acidente - Portal Tela Portugal\" \/>\n<meta property=\"og:description\" content=\"\u00c0s 09h30, ocorreu um despiste na zona de Pinhel envolvendo um ve\u00edculo em que viajava uma crian\u00e7a com cerca de um ano. A crian\u00e7a sofreu ferimentos ligeiros. Um adulto, de 22 anos, tamb\u00e9m ficou ferido com les\u00f5es ligeiras. Ambas as v\u00edtimas foram assistidas no local e transportadas para o hospital. A Guarda Nacional Republicana (GNR) investiga as circunst\u00e2ncias do despiste.\" \/>\n<meta property=\"og:url\" content=\"https:\/\/portaltela.pt\/noticias\/2026\/04\/07\/crianca-de-um-ano-fica-ferida-apos-acidente\/\" \/>\n<meta property=\"og:site_name\" content=\"Portal Tela Portugal\" \/>\n<meta property=\"article:published_time\" content=\"2026-04-07T14:32:34+00:00\" \/>\n<meta name=\"author\" content=\"Telinha\" \/>\n<meta name=\"twitter:card\" content=\"summary_large_image\" \/>\n<meta name=\"twitter:label1\" content=\"Escrito por\" \/>\n\t<meta name=\"twitter:data1\" content=\"Telinha\" \/>\n<script type=\"application\/ld+json\" class=\"yoast-schema-graph\">{\"@context\":\"https:\/\/schema.org\",\"@graph\":[{\"@type\":\"Article\",\"@id\":\"https:\/\/portaltela.pt\/noticias\/2026\/04\/07\/crianca-de-um-ano-fica-ferida-apos-acidente\/#article\",\"isPartOf\":{\"@id\":\"https:\/\/portaltela.pt\/noticias\/2026\/04\/07\/crianca-de-um-ano-fica-ferida-apos-acidente\/\"},\"author\":{\"name\":\"Telinha\",\"@id\":\"https:\/\/portaltela.pt\/#\/schema\/person\/c4278d4a6028830caff9ee44b42d32ed\"},\"headline\":\"Crian\u00e7a de um ano fica ferida ap\u00f3s acidente\",\"datePublished\":\"2026-04-07T14:32:34+00:00\",\"mainEntityOfPage\":{\"@id\":\"https:\/\/portaltela.pt\/noticias\/2026\/04\/07\/crianca-de-um-ano-fica-ferida-apos-acidente\/\"},\"wordCount\":78,\"image\":{\"@id\":\"https:\/\/portaltela.pt\/noticias\/2026\/04\/07\/crianca-de-um-ano-fica-ferida-apos-acidente\/#primaryimage\"},\"thumbnailUrl\":\"https:\/\/portaltela.pt\/s.01k8rhncp4jt1\/2026\/04\/img_1500x1000uu2026-01-03-15-20-05-2257812-im-639050227336701619.jpg\",\"keywords\":[\"acidente\",\"acidente de via\u00e7\u00e3o\",\"acidentes rodovi\u00e1rios\",\"crian\u00e7as\",\"feridos\"],\"articleSection\":[\"Acidentes\"],\"inLanguage\":\"pt-PT\"},{\"@type\":\"WebPage\",\"@id\":\"https:\/\/portaltela.pt\/noticias\/2026\/04\/07\/crianca-de-um-ano-fica-ferida-apos-acidente\/\",\"url\":\"https:\/\/portaltela.pt\/noticias\/2026\/04\/07\/crianca-de-um-ano-fica-ferida-apos-acidente\/\",\"name\":\"Crian\u00e7a de um ano fica ferida ap\u00f3s acidente - Portal Tela Portugal\",\"isPartOf\":{\"@id\":\"https:\/\/portaltela.pt\/#website\"},\"primaryImageOfPage\":{\"@id\":\"https:\/\/portaltela.pt\/noticias\/2026\/04\/07\/crianca-de-um-ano-fica-ferida-apos-acidente\/#primaryimage\"},\"image\":{\"@id\":\"https:\/\/portaltela.pt\/noticias\/2026\/04\/07\/crianca-de-um-ano-fica-ferida-apos-acidente\/#primaryimage\"},\"thumbnailUrl\":\"https:\/\/portaltela.pt\/s.01k8rhncp4jt1\/2026\/04\/img_1500x1000uu2026-01-03-15-20-05-2257812-im-639050227336701619.jpg\",\"datePublished\":\"2026-04-07T14:32:34+00:00\",\"author\":{\"@id\":\"https:\/\/portaltela.pt\/#\/schema\/person\/c4278d4a6028830caff9ee44b42d32ed\"},\"breadcrumb\":{\"@id\":\"https:\/\/portaltela.pt\/noticias\/2026\/04\/07\/crianca-de-um-ano-fica-ferida-apos-acidente\/#breadcrumb\"},\"inLanguage\":\"pt-PT\",\"potentialAction\":[{\"@type\":\"ReadAction\",\"target\":[\"https:\/\/portaltela.pt\/noticias\/2026\/04\/07\/crianca-de-um-ano-fica-ferida-apos-acidente\/\"]}]},{\"@type\":\"ImageObject\",\"inLanguage\":\"pt-PT\",\"@id\":\"https:\/\/portaltela.pt\/noticias\/2026\/04\/07\/crianca-de-um-ano-fica-ferida-apos-acidente\/#primaryimage\",\"url\":\"https:\/\/portaltela.pt\/s.01k8rhncp4jt1\/2026\/04\/img_1500x1000uu2026-01-03-15-20-05-2257812-im-639050227336701619.jpg\",\"contentUrl\":\"https:\/\/portaltela.pt\/s.01k8rhncp4jt1\/2026\/04\/img_1500x1000uu2026-01-03-15-20-05-2257812-im-639050227336701619.jpg\",\"width\":1500,\"height\":1000,\"caption\":\"V\u00edtimas foram transportadas para o hospital\"},{\"@type\":\"BreadcrumbList\",\"@id\":\"https:\/\/portaltela.pt\/noticias\/2026\/04\/07\/crianca-de-um-ano-fica-ferida-apos-acidente\/#breadcrumb\",\"itemListElement\":[{\"@type\":\"ListItem\",\"position\":1,\"name\":\"In\u00edcio\",\"item\":\"https:\/\/portaltela.pt\/\"},{\"@type\":\"ListItem\",\"position\":2,\"name\":\"Crian\u00e7a de um ano fica ferida ap\u00f3s acidente\"}]},{\"@type\":\"WebSite\",\"@id\":\"https:\/\/portaltela.pt\/#website\",\"url\":\"https:\/\/portaltela.pt\/\",\"name\":\"Portal Tela Portugal\",\"description\":\"\",\"potentialAction\":[{\"@type\":\"SearchAction\",\"target\":{\"@type\":\"EntryPoint\",\"urlTemplate\":\"https:\/\/portaltela.pt\/?s={search_term_string}\"},\"query-input\":{\"@type\":\"PropertyValueSpecification\",\"valueRequired\":true,\"valueName\":\"search_term_string\"}}],\"inLanguage\":\"pt-PT\"},{\"@type\":\"Person\",\"@id\":\"https:\/\/portaltela.pt\/#\/schema\/person\/c4278d4a6028830caff9ee44b42d32ed\",\"name\":\"Telinha\",\"image\":{\"@type\":\"ImageObject\",\"inLanguage\":\"pt-PT\",\"@id\":\"https:\/\/portaltela.pt\/s.01k8rhncp4jt1\/2025\/11\/talking-bot-125x125.png\",\"url\":\"https:\/\/portaltela.pt\/s.01k8rhncp4jt1\/2025\/11\/talking-bot-125x125.png\",\"contentUrl\":\"https:\/\/portaltela.pt\/s.01k8rhncp4jt1\/2025\/11\/talking-bot-125x125.png\",\"caption\":\"Telinha\"},\"sameAs\":[\"https:\/\/portaltela.pt\/\"],\"url\":\"https:\/\/portaltela.pt\/por\/367410592786\/\"}]}<\/script>\n<!-- \/ Yoast SEO plugin. -->","yoast_head_json":{"title":"Crian\u00e7a de um ano fica ferida ap\u00f3s acidente - Portal Tela Portugal","robots":{"index":"index","follow":"follow","max-snippet":"max-snippet:-1","max-image-preview":"max-image-preview:large","max-video-preview":"max-video-preview:-1"},"og_locale":"pt_PT","og_type":"article","og_title":"Crian\u00e7a de um ano fica ferida ap\u00f3s acidente - Portal Tela Portugal","og_description":"\u00c0s 09h30, ocorreu um despiste na zona de Pinhel envolvendo um ve\u00edculo em que viajava uma crian\u00e7a com cerca de um ano. A crian\u00e7a sofreu ferimentos ligeiros. Um adulto, de 22 anos, tamb\u00e9m ficou ferido com les\u00f5es ligeiras. Ambas as v\u00edtimas foram assistidas no local e transportadas para o hospital. A Guarda Nacional Republicana (GNR) investiga as circunst\u00e2ncias do despiste.","og_url":"https:\/\/portaltela.pt\/noticias\/2026\/04\/07\/crianca-de-um-ano-fica-ferida-apos-acidente\/","og_site_name":"Portal Tela Portugal","article_published_time":"2026-04-07T14:32:34+00:00","author":"Telinha","twitter_card":"summary_large_image","twitter_misc":{"Escrito por":"Telinha"},"schema":{"@context":"https:\/\/schema.org","@graph":[{"@type":"Article","@id":"https:\/\/portaltela.pt\/noticias\/2026\/04\/07\/crianca-de-um-ano-fica-ferida-apos-acidente\/#article","isPartOf":{"@id":"https:\/\/portaltela.pt\/noticias\/2026\/04\/07\/crianca-de-um-ano-fica-ferida-apos-acidente\/"},"author":{"name":"Telinha","@id":"https:\/\/portaltela.pt\/#\/schema\/person\/c4278d4a6028830caff9ee44b42d32ed"},"headline":"Crian\u00e7a de um ano fica ferida ap\u00f3s acidente","datePublished":"2026-04-07T14:32:34+00:00","mainEntityOfPage":{"@id":"https:\/\/portaltela.pt\/noticias\/2026\/04\/07\/crianca-de-um-ano-fica-ferida-apos-acidente\/"},"wordCount":78,"image":{"@id":"https:\/\/portaltela.pt\/noticias\/2026\/04\/07\/crianca-de-um-ano-fica-ferida-apos-acidente\/#primaryimage"},"thumbnailUrl":"https:\/\/portaltela.pt\/s.01k8rhncp4jt1\/2026\/04\/img_1500x1000uu2026-01-03-15-20-05-2257812-im-639050227336701619.jpg","keywords":["acidente","acidente de via\u00e7\u00e3o","acidentes rodovi\u00e1rios","crian\u00e7as","feridos"],"articleSection":["Acidentes"],"inLanguage":"pt-PT"},{"@type":"WebPage","@id":"https:\/\/portaltela.pt\/noticias\/2026\/04\/07\/crianca-de-um-ano-fica-ferida-apos-acidente\/","url":"https:\/\/portaltela.pt\/noticias\/2026\/04\/07\/crianca-de-um-ano-fica-ferida-apos-acidente\/","name":"Crian\u00e7a de um ano fica ferida ap\u00f3s acidente - Portal Tela Portugal","isPartOf":{"@id":"https:\/\/portaltela.pt\/#website"},"primaryImageOfPage":{"@id":"https:\/\/portaltela.pt\/noticias\/2026\/04\/07\/crianca-de-um-ano-fica-ferida-apos-acidente\/#primaryimage"},"image":{"@id":"https:\/\/portaltela.pt\/noticias\/2026\/04\/07\/crianca-de-um-ano-fica-ferida-apos-acidente\/#primaryimage"},"thumbnailUrl":"https:\/\/portaltela.pt\/s.01k8rhncp4jt1\/2026\/04\/img_1500x1000uu2026-01-03-15-20-05-2257812-im-639050227336701619.jpg","datePublished":"2026-04-07T14:32:34+00:00","author":{"@id":"https:\/\/portaltela.pt\/#\/schema\/person\/c4278d4a6028830caff9ee44b42d32ed"},"breadcrumb":{"@id":"https:\/\/portaltela.pt\/noticias\/2026\/04\/07\/crianca-de-um-ano-fica-ferida-apos-acidente\/#breadcrumb"},"inLanguage":"pt-PT","potentialAction":[{"@type":"ReadAction","target":["https:\/\/portaltela.pt\/noticias\/2026\/04\/07\/crianca-de-um-ano-fica-ferida-apos-acidente\/"]}]},{"@type":"ImageObject","inLanguage":"pt-PT","@id":"https:\/\/portaltela.pt\/noticias\/2026\/04\/07\/crianca-de-um-ano-fica-ferida-apos-acidente\/#primaryimage","url":"https:\/\/portaltela.pt\/s.01k8rhncp4jt1\/2026\/04\/img_1500x1000uu2026-01-03-15-20-05-2257812-im-639050227336701619.jpg","contentUrl":"https:\/\/portaltela.pt\/s.01k8rhncp4jt1\/2026\/04\/img_1500x1000uu2026-01-03-15-20-05-2257812-im-639050227336701619.jpg","width":1500,"height":1000,"caption":"V\u00edtimas foram transportadas para o hospital"},{"@type":"BreadcrumbList","@id":"https:\/\/portaltela.pt\/noticias\/2026\/04\/07\/crianca-de-um-ano-fica-ferida-apos-acidente\/#breadcrumb","itemListElement":[{"@type":"ListItem","position":1,"name":"In\u00edcio","item":"https:\/\/portaltela.pt\/"},{"@type":"ListItem","position":2,"name":"Crian\u00e7a de um ano fica ferida ap\u00f3s acidente"}]},{"@type":"WebSite","@id":"https:\/\/portaltela.pt\/#website","url":"https:\/\/portaltela.pt\/","name":"Portal Tela Portugal","description":"","potentialAction":[{"@type":"SearchAction","target":{"@type":"EntryPoint","urlTemplate":"https:\/\/portaltela.pt\/?s={search_term_string}"},"query-input":{"@type":"PropertyValueSpecification","valueRequired":true,"valueName":"search_term_string"}}],"inLanguage":"pt-PT"},{"@type":"Person","@id":"https:\/\/portaltela.pt\/#\/schema\/person\/c4278d4a6028830caff9ee44b42d32ed","name":"Telinha","image":{"@type":"ImageObject","inLanguage":"pt-PT","@id":"https:\/\/portaltela.pt\/s.01k8rhncp4jt1\/2025\/11\/talking-bot-125x125.png","url":"https:\/\/portaltela.pt\/s.01k8rhncp4jt1\/2025\/11\/talking-bot-125x125.png","contentUrl":"https:\/\/portaltela.pt\/s.01k8rhncp4jt1\/2025\/11\/talking-bot-125x125.png","caption":"Telinha"},"sameAs":["https:\/\/portaltela.pt\/"],"url":"https:\/\/portaltela.pt\/por\/367410592786\/"}]}},"_links":{"self":[{"href":"https:\/\/portaltela.pt\/api\/wp\/v2\/posts\/435465","targetHints":{"allow":["GET"]}}],"collection":[{"href":"https:\/\/portaltela.pt\/api\/wp\/v2\/posts"}],"about":[{"href":"https:\/\/portaltela.pt\/api\/wp\/v2\/types\/post"}],"author":[{"embeddable":true,"href":"https:\/\/portaltela.pt\/api\/wp\/v2\/users\/2"}],"replies":[{"embeddable":true,"href":"https:\/\/portaltela.pt\/api\/wp\/v2\/comments?post=435465"}],"version-history":[{"count":0,"href":"https:\/\/portaltela.pt\/api\/wp\/v2\/posts\/435465\/revisions"}],"wp:featuredmedia":[{"embeddable":true,"href":"https:\/\/portaltela.pt\/api\/wp\/v2\/media\/435466"}],"wp:attachment":[{"href":"https:\/\/portaltela.pt\/api\/wp\/v2\/media?parent=435465"}],"wp:term":[{"taxonomy":"category","embeddable":true,"href":"https:\/\/portaltela.pt\/api\/wp\/v2\/categories?post=435465"},{"taxonomy":"post_tag","embeddable":true,"href":"https:\/\/portaltela.pt\/api\/wp\/v2\/tags?post=435465"}],"curies":[{"name":"wp","href":"https:\/\/api.w.org\/{rel}","templated":true}]}}