{"id":435459,"date":"2026-04-07T11:32:29","date_gmt":"2026-04-07T14:32:29","guid":{"rendered":"https:\/\/portaltela.pt\/noticias\/2026\/04\/07\/cantor-alentejano-khiaro-apresenta-nova-musica-em-direto-no-ola-bom-dia\/"},"modified":"2026-04-07T11:32:29","modified_gmt":"2026-04-07T14:32:29","slug":"cantor-alentejano-khiaro-apresenta-nova-musica-em-direto-no-ola-bom-dia","status":"publish","type":"post","link":"https:\/\/portaltela.pt\/musica\/2026\/04\/07\/cantor-alentejano-khiaro-apresenta-nova-musica-em-direto-no-ola-bom-dia\/","title":{"rendered":"Cantor alentejano Khiaro apresenta nova m\u00fasica em direto no Ol\u00e1, Bom Dia"},"content":{"rendered":"<p>O cantor Khiaro apresentou uma nova m\u00fasica em direto no programa matinal Ol\u00e1, Bom Dia!. A apresenta\u00e7\u00e3o ocorreu na manh\u00e3 de 7 de abril de 2026, \u00e0s 15h28, quando interpretou a faixa Se Fores ao Alentejo. O momento foi transmitido ao vivo, com foco na tradi\u00e7\u00e3o alentejana.<\/p>\n<p>Khiaro, natural do Alentejo, \u00e9 conhecido pela voz marcante e pela dedica\u00e7\u00e3o \u00e0 m\u00fasica tradicional da regi\u00e3o. A interpreta\u00e7\u00e3o da nova can\u00e7\u00e3o surpreendeu o p\u00fablico, que reagiu com entusiasmo \u00e0 autenticidade e ao talento do artista.<\/p>\n<p>Durante a emiss\u00e3o, o artista falou sobre a preserva\u00e7\u00e3o das ra\u00edzes culturais atrav\u00e9s da m\u00fasica e mostrou-se orgulhoso da identidade alentejana. A performance gerou elogios entre os espectadores, que elogiaram a for\u00e7a da mensagem e a entrega do int\u00e9rprete.<\/p>\n<h3>Disponibilidade da m\u00fasica e pr\u00f3ximo passos<\/h3>\n<p>A can\u00e7\u00e3o Se Fores ao Alentejo j\u00e1 est\u00e1 dispon\u00edvel nas plataformas digitais para quem quiser ouvir. A apresenta\u00e7\u00e3o do programa pode ser assistida na \u00edntegra atrav\u00e9s do site do Ol\u00e1, Bom Dia!, segundo informa\u00e7\u00f5es da produ\u00e7\u00e3o. Khiaro continua a sua trajet\u00f3ria, buscando levar a m\u00fasica alentejana a novos p\u00fablicos.<\/p>\n","protected":false},"excerpt":{"rendered":"<ul>\n<li>O cantor Khiaro apresentou em direto a nova m\u00fasica \u201cSe Fores ao Alentejo\u201d no programa \u201cOl\u00e1, Bom Dia!\u201d na manh\u00e3 de 7 de abril de 2026, \u00e0s 15h28.<\/li>\n<li>A performance foi marcada por uma interpreta\u00e7\u00e3o emotiva da faixa, evidenciando a sua voz marcante.<\/li>\n<li>Khiaro, natural do Alentejo, manteve viva a tradi\u00e7\u00e3o musical da regi\u00e3o e refor\u00e7ou o orgulho pela cultura alentejana.<\/li>\n<li>A apresenta\u00e7\u00e3o foi transmitida ao vivo e est\u00e1 dispon\u00edvel na \u00edntegra no site do programa; a faixa j\u00e1 est\u00e1 dispon\u00edvel nas plataformas digitais.<\/li>\n<li>O artista pretende levar a m\u00fasica alentejana a n\u00edveis nacionais e internacionais, promovendo a cultura regional com autenticidade.<\/li>\n<\/ul>\n","protected":false},"author":2,"featured_media":435463,"comment_status":"closed","ping_status":"closed","sticky":false,"template":"","format":"standard","meta":{"footnotes":""},"categories":[6676],"tags":[883,70,75,145,122,1175],"class_list":["post-435459","post","type-post","status-publish","format-standard","has-post-thumbnail","hentry","category-musica","tag-alentejo","tag-arte","tag-convivencia","tag-cultura","tag-musica","tag-patrimonio-cultural"],"yoast_head":"<!-- This site is optimized with the Yoast SEO plugin v27.2 - https:\/\/yoast.com\/product\/yoast-seo-wordpress\/ -->\n<title>Cantor alentejano Khiaro apresenta nova m\u00fasica em direto no Ol\u00e1, Bom Dia - Portal Tela Portugal<\/title>\n<meta name=\"robots\" content=\"index, follow, max-snippet:-1, max-image-preview:large, max-video-preview:-1\" \/>\n<meta property=\"og:locale\" content=\"pt_PT\" \/>\n<meta property=\"og:type\" content=\"article\" \/>\n<meta property=\"og:title\" content=\"Cantor alentejano Khiaro apresenta nova m\u00fasica em direto no Ol\u00e1, Bom Dia - Portal Tela Portugal\" \/>\n<meta property=\"og:description\" content=\"O cantor Khiaro apresentou em direto a nova m\u00fasica \u201cSe Fores ao Alentejo\u201d no programa \u201cOl\u00e1, Bom Dia!\u201d na manh\u00e3 de 7 de abril de 2026, \u00e0s 15h28. A performance foi marcada por uma interpreta\u00e7\u00e3o emotiva da faixa, evidenciando a sua voz marcante. Khiaro, natural do Alentejo, manteve viva a tradi\u00e7\u00e3o musical da regi\u00e3o e refor\u00e7ou o orgulho pela cultura alentejana. A apresenta\u00e7\u00e3o foi transmitida ao vivo e est\u00e1 dispon\u00edvel na \u00edntegra no site do programa; a faixa j\u00e1 est\u00e1 dispon\u00edvel nas plataformas digitais. O artista pretende levar a m\u00fasica alentejana a n\u00edveis nacionais e internacionais, promovendo a cultura regional com autenticidade.\" \/>\n<meta property=\"og:url\" content=\"https:\/\/portaltela.pt\/noticias\/2026\/04\/07\/cantor-alentejano-khiaro-apresenta-nova-musica-em-direto-no-ola-bom-dia\/\" \/>\n<meta property=\"og:site_name\" content=\"Portal Tela Portugal\" \/>\n<meta property=\"article:published_time\" content=\"2026-04-07T14:32:29+00:00\" \/>\n<meta name=\"author\" content=\"Telinha\" \/>\n<meta name=\"twitter:card\" content=\"summary_large_image\" \/>\n<meta name=\"twitter:label1\" content=\"Escrito por\" \/>\n\t<meta name=\"twitter:data1\" content=\"Telinha\" \/>\n\t<meta name=\"twitter:label2\" content=\"Tempo estimado de leitura\" \/>\n\t<meta name=\"twitter:data2\" content=\"1 minuto\" \/>\n<script type=\"application\/ld+json\" class=\"yoast-schema-graph\">{\"@context\":\"https:\/\/schema.org\",\"@graph\":[{\"@type\":\"Article\",\"@id\":\"https:\/\/portaltela.pt\/noticias\/2026\/04\/07\/cantor-alentejano-khiaro-apresenta-nova-musica-em-direto-no-ola-bom-dia\/#article\",\"isPartOf\":{\"@id\":\"https:\/\/portaltela.pt\/noticias\/2026\/04\/07\/cantor-alentejano-khiaro-apresenta-nova-musica-em-direto-no-ola-bom-dia\/\"},\"author\":{\"name\":\"Telinha\",\"@id\":\"https:\/\/portaltela.pt\/#\/schema\/person\/c4278d4a6028830caff9ee44b42d32ed\"},\"headline\":\"Cantor alentejano Khiaro apresenta nova m\u00fasica em direto no Ol\u00e1, Bom Dia\",\"datePublished\":\"2026-04-07T14:32:29+00:00\",\"mainEntityOfPage\":{\"@id\":\"https:\/\/portaltela.pt\/noticias\/2026\/04\/07\/cantor-alentejano-khiaro-apresenta-nova-musica-em-direto-no-ola-bom-dia\/\"},\"wordCount\":212,\"image\":{\"@id\":\"https:\/\/portaltela.pt\/noticias\/2026\/04\/07\/cantor-alentejano-khiaro-apresenta-nova-musica-em-direto-no-ola-bom-dia\/#primaryimage\"},\"thumbnailUrl\":\"https:\/\/portaltela.pt\/s.01k8rhncp4jt1\/2026\/04\/img_1280x722uu2026-04-07-15-28-25-2277067.jpg\",\"keywords\":[\"Alentejo\",\"arte\",\"conviv\u00eancia\",\"cultura\",\"m\u00fasica\",\"Patrim\u00f3nio Cultural\"],\"articleSection\":[\"M\u00fasica\"],\"inLanguage\":\"pt-PT\"},{\"@type\":\"WebPage\",\"@id\":\"https:\/\/portaltela.pt\/noticias\/2026\/04\/07\/cantor-alentejano-khiaro-apresenta-nova-musica-em-direto-no-ola-bom-dia\/\",\"url\":\"https:\/\/portaltela.pt\/noticias\/2026\/04\/07\/cantor-alentejano-khiaro-apresenta-nova-musica-em-direto-no-ola-bom-dia\/\",\"name\":\"Cantor alentejano Khiaro apresenta nova m\u00fasica em direto no Ol\u00e1, Bom Dia - Portal Tela Portugal\",\"isPartOf\":{\"@id\":\"https:\/\/portaltela.pt\/#website\"},\"primaryImageOfPage\":{\"@id\":\"https:\/\/portaltela.pt\/noticias\/2026\/04\/07\/cantor-alentejano-khiaro-apresenta-nova-musica-em-direto-no-ola-bom-dia\/#primaryimage\"},\"image\":{\"@id\":\"https:\/\/portaltela.pt\/noticias\/2026\/04\/07\/cantor-alentejano-khiaro-apresenta-nova-musica-em-direto-no-ola-bom-dia\/#primaryimage\"},\"thumbnailUrl\":\"https:\/\/portaltela.pt\/s.01k8rhncp4jt1\/2026\/04\/img_1280x722uu2026-04-07-15-28-25-2277067.jpg\",\"datePublished\":\"2026-04-07T14:32:29+00:00\",\"author\":{\"@id\":\"https:\/\/portaltela.pt\/#\/schema\/person\/c4278d4a6028830caff9ee44b42d32ed\"},\"breadcrumb\":{\"@id\":\"https:\/\/portaltela.pt\/noticias\/2026\/04\/07\/cantor-alentejano-khiaro-apresenta-nova-musica-em-direto-no-ola-bom-dia\/#breadcrumb\"},\"inLanguage\":\"pt-PT\",\"potentialAction\":[{\"@type\":\"ReadAction\",\"target\":[\"https:\/\/portaltela.pt\/noticias\/2026\/04\/07\/cantor-alentejano-khiaro-apresenta-nova-musica-em-direto-no-ola-bom-dia\/\"]}]},{\"@type\":\"ImageObject\",\"inLanguage\":\"pt-PT\",\"@id\":\"https:\/\/portaltela.pt\/noticias\/2026\/04\/07\/cantor-alentejano-khiaro-apresenta-nova-musica-em-direto-no-ola-bom-dia\/#primaryimage\",\"url\":\"https:\/\/portaltela.pt\/s.01k8rhncp4jt1\/2026\/04\/img_1280x722uu2026-04-07-15-28-25-2277067.jpg\",\"contentUrl\":\"https:\/\/portaltela.pt\/s.01k8rhncp4jt1\/2026\/04\/img_1280x722uu2026-04-07-15-28-25-2277067.jpg\",\"width\":796,\"height\":448,\"caption\":\"Cantor Khiaro\"},{\"@type\":\"BreadcrumbList\",\"@id\":\"https:\/\/portaltela.pt\/noticias\/2026\/04\/07\/cantor-alentejano-khiaro-apresenta-nova-musica-em-direto-no-ola-bom-dia\/#breadcrumb\",\"itemListElement\":[{\"@type\":\"ListItem\",\"position\":1,\"name\":\"In\u00edcio\",\"item\":\"https:\/\/portaltela.pt\/\"},{\"@type\":\"ListItem\",\"position\":2,\"name\":\"Cantor alentejano Khiaro apresenta nova m\u00fasica em direto no Ol\u00e1, Bom Dia\"}]},{\"@type\":\"WebSite\",\"@id\":\"https:\/\/portaltela.pt\/#website\",\"url\":\"https:\/\/portaltela.pt\/\",\"name\":\"Portal Tela Portugal\",\"description\":\"\",\"potentialAction\":[{\"@type\":\"SearchAction\",\"target\":{\"@type\":\"EntryPoint\",\"urlTemplate\":\"https:\/\/portaltela.pt\/?s={search_term_string}\"},\"query-input\":{\"@type\":\"PropertyValueSpecification\",\"valueRequired\":true,\"valueName\":\"search_term_string\"}}],\"inLanguage\":\"pt-PT\"},{\"@type\":\"Person\",\"@id\":\"https:\/\/portaltela.pt\/#\/schema\/person\/c4278d4a6028830caff9ee44b42d32ed\",\"name\":\"Telinha\",\"image\":{\"@type\":\"ImageObject\",\"inLanguage\":\"pt-PT\",\"@id\":\"https:\/\/portaltela.pt\/s.01k8rhncp4jt1\/2025\/11\/talking-bot-125x125.png\",\"url\":\"https:\/\/portaltela.pt\/s.01k8rhncp4jt1\/2025\/11\/talking-bot-125x125.png\",\"contentUrl\":\"https:\/\/portaltela.pt\/s.01k8rhncp4jt1\/2025\/11\/talking-bot-125x125.png\",\"caption\":\"Telinha\"},\"sameAs\":[\"https:\/\/portaltela.pt\/\"],\"url\":\"https:\/\/portaltela.pt\/por\/367410592786\/\"}]}<\/script>\n<!-- \/ Yoast SEO plugin. -->","yoast_head_json":{"title":"Cantor alentejano Khiaro apresenta nova m\u00fasica em direto no Ol\u00e1, Bom Dia - Portal Tela Portugal","robots":{"index":"index","follow":"follow","max-snippet":"max-snippet:-1","max-image-preview":"max-image-preview:large","max-video-preview":"max-video-preview:-1"},"og_locale":"pt_PT","og_type":"article","og_title":"Cantor alentejano Khiaro apresenta nova m\u00fasica em direto no Ol\u00e1, Bom Dia - Portal Tela Portugal","og_description":"O cantor Khiaro apresentou em direto a nova m\u00fasica \u201cSe Fores ao Alentejo\u201d no programa \u201cOl\u00e1, Bom Dia!\u201d na manh\u00e3 de 7 de abril de 2026, \u00e0s 15h28. A performance foi marcada por uma interpreta\u00e7\u00e3o emotiva da faixa, evidenciando a sua voz marcante. Khiaro, natural do Alentejo, manteve viva a tradi\u00e7\u00e3o musical da regi\u00e3o e refor\u00e7ou o orgulho pela cultura alentejana. A apresenta\u00e7\u00e3o foi transmitida ao vivo e est\u00e1 dispon\u00edvel na \u00edntegra no site do programa; a faixa j\u00e1 est\u00e1 dispon\u00edvel nas plataformas digitais. O artista pretende levar a m\u00fasica alentejana a n\u00edveis nacionais e internacionais, promovendo a cultura regional com autenticidade.","og_url":"https:\/\/portaltela.pt\/noticias\/2026\/04\/07\/cantor-alentejano-khiaro-apresenta-nova-musica-em-direto-no-ola-bom-dia\/","og_site_name":"Portal Tela Portugal","article_published_time":"2026-04-07T14:32:29+00:00","author":"Telinha","twitter_card":"summary_large_image","twitter_misc":{"Escrito por":"Telinha","Tempo estimado de leitura":"1 minuto"},"schema":{"@context":"https:\/\/schema.org","@graph":[{"@type":"Article","@id":"https:\/\/portaltela.pt\/noticias\/2026\/04\/07\/cantor-alentejano-khiaro-apresenta-nova-musica-em-direto-no-ola-bom-dia\/#article","isPartOf":{"@id":"https:\/\/portaltela.pt\/noticias\/2026\/04\/07\/cantor-alentejano-khiaro-apresenta-nova-musica-em-direto-no-ola-bom-dia\/"},"author":{"name":"Telinha","@id":"https:\/\/portaltela.pt\/#\/schema\/person\/c4278d4a6028830caff9ee44b42d32ed"},"headline":"Cantor alentejano Khiaro apresenta nova m\u00fasica em direto no Ol\u00e1, Bom Dia","datePublished":"2026-04-07T14:32:29+00:00","mainEntityOfPage":{"@id":"https:\/\/portaltela.pt\/noticias\/2026\/04\/07\/cantor-alentejano-khiaro-apresenta-nova-musica-em-direto-no-ola-bom-dia\/"},"wordCount":212,"image":{"@id":"https:\/\/portaltela.pt\/noticias\/2026\/04\/07\/cantor-alentejano-khiaro-apresenta-nova-musica-em-direto-no-ola-bom-dia\/#primaryimage"},"thumbnailUrl":"https:\/\/portaltela.pt\/s.01k8rhncp4jt1\/2026\/04\/img_1280x722uu2026-04-07-15-28-25-2277067.jpg","keywords":["Alentejo","arte","conviv\u00eancia","cultura","m\u00fasica","Patrim\u00f3nio Cultural"],"articleSection":["M\u00fasica"],"inLanguage":"pt-PT"},{"@type":"WebPage","@id":"https:\/\/portaltela.pt\/noticias\/2026\/04\/07\/cantor-alentejano-khiaro-apresenta-nova-musica-em-direto-no-ola-bom-dia\/","url":"https:\/\/portaltela.pt\/noticias\/2026\/04\/07\/cantor-alentejano-khiaro-apresenta-nova-musica-em-direto-no-ola-bom-dia\/","name":"Cantor alentejano Khiaro apresenta nova m\u00fasica em direto no Ol\u00e1, Bom Dia - Portal Tela Portugal","isPartOf":{"@id":"https:\/\/portaltela.pt\/#website"},"primaryImageOfPage":{"@id":"https:\/\/portaltela.pt\/noticias\/2026\/04\/07\/cantor-alentejano-khiaro-apresenta-nova-musica-em-direto-no-ola-bom-dia\/#primaryimage"},"image":{"@id":"https:\/\/portaltela.pt\/noticias\/2026\/04\/07\/cantor-alentejano-khiaro-apresenta-nova-musica-em-direto-no-ola-bom-dia\/#primaryimage"},"thumbnailUrl":"https:\/\/portaltela.pt\/s.01k8rhncp4jt1\/2026\/04\/img_1280x722uu2026-04-07-15-28-25-2277067.jpg","datePublished":"2026-04-07T14:32:29+00:00","author":{"@id":"https:\/\/portaltela.pt\/#\/schema\/person\/c4278d4a6028830caff9ee44b42d32ed"},"breadcrumb":{"@id":"https:\/\/portaltela.pt\/noticias\/2026\/04\/07\/cantor-alentejano-khiaro-apresenta-nova-musica-em-direto-no-ola-bom-dia\/#breadcrumb"},"inLanguage":"pt-PT","potentialAction":[{"@type":"ReadAction","target":["https:\/\/portaltela.pt\/noticias\/2026\/04\/07\/cantor-alentejano-khiaro-apresenta-nova-musica-em-direto-no-ola-bom-dia\/"]}]},{"@type":"ImageObject","inLanguage":"pt-PT","@id":"https:\/\/portaltela.pt\/noticias\/2026\/04\/07\/cantor-alentejano-khiaro-apresenta-nova-musica-em-direto-no-ola-bom-dia\/#primaryimage","url":"https:\/\/portaltela.pt\/s.01k8rhncp4jt1\/2026\/04\/img_1280x722uu2026-04-07-15-28-25-2277067.jpg","contentUrl":"https:\/\/portaltela.pt\/s.01k8rhncp4jt1\/2026\/04\/img_1280x722uu2026-04-07-15-28-25-2277067.jpg","width":796,"height":448,"caption":"Cantor Khiaro"},{"@type":"BreadcrumbList","@id":"https:\/\/portaltela.pt\/noticias\/2026\/04\/07\/cantor-alentejano-khiaro-apresenta-nova-musica-em-direto-no-ola-bom-dia\/#breadcrumb","itemListElement":[{"@type":"ListItem","position":1,"name":"In\u00edcio","item":"https:\/\/portaltela.pt\/"},{"@type":"ListItem","position":2,"name":"Cantor alentejano Khiaro apresenta nova m\u00fasica em direto no Ol\u00e1, Bom Dia"}]},{"@type":"WebSite","@id":"https:\/\/portaltela.pt\/#website","url":"https:\/\/portaltela.pt\/","name":"Portal Tela Portugal","description":"","potentialAction":[{"@type":"SearchAction","target":{"@type":"EntryPoint","urlTemplate":"https:\/\/portaltela.pt\/?s={search_term_string}"},"query-input":{"@type":"PropertyValueSpecification","valueRequired":true,"valueName":"search_term_string"}}],"inLanguage":"pt-PT"},{"@type":"Person","@id":"https:\/\/portaltela.pt\/#\/schema\/person\/c4278d4a6028830caff9ee44b42d32ed","name":"Telinha","image":{"@type":"ImageObject","inLanguage":"pt-PT","@id":"https:\/\/portaltela.pt\/s.01k8rhncp4jt1\/2025\/11\/talking-bot-125x125.png","url":"https:\/\/portaltela.pt\/s.01k8rhncp4jt1\/2025\/11\/talking-bot-125x125.png","contentUrl":"https:\/\/portaltela.pt\/s.01k8rhncp4jt1\/2025\/11\/talking-bot-125x125.png","caption":"Telinha"},"sameAs":["https:\/\/portaltela.pt\/"],"url":"https:\/\/portaltela.pt\/por\/367410592786\/"}]}},"_links":{"self":[{"href":"https:\/\/portaltela.pt\/api\/wp\/v2\/posts\/435459","targetHints":{"allow":["GET"]}}],"collection":[{"href":"https:\/\/portaltela.pt\/api\/wp\/v2\/posts"}],"about":[{"href":"https:\/\/portaltela.pt\/api\/wp\/v2\/types\/post"}],"author":[{"embeddable":true,"href":"https:\/\/portaltela.pt\/api\/wp\/v2\/users\/2"}],"replies":[{"embeddable":true,"href":"https:\/\/portaltela.pt\/api\/wp\/v2\/comments?post=435459"}],"version-history":[{"count":0,"href":"https:\/\/portaltela.pt\/api\/wp\/v2\/posts\/435459\/revisions"}],"wp:featuredmedia":[{"embeddable":true,"href":"https:\/\/portaltela.pt\/api\/wp\/v2\/media\/435463"}],"wp:attachment":[{"href":"https:\/\/portaltela.pt\/api\/wp\/v2\/media?parent=435459"}],"wp:term":[{"taxonomy":"category","embeddable":true,"href":"https:\/\/portaltela.pt\/api\/wp\/v2\/categories?post=435459"},{"taxonomy":"post_tag","embeddable":true,"href":"https:\/\/portaltela.pt\/api\/wp\/v2\/tags?post=435459"}],"curies":[{"name":"wp","href":"https:\/\/api.w.org\/{rel}","templated":true}]}}