{"id":435457,"date":"2026-04-07T10:43:00","date_gmt":"2026-04-07T13:43:00","guid":{"rendered":"https:\/\/portaltela.pt\/noticias\/2026\/04\/07\/quase-1-000-mortos-ou-desaparecidos-no-mediterraneo-este-ano-diz-a-oim\/"},"modified":"2026-04-07T10:43:00","modified_gmt":"2026-04-07T13:43:00","slug":"quase-1-000-mortos-ou-desaparecidos-no-mediterraneo-este-ano-diz-a-oim","status":"publish","type":"post","link":"https:\/\/portaltela.pt\/noticias\/2026\/04\/07\/quase-1-000-mortos-ou-desaparecidos-no-mediterraneo-este-ano-diz-a-oim\/","title":{"rendered":"Quase 1.000 mortos ou desaparecidos no Mediterr\u00e2neo este ano, diz a OIM"},"content":{"rendered":"<p>A Organiza\u00e7\u00e3o Internacional para as Migra\u00e7\u00f5es (OIM) informou que mais de 180 pessoas foram dadas como mortas ou desaparecidas nos mais recentes naufr\u00e1gios no Mediterr\u00e2neo, elevando o total de 2026 para perto de 1.000.<\/p>\n<p>A OIM descreve a situa\u00e7\u00e3o como uma sequ\u00eancia de incidentes graves na regi\u00e3o, sublinhando o risco extremo enfrentado por migrantes que partem em busca de prote\u00e7\u00e3o ou melhores condi\u00e7\u00f5es de vida.<\/p>\n<p>O \u00f3rg\u00e3o n\u00e3o divulga n\u00fameros por pa\u00eds ou rota espec\u00edfica, mas refor\u00e7a a necessidade de respostas humanit\u00e1rias cont\u00ednuas e de coopera\u00e7\u00e3o entre estados para reduzir as mortes no mar.<\/p>\n","protected":false},"excerpt":{"rendered":"<ul>\n<li>Mais de 180 pessoas foram dadas como mortas ou desaparecidas nos naufr\u00e1gios mais recentes no Mediterr\u00e2neo.<\/li>\n<li>O total de mortes em 2026 est\u00e1 perto de 1.000, segundo a Organiza\u00e7\u00e3o Internacional para as Migra\u00e7\u00f5es.<\/li>\n<li>A atualiza\u00e7\u00e3o foi anunciada pela Organiza\u00e7\u00e3o Internacional para as Migra\u00e7\u00f5es (OIM).<\/li>\n<li>Os dados referem-se a incidentes ocorridos no Mediterr\u00e2neo este ano.<\/li>\n<\/ul>\n","protected":false},"author":2,"featured_media":435462,"comment_status":"closed","ping_status":"closed","sticky":false,"template":"","format":"standard","meta":{"footnotes":""},"categories":[6912,1],"tags":[256,1456,6691,1678,466,320],"class_list":["post-435457","post","type-post","status-publish","format-standard","has-post-thumbnail","hentry","category-internacionais","category-noticias","tag-cooperacao-internacional","tag-migracao","tag-migracao-internacional","tag-migrantes","tag-organizacao-internacional","tag-protecao-civil"],"yoast_head":"<!-- This site is optimized with the Yoast SEO plugin v27.2 - https:\/\/yoast.com\/product\/yoast-seo-wordpress\/ -->\n<title>Quase 1.000 mortos ou desaparecidos no Mediterr\u00e2neo este ano, diz a OIM - Portal Tela Portugal<\/title>\n<meta name=\"robots\" content=\"index, follow, max-snippet:-1, max-image-preview:large, max-video-preview:-1\" \/>\n<meta property=\"og:locale\" content=\"pt_PT\" \/>\n<meta property=\"og:type\" content=\"article\" \/>\n<meta property=\"og:title\" content=\"Quase 1.000 mortos ou desaparecidos no Mediterr\u00e2neo este ano, diz a OIM - Portal Tela Portugal\" \/>\n<meta property=\"og:description\" content=\"Mais de 180 pessoas foram dadas como mortas ou desaparecidas nos naufr\u00e1gios mais recentes no Mediterr\u00e2neo. O total de mortes em 2026 est\u00e1 perto de 1.000, segundo a Organiza\u00e7\u00e3o Internacional para as Migra\u00e7\u00f5es. A atualiza\u00e7\u00e3o foi anunciada pela Organiza\u00e7\u00e3o Internacional para as Migra\u00e7\u00f5es (OIM). Os dados referem-se a incidentes ocorridos no Mediterr\u00e2neo este ano.\" \/>\n<meta property=\"og:url\" content=\"https:\/\/portaltela.pt\/noticias\/2026\/04\/07\/quase-1-000-mortos-ou-desaparecidos-no-mediterraneo-este-ano-diz-a-oim\/\" \/>\n<meta property=\"og:site_name\" content=\"Portal Tela Portugal\" \/>\n<meta property=\"article:published_time\" content=\"2026-04-07T13:43:00+00:00\" \/>\n<meta name=\"author\" content=\"Telinha\" \/>\n<meta name=\"twitter:card\" content=\"summary_large_image\" \/>\n<meta name=\"twitter:label1\" content=\"Escrito por\" \/>\n\t<meta name=\"twitter:data1\" content=\"Telinha\" \/>\n\t<meta name=\"twitter:label2\" content=\"Tempo estimado de leitura\" \/>\n\t<meta name=\"twitter:data2\" content=\"1 minuto\" \/>\n<script type=\"application\/ld+json\" class=\"yoast-schema-graph\">{\"@context\":\"https:\/\/schema.org\",\"@graph\":[{\"@type\":\"Article\",\"@id\":\"https:\/\/portaltela.pt\/noticias\/2026\/04\/07\/quase-1-000-mortos-ou-desaparecidos-no-mediterraneo-este-ano-diz-a-oim\/#article\",\"isPartOf\":{\"@id\":\"https:\/\/portaltela.pt\/noticias\/2026\/04\/07\/quase-1-000-mortos-ou-desaparecidos-no-mediterraneo-este-ano-diz-a-oim\/\"},\"author\":{\"name\":\"Telinha\",\"@id\":\"https:\/\/portaltela.pt\/#\/schema\/person\/c4278d4a6028830caff9ee44b42d32ed\"},\"headline\":\"Quase 1.000 mortos ou desaparecidos no Mediterr\u00e2neo este ano, diz a OIM\",\"datePublished\":\"2026-04-07T13:43:00+00:00\",\"mainEntityOfPage\":{\"@id\":\"https:\/\/portaltela.pt\/noticias\/2026\/04\/07\/quase-1-000-mortos-ou-desaparecidos-no-mediterraneo-este-ano-diz-a-oim\/\"},\"wordCount\":121,\"image\":{\"@id\":\"https:\/\/portaltela.pt\/noticias\/2026\/04\/07\/quase-1-000-mortos-ou-desaparecidos-no-mediterraneo-este-ano-diz-a-oim\/#primaryimage\"},\"thumbnailUrl\":\"https:\/\/portaltela.pt\/s.01k8rhncp4jt1\/2026\/04\/CACHE_780X1200_ANALOG_WATERMARKED_31321144_883983416467327.jpg\",\"keywords\":[\"coopera\u00e7\u00e3o internacional\",\"migra\u00e7\u00e3o\",\"migra\u00e7\u00e3o internacional\",\"migrantes\",\"organiza\u00e7\u00e3o internacional\",\"prote\u00e7\u00e3o civil\"],\"articleSection\":[\"Internacionais\",\"Not\u00edcias\"],\"inLanguage\":\"pt-PT\"},{\"@type\":\"WebPage\",\"@id\":\"https:\/\/portaltela.pt\/noticias\/2026\/04\/07\/quase-1-000-mortos-ou-desaparecidos-no-mediterraneo-este-ano-diz-a-oim\/\",\"url\":\"https:\/\/portaltela.pt\/noticias\/2026\/04\/07\/quase-1-000-mortos-ou-desaparecidos-no-mediterraneo-este-ano-diz-a-oim\/\",\"name\":\"Quase 1.000 mortos ou desaparecidos no Mediterr\u00e2neo este ano, diz a OIM - Portal Tela Portugal\",\"isPartOf\":{\"@id\":\"https:\/\/portaltela.pt\/#website\"},\"primaryImageOfPage\":{\"@id\":\"https:\/\/portaltela.pt\/noticias\/2026\/04\/07\/quase-1-000-mortos-ou-desaparecidos-no-mediterraneo-este-ano-diz-a-oim\/#primaryimage\"},\"image\":{\"@id\":\"https:\/\/portaltela.pt\/noticias\/2026\/04\/07\/quase-1-000-mortos-ou-desaparecidos-no-mediterraneo-este-ano-diz-a-oim\/#primaryimage\"},\"thumbnailUrl\":\"https:\/\/portaltela.pt\/s.01k8rhncp4jt1\/2026\/04\/CACHE_780X1200_ANALOG_WATERMARKED_31321144_883983416467327.jpg\",\"datePublished\":\"2026-04-07T13:43:00+00:00\",\"author\":{\"@id\":\"https:\/\/portaltela.pt\/#\/schema\/person\/c4278d4a6028830caff9ee44b42d32ed\"},\"breadcrumb\":{\"@id\":\"https:\/\/portaltela.pt\/noticias\/2026\/04\/07\/quase-1-000-mortos-ou-desaparecidos-no-mediterraneo-este-ano-diz-a-oim\/#breadcrumb\"},\"inLanguage\":\"pt-PT\",\"potentialAction\":[{\"@type\":\"ReadAction\",\"target\":[\"https:\/\/portaltela.pt\/noticias\/2026\/04\/07\/quase-1-000-mortos-ou-desaparecidos-no-mediterraneo-este-ano-diz-a-oim\/\"]}]},{\"@type\":\"ImageObject\",\"inLanguage\":\"pt-PT\",\"@id\":\"https:\/\/portaltela.pt\/noticias\/2026\/04\/07\/quase-1-000-mortos-ou-desaparecidos-no-mediterraneo-este-ano-diz-a-oim\/#primaryimage\",\"url\":\"https:\/\/portaltela.pt\/s.01k8rhncp4jt1\/2026\/04\/CACHE_780X1200_ANALOG_WATERMARKED_31321144_883983416467327.jpg\",\"contentUrl\":\"https:\/\/portaltela.pt\/s.01k8rhncp4jt1\/2026\/04\/CACHE_780X1200_ANALOG_WATERMARKED_31321144_883983416467327.jpg\",\"width\":796,\"height\":448,\"caption\":\"Quase 1.000 mortos ou desaparecidos no Mediterr\u00e2neo este ano - OIM\"},{\"@type\":\"BreadcrumbList\",\"@id\":\"https:\/\/portaltela.pt\/noticias\/2026\/04\/07\/quase-1-000-mortos-ou-desaparecidos-no-mediterraneo-este-ano-diz-a-oim\/#breadcrumb\",\"itemListElement\":[{\"@type\":\"ListItem\",\"position\":1,\"name\":\"In\u00edcio\",\"item\":\"https:\/\/portaltela.pt\/\"},{\"@type\":\"ListItem\",\"position\":2,\"name\":\"Quase 1.000 mortos ou desaparecidos no Mediterr\u00e2neo este ano, diz a OIM\"}]},{\"@type\":\"WebSite\",\"@id\":\"https:\/\/portaltela.pt\/#website\",\"url\":\"https:\/\/portaltela.pt\/\",\"name\":\"Portal Tela Portugal\",\"description\":\"\",\"potentialAction\":[{\"@type\":\"SearchAction\",\"target\":{\"@type\":\"EntryPoint\",\"urlTemplate\":\"https:\/\/portaltela.pt\/?s={search_term_string}\"},\"query-input\":{\"@type\":\"PropertyValueSpecification\",\"valueRequired\":true,\"valueName\":\"search_term_string\"}}],\"inLanguage\":\"pt-PT\"},{\"@type\":\"Person\",\"@id\":\"https:\/\/portaltela.pt\/#\/schema\/person\/c4278d4a6028830caff9ee44b42d32ed\",\"name\":\"Telinha\",\"image\":{\"@type\":\"ImageObject\",\"inLanguage\":\"pt-PT\",\"@id\":\"https:\/\/portaltela.pt\/s.01k8rhncp4jt1\/2025\/11\/talking-bot-125x125.png\",\"url\":\"https:\/\/portaltela.pt\/s.01k8rhncp4jt1\/2025\/11\/talking-bot-125x125.png\",\"contentUrl\":\"https:\/\/portaltela.pt\/s.01k8rhncp4jt1\/2025\/11\/talking-bot-125x125.png\",\"caption\":\"Telinha\"},\"sameAs\":[\"https:\/\/portaltela.pt\/\"],\"url\":\"https:\/\/portaltela.pt\/por\/367410592786\/\"}]}<\/script>\n<!-- \/ Yoast SEO plugin. -->","yoast_head_json":{"title":"Quase 1.000 mortos ou desaparecidos no Mediterr\u00e2neo este ano, diz a OIM - Portal Tela Portugal","robots":{"index":"index","follow":"follow","max-snippet":"max-snippet:-1","max-image-preview":"max-image-preview:large","max-video-preview":"max-video-preview:-1"},"og_locale":"pt_PT","og_type":"article","og_title":"Quase 1.000 mortos ou desaparecidos no Mediterr\u00e2neo este ano, diz a OIM - Portal Tela Portugal","og_description":"Mais de 180 pessoas foram dadas como mortas ou desaparecidas nos naufr\u00e1gios mais recentes no Mediterr\u00e2neo. O total de mortes em 2026 est\u00e1 perto de 1.000, segundo a Organiza\u00e7\u00e3o Internacional para as Migra\u00e7\u00f5es. A atualiza\u00e7\u00e3o foi anunciada pela Organiza\u00e7\u00e3o Internacional para as Migra\u00e7\u00f5es (OIM). Os dados referem-se a incidentes ocorridos no Mediterr\u00e2neo este ano.","og_url":"https:\/\/portaltela.pt\/noticias\/2026\/04\/07\/quase-1-000-mortos-ou-desaparecidos-no-mediterraneo-este-ano-diz-a-oim\/","og_site_name":"Portal Tela Portugal","article_published_time":"2026-04-07T13:43:00+00:00","author":"Telinha","twitter_card":"summary_large_image","twitter_misc":{"Escrito por":"Telinha","Tempo estimado de leitura":"1 minuto"},"schema":{"@context":"https:\/\/schema.org","@graph":[{"@type":"Article","@id":"https:\/\/portaltela.pt\/noticias\/2026\/04\/07\/quase-1-000-mortos-ou-desaparecidos-no-mediterraneo-este-ano-diz-a-oim\/#article","isPartOf":{"@id":"https:\/\/portaltela.pt\/noticias\/2026\/04\/07\/quase-1-000-mortos-ou-desaparecidos-no-mediterraneo-este-ano-diz-a-oim\/"},"author":{"name":"Telinha","@id":"https:\/\/portaltela.pt\/#\/schema\/person\/c4278d4a6028830caff9ee44b42d32ed"},"headline":"Quase 1.000 mortos ou desaparecidos no Mediterr\u00e2neo este ano, diz a OIM","datePublished":"2026-04-07T13:43:00+00:00","mainEntityOfPage":{"@id":"https:\/\/portaltela.pt\/noticias\/2026\/04\/07\/quase-1-000-mortos-ou-desaparecidos-no-mediterraneo-este-ano-diz-a-oim\/"},"wordCount":121,"image":{"@id":"https:\/\/portaltela.pt\/noticias\/2026\/04\/07\/quase-1-000-mortos-ou-desaparecidos-no-mediterraneo-este-ano-diz-a-oim\/#primaryimage"},"thumbnailUrl":"https:\/\/portaltela.pt\/s.01k8rhncp4jt1\/2026\/04\/CACHE_780X1200_ANALOG_WATERMARKED_31321144_883983416467327.jpg","keywords":["coopera\u00e7\u00e3o internacional","migra\u00e7\u00e3o","migra\u00e7\u00e3o internacional","migrantes","organiza\u00e7\u00e3o internacional","prote\u00e7\u00e3o civil"],"articleSection":["Internacionais","Not\u00edcias"],"inLanguage":"pt-PT"},{"@type":"WebPage","@id":"https:\/\/portaltela.pt\/noticias\/2026\/04\/07\/quase-1-000-mortos-ou-desaparecidos-no-mediterraneo-este-ano-diz-a-oim\/","url":"https:\/\/portaltela.pt\/noticias\/2026\/04\/07\/quase-1-000-mortos-ou-desaparecidos-no-mediterraneo-este-ano-diz-a-oim\/","name":"Quase 1.000 mortos ou desaparecidos no Mediterr\u00e2neo este ano, diz a OIM - Portal Tela Portugal","isPartOf":{"@id":"https:\/\/portaltela.pt\/#website"},"primaryImageOfPage":{"@id":"https:\/\/portaltela.pt\/noticias\/2026\/04\/07\/quase-1-000-mortos-ou-desaparecidos-no-mediterraneo-este-ano-diz-a-oim\/#primaryimage"},"image":{"@id":"https:\/\/portaltela.pt\/noticias\/2026\/04\/07\/quase-1-000-mortos-ou-desaparecidos-no-mediterraneo-este-ano-diz-a-oim\/#primaryimage"},"thumbnailUrl":"https:\/\/portaltela.pt\/s.01k8rhncp4jt1\/2026\/04\/CACHE_780X1200_ANALOG_WATERMARKED_31321144_883983416467327.jpg","datePublished":"2026-04-07T13:43:00+00:00","author":{"@id":"https:\/\/portaltela.pt\/#\/schema\/person\/c4278d4a6028830caff9ee44b42d32ed"},"breadcrumb":{"@id":"https:\/\/portaltela.pt\/noticias\/2026\/04\/07\/quase-1-000-mortos-ou-desaparecidos-no-mediterraneo-este-ano-diz-a-oim\/#breadcrumb"},"inLanguage":"pt-PT","potentialAction":[{"@type":"ReadAction","target":["https:\/\/portaltela.pt\/noticias\/2026\/04\/07\/quase-1-000-mortos-ou-desaparecidos-no-mediterraneo-este-ano-diz-a-oim\/"]}]},{"@type":"ImageObject","inLanguage":"pt-PT","@id":"https:\/\/portaltela.pt\/noticias\/2026\/04\/07\/quase-1-000-mortos-ou-desaparecidos-no-mediterraneo-este-ano-diz-a-oim\/#primaryimage","url":"https:\/\/portaltela.pt\/s.01k8rhncp4jt1\/2026\/04\/CACHE_780X1200_ANALOG_WATERMARKED_31321144_883983416467327.jpg","contentUrl":"https:\/\/portaltela.pt\/s.01k8rhncp4jt1\/2026\/04\/CACHE_780X1200_ANALOG_WATERMARKED_31321144_883983416467327.jpg","width":796,"height":448,"caption":"Quase 1.000 mortos ou desaparecidos no Mediterr\u00e2neo este ano - OIM"},{"@type":"BreadcrumbList","@id":"https:\/\/portaltela.pt\/noticias\/2026\/04\/07\/quase-1-000-mortos-ou-desaparecidos-no-mediterraneo-este-ano-diz-a-oim\/#breadcrumb","itemListElement":[{"@type":"ListItem","position":1,"name":"In\u00edcio","item":"https:\/\/portaltela.pt\/"},{"@type":"ListItem","position":2,"name":"Quase 1.000 mortos ou desaparecidos no Mediterr\u00e2neo este ano, diz a OIM"}]},{"@type":"WebSite","@id":"https:\/\/portaltela.pt\/#website","url":"https:\/\/portaltela.pt\/","name":"Portal Tela Portugal","description":"","potentialAction":[{"@type":"SearchAction","target":{"@type":"EntryPoint","urlTemplate":"https:\/\/portaltela.pt\/?s={search_term_string}"},"query-input":{"@type":"PropertyValueSpecification","valueRequired":true,"valueName":"search_term_string"}}],"inLanguage":"pt-PT"},{"@type":"Person","@id":"https:\/\/portaltela.pt\/#\/schema\/person\/c4278d4a6028830caff9ee44b42d32ed","name":"Telinha","image":{"@type":"ImageObject","inLanguage":"pt-PT","@id":"https:\/\/portaltela.pt\/s.01k8rhncp4jt1\/2025\/11\/talking-bot-125x125.png","url":"https:\/\/portaltela.pt\/s.01k8rhncp4jt1\/2025\/11\/talking-bot-125x125.png","contentUrl":"https:\/\/portaltela.pt\/s.01k8rhncp4jt1\/2025\/11\/talking-bot-125x125.png","caption":"Telinha"},"sameAs":["https:\/\/portaltela.pt\/"],"url":"https:\/\/portaltela.pt\/por\/367410592786\/"}]}},"_links":{"self":[{"href":"https:\/\/portaltela.pt\/api\/wp\/v2\/posts\/435457","targetHints":{"allow":["GET"]}}],"collection":[{"href":"https:\/\/portaltela.pt\/api\/wp\/v2\/posts"}],"about":[{"href":"https:\/\/portaltela.pt\/api\/wp\/v2\/types\/post"}],"author":[{"embeddable":true,"href":"https:\/\/portaltela.pt\/api\/wp\/v2\/users\/2"}],"replies":[{"embeddable":true,"href":"https:\/\/portaltela.pt\/api\/wp\/v2\/comments?post=435457"}],"version-history":[{"count":0,"href":"https:\/\/portaltela.pt\/api\/wp\/v2\/posts\/435457\/revisions"}],"wp:featuredmedia":[{"embeddable":true,"href":"https:\/\/portaltela.pt\/api\/wp\/v2\/media\/435462"}],"wp:attachment":[{"href":"https:\/\/portaltela.pt\/api\/wp\/v2\/media?parent=435457"}],"wp:term":[{"taxonomy":"category","embeddable":true,"href":"https:\/\/portaltela.pt\/api\/wp\/v2\/categories?post=435457"},{"taxonomy":"post_tag","embeddable":true,"href":"https:\/\/portaltela.pt\/api\/wp\/v2\/tags?post=435457"}],"curies":[{"name":"wp","href":"https:\/\/api.w.org\/{rel}","templated":true}]}}