{"id":435453,"date":"2026-04-07T11:32:22","date_gmt":"2026-04-07T14:32:22","guid":{"rendered":"https:\/\/portaltela.pt\/noticias\/2026\/04\/07\/estado-de-saude-de-james-rodriguez-gera-especulacao-nos-eua\/"},"modified":"2026-04-07T11:32:22","modified_gmt":"2026-04-07T14:32:22","slug":"estado-de-saude-de-james-rodriguez-gera-especulacao-nos-eua","status":"publish","type":"post","link":"https:\/\/portaltela.pt\/desporto\/futebol\/2026\/04\/07\/estado-de-saude-de-james-rodriguez-gera-especulacao-nos-eua\/","title":{"rendered":"Estado de sa\u00fade de James Rodr\u00edguez gera especula\u00e7\u00e3o nos EUA"},"content":{"rendered":"<p>Desde 29 de mar\u00e7o, James Rodr\u00edguez permanece internado de urg\u00eancia num hospital nos EUA, gerando especula\u00e7\u00e3o sobre o seu estado de sa\u00fade. O sil\u00eancio da Federa\u00e7\u00e3o Colombiana e do Minnesota United aumenta as d\u00favidas sobre o que motivou a hospitaliza\u00e7\u00e3o do jogador de 34 anos.<\/p>\n<p>O que se sabe \u00e9 limitado: ap\u00f3s o encontro particular entre Col\u00f4mbia e Fran\u00e7a, vencido pela Fran\u00e7a por 3-1, o atleta foi submetido a internamento. O boletim m\u00e9dico indicou sinais de desidrata\u00e7\u00e3o severa, mantendo-o em observa\u00e7\u00e3o durante 72 horas.<\/p>\n<p>Ao dar alta, Rodr\u00edguez voltou para casa e entrou em per\u00edodo de repouso. A Federa\u00e7\u00e3o Colombiana informou apenas que o jogador est\u00e1 sob cuidado m\u00e9dico por uma condi\u00e7\u00e3o n\u00e3o relacionada com o desporto, com progn\u00f3stico considerado favor\u00e1vel.<\/p>\n<h3>Especula\u00e7\u00e3o e clarifica\u00e7\u00f5es oficiais<\/h3>\n<p>Nos dias seguintes, rumores nas redes sociais sugeriram problemas de sa\u00fade mais graves, incluindo rabdomi\u00f3lise. O Minnesota United respondeu, afirmando que n\u00e3o houve qualquer evid\u00eancia cl\u00ednica ou laboratorial dessa condi\u00e7\u00e3o.<\/p>\n<p>James voltou aos treinos na segunda-feira, de forma limitada e sob supervis\u00e3o, com o objetivo de regressar gradualmente \u00e0 atividade regular. O clube ainda n\u00e3o definiu uma data para o regresso completo \u00e0s jornadas normais.<\/p>\n","protected":false},"excerpt":{"rendered":"<ul>\n<li>James Rodr\u00edguez, 34 anos, foi internado de urg\u00eancia num hospital nos Estados Unidos a 29 de mar\u00e7o, ap\u00f3s o jogo entre Col\u00f4mbia e Fran\u00e7a.<\/li>\n<li>O boletim m\u00e9dico indicou desidrata\u00e7\u00e3o severa; ap\u00f3s 72 horas de observa\u00e7\u00e3o, recebeu alta e seguiu em repouso em casa.<\/li>\n<li>A federa\u00e7\u00e3o colombiana informou apenas que o jogador est\u00e1 sob observa\u00e7\u00e3o por uma condi\u00e7\u00e3o m\u00e9dica n\u00e3o-relacionada com o desporto, com progn\u00f3stico favor\u00e1vel.<\/li>\n<li>Nas redes sociais e em alguma imprensa circularam rumores sobre rabdomi\u00f3lise, mas o Minnesota United afirmou n\u00e3o haver evid\u00eancia cl\u00ednica ou laboratorial dessa condi\u00e7\u00e3o.<\/li>\n<li>James regressou aos treinos na segunda-feira, de forma limitada e sob supervis\u00e3o; o plano \u00e9 uma recupera\u00e7\u00e3o gradual, sem prazo definido para o regresso.<\/li>\n<\/ul>\n","protected":false},"author":2,"featured_media":435456,"comment_status":"closed","ping_status":"closed","sticky":false,"template":"","format":"standard","meta":{"footnotes":""},"categories":[21,24],"tags":[7755,2469,1600,3338,242,172],"class_list":["post-435453","post","type-post","status-publish","format-standard","has-post-thumbnail","hentry","category-desporto","category-futebol","tag-_futebol","tag-colombia","tag-estados-unidos","tag-futebol-internacional","tag-jogadores","tag-saude"],"yoast_head":"<!-- This site is optimized with the Yoast SEO plugin v27.2 - https:\/\/yoast.com\/product\/yoast-seo-wordpress\/ -->\n<title>Estado de sa\u00fade de James Rodr\u00edguez gera especula\u00e7\u00e3o nos EUA - Portal Tela Portugal<\/title>\n<meta name=\"robots\" content=\"index, follow, max-snippet:-1, max-image-preview:large, max-video-preview:-1\" \/>\n<meta property=\"og:locale\" content=\"pt_PT\" \/>\n<meta property=\"og:type\" content=\"article\" \/>\n<meta property=\"og:title\" content=\"Estado de sa\u00fade de James Rodr\u00edguez gera especula\u00e7\u00e3o nos EUA - Portal Tela Portugal\" \/>\n<meta property=\"og:description\" content=\"James Rodr\u00edguez, 34 anos, foi internado de urg\u00eancia num hospital nos Estados Unidos a 29 de mar\u00e7o, ap\u00f3s o jogo entre Col\u00f4mbia e Fran\u00e7a. O boletim m\u00e9dico indicou desidrata\u00e7\u00e3o severa; ap\u00f3s 72 horas de observa\u00e7\u00e3o, recebeu alta e seguiu em repouso em casa. A federa\u00e7\u00e3o colombiana informou apenas que o jogador est\u00e1 sob observa\u00e7\u00e3o por uma condi\u00e7\u00e3o m\u00e9dica n\u00e3o-relacionada com o desporto, com progn\u00f3stico favor\u00e1vel. Nas redes sociais e em alguma imprensa circularam rumores sobre rabdomi\u00f3lise, mas o Minnesota United afirmou n\u00e3o haver evid\u00eancia cl\u00ednica ou laboratorial dessa condi\u00e7\u00e3o. James regressou aos treinos na segunda-feira, de forma limitada e sob supervis\u00e3o; o plano \u00e9 uma recupera\u00e7\u00e3o gradual, sem prazo definido para o regresso.\" \/>\n<meta property=\"og:url\" content=\"https:\/\/portaltela.pt\/noticias\/2026\/04\/07\/estado-de-saude-de-james-rodriguez-gera-especulacao-nos-eua\/\" \/>\n<meta property=\"og:site_name\" content=\"Portal Tela Portugal\" \/>\n<meta property=\"article:published_time\" content=\"2026-04-07T14:32:22+00:00\" \/>\n<meta name=\"author\" content=\"Telinha\" \/>\n<meta name=\"twitter:card\" content=\"summary_large_image\" \/>\n<meta name=\"twitter:label1\" content=\"Escrito por\" \/>\n\t<meta name=\"twitter:data1\" content=\"Telinha\" \/>\n\t<meta name=\"twitter:label2\" content=\"Tempo estimado de leitura\" \/>\n\t<meta name=\"twitter:data2\" content=\"1 minuto\" \/>\n<script type=\"application\/ld+json\" class=\"yoast-schema-graph\">{\"@context\":\"https:\/\/schema.org\",\"@graph\":[{\"@type\":\"Article\",\"@id\":\"https:\/\/portaltela.pt\/noticias\/2026\/04\/07\/estado-de-saude-de-james-rodriguez-gera-especulacao-nos-eua\/#article\",\"isPartOf\":{\"@id\":\"https:\/\/portaltela.pt\/noticias\/2026\/04\/07\/estado-de-saude-de-james-rodriguez-gera-especulacao-nos-eua\/\"},\"author\":{\"name\":\"Telinha\",\"@id\":\"https:\/\/portaltela.pt\/#\/schema\/person\/c4278d4a6028830caff9ee44b42d32ed\"},\"headline\":\"Estado de sa\u00fade de James Rodr\u00edguez gera especula\u00e7\u00e3o nos EUA\",\"datePublished\":\"2026-04-07T14:32:22+00:00\",\"mainEntityOfPage\":{\"@id\":\"https:\/\/portaltela.pt\/noticias\/2026\/04\/07\/estado-de-saude-de-james-rodriguez-gera-especulacao-nos-eua\/\"},\"wordCount\":232,\"image\":{\"@id\":\"https:\/\/portaltela.pt\/noticias\/2026\/04\/07\/estado-de-saude-de-james-rodriguez-gera-especulacao-nos-eua\/#primaryimage\"},\"thumbnailUrl\":\"https:\/\/portaltela.pt\/s.01k8rhncp4jt1\/2026\/04\/img_920x518uu2026-04-07-15-11-52-2431578-im-639111718926883298.jpg\",\"keywords\":[\"_futebol\",\"Col\u00f4mbia\",\"Estados Unidos\",\"futebol internacional\",\"jogadores\",\"sa\u00fade\"],\"articleSection\":[\"Desporto\",\"Futebol\"],\"inLanguage\":\"pt-PT\"},{\"@type\":\"WebPage\",\"@id\":\"https:\/\/portaltela.pt\/noticias\/2026\/04\/07\/estado-de-saude-de-james-rodriguez-gera-especulacao-nos-eua\/\",\"url\":\"https:\/\/portaltela.pt\/noticias\/2026\/04\/07\/estado-de-saude-de-james-rodriguez-gera-especulacao-nos-eua\/\",\"name\":\"Estado de sa\u00fade de James Rodr\u00edguez gera especula\u00e7\u00e3o nos EUA - Portal Tela Portugal\",\"isPartOf\":{\"@id\":\"https:\/\/portaltela.pt\/#website\"},\"primaryImageOfPage\":{\"@id\":\"https:\/\/portaltela.pt\/noticias\/2026\/04\/07\/estado-de-saude-de-james-rodriguez-gera-especulacao-nos-eua\/#primaryimage\"},\"image\":{\"@id\":\"https:\/\/portaltela.pt\/noticias\/2026\/04\/07\/estado-de-saude-de-james-rodriguez-gera-especulacao-nos-eua\/#primaryimage\"},\"thumbnailUrl\":\"https:\/\/portaltela.pt\/s.01k8rhncp4jt1\/2026\/04\/img_920x518uu2026-04-07-15-11-52-2431578-im-639111718926883298.jpg\",\"datePublished\":\"2026-04-07T14:32:22+00:00\",\"author\":{\"@id\":\"https:\/\/portaltela.pt\/#\/schema\/person\/c4278d4a6028830caff9ee44b42d32ed\"},\"breadcrumb\":{\"@id\":\"https:\/\/portaltela.pt\/noticias\/2026\/04\/07\/estado-de-saude-de-james-rodriguez-gera-especulacao-nos-eua\/#breadcrumb\"},\"inLanguage\":\"pt-PT\",\"potentialAction\":[{\"@type\":\"ReadAction\",\"target\":[\"https:\/\/portaltela.pt\/noticias\/2026\/04\/07\/estado-de-saude-de-james-rodriguez-gera-especulacao-nos-eua\/\"]}]},{\"@type\":\"ImageObject\",\"inLanguage\":\"pt-PT\",\"@id\":\"https:\/\/portaltela.pt\/noticias\/2026\/04\/07\/estado-de-saude-de-james-rodriguez-gera-especulacao-nos-eua\/#primaryimage\",\"url\":\"https:\/\/portaltela.pt\/s.01k8rhncp4jt1\/2026\/04\/img_920x518uu2026-04-07-15-11-52-2431578-im-639111718926883298.jpg\",\"contentUrl\":\"https:\/\/portaltela.pt\/s.01k8rhncp4jt1\/2026\/04\/img_920x518uu2026-04-07-15-11-52-2431578-im-639111718926883298.jpg\",\"width\":796,\"height\":448,\"caption\":\"Estado de sa\u00fada de James Rodr\u00edguez gera especula\u00e7\u00e3o nos EUA\"},{\"@type\":\"BreadcrumbList\",\"@id\":\"https:\/\/portaltela.pt\/noticias\/2026\/04\/07\/estado-de-saude-de-james-rodriguez-gera-especulacao-nos-eua\/#breadcrumb\",\"itemListElement\":[{\"@type\":\"ListItem\",\"position\":1,\"name\":\"In\u00edcio\",\"item\":\"https:\/\/portaltela.pt\/\"},{\"@type\":\"ListItem\",\"position\":2,\"name\":\"Estado de sa\u00fade de James Rodr\u00edguez gera especula\u00e7\u00e3o nos EUA\"}]},{\"@type\":\"WebSite\",\"@id\":\"https:\/\/portaltela.pt\/#website\",\"url\":\"https:\/\/portaltela.pt\/\",\"name\":\"Portal Tela Portugal\",\"description\":\"\",\"potentialAction\":[{\"@type\":\"SearchAction\",\"target\":{\"@type\":\"EntryPoint\",\"urlTemplate\":\"https:\/\/portaltela.pt\/?s={search_term_string}\"},\"query-input\":{\"@type\":\"PropertyValueSpecification\",\"valueRequired\":true,\"valueName\":\"search_term_string\"}}],\"inLanguage\":\"pt-PT\"},{\"@type\":\"Person\",\"@id\":\"https:\/\/portaltela.pt\/#\/schema\/person\/c4278d4a6028830caff9ee44b42d32ed\",\"name\":\"Telinha\",\"image\":{\"@type\":\"ImageObject\",\"inLanguage\":\"pt-PT\",\"@id\":\"https:\/\/portaltela.pt\/s.01k8rhncp4jt1\/2025\/11\/talking-bot-125x125.png\",\"url\":\"https:\/\/portaltela.pt\/s.01k8rhncp4jt1\/2025\/11\/talking-bot-125x125.png\",\"contentUrl\":\"https:\/\/portaltela.pt\/s.01k8rhncp4jt1\/2025\/11\/talking-bot-125x125.png\",\"caption\":\"Telinha\"},\"sameAs\":[\"https:\/\/portaltela.pt\/\"],\"url\":\"https:\/\/portaltela.pt\/por\/367410592786\/\"}]}<\/script>\n<!-- \/ Yoast SEO plugin. -->","yoast_head_json":{"title":"Estado de sa\u00fade de James Rodr\u00edguez gera especula\u00e7\u00e3o nos EUA - Portal Tela Portugal","robots":{"index":"index","follow":"follow","max-snippet":"max-snippet:-1","max-image-preview":"max-image-preview:large","max-video-preview":"max-video-preview:-1"},"og_locale":"pt_PT","og_type":"article","og_title":"Estado de sa\u00fade de James Rodr\u00edguez gera especula\u00e7\u00e3o nos EUA - Portal Tela Portugal","og_description":"James Rodr\u00edguez, 34 anos, foi internado de urg\u00eancia num hospital nos Estados Unidos a 29 de mar\u00e7o, ap\u00f3s o jogo entre Col\u00f4mbia e Fran\u00e7a. O boletim m\u00e9dico indicou desidrata\u00e7\u00e3o severa; ap\u00f3s 72 horas de observa\u00e7\u00e3o, recebeu alta e seguiu em repouso em casa. A federa\u00e7\u00e3o colombiana informou apenas que o jogador est\u00e1 sob observa\u00e7\u00e3o por uma condi\u00e7\u00e3o m\u00e9dica n\u00e3o-relacionada com o desporto, com progn\u00f3stico favor\u00e1vel. Nas redes sociais e em alguma imprensa circularam rumores sobre rabdomi\u00f3lise, mas o Minnesota United afirmou n\u00e3o haver evid\u00eancia cl\u00ednica ou laboratorial dessa condi\u00e7\u00e3o. James regressou aos treinos na segunda-feira, de forma limitada e sob supervis\u00e3o; o plano \u00e9 uma recupera\u00e7\u00e3o gradual, sem prazo definido para o regresso.","og_url":"https:\/\/portaltela.pt\/noticias\/2026\/04\/07\/estado-de-saude-de-james-rodriguez-gera-especulacao-nos-eua\/","og_site_name":"Portal Tela Portugal","article_published_time":"2026-04-07T14:32:22+00:00","author":"Telinha","twitter_card":"summary_large_image","twitter_misc":{"Escrito por":"Telinha","Tempo estimado de leitura":"1 minuto"},"schema":{"@context":"https:\/\/schema.org","@graph":[{"@type":"Article","@id":"https:\/\/portaltela.pt\/noticias\/2026\/04\/07\/estado-de-saude-de-james-rodriguez-gera-especulacao-nos-eua\/#article","isPartOf":{"@id":"https:\/\/portaltela.pt\/noticias\/2026\/04\/07\/estado-de-saude-de-james-rodriguez-gera-especulacao-nos-eua\/"},"author":{"name":"Telinha","@id":"https:\/\/portaltela.pt\/#\/schema\/person\/c4278d4a6028830caff9ee44b42d32ed"},"headline":"Estado de sa\u00fade de James Rodr\u00edguez gera especula\u00e7\u00e3o nos EUA","datePublished":"2026-04-07T14:32:22+00:00","mainEntityOfPage":{"@id":"https:\/\/portaltela.pt\/noticias\/2026\/04\/07\/estado-de-saude-de-james-rodriguez-gera-especulacao-nos-eua\/"},"wordCount":232,"image":{"@id":"https:\/\/portaltela.pt\/noticias\/2026\/04\/07\/estado-de-saude-de-james-rodriguez-gera-especulacao-nos-eua\/#primaryimage"},"thumbnailUrl":"https:\/\/portaltela.pt\/s.01k8rhncp4jt1\/2026\/04\/img_920x518uu2026-04-07-15-11-52-2431578-im-639111718926883298.jpg","keywords":["_futebol","Col\u00f4mbia","Estados Unidos","futebol internacional","jogadores","sa\u00fade"],"articleSection":["Desporto","Futebol"],"inLanguage":"pt-PT"},{"@type":"WebPage","@id":"https:\/\/portaltela.pt\/noticias\/2026\/04\/07\/estado-de-saude-de-james-rodriguez-gera-especulacao-nos-eua\/","url":"https:\/\/portaltela.pt\/noticias\/2026\/04\/07\/estado-de-saude-de-james-rodriguez-gera-especulacao-nos-eua\/","name":"Estado de sa\u00fade de James Rodr\u00edguez gera especula\u00e7\u00e3o nos EUA - Portal Tela Portugal","isPartOf":{"@id":"https:\/\/portaltela.pt\/#website"},"primaryImageOfPage":{"@id":"https:\/\/portaltela.pt\/noticias\/2026\/04\/07\/estado-de-saude-de-james-rodriguez-gera-especulacao-nos-eua\/#primaryimage"},"image":{"@id":"https:\/\/portaltela.pt\/noticias\/2026\/04\/07\/estado-de-saude-de-james-rodriguez-gera-especulacao-nos-eua\/#primaryimage"},"thumbnailUrl":"https:\/\/portaltela.pt\/s.01k8rhncp4jt1\/2026\/04\/img_920x518uu2026-04-07-15-11-52-2431578-im-639111718926883298.jpg","datePublished":"2026-04-07T14:32:22+00:00","author":{"@id":"https:\/\/portaltela.pt\/#\/schema\/person\/c4278d4a6028830caff9ee44b42d32ed"},"breadcrumb":{"@id":"https:\/\/portaltela.pt\/noticias\/2026\/04\/07\/estado-de-saude-de-james-rodriguez-gera-especulacao-nos-eua\/#breadcrumb"},"inLanguage":"pt-PT","potentialAction":[{"@type":"ReadAction","target":["https:\/\/portaltela.pt\/noticias\/2026\/04\/07\/estado-de-saude-de-james-rodriguez-gera-especulacao-nos-eua\/"]}]},{"@type":"ImageObject","inLanguage":"pt-PT","@id":"https:\/\/portaltela.pt\/noticias\/2026\/04\/07\/estado-de-saude-de-james-rodriguez-gera-especulacao-nos-eua\/#primaryimage","url":"https:\/\/portaltela.pt\/s.01k8rhncp4jt1\/2026\/04\/img_920x518uu2026-04-07-15-11-52-2431578-im-639111718926883298.jpg","contentUrl":"https:\/\/portaltela.pt\/s.01k8rhncp4jt1\/2026\/04\/img_920x518uu2026-04-07-15-11-52-2431578-im-639111718926883298.jpg","width":796,"height":448,"caption":"Estado de sa\u00fada de James Rodr\u00edguez gera especula\u00e7\u00e3o nos EUA"},{"@type":"BreadcrumbList","@id":"https:\/\/portaltela.pt\/noticias\/2026\/04\/07\/estado-de-saude-de-james-rodriguez-gera-especulacao-nos-eua\/#breadcrumb","itemListElement":[{"@type":"ListItem","position":1,"name":"In\u00edcio","item":"https:\/\/portaltela.pt\/"},{"@type":"ListItem","position":2,"name":"Estado de sa\u00fade de James Rodr\u00edguez gera especula\u00e7\u00e3o nos EUA"}]},{"@type":"WebSite","@id":"https:\/\/portaltela.pt\/#website","url":"https:\/\/portaltela.pt\/","name":"Portal Tela Portugal","description":"","potentialAction":[{"@type":"SearchAction","target":{"@type":"EntryPoint","urlTemplate":"https:\/\/portaltela.pt\/?s={search_term_string}"},"query-input":{"@type":"PropertyValueSpecification","valueRequired":true,"valueName":"search_term_string"}}],"inLanguage":"pt-PT"},{"@type":"Person","@id":"https:\/\/portaltela.pt\/#\/schema\/person\/c4278d4a6028830caff9ee44b42d32ed","name":"Telinha","image":{"@type":"ImageObject","inLanguage":"pt-PT","@id":"https:\/\/portaltela.pt\/s.01k8rhncp4jt1\/2025\/11\/talking-bot-125x125.png","url":"https:\/\/portaltela.pt\/s.01k8rhncp4jt1\/2025\/11\/talking-bot-125x125.png","contentUrl":"https:\/\/portaltela.pt\/s.01k8rhncp4jt1\/2025\/11\/talking-bot-125x125.png","caption":"Telinha"},"sameAs":["https:\/\/portaltela.pt\/"],"url":"https:\/\/portaltela.pt\/por\/367410592786\/"}]}},"_links":{"self":[{"href":"https:\/\/portaltela.pt\/api\/wp\/v2\/posts\/435453","targetHints":{"allow":["GET"]}}],"collection":[{"href":"https:\/\/portaltela.pt\/api\/wp\/v2\/posts"}],"about":[{"href":"https:\/\/portaltela.pt\/api\/wp\/v2\/types\/post"}],"author":[{"embeddable":true,"href":"https:\/\/portaltela.pt\/api\/wp\/v2\/users\/2"}],"replies":[{"embeddable":true,"href":"https:\/\/portaltela.pt\/api\/wp\/v2\/comments?post=435453"}],"version-history":[{"count":0,"href":"https:\/\/portaltela.pt\/api\/wp\/v2\/posts\/435453\/revisions"}],"wp:featuredmedia":[{"embeddable":true,"href":"https:\/\/portaltela.pt\/api\/wp\/v2\/media\/435456"}],"wp:attachment":[{"href":"https:\/\/portaltela.pt\/api\/wp\/v2\/media?parent=435453"}],"wp:term":[{"taxonomy":"category","embeddable":true,"href":"https:\/\/portaltela.pt\/api\/wp\/v2\/categories?post=435453"},{"taxonomy":"post_tag","embeddable":true,"href":"https:\/\/portaltela.pt\/api\/wp\/v2\/tags?post=435453"}],"curies":[{"name":"wp","href":"https:\/\/api.w.org\/{rel}","templated":true}]}}