{"id":435450,"date":"2026-04-07T11:32:19","date_gmt":"2026-04-07T14:32:19","guid":{"rendered":"https:\/\/portaltela.pt\/noticias\/2026\/04\/07\/reino-unido-impede-entrada-de-kanye-west-festival-e-cancelado\/"},"modified":"2026-04-07T11:32:19","modified_gmt":"2026-04-07T14:32:19","slug":"reino-unido-impede-entrada-de-kanye-west-festival-e-cancelado","status":"publish","type":"post","link":"https:\/\/portaltela.pt\/musica\/2026\/04\/07\/reino-unido-impede-entrada-de-kanye-west-festival-e-cancelado\/","title":{"rendered":"Reino Unido impede entrada de Kanye West; festival \u00e9 cancelado"},"content":{"rendered":"<p>O Governo do Reino Unido proibiu a entrada de Kanye West no pa\u00eds, considerando que a sua presen\u00e7a n\u00e3o seria conducente ao bem p\u00fablico. O visto eletr\u00f3nico foi recusado 24 horas antes do evento.<\/p>\n<p>O m\u00fasico pretendia atuar como cabe\u00e7a de cartaz no Wireless Festival, em Londres, no ver\u00e3o. A decis\u00e3o foi relatada pela BBC e envolve quest\u00f5es de seguran\u00e7a p\u00fablica.<\/p>\n<p>O primeiro-ministro Keir Starmer reagiu, afirmando que o anti-semitismo, em qualquer forma, \u00e9 abomin\u00e1vel e deve ser combatido onde quer que apare\u00e7a. O caso gerou controv\u00e9rsia entre organiza\u00e7\u00f5es judaicas.<\/p>\n<p>West tem, nos \u00faltimos anos, feito declara\u00e7\u00f5es associadas a racismo e antisemitismo, o que levou \u00e0 oposi\u00e7\u00e3o de v\u00e1rias entidades. A recusa de visto mant\u00e9m a atua\u00e7\u00e3o no festival sem a presen\u00e7a do artista.<\/p>\n<p>N\u00e3o houve confirma\u00e7\u00e3o sobre outras atra\u00e7\u00f5es do Wireless Festival nem sobre medidas substitutas para o cartaz. O an\u00fancio refor\u00e7a a posi\u00e7\u00e3o oficial de n\u00e3o permitir entradas que comprometam o bem p\u00fablico.<\/p>\n","protected":false},"excerpt":{"rendered":"<ul>\n<li>O Governo brit\u00e2nico proibiu a entrada de Kanye West no Reino Unido, considerando que a sua presen\u00e7a \u201cn\u00e3o seria conducente ao bem p\u00fablico\u201d.<\/li>\n<li>West tinha inten\u00e7\u00e3o de atuar como cabe\u00e7a de cartaz no Wireless Festival, em Londres, no Ver\u00e3o.<\/li>\n<li>O pedido de visto electr\u00f3nico foi recusado 24 horas antes da viagem.<\/li>\n<li>Organiza\u00e7\u00f5es judaicas opuseram-se ao concerto, citando afirma\u00e7\u00f5es anteriores do m\u00fasico.<\/li>\n<li>No fim de semana, o primeiro-ministro, Keir Starmer, afirmou que o anti-semitismo \u00e9 abomin\u00e1vel e deve ser combatido onde quer que apare\u00e7a.<\/li>\n<\/ul>\n","protected":false},"author":2,"featured_media":435454,"comment_status":"closed","ping_status":"closed","sticky":false,"template":"","format":"standard","meta":{"footnotes":""},"categories":[6675,6676],"tags":[1383,2832,2111,250],"class_list":["post-435450","post","type-post","status-publish","format-standard","has-post-thumbnail","hentry","category-celebridades","category-musica","tag-antissemitismo","tag-politica","tag-reino-unido","tag-seguranca-publica"],"yoast_head":"<!-- This site is optimized with the Yoast SEO plugin v27.2 - https:\/\/yoast.com\/product\/yoast-seo-wordpress\/ -->\n<title>Reino Unido impede entrada de Kanye West; festival \u00e9 cancelado - Portal Tela Portugal<\/title>\n<meta name=\"robots\" content=\"index, follow, max-snippet:-1, max-image-preview:large, max-video-preview:-1\" \/>\n<meta property=\"og:locale\" content=\"pt_PT\" \/>\n<meta property=\"og:type\" content=\"article\" \/>\n<meta property=\"og:title\" content=\"Reino Unido impede entrada de Kanye West; festival \u00e9 cancelado - Portal Tela Portugal\" \/>\n<meta property=\"og:description\" content=\"O Governo brit\u00e2nico proibiu a entrada de Kanye West no Reino Unido, considerando que a sua presen\u00e7a \u201cn\u00e3o seria conducente ao bem p\u00fablico\u201d. West tinha inten\u00e7\u00e3o de atuar como cabe\u00e7a de cartaz no Wireless Festival, em Londres, no Ver\u00e3o. O pedido de visto electr\u00f3nico foi recusado 24 horas antes da viagem. Organiza\u00e7\u00f5es judaicas opuseram-se ao concerto, citando afirma\u00e7\u00f5es anteriores do m\u00fasico. No fim de semana, o primeiro-ministro, Keir Starmer, afirmou que o anti-semitismo \u00e9 abomin\u00e1vel e deve ser combatido onde quer que apare\u00e7a.\" \/>\n<meta property=\"og:url\" content=\"https:\/\/portaltela.pt\/noticias\/2026\/04\/07\/reino-unido-impede-entrada-de-kanye-west-festival-e-cancelado\/\" \/>\n<meta property=\"og:site_name\" content=\"Portal Tela Portugal\" \/>\n<meta property=\"article:published_time\" content=\"2026-04-07T14:32:19+00:00\" \/>\n<meta name=\"author\" content=\"Telinha\" \/>\n<meta name=\"twitter:card\" content=\"summary_large_image\" \/>\n<meta name=\"twitter:label1\" content=\"Escrito por\" \/>\n\t<meta name=\"twitter:data1\" content=\"Telinha\" \/>\n\t<meta name=\"twitter:label2\" content=\"Tempo estimado de leitura\" \/>\n\t<meta name=\"twitter:data2\" content=\"1 minuto\" \/>\n<script type=\"application\/ld+json\" class=\"yoast-schema-graph\">{\"@context\":\"https:\/\/schema.org\",\"@graph\":[{\"@type\":\"Article\",\"@id\":\"https:\/\/portaltela.pt\/noticias\/2026\/04\/07\/reino-unido-impede-entrada-de-kanye-west-festival-e-cancelado\/#article\",\"isPartOf\":{\"@id\":\"https:\/\/portaltela.pt\/noticias\/2026\/04\/07\/reino-unido-impede-entrada-de-kanye-west-festival-e-cancelado\/\"},\"author\":{\"name\":\"Telinha\",\"@id\":\"https:\/\/portaltela.pt\/#\/schema\/person\/c4278d4a6028830caff9ee44b42d32ed\"},\"headline\":\"Reino Unido impede entrada de Kanye West; festival \u00e9 cancelado\",\"datePublished\":\"2026-04-07T14:32:19+00:00\",\"mainEntityOfPage\":{\"@id\":\"https:\/\/portaltela.pt\/noticias\/2026\/04\/07\/reino-unido-impede-entrada-de-kanye-west-festival-e-cancelado\/\"},\"wordCount\":191,\"image\":{\"@id\":\"https:\/\/portaltela.pt\/noticias\/2026\/04\/07\/reino-unido-impede-entrada-de-kanye-west-festival-e-cancelado\/#primaryimage\"},\"thumbnailUrl\":\"https:\/\/portaltela.pt\/s.01k8rhncp4jt1\/2026\/04\/2079718.jpg\",\"keywords\":[\"antissemitismo\",\"pol\u00edtica\",\"Reino Unido\",\"seguran\u00e7a p\u00fablica\"],\"articleSection\":[\"Celebridades\",\"M\u00fasica\"],\"inLanguage\":\"pt-PT\"},{\"@type\":\"WebPage\",\"@id\":\"https:\/\/portaltela.pt\/noticias\/2026\/04\/07\/reino-unido-impede-entrada-de-kanye-west-festival-e-cancelado\/\",\"url\":\"https:\/\/portaltela.pt\/noticias\/2026\/04\/07\/reino-unido-impede-entrada-de-kanye-west-festival-e-cancelado\/\",\"name\":\"Reino Unido impede entrada de Kanye West; festival \u00e9 cancelado - Portal Tela Portugal\",\"isPartOf\":{\"@id\":\"https:\/\/portaltela.pt\/#website\"},\"primaryImageOfPage\":{\"@id\":\"https:\/\/portaltela.pt\/noticias\/2026\/04\/07\/reino-unido-impede-entrada-de-kanye-west-festival-e-cancelado\/#primaryimage\"},\"image\":{\"@id\":\"https:\/\/portaltela.pt\/noticias\/2026\/04\/07\/reino-unido-impede-entrada-de-kanye-west-festival-e-cancelado\/#primaryimage\"},\"thumbnailUrl\":\"https:\/\/portaltela.pt\/s.01k8rhncp4jt1\/2026\/04\/2079718.jpg\",\"datePublished\":\"2026-04-07T14:32:19+00:00\",\"author\":{\"@id\":\"https:\/\/portaltela.pt\/#\/schema\/person\/c4278d4a6028830caff9ee44b42d32ed\"},\"breadcrumb\":{\"@id\":\"https:\/\/portaltela.pt\/noticias\/2026\/04\/07\/reino-unido-impede-entrada-de-kanye-west-festival-e-cancelado\/#breadcrumb\"},\"inLanguage\":\"pt-PT\",\"potentialAction\":[{\"@type\":\"ReadAction\",\"target\":[\"https:\/\/portaltela.pt\/noticias\/2026\/04\/07\/reino-unido-impede-entrada-de-kanye-west-festival-e-cancelado\/\"]}]},{\"@type\":\"ImageObject\",\"inLanguage\":\"pt-PT\",\"@id\":\"https:\/\/portaltela.pt\/noticias\/2026\/04\/07\/reino-unido-impede-entrada-de-kanye-west-festival-e-cancelado\/#primaryimage\",\"url\":\"https:\/\/portaltela.pt\/s.01k8rhncp4jt1\/2026\/04\/2079718.jpg\",\"contentUrl\":\"https:\/\/portaltela.pt\/s.01k8rhncp4jt1\/2026\/04\/2079718.jpg\",\"width\":796,\"height\":448,\"caption\":\"Kanye West num com\u00edcio em que tentou lan\u00e7ar a sua candidatura \u00e0 presid\u00eancia dos EUA\"},{\"@type\":\"BreadcrumbList\",\"@id\":\"https:\/\/portaltela.pt\/noticias\/2026\/04\/07\/reino-unido-impede-entrada-de-kanye-west-festival-e-cancelado\/#breadcrumb\",\"itemListElement\":[{\"@type\":\"ListItem\",\"position\":1,\"name\":\"In\u00edcio\",\"item\":\"https:\/\/portaltela.pt\/\"},{\"@type\":\"ListItem\",\"position\":2,\"name\":\"Reino Unido impede entrada de Kanye West; festival \u00e9 cancelado\"}]},{\"@type\":\"WebSite\",\"@id\":\"https:\/\/portaltela.pt\/#website\",\"url\":\"https:\/\/portaltela.pt\/\",\"name\":\"Portal Tela Portugal\",\"description\":\"\",\"potentialAction\":[{\"@type\":\"SearchAction\",\"target\":{\"@type\":\"EntryPoint\",\"urlTemplate\":\"https:\/\/portaltela.pt\/?s={search_term_string}\"},\"query-input\":{\"@type\":\"PropertyValueSpecification\",\"valueRequired\":true,\"valueName\":\"search_term_string\"}}],\"inLanguage\":\"pt-PT\"},{\"@type\":\"Person\",\"@id\":\"https:\/\/portaltela.pt\/#\/schema\/person\/c4278d4a6028830caff9ee44b42d32ed\",\"name\":\"Telinha\",\"image\":{\"@type\":\"ImageObject\",\"inLanguage\":\"pt-PT\",\"@id\":\"https:\/\/portaltela.pt\/s.01k8rhncp4jt1\/2025\/11\/talking-bot-125x125.png\",\"url\":\"https:\/\/portaltela.pt\/s.01k8rhncp4jt1\/2025\/11\/talking-bot-125x125.png\",\"contentUrl\":\"https:\/\/portaltela.pt\/s.01k8rhncp4jt1\/2025\/11\/talking-bot-125x125.png\",\"caption\":\"Telinha\"},\"sameAs\":[\"https:\/\/portaltela.pt\/\"],\"url\":\"https:\/\/portaltela.pt\/por\/367410592786\/\"}]}<\/script>\n<!-- \/ Yoast SEO plugin. -->","yoast_head_json":{"title":"Reino Unido impede entrada de Kanye West; festival \u00e9 cancelado - Portal Tela Portugal","robots":{"index":"index","follow":"follow","max-snippet":"max-snippet:-1","max-image-preview":"max-image-preview:large","max-video-preview":"max-video-preview:-1"},"og_locale":"pt_PT","og_type":"article","og_title":"Reino Unido impede entrada de Kanye West; festival \u00e9 cancelado - Portal Tela Portugal","og_description":"O Governo brit\u00e2nico proibiu a entrada de Kanye West no Reino Unido, considerando que a sua presen\u00e7a \u201cn\u00e3o seria conducente ao bem p\u00fablico\u201d. West tinha inten\u00e7\u00e3o de atuar como cabe\u00e7a de cartaz no Wireless Festival, em Londres, no Ver\u00e3o. O pedido de visto electr\u00f3nico foi recusado 24 horas antes da viagem. Organiza\u00e7\u00f5es judaicas opuseram-se ao concerto, citando afirma\u00e7\u00f5es anteriores do m\u00fasico. No fim de semana, o primeiro-ministro, Keir Starmer, afirmou que o anti-semitismo \u00e9 abomin\u00e1vel e deve ser combatido onde quer que apare\u00e7a.","og_url":"https:\/\/portaltela.pt\/noticias\/2026\/04\/07\/reino-unido-impede-entrada-de-kanye-west-festival-e-cancelado\/","og_site_name":"Portal Tela Portugal","article_published_time":"2026-04-07T14:32:19+00:00","author":"Telinha","twitter_card":"summary_large_image","twitter_misc":{"Escrito por":"Telinha","Tempo estimado de leitura":"1 minuto"},"schema":{"@context":"https:\/\/schema.org","@graph":[{"@type":"Article","@id":"https:\/\/portaltela.pt\/noticias\/2026\/04\/07\/reino-unido-impede-entrada-de-kanye-west-festival-e-cancelado\/#article","isPartOf":{"@id":"https:\/\/portaltela.pt\/noticias\/2026\/04\/07\/reino-unido-impede-entrada-de-kanye-west-festival-e-cancelado\/"},"author":{"name":"Telinha","@id":"https:\/\/portaltela.pt\/#\/schema\/person\/c4278d4a6028830caff9ee44b42d32ed"},"headline":"Reino Unido impede entrada de Kanye West; festival \u00e9 cancelado","datePublished":"2026-04-07T14:32:19+00:00","mainEntityOfPage":{"@id":"https:\/\/portaltela.pt\/noticias\/2026\/04\/07\/reino-unido-impede-entrada-de-kanye-west-festival-e-cancelado\/"},"wordCount":191,"image":{"@id":"https:\/\/portaltela.pt\/noticias\/2026\/04\/07\/reino-unido-impede-entrada-de-kanye-west-festival-e-cancelado\/#primaryimage"},"thumbnailUrl":"https:\/\/portaltela.pt\/s.01k8rhncp4jt1\/2026\/04\/2079718.jpg","keywords":["antissemitismo","pol\u00edtica","Reino Unido","seguran\u00e7a p\u00fablica"],"articleSection":["Celebridades","M\u00fasica"],"inLanguage":"pt-PT"},{"@type":"WebPage","@id":"https:\/\/portaltela.pt\/noticias\/2026\/04\/07\/reino-unido-impede-entrada-de-kanye-west-festival-e-cancelado\/","url":"https:\/\/portaltela.pt\/noticias\/2026\/04\/07\/reino-unido-impede-entrada-de-kanye-west-festival-e-cancelado\/","name":"Reino Unido impede entrada de Kanye West; festival \u00e9 cancelado - Portal Tela Portugal","isPartOf":{"@id":"https:\/\/portaltela.pt\/#website"},"primaryImageOfPage":{"@id":"https:\/\/portaltela.pt\/noticias\/2026\/04\/07\/reino-unido-impede-entrada-de-kanye-west-festival-e-cancelado\/#primaryimage"},"image":{"@id":"https:\/\/portaltela.pt\/noticias\/2026\/04\/07\/reino-unido-impede-entrada-de-kanye-west-festival-e-cancelado\/#primaryimage"},"thumbnailUrl":"https:\/\/portaltela.pt\/s.01k8rhncp4jt1\/2026\/04\/2079718.jpg","datePublished":"2026-04-07T14:32:19+00:00","author":{"@id":"https:\/\/portaltela.pt\/#\/schema\/person\/c4278d4a6028830caff9ee44b42d32ed"},"breadcrumb":{"@id":"https:\/\/portaltela.pt\/noticias\/2026\/04\/07\/reino-unido-impede-entrada-de-kanye-west-festival-e-cancelado\/#breadcrumb"},"inLanguage":"pt-PT","potentialAction":[{"@type":"ReadAction","target":["https:\/\/portaltela.pt\/noticias\/2026\/04\/07\/reino-unido-impede-entrada-de-kanye-west-festival-e-cancelado\/"]}]},{"@type":"ImageObject","inLanguage":"pt-PT","@id":"https:\/\/portaltela.pt\/noticias\/2026\/04\/07\/reino-unido-impede-entrada-de-kanye-west-festival-e-cancelado\/#primaryimage","url":"https:\/\/portaltela.pt\/s.01k8rhncp4jt1\/2026\/04\/2079718.jpg","contentUrl":"https:\/\/portaltela.pt\/s.01k8rhncp4jt1\/2026\/04\/2079718.jpg","width":796,"height":448,"caption":"Kanye West num com\u00edcio em que tentou lan\u00e7ar a sua candidatura \u00e0 presid\u00eancia dos EUA"},{"@type":"BreadcrumbList","@id":"https:\/\/portaltela.pt\/noticias\/2026\/04\/07\/reino-unido-impede-entrada-de-kanye-west-festival-e-cancelado\/#breadcrumb","itemListElement":[{"@type":"ListItem","position":1,"name":"In\u00edcio","item":"https:\/\/portaltela.pt\/"},{"@type":"ListItem","position":2,"name":"Reino Unido impede entrada de Kanye West; festival \u00e9 cancelado"}]},{"@type":"WebSite","@id":"https:\/\/portaltela.pt\/#website","url":"https:\/\/portaltela.pt\/","name":"Portal Tela Portugal","description":"","potentialAction":[{"@type":"SearchAction","target":{"@type":"EntryPoint","urlTemplate":"https:\/\/portaltela.pt\/?s={search_term_string}"},"query-input":{"@type":"PropertyValueSpecification","valueRequired":true,"valueName":"search_term_string"}}],"inLanguage":"pt-PT"},{"@type":"Person","@id":"https:\/\/portaltela.pt\/#\/schema\/person\/c4278d4a6028830caff9ee44b42d32ed","name":"Telinha","image":{"@type":"ImageObject","inLanguage":"pt-PT","@id":"https:\/\/portaltela.pt\/s.01k8rhncp4jt1\/2025\/11\/talking-bot-125x125.png","url":"https:\/\/portaltela.pt\/s.01k8rhncp4jt1\/2025\/11\/talking-bot-125x125.png","contentUrl":"https:\/\/portaltela.pt\/s.01k8rhncp4jt1\/2025\/11\/talking-bot-125x125.png","caption":"Telinha"},"sameAs":["https:\/\/portaltela.pt\/"],"url":"https:\/\/portaltela.pt\/por\/367410592786\/"}]}},"_links":{"self":[{"href":"https:\/\/portaltela.pt\/api\/wp\/v2\/posts\/435450","targetHints":{"allow":["GET"]}}],"collection":[{"href":"https:\/\/portaltela.pt\/api\/wp\/v2\/posts"}],"about":[{"href":"https:\/\/portaltela.pt\/api\/wp\/v2\/types\/post"}],"author":[{"embeddable":true,"href":"https:\/\/portaltela.pt\/api\/wp\/v2\/users\/2"}],"replies":[{"embeddable":true,"href":"https:\/\/portaltela.pt\/api\/wp\/v2\/comments?post=435450"}],"version-history":[{"count":0,"href":"https:\/\/portaltela.pt\/api\/wp\/v2\/posts\/435450\/revisions"}],"wp:featuredmedia":[{"embeddable":true,"href":"https:\/\/portaltela.pt\/api\/wp\/v2\/media\/435454"}],"wp:attachment":[{"href":"https:\/\/portaltela.pt\/api\/wp\/v2\/media?parent=435450"}],"wp:term":[{"taxonomy":"category","embeddable":true,"href":"https:\/\/portaltela.pt\/api\/wp\/v2\/categories?post=435450"},{"taxonomy":"post_tag","embeddable":true,"href":"https:\/\/portaltela.pt\/api\/wp\/v2\/tags?post=435450"}],"curies":[{"name":"wp","href":"https:\/\/api.w.org\/{rel}","templated":true}]}}