{"id":435447,"date":"2026-04-07T11:32:17","date_gmt":"2026-04-07T14:32:17","guid":{"rendered":"https:\/\/portaltela.pt\/noticias\/2026\/04\/07\/claudio-ramos-diz-que-fez-o-trabalho-e-nao-foi-pago-pela-agencia\/"},"modified":"2026-04-07T11:32:17","modified_gmt":"2026-04-07T14:32:17","slug":"claudio-ramos-diz-que-fez-o-trabalho-e-nao-foi-pago-pela-agencia","status":"publish","type":"post","link":"https:\/\/portaltela.pt\/celebridades\/2026\/04\/07\/claudio-ramos-diz-que-fez-o-trabalho-e-nao-foi-pago-pela-agencia\/","title":{"rendered":"Cl\u00e1udio Ramos diz que fez o trabalho e n\u00e3o foi pago pela ag\u00eancia"},"content":{"rendered":"<p>Cl\u00e1udio Ramos revelou no programa Dois \u00e0s 10 que ficou sem pagamento por um trabalho de dobragem, levando-o a recusar novos projetos devido aos atrasos das ag\u00eancias.<\/p>\n<p>Durante a conversa com Jorge Mourato e Manuel Marques, o apresentador afirmou que ganha bem com dobragens quando os pagamentos s\u00e3o feitos a tempo, mas os atrasos reduzem a margem de ganho.<\/p>\n<p>Disse ter feito duas dobragens para a ag\u00eancia da voz, que ficou com o dinheiro ap\u00f3s esperas de at\u00e9 90 dias em alguns casos, momento em que decidiu n\u00e3o voltar a trabalhar com essa empresa.<\/p>\n<p>Ramos explicou que n\u00e3o pretende colaborar novamente com aquela ag\u00eancia, assumindo que o atraso no pagamento levou \u00e0 desist\u00eancia de novos encargos no \u00e2mbito da dobragem.<\/p>\n","protected":false},"excerpt":{"rendered":"<ul>\n<li>Cl\u00e1udio Ramos afirmou no programa Dois \u00e0s 10 que ficou sem receber por um trabalho de dobragem.<\/li>\n<li>O apresentador relatou atrasos de pagamento por parte das ag\u00eancias, o que o levou a desistir de fazer mais trabalhos.<\/li>\n<li>Disse que se ganha bem com dobragens, desde que os pagamentos sejam feitos a tempo e horas.<\/li>\n<li>J\u00e1 realizou duas dobragens e destacou que n\u00e3o volta a colaborar com as mesmas ag\u00eancias.<\/li>\n<li>Afirmou que a ag\u00eancia da voz lhe ficou com o dinheiro e que chegou a esperar 90 dias para receber.<\/li>\n<\/ul>\n","protected":false},"author":2,"featured_media":435451,"comment_status":"closed","ping_status":"closed","sticky":false,"template":"","format":"standard","meta":{"footnotes":""},"categories":[6675],"tags":[7756,6115,6774,4693,2201],"class_list":["post-435447","post","type-post","status-publish","format-standard","has-post-thumbnail","hentry","category-celebridades","tag-_cultura","tag-_economia","tag-a-comunicacao-social","tag-pagamentos","tag-trabalho"],"yoast_head":"<!-- This site is optimized with the Yoast SEO plugin v27.2 - https:\/\/yoast.com\/product\/yoast-seo-wordpress\/ -->\n<title>Cl\u00e1udio Ramos diz que fez o trabalho e n\u00e3o foi pago pela ag\u00eancia - Portal Tela Portugal<\/title>\n<meta name=\"robots\" content=\"index, follow, max-snippet:-1, max-image-preview:large, max-video-preview:-1\" \/>\n<meta property=\"og:locale\" content=\"pt_PT\" \/>\n<meta property=\"og:type\" content=\"article\" \/>\n<meta property=\"og:title\" content=\"Cl\u00e1udio Ramos diz que fez o trabalho e n\u00e3o foi pago pela ag\u00eancia - Portal Tela Portugal\" \/>\n<meta property=\"og:description\" content=\"Cl\u00e1udio Ramos afirmou no programa Dois \u00e0s 10 que ficou sem receber por um trabalho de dobragem. O apresentador relatou atrasos de pagamento por parte das ag\u00eancias, o que o levou a desistir de fazer mais trabalhos. Disse que se ganha bem com dobragens, desde que os pagamentos sejam feitos a tempo e horas. J\u00e1 realizou duas dobragens e destacou que n\u00e3o volta a colaborar com as mesmas ag\u00eancias. Afirmou que a ag\u00eancia da voz lhe ficou com o dinheiro e que chegou a esperar 90 dias para receber.\" \/>\n<meta property=\"og:url\" content=\"https:\/\/portaltela.pt\/noticias\/2026\/04\/07\/claudio-ramos-diz-que-fez-o-trabalho-e-nao-foi-pago-pela-agencia\/\" \/>\n<meta property=\"og:site_name\" content=\"Portal Tela Portugal\" \/>\n<meta property=\"article:published_time\" content=\"2026-04-07T14:32:17+00:00\" \/>\n<meta name=\"author\" content=\"Telinha\" \/>\n<meta name=\"twitter:card\" content=\"summary_large_image\" \/>\n<meta name=\"twitter:label1\" content=\"Escrito por\" \/>\n\t<meta name=\"twitter:data1\" content=\"Telinha\" \/>\n\t<meta name=\"twitter:label2\" content=\"Tempo estimado de leitura\" \/>\n\t<meta name=\"twitter:data2\" content=\"1 minuto\" \/>\n<script type=\"application\/ld+json\" class=\"yoast-schema-graph\">{\"@context\":\"https:\/\/schema.org\",\"@graph\":[{\"@type\":\"Article\",\"@id\":\"https:\/\/portaltela.pt\/noticias\/2026\/04\/07\/claudio-ramos-diz-que-fez-o-trabalho-e-nao-foi-pago-pela-agencia\/#article\",\"isPartOf\":{\"@id\":\"https:\/\/portaltela.pt\/noticias\/2026\/04\/07\/claudio-ramos-diz-que-fez-o-trabalho-e-nao-foi-pago-pela-agencia\/\"},\"author\":{\"name\":\"Telinha\",\"@id\":\"https:\/\/portaltela.pt\/#\/schema\/person\/c4278d4a6028830caff9ee44b42d32ed\"},\"headline\":\"Cl\u00e1udio Ramos diz que fez o trabalho e n\u00e3o foi pago pela ag\u00eancia\",\"datePublished\":\"2026-04-07T14:32:17+00:00\",\"mainEntityOfPage\":{\"@id\":\"https:\/\/portaltela.pt\/noticias\/2026\/04\/07\/claudio-ramos-diz-que-fez-o-trabalho-e-nao-foi-pago-pela-agencia\/\"},\"wordCount\":142,\"image\":{\"@id\":\"https:\/\/portaltela.pt\/noticias\/2026\/04\/07\/claudio-ramos-diz-que-fez-o-trabalho-e-nao-foi-pago-pela-agencia\/#primaryimage\"},\"thumbnailUrl\":\"https:\/\/portaltela.pt\/s.01k8rhncp4jt1\/2026\/04\/img_1280x718uu2026-03-30-11-46-02-2275564-im-639104680024444859.jpg\",\"keywords\":[\"_cultura\",\"_economia\",\"a comunica\u00e7\u00e3o social\",\"pagamentos\",\"trabalho\"],\"articleSection\":[\"Celebridades\"],\"inLanguage\":\"pt-PT\"},{\"@type\":\"WebPage\",\"@id\":\"https:\/\/portaltela.pt\/noticias\/2026\/04\/07\/claudio-ramos-diz-que-fez-o-trabalho-e-nao-foi-pago-pela-agencia\/\",\"url\":\"https:\/\/portaltela.pt\/noticias\/2026\/04\/07\/claudio-ramos-diz-que-fez-o-trabalho-e-nao-foi-pago-pela-agencia\/\",\"name\":\"Cl\u00e1udio Ramos diz que fez o trabalho e n\u00e3o foi pago pela ag\u00eancia - Portal Tela Portugal\",\"isPartOf\":{\"@id\":\"https:\/\/portaltela.pt\/#website\"},\"primaryImageOfPage\":{\"@id\":\"https:\/\/portaltela.pt\/noticias\/2026\/04\/07\/claudio-ramos-diz-que-fez-o-trabalho-e-nao-foi-pago-pela-agencia\/#primaryimage\"},\"image\":{\"@id\":\"https:\/\/portaltela.pt\/noticias\/2026\/04\/07\/claudio-ramos-diz-que-fez-o-trabalho-e-nao-foi-pago-pela-agencia\/#primaryimage\"},\"thumbnailUrl\":\"https:\/\/portaltela.pt\/s.01k8rhncp4jt1\/2026\/04\/img_1280x718uu2026-03-30-11-46-02-2275564-im-639104680024444859.jpg\",\"datePublished\":\"2026-04-07T14:32:17+00:00\",\"author\":{\"@id\":\"https:\/\/portaltela.pt\/#\/schema\/person\/c4278d4a6028830caff9ee44b42d32ed\"},\"breadcrumb\":{\"@id\":\"https:\/\/portaltela.pt\/noticias\/2026\/04\/07\/claudio-ramos-diz-que-fez-o-trabalho-e-nao-foi-pago-pela-agencia\/#breadcrumb\"},\"inLanguage\":\"pt-PT\",\"potentialAction\":[{\"@type\":\"ReadAction\",\"target\":[\"https:\/\/portaltela.pt\/noticias\/2026\/04\/07\/claudio-ramos-diz-que-fez-o-trabalho-e-nao-foi-pago-pela-agencia\/\"]}]},{\"@type\":\"ImageObject\",\"inLanguage\":\"pt-PT\",\"@id\":\"https:\/\/portaltela.pt\/noticias\/2026\/04\/07\/claudio-ramos-diz-que-fez-o-trabalho-e-nao-foi-pago-pela-agencia\/#primaryimage\",\"url\":\"https:\/\/portaltela.pt\/s.01k8rhncp4jt1\/2026\/04\/img_1280x718uu2026-03-30-11-46-02-2275564-im-639104680024444859.jpg\",\"contentUrl\":\"https:\/\/portaltela.pt\/s.01k8rhncp4jt1\/2026\/04\/img_1280x718uu2026-03-30-11-46-02-2275564-im-639104680024444859.jpg\",\"width\":796,\"height\":448,\"caption\":\"Photo\"},{\"@type\":\"BreadcrumbList\",\"@id\":\"https:\/\/portaltela.pt\/noticias\/2026\/04\/07\/claudio-ramos-diz-que-fez-o-trabalho-e-nao-foi-pago-pela-agencia\/#breadcrumb\",\"itemListElement\":[{\"@type\":\"ListItem\",\"position\":1,\"name\":\"In\u00edcio\",\"item\":\"https:\/\/portaltela.pt\/\"},{\"@type\":\"ListItem\",\"position\":2,\"name\":\"Cl\u00e1udio Ramos diz que fez o trabalho e n\u00e3o foi pago pela ag\u00eancia\"}]},{\"@type\":\"WebSite\",\"@id\":\"https:\/\/portaltela.pt\/#website\",\"url\":\"https:\/\/portaltela.pt\/\",\"name\":\"Portal Tela Portugal\",\"description\":\"\",\"potentialAction\":[{\"@type\":\"SearchAction\",\"target\":{\"@type\":\"EntryPoint\",\"urlTemplate\":\"https:\/\/portaltela.pt\/?s={search_term_string}\"},\"query-input\":{\"@type\":\"PropertyValueSpecification\",\"valueRequired\":true,\"valueName\":\"search_term_string\"}}],\"inLanguage\":\"pt-PT\"},{\"@type\":\"Person\",\"@id\":\"https:\/\/portaltela.pt\/#\/schema\/person\/c4278d4a6028830caff9ee44b42d32ed\",\"name\":\"Telinha\",\"image\":{\"@type\":\"ImageObject\",\"inLanguage\":\"pt-PT\",\"@id\":\"https:\/\/portaltela.pt\/s.01k8rhncp4jt1\/2025\/11\/talking-bot-125x125.png\",\"url\":\"https:\/\/portaltela.pt\/s.01k8rhncp4jt1\/2025\/11\/talking-bot-125x125.png\",\"contentUrl\":\"https:\/\/portaltela.pt\/s.01k8rhncp4jt1\/2025\/11\/talking-bot-125x125.png\",\"caption\":\"Telinha\"},\"sameAs\":[\"https:\/\/portaltela.pt\/\"],\"url\":\"https:\/\/portaltela.pt\/por\/367410592786\/\"}]}<\/script>\n<!-- \/ Yoast SEO plugin. -->","yoast_head_json":{"title":"Cl\u00e1udio Ramos diz que fez o trabalho e n\u00e3o foi pago pela ag\u00eancia - Portal Tela Portugal","robots":{"index":"index","follow":"follow","max-snippet":"max-snippet:-1","max-image-preview":"max-image-preview:large","max-video-preview":"max-video-preview:-1"},"og_locale":"pt_PT","og_type":"article","og_title":"Cl\u00e1udio Ramos diz que fez o trabalho e n\u00e3o foi pago pela ag\u00eancia - Portal Tela Portugal","og_description":"Cl\u00e1udio Ramos afirmou no programa Dois \u00e0s 10 que ficou sem receber por um trabalho de dobragem. O apresentador relatou atrasos de pagamento por parte das ag\u00eancias, o que o levou a desistir de fazer mais trabalhos. Disse que se ganha bem com dobragens, desde que os pagamentos sejam feitos a tempo e horas. J\u00e1 realizou duas dobragens e destacou que n\u00e3o volta a colaborar com as mesmas ag\u00eancias. Afirmou que a ag\u00eancia da voz lhe ficou com o dinheiro e que chegou a esperar 90 dias para receber.","og_url":"https:\/\/portaltela.pt\/noticias\/2026\/04\/07\/claudio-ramos-diz-que-fez-o-trabalho-e-nao-foi-pago-pela-agencia\/","og_site_name":"Portal Tela Portugal","article_published_time":"2026-04-07T14:32:17+00:00","author":"Telinha","twitter_card":"summary_large_image","twitter_misc":{"Escrito por":"Telinha","Tempo estimado de leitura":"1 minuto"},"schema":{"@context":"https:\/\/schema.org","@graph":[{"@type":"Article","@id":"https:\/\/portaltela.pt\/noticias\/2026\/04\/07\/claudio-ramos-diz-que-fez-o-trabalho-e-nao-foi-pago-pela-agencia\/#article","isPartOf":{"@id":"https:\/\/portaltela.pt\/noticias\/2026\/04\/07\/claudio-ramos-diz-que-fez-o-trabalho-e-nao-foi-pago-pela-agencia\/"},"author":{"name":"Telinha","@id":"https:\/\/portaltela.pt\/#\/schema\/person\/c4278d4a6028830caff9ee44b42d32ed"},"headline":"Cl\u00e1udio Ramos diz que fez o trabalho e n\u00e3o foi pago pela ag\u00eancia","datePublished":"2026-04-07T14:32:17+00:00","mainEntityOfPage":{"@id":"https:\/\/portaltela.pt\/noticias\/2026\/04\/07\/claudio-ramos-diz-que-fez-o-trabalho-e-nao-foi-pago-pela-agencia\/"},"wordCount":142,"image":{"@id":"https:\/\/portaltela.pt\/noticias\/2026\/04\/07\/claudio-ramos-diz-que-fez-o-trabalho-e-nao-foi-pago-pela-agencia\/#primaryimage"},"thumbnailUrl":"https:\/\/portaltela.pt\/s.01k8rhncp4jt1\/2026\/04\/img_1280x718uu2026-03-30-11-46-02-2275564-im-639104680024444859.jpg","keywords":["_cultura","_economia","a comunica\u00e7\u00e3o social","pagamentos","trabalho"],"articleSection":["Celebridades"],"inLanguage":"pt-PT"},{"@type":"WebPage","@id":"https:\/\/portaltela.pt\/noticias\/2026\/04\/07\/claudio-ramos-diz-que-fez-o-trabalho-e-nao-foi-pago-pela-agencia\/","url":"https:\/\/portaltela.pt\/noticias\/2026\/04\/07\/claudio-ramos-diz-que-fez-o-trabalho-e-nao-foi-pago-pela-agencia\/","name":"Cl\u00e1udio Ramos diz que fez o trabalho e n\u00e3o foi pago pela ag\u00eancia - Portal Tela Portugal","isPartOf":{"@id":"https:\/\/portaltela.pt\/#website"},"primaryImageOfPage":{"@id":"https:\/\/portaltela.pt\/noticias\/2026\/04\/07\/claudio-ramos-diz-que-fez-o-trabalho-e-nao-foi-pago-pela-agencia\/#primaryimage"},"image":{"@id":"https:\/\/portaltela.pt\/noticias\/2026\/04\/07\/claudio-ramos-diz-que-fez-o-trabalho-e-nao-foi-pago-pela-agencia\/#primaryimage"},"thumbnailUrl":"https:\/\/portaltela.pt\/s.01k8rhncp4jt1\/2026\/04\/img_1280x718uu2026-03-30-11-46-02-2275564-im-639104680024444859.jpg","datePublished":"2026-04-07T14:32:17+00:00","author":{"@id":"https:\/\/portaltela.pt\/#\/schema\/person\/c4278d4a6028830caff9ee44b42d32ed"},"breadcrumb":{"@id":"https:\/\/portaltela.pt\/noticias\/2026\/04\/07\/claudio-ramos-diz-que-fez-o-trabalho-e-nao-foi-pago-pela-agencia\/#breadcrumb"},"inLanguage":"pt-PT","potentialAction":[{"@type":"ReadAction","target":["https:\/\/portaltela.pt\/noticias\/2026\/04\/07\/claudio-ramos-diz-que-fez-o-trabalho-e-nao-foi-pago-pela-agencia\/"]}]},{"@type":"ImageObject","inLanguage":"pt-PT","@id":"https:\/\/portaltela.pt\/noticias\/2026\/04\/07\/claudio-ramos-diz-que-fez-o-trabalho-e-nao-foi-pago-pela-agencia\/#primaryimage","url":"https:\/\/portaltela.pt\/s.01k8rhncp4jt1\/2026\/04\/img_1280x718uu2026-03-30-11-46-02-2275564-im-639104680024444859.jpg","contentUrl":"https:\/\/portaltela.pt\/s.01k8rhncp4jt1\/2026\/04\/img_1280x718uu2026-03-30-11-46-02-2275564-im-639104680024444859.jpg","width":796,"height":448,"caption":"Photo"},{"@type":"BreadcrumbList","@id":"https:\/\/portaltela.pt\/noticias\/2026\/04\/07\/claudio-ramos-diz-que-fez-o-trabalho-e-nao-foi-pago-pela-agencia\/#breadcrumb","itemListElement":[{"@type":"ListItem","position":1,"name":"In\u00edcio","item":"https:\/\/portaltela.pt\/"},{"@type":"ListItem","position":2,"name":"Cl\u00e1udio Ramos diz que fez o trabalho e n\u00e3o foi pago pela ag\u00eancia"}]},{"@type":"WebSite","@id":"https:\/\/portaltela.pt\/#website","url":"https:\/\/portaltela.pt\/","name":"Portal Tela Portugal","description":"","potentialAction":[{"@type":"SearchAction","target":{"@type":"EntryPoint","urlTemplate":"https:\/\/portaltela.pt\/?s={search_term_string}"},"query-input":{"@type":"PropertyValueSpecification","valueRequired":true,"valueName":"search_term_string"}}],"inLanguage":"pt-PT"},{"@type":"Person","@id":"https:\/\/portaltela.pt\/#\/schema\/person\/c4278d4a6028830caff9ee44b42d32ed","name":"Telinha","image":{"@type":"ImageObject","inLanguage":"pt-PT","@id":"https:\/\/portaltela.pt\/s.01k8rhncp4jt1\/2025\/11\/talking-bot-125x125.png","url":"https:\/\/portaltela.pt\/s.01k8rhncp4jt1\/2025\/11\/talking-bot-125x125.png","contentUrl":"https:\/\/portaltela.pt\/s.01k8rhncp4jt1\/2025\/11\/talking-bot-125x125.png","caption":"Telinha"},"sameAs":["https:\/\/portaltela.pt\/"],"url":"https:\/\/portaltela.pt\/por\/367410592786\/"}]}},"_links":{"self":[{"href":"https:\/\/portaltela.pt\/api\/wp\/v2\/posts\/435447","targetHints":{"allow":["GET"]}}],"collection":[{"href":"https:\/\/portaltela.pt\/api\/wp\/v2\/posts"}],"about":[{"href":"https:\/\/portaltela.pt\/api\/wp\/v2\/types\/post"}],"author":[{"embeddable":true,"href":"https:\/\/portaltela.pt\/api\/wp\/v2\/users\/2"}],"replies":[{"embeddable":true,"href":"https:\/\/portaltela.pt\/api\/wp\/v2\/comments?post=435447"}],"version-history":[{"count":0,"href":"https:\/\/portaltela.pt\/api\/wp\/v2\/posts\/435447\/revisions"}],"wp:featuredmedia":[{"embeddable":true,"href":"https:\/\/portaltela.pt\/api\/wp\/v2\/media\/435451"}],"wp:attachment":[{"href":"https:\/\/portaltela.pt\/api\/wp\/v2\/media?parent=435447"}],"wp:term":[{"taxonomy":"category","embeddable":true,"href":"https:\/\/portaltela.pt\/api\/wp\/v2\/categories?post=435447"},{"taxonomy":"post_tag","embeddable":true,"href":"https:\/\/portaltela.pt\/api\/wp\/v2\/tags?post=435447"}],"curies":[{"name":"wp","href":"https:\/\/api.w.org\/{rel}","templated":true}]}}