{"id":435437,"date":"2026-04-07T11:17:27","date_gmt":"2026-04-07T14:17:27","guid":{"rendered":"https:\/\/portaltela.pt\/noticias\/2026\/04\/07\/soldado-australiano-condecorado-acusado-de-crimes-de-guerra-no-afeganistao\/"},"modified":"2026-04-07T11:17:27","modified_gmt":"2026-04-07T14:17:27","slug":"soldado-australiano-condecorado-acusado-de-crimes-de-guerra-no-afeganistao","status":"publish","type":"post","link":"https:\/\/portaltela.pt\/noticias\/2026\/04\/07\/soldado-australiano-condecorado-acusado-de-crimes-de-guerra-no-afeganistao\/","title":{"rendered":"Soldado australiano condecorado acusado de crimes de guerra no Afeganist\u00e3o"},"content":{"rendered":"<p>Ben Roberts-Smith, ex-soldado australiano con a Cruz Vit\u00f3ria, foi detido sob acusa\u00e7\u00e3o de cinco crimes de guerra no Afeganist\u00e3o. Segundo as autoridades, as mortes ocorreram entre 2009 e 2012, durante o servi\u00e7o do militar, em territ\u00f3rio afeg\u00e3o. A deten\u00e7\u00e3o foi anunciada em confer\u00eancia de imprensa pelas autoridades competentes.<\/p>\n<p>A investiga\u00e7\u00e3o decorre desde o relat\u00f3rio Brereton, publicado em 2020, que concluiu que 39 afeg\u00e3os foram mortos ilegalmente e recomendou investiga\u00e7\u00f5es a 19 acusados. Uma equipa especial de investiga\u00e7\u00e3o foi criada para este caso, liderada por Ross Barnett.<\/p>\n<p>Barnett descreveu a deten\u00e7\u00e3o como um avan\u00e7o significativo, sublinhando as dificuldades log\u00edsticas da investiga\u00e7\u00e3o, que n\u00e3o disp\u00f5e de acesso direto aos locais, aos corpos ou a imagens. O contexto envolve alega\u00e7\u00f5es de opera\u00e7\u00f5es sob ordens do arguido, com participa\u00e7\u00e3o de subordinados.<\/p>\n<p>Roberts-Smith j\u00e1 tinha iniciado, em 2018, um processo de difama\u00e7\u00e3o contra v\u00e1rios jornais enquanto era visto como her\u00f3i por a\u00e7\u00f5es contra combatentes do Taliban. O caso de difama\u00e7\u00e3o levou a um julgamento de sete anos, que por probabilidades estabeleceu que ele ordenou mortes de alvos desarmados.<\/p>\n<p>O tribunal concluiu ainda que o ex-militar pode ter estado envolvido na morte de um agricultor algemado, bem como na morte de um combatente capturado. Alegadamente, a perna prot\u00e9tica de um afeg\u00e3o ter\u00e1 sido usada como recipiente para beber durante o incidente.<\/p>\n<p>Roberts-Smith negou as acusa\u00e7\u00f5es, defendendo que os acontecimentos foram legais em contexto de combate ou que n\u00e3o ocorreram. No ano passado, ap\u00f3s decis\u00e3o judicial, o arguido recorreu para o Tribunal Federal Australiano e viu o recurso negado.<\/p>\n","protected":false},"excerpt":{"rendered":"<ul>\n<li>Ben Roberts-Smith, de 47 anos, \u00e9 um ex-militar australiano condecorado com a Cruz Vit\u00f3ria, acusado de cinco crimes de guerra no Afeganist\u00e3o entre 2009 e 2012.<\/li>\n<li>A deten\u00e7\u00e3o ocorreu ap\u00f3s a divulga\u00e7\u00e3o do Brereton Report, de 2020, que concluiu que 39 afeg\u00e3os foram mortos ilegalmente por membros da elite militar australiana e recomendou investiga\u00e7\u00f5es a 19 acusados.<\/li>\n<li>Uma equipa de investiga\u00e7\u00e3o especial j\u00e1 tinha efetuado mais uma deten\u00e7\u00e3o al\u00e9m de Roberts-Smith, reconhecendo ter enfrentado dificuldades de prova no terreno.<\/li>\n<li>O ex-soldado defendia-se de v\u00e1rias acusa\u00e7\u00f5es desde 2018, num processo de difama\u00e7\u00e3o contra v\u00e1rios jornais, mantendo que as mortes ocorreram em combate ou n\u00e3o ocorreram.<\/li>\n<li>O caso resultou de um julgamento de sete anos que, por probabilidade, concluiu que Roberts-Smith ordenou a morte de dois homens desarmados, entre outras mortes, e que ele negou as acusa\u00e7\u00f5es, tendo recorrido, recurso que foi rejeitado pelo Tribunal Federal Australiano.<\/li>\n<\/ul>\n","protected":false},"author":2,"featured_media":435439,"comment_status":"closed","ping_status":"closed","sticky":false,"template":"","format":"standard","meta":{"footnotes":""},"categories":[6804,1],"tags":[2773,2819,2442,1345,803,6208],"class_list":["post-435437","post","type-post","status-publish","format-standard","has-post-thumbnail","hentry","category-guerra","category-noticias","tag-crime-de-guerra","tag-crimes-de-guerra","tag-difamacao","tag-homicidio","tag-justica","tag-tribunais"],"yoast_head":"<!-- This site is optimized with the Yoast SEO plugin v27.2 - https:\/\/yoast.com\/product\/yoast-seo-wordpress\/ -->\n<title>Soldado australiano condecorado acusado de crimes de guerra no Afeganist\u00e3o - Portal Tela Portugal<\/title>\n<meta name=\"robots\" content=\"index, follow, max-snippet:-1, max-image-preview:large, max-video-preview:-1\" \/>\n<meta property=\"og:locale\" content=\"pt_PT\" \/>\n<meta property=\"og:type\" content=\"article\" \/>\n<meta property=\"og:title\" content=\"Soldado australiano condecorado acusado de crimes de guerra no Afeganist\u00e3o - Portal Tela Portugal\" \/>\n<meta property=\"og:description\" content=\"Ben Roberts-Smith, de 47 anos, \u00e9 um ex-militar australiano condecorado com a Cruz Vit\u00f3ria, acusado de cinco crimes de guerra no Afeganist\u00e3o entre 2009 e 2012. A deten\u00e7\u00e3o ocorreu ap\u00f3s a divulga\u00e7\u00e3o do Brereton Report, de 2020, que concluiu que 39 afeg\u00e3os foram mortos ilegalmente por membros da elite militar australiana e recomendou investiga\u00e7\u00f5es a 19 acusados. Uma equipa de investiga\u00e7\u00e3o especial j\u00e1 tinha efetuado mais uma deten\u00e7\u00e3o al\u00e9m de Roberts-Smith, reconhecendo ter enfrentado dificuldades de prova no terreno. O ex-soldado defendia-se de v\u00e1rias acusa\u00e7\u00f5es desde 2018, num processo de difama\u00e7\u00e3o contra v\u00e1rios jornais, mantendo que as mortes ocorreram em combate ou n\u00e3o ocorreram. O caso resultou de um julgamento de sete anos que, por probabilidade, concluiu que Roberts-Smith ordenou a morte de dois homens desarmados, entre outras mortes, e que ele negou as acusa\u00e7\u00f5es, tendo recorrido, recurso que foi rejeitado pelo Tribunal Federal Australiano.\" \/>\n<meta property=\"og:url\" content=\"https:\/\/portaltela.pt\/noticias\/2026\/04\/07\/soldado-australiano-condecorado-acusado-de-crimes-de-guerra-no-afeganistao\/\" \/>\n<meta property=\"og:site_name\" content=\"Portal Tela Portugal\" \/>\n<meta property=\"article:published_time\" content=\"2026-04-07T14:17:27+00:00\" \/>\n<meta name=\"author\" content=\"Telinha\" \/>\n<meta name=\"twitter:card\" content=\"summary_large_image\" \/>\n<meta name=\"twitter:label1\" content=\"Escrito por\" \/>\n\t<meta name=\"twitter:data1\" content=\"Telinha\" \/>\n\t<meta name=\"twitter:label2\" content=\"Tempo estimado de leitura\" \/>\n\t<meta name=\"twitter:data2\" content=\"1 minuto\" \/>\n<script type=\"application\/ld+json\" class=\"yoast-schema-graph\">{\"@context\":\"https:\/\/schema.org\",\"@graph\":[{\"@type\":\"Article\",\"@id\":\"https:\/\/portaltela.pt\/noticias\/2026\/04\/07\/soldado-australiano-condecorado-acusado-de-crimes-de-guerra-no-afeganistao\/#article\",\"isPartOf\":{\"@id\":\"https:\/\/portaltela.pt\/noticias\/2026\/04\/07\/soldado-australiano-condecorado-acusado-de-crimes-de-guerra-no-afeganistao\/\"},\"author\":{\"name\":\"Telinha\",\"@id\":\"https:\/\/portaltela.pt\/#\/schema\/person\/c4278d4a6028830caff9ee44b42d32ed\"},\"headline\":\"Soldado australiano condecorado acusado de crimes de guerra no Afeganist\u00e3o\",\"datePublished\":\"2026-04-07T14:17:27+00:00\",\"mainEntityOfPage\":{\"@id\":\"https:\/\/portaltela.pt\/noticias\/2026\/04\/07\/soldado-australiano-condecorado-acusado-de-crimes-de-guerra-no-afeganistao\/\"},\"wordCount\":290,\"image\":{\"@id\":\"https:\/\/portaltela.pt\/noticias\/2026\/04\/07\/soldado-australiano-condecorado-acusado-de-crimes-de-guerra-no-afeganistao\/#primaryimage\"},\"thumbnailUrl\":\"https:\/\/portaltela.pt\/s.01k8rhncp4jt1\/2026\/04\/image-384.jpg\",\"keywords\":[\"crime de guerra\",\"crimes de guerra\",\"difama\u00e7\u00e3o\",\"homic\u00eddio\",\"justi\u00e7a\",\"Tribunais\"],\"articleSection\":[\"Guerra\",\"Not\u00edcias\"],\"inLanguage\":\"pt-PT\"},{\"@type\":\"WebPage\",\"@id\":\"https:\/\/portaltela.pt\/noticias\/2026\/04\/07\/soldado-australiano-condecorado-acusado-de-crimes-de-guerra-no-afeganistao\/\",\"url\":\"https:\/\/portaltela.pt\/noticias\/2026\/04\/07\/soldado-australiano-condecorado-acusado-de-crimes-de-guerra-no-afeganistao\/\",\"name\":\"Soldado australiano condecorado acusado de crimes de guerra no Afeganist\u00e3o - Portal Tela Portugal\",\"isPartOf\":{\"@id\":\"https:\/\/portaltela.pt\/#website\"},\"primaryImageOfPage\":{\"@id\":\"https:\/\/portaltela.pt\/noticias\/2026\/04\/07\/soldado-australiano-condecorado-acusado-de-crimes-de-guerra-no-afeganistao\/#primaryimage\"},\"image\":{\"@id\":\"https:\/\/portaltela.pt\/noticias\/2026\/04\/07\/soldado-australiano-condecorado-acusado-de-crimes-de-guerra-no-afeganistao\/#primaryimage\"},\"thumbnailUrl\":\"https:\/\/portaltela.pt\/s.01k8rhncp4jt1\/2026\/04\/image-384.jpg\",\"datePublished\":\"2026-04-07T14:17:27+00:00\",\"author\":{\"@id\":\"https:\/\/portaltela.pt\/#\/schema\/person\/c4278d4a6028830caff9ee44b42d32ed\"},\"breadcrumb\":{\"@id\":\"https:\/\/portaltela.pt\/noticias\/2026\/04\/07\/soldado-australiano-condecorado-acusado-de-crimes-de-guerra-no-afeganistao\/#breadcrumb\"},\"inLanguage\":\"pt-PT\",\"potentialAction\":[{\"@type\":\"ReadAction\",\"target\":[\"https:\/\/portaltela.pt\/noticias\/2026\/04\/07\/soldado-australiano-condecorado-acusado-de-crimes-de-guerra-no-afeganistao\/\"]}]},{\"@type\":\"ImageObject\",\"inLanguage\":\"pt-PT\",\"@id\":\"https:\/\/portaltela.pt\/noticias\/2026\/04\/07\/soldado-australiano-condecorado-acusado-de-crimes-de-guerra-no-afeganistao\/#primaryimage\",\"url\":\"https:\/\/portaltela.pt\/s.01k8rhncp4jt1\/2026\/04\/image-384.jpg\",\"contentUrl\":\"https:\/\/portaltela.pt\/s.01k8rhncp4jt1\/2026\/04\/image-384.jpg\",\"width\":796,\"height\":448,\"caption\":\"Ben Roberts-Smith\"},{\"@type\":\"BreadcrumbList\",\"@id\":\"https:\/\/portaltela.pt\/noticias\/2026\/04\/07\/soldado-australiano-condecorado-acusado-de-crimes-de-guerra-no-afeganistao\/#breadcrumb\",\"itemListElement\":[{\"@type\":\"ListItem\",\"position\":1,\"name\":\"In\u00edcio\",\"item\":\"https:\/\/portaltela.pt\/\"},{\"@type\":\"ListItem\",\"position\":2,\"name\":\"Soldado australiano condecorado acusado de crimes de guerra no Afeganist\u00e3o\"}]},{\"@type\":\"WebSite\",\"@id\":\"https:\/\/portaltela.pt\/#website\",\"url\":\"https:\/\/portaltela.pt\/\",\"name\":\"Portal Tela Portugal\",\"description\":\"\",\"potentialAction\":[{\"@type\":\"SearchAction\",\"target\":{\"@type\":\"EntryPoint\",\"urlTemplate\":\"https:\/\/portaltela.pt\/?s={search_term_string}\"},\"query-input\":{\"@type\":\"PropertyValueSpecification\",\"valueRequired\":true,\"valueName\":\"search_term_string\"}}],\"inLanguage\":\"pt-PT\"},{\"@type\":\"Person\",\"@id\":\"https:\/\/portaltela.pt\/#\/schema\/person\/c4278d4a6028830caff9ee44b42d32ed\",\"name\":\"Telinha\",\"image\":{\"@type\":\"ImageObject\",\"inLanguage\":\"pt-PT\",\"@id\":\"https:\/\/portaltela.pt\/s.01k8rhncp4jt1\/2025\/11\/talking-bot-125x125.png\",\"url\":\"https:\/\/portaltela.pt\/s.01k8rhncp4jt1\/2025\/11\/talking-bot-125x125.png\",\"contentUrl\":\"https:\/\/portaltela.pt\/s.01k8rhncp4jt1\/2025\/11\/talking-bot-125x125.png\",\"caption\":\"Telinha\"},\"sameAs\":[\"https:\/\/portaltela.pt\/\"],\"url\":\"https:\/\/portaltela.pt\/por\/367410592786\/\"}]}<\/script>\n<!-- \/ Yoast SEO plugin. -->","yoast_head_json":{"title":"Soldado australiano condecorado acusado de crimes de guerra no Afeganist\u00e3o - Portal Tela Portugal","robots":{"index":"index","follow":"follow","max-snippet":"max-snippet:-1","max-image-preview":"max-image-preview:large","max-video-preview":"max-video-preview:-1"},"og_locale":"pt_PT","og_type":"article","og_title":"Soldado australiano condecorado acusado de crimes de guerra no Afeganist\u00e3o - Portal Tela Portugal","og_description":"Ben Roberts-Smith, de 47 anos, \u00e9 um ex-militar australiano condecorado com a Cruz Vit\u00f3ria, acusado de cinco crimes de guerra no Afeganist\u00e3o entre 2009 e 2012. A deten\u00e7\u00e3o ocorreu ap\u00f3s a divulga\u00e7\u00e3o do Brereton Report, de 2020, que concluiu que 39 afeg\u00e3os foram mortos ilegalmente por membros da elite militar australiana e recomendou investiga\u00e7\u00f5es a 19 acusados. Uma equipa de investiga\u00e7\u00e3o especial j\u00e1 tinha efetuado mais uma deten\u00e7\u00e3o al\u00e9m de Roberts-Smith, reconhecendo ter enfrentado dificuldades de prova no terreno. O ex-soldado defendia-se de v\u00e1rias acusa\u00e7\u00f5es desde 2018, num processo de difama\u00e7\u00e3o contra v\u00e1rios jornais, mantendo que as mortes ocorreram em combate ou n\u00e3o ocorreram. O caso resultou de um julgamento de sete anos que, por probabilidade, concluiu que Roberts-Smith ordenou a morte de dois homens desarmados, entre outras mortes, e que ele negou as acusa\u00e7\u00f5es, tendo recorrido, recurso que foi rejeitado pelo Tribunal Federal Australiano.","og_url":"https:\/\/portaltela.pt\/noticias\/2026\/04\/07\/soldado-australiano-condecorado-acusado-de-crimes-de-guerra-no-afeganistao\/","og_site_name":"Portal Tela Portugal","article_published_time":"2026-04-07T14:17:27+00:00","author":"Telinha","twitter_card":"summary_large_image","twitter_misc":{"Escrito por":"Telinha","Tempo estimado de leitura":"1 minuto"},"schema":{"@context":"https:\/\/schema.org","@graph":[{"@type":"Article","@id":"https:\/\/portaltela.pt\/noticias\/2026\/04\/07\/soldado-australiano-condecorado-acusado-de-crimes-de-guerra-no-afeganistao\/#article","isPartOf":{"@id":"https:\/\/portaltela.pt\/noticias\/2026\/04\/07\/soldado-australiano-condecorado-acusado-de-crimes-de-guerra-no-afeganistao\/"},"author":{"name":"Telinha","@id":"https:\/\/portaltela.pt\/#\/schema\/person\/c4278d4a6028830caff9ee44b42d32ed"},"headline":"Soldado australiano condecorado acusado de crimes de guerra no Afeganist\u00e3o","datePublished":"2026-04-07T14:17:27+00:00","mainEntityOfPage":{"@id":"https:\/\/portaltela.pt\/noticias\/2026\/04\/07\/soldado-australiano-condecorado-acusado-de-crimes-de-guerra-no-afeganistao\/"},"wordCount":290,"image":{"@id":"https:\/\/portaltela.pt\/noticias\/2026\/04\/07\/soldado-australiano-condecorado-acusado-de-crimes-de-guerra-no-afeganistao\/#primaryimage"},"thumbnailUrl":"https:\/\/portaltela.pt\/s.01k8rhncp4jt1\/2026\/04\/image-384.jpg","keywords":["crime de guerra","crimes de guerra","difama\u00e7\u00e3o","homic\u00eddio","justi\u00e7a","Tribunais"],"articleSection":["Guerra","Not\u00edcias"],"inLanguage":"pt-PT"},{"@type":"WebPage","@id":"https:\/\/portaltela.pt\/noticias\/2026\/04\/07\/soldado-australiano-condecorado-acusado-de-crimes-de-guerra-no-afeganistao\/","url":"https:\/\/portaltela.pt\/noticias\/2026\/04\/07\/soldado-australiano-condecorado-acusado-de-crimes-de-guerra-no-afeganistao\/","name":"Soldado australiano condecorado acusado de crimes de guerra no Afeganist\u00e3o - Portal Tela Portugal","isPartOf":{"@id":"https:\/\/portaltela.pt\/#website"},"primaryImageOfPage":{"@id":"https:\/\/portaltela.pt\/noticias\/2026\/04\/07\/soldado-australiano-condecorado-acusado-de-crimes-de-guerra-no-afeganistao\/#primaryimage"},"image":{"@id":"https:\/\/portaltela.pt\/noticias\/2026\/04\/07\/soldado-australiano-condecorado-acusado-de-crimes-de-guerra-no-afeganistao\/#primaryimage"},"thumbnailUrl":"https:\/\/portaltela.pt\/s.01k8rhncp4jt1\/2026\/04\/image-384.jpg","datePublished":"2026-04-07T14:17:27+00:00","author":{"@id":"https:\/\/portaltela.pt\/#\/schema\/person\/c4278d4a6028830caff9ee44b42d32ed"},"breadcrumb":{"@id":"https:\/\/portaltela.pt\/noticias\/2026\/04\/07\/soldado-australiano-condecorado-acusado-de-crimes-de-guerra-no-afeganistao\/#breadcrumb"},"inLanguage":"pt-PT","potentialAction":[{"@type":"ReadAction","target":["https:\/\/portaltela.pt\/noticias\/2026\/04\/07\/soldado-australiano-condecorado-acusado-de-crimes-de-guerra-no-afeganistao\/"]}]},{"@type":"ImageObject","inLanguage":"pt-PT","@id":"https:\/\/portaltela.pt\/noticias\/2026\/04\/07\/soldado-australiano-condecorado-acusado-de-crimes-de-guerra-no-afeganistao\/#primaryimage","url":"https:\/\/portaltela.pt\/s.01k8rhncp4jt1\/2026\/04\/image-384.jpg","contentUrl":"https:\/\/portaltela.pt\/s.01k8rhncp4jt1\/2026\/04\/image-384.jpg","width":796,"height":448,"caption":"Ben Roberts-Smith"},{"@type":"BreadcrumbList","@id":"https:\/\/portaltela.pt\/noticias\/2026\/04\/07\/soldado-australiano-condecorado-acusado-de-crimes-de-guerra-no-afeganistao\/#breadcrumb","itemListElement":[{"@type":"ListItem","position":1,"name":"In\u00edcio","item":"https:\/\/portaltela.pt\/"},{"@type":"ListItem","position":2,"name":"Soldado australiano condecorado acusado de crimes de guerra no Afeganist\u00e3o"}]},{"@type":"WebSite","@id":"https:\/\/portaltela.pt\/#website","url":"https:\/\/portaltela.pt\/","name":"Portal Tela Portugal","description":"","potentialAction":[{"@type":"SearchAction","target":{"@type":"EntryPoint","urlTemplate":"https:\/\/portaltela.pt\/?s={search_term_string}"},"query-input":{"@type":"PropertyValueSpecification","valueRequired":true,"valueName":"search_term_string"}}],"inLanguage":"pt-PT"},{"@type":"Person","@id":"https:\/\/portaltela.pt\/#\/schema\/person\/c4278d4a6028830caff9ee44b42d32ed","name":"Telinha","image":{"@type":"ImageObject","inLanguage":"pt-PT","@id":"https:\/\/portaltela.pt\/s.01k8rhncp4jt1\/2025\/11\/talking-bot-125x125.png","url":"https:\/\/portaltela.pt\/s.01k8rhncp4jt1\/2025\/11\/talking-bot-125x125.png","contentUrl":"https:\/\/portaltela.pt\/s.01k8rhncp4jt1\/2025\/11\/talking-bot-125x125.png","caption":"Telinha"},"sameAs":["https:\/\/portaltela.pt\/"],"url":"https:\/\/portaltela.pt\/por\/367410592786\/"}]}},"_links":{"self":[{"href":"https:\/\/portaltela.pt\/api\/wp\/v2\/posts\/435437","targetHints":{"allow":["GET"]}}],"collection":[{"href":"https:\/\/portaltela.pt\/api\/wp\/v2\/posts"}],"about":[{"href":"https:\/\/portaltela.pt\/api\/wp\/v2\/types\/post"}],"author":[{"embeddable":true,"href":"https:\/\/portaltela.pt\/api\/wp\/v2\/users\/2"}],"replies":[{"embeddable":true,"href":"https:\/\/portaltela.pt\/api\/wp\/v2\/comments?post=435437"}],"version-history":[{"count":0,"href":"https:\/\/portaltela.pt\/api\/wp\/v2\/posts\/435437\/revisions"}],"wp:featuredmedia":[{"embeddable":true,"href":"https:\/\/portaltela.pt\/api\/wp\/v2\/media\/435439"}],"wp:attachment":[{"href":"https:\/\/portaltela.pt\/api\/wp\/v2\/media?parent=435437"}],"wp:term":[{"taxonomy":"category","embeddable":true,"href":"https:\/\/portaltela.pt\/api\/wp\/v2\/categories?post=435437"},{"taxonomy":"post_tag","embeddable":true,"href":"https:\/\/portaltela.pt\/api\/wp\/v2\/tags?post=435437"}],"curies":[{"name":"wp","href":"https:\/\/api.w.org\/{rel}","templated":true}]}}