{"id":435427,"date":"2026-04-07T11:17:18","date_gmt":"2026-04-07T14:17:18","guid":{"rendered":"https:\/\/portaltela.pt\/noticias\/2026\/04\/07\/carevic-eleito-o-melhor-guarda-redes-da-liga-betclic-em-marco\/"},"modified":"2026-04-07T11:17:18","modified_gmt":"2026-04-07T14:17:18","slug":"carevic-eleito-o-melhor-guarda-redes-da-liga-betclic-em-marco","status":"publish","type":"post","link":"https:\/\/portaltela.pt\/desporto\/futebol\/2026\/04\/07\/carevic-eleito-o-melhor-guarda-redes-da-liga-betclic-em-marco\/","title":{"rendered":"Carevic eleito o melhor guarda-redes da Liga Betclic em mar\u00e7o"},"content":{"rendered":"<p>Carevic foi eleito o melhor guarda-redes da Liga Betclic no m\u00eas de mar\u00e7o, uma distin\u00e7\u00e3o atribu\u00edda pelos treinadores da competi\u00e7\u00e3o. O guarda-redes do Famalic\u00e3o destacou-se pela performance ao longo do per\u00edodo, que abrangeu quatro jogos da equipa minhota.<\/p>\n<p>O montenegrino recebeu 28,72% dos votos, superando Diogo Costa, do FC Porto, com 25,53%, e Hornicek, do Sp. Braga, com 19,15%. A vota\u00e7\u00e3o refletiu a avalia\u00e7\u00e3o dos treinadores sobre desempenho e consist\u00eancia entre os intervenientes.<\/p>\n<p>Titular em todos os quatro encontros do Famalic\u00e3o em mar\u00e7o, Carevic registou 11 defesas e apenas um golo sofrido. A equipa somou tr\u00eas vit\u00f3rias e um empate nesse intervalo.<\/p>\n<h3>Desempenho e reconhecimento<\/h3>\n<p>Entre os fatores que contribu\u00edram para a vit\u00f3ria estiveram a consist\u00eancia da baliza e a capacidade de evitar golos advers\u00e1rios, em contraste com a concorr\u00eancia directa. A decis\u00e3o \u00e9 vista como um reconhecimento ao rendimento do guardi\u00e3o ao longo do m\u00eas.<\/p>\n","protected":false},"excerpt":{"rendered":"<ul>\n<li>Lazar Carevic, guarda-redes montenegrino do Famalic\u00e3o, foi eleito o melhor guardi\u00e3o da Liga Betclic no m\u00eas de mar\u00e7o, com 28,72% dos votos.<\/li>\n<li>ficou \u00e0 frente de Diogo Costa (Porto) com 25,53% e Hornicek (Sp. Braga) com 19,15%.<\/li>\n<li>foi titular em quatro jogos de mar\u00e7o pelos minhotos, com 11 defesas e apenas um golo sofrido.<\/li>\n<li>o Famalic\u00e3o somou tr\u00eas vit\u00f3rias e um empate nesse per\u00edodo.<\/li>\n<\/ul>\n","protected":false},"author":2,"featured_media":435431,"comment_status":"closed","ping_status":"closed","sticky":false,"template":"","format":"standard","meta":{"footnotes":""},"categories":[21,24],"tags":[4143,4059,3406,32,242,2070],"class_list":["post-435427","post","type-post","status-publish","format-standard","has-post-thumbnail","hentry","category-desporto","category-futebol","tag-1-liga","tag-1-a-liga","tag-diogo-costa","tag-futebol","tag-jogadores","tag-sp-braga"],"yoast_head":"<!-- This site is optimized with the Yoast SEO plugin v27.2 - https:\/\/yoast.com\/product\/yoast-seo-wordpress\/ -->\n<title>Carevic eleito o melhor guarda-redes da Liga Betclic em mar\u00e7o - Portal Tela Portugal<\/title>\n<meta name=\"robots\" content=\"index, follow, max-snippet:-1, max-image-preview:large, max-video-preview:-1\" \/>\n<meta property=\"og:locale\" content=\"pt_PT\" \/>\n<meta property=\"og:type\" content=\"article\" \/>\n<meta property=\"og:title\" content=\"Carevic eleito o melhor guarda-redes da Liga Betclic em mar\u00e7o - Portal Tela Portugal\" \/>\n<meta property=\"og:description\" content=\"Lazar Carevic, guarda-redes montenegrino do Famalic\u00e3o, foi eleito o melhor guardi\u00e3o da Liga Betclic no m\u00eas de mar\u00e7o, com 28,72% dos votos. ficou \u00e0 frente de Diogo Costa (Porto) com 25,53% e Hornicek (Sp. Braga) com 19,15%. foi titular em quatro jogos de mar\u00e7o pelos minhotos, com 11 defesas e apenas um golo sofrido. o Famalic\u00e3o somou tr\u00eas vit\u00f3rias e um empate nesse per\u00edodo.\" \/>\n<meta property=\"og:url\" content=\"https:\/\/portaltela.pt\/noticias\/2026\/04\/07\/carevic-eleito-o-melhor-guarda-redes-da-liga-betclic-em-marco\/\" \/>\n<meta property=\"og:site_name\" content=\"Portal Tela Portugal\" \/>\n<meta property=\"article:published_time\" content=\"2026-04-07T14:17:18+00:00\" \/>\n<meta name=\"author\" content=\"Telinha\" \/>\n<meta name=\"twitter:card\" content=\"summary_large_image\" \/>\n<meta name=\"twitter:label1\" content=\"Escrito por\" \/>\n\t<meta name=\"twitter:data1\" content=\"Telinha\" \/>\n\t<meta name=\"twitter:label2\" content=\"Tempo estimado de leitura\" \/>\n\t<meta name=\"twitter:data2\" content=\"1 minuto\" \/>\n<script type=\"application\/ld+json\" class=\"yoast-schema-graph\">{\"@context\":\"https:\/\/schema.org\",\"@graph\":[{\"@type\":\"Article\",\"@id\":\"https:\/\/portaltela.pt\/noticias\/2026\/04\/07\/carevic-eleito-o-melhor-guarda-redes-da-liga-betclic-em-marco\/#article\",\"isPartOf\":{\"@id\":\"https:\/\/portaltela.pt\/noticias\/2026\/04\/07\/carevic-eleito-o-melhor-guarda-redes-da-liga-betclic-em-marco\/\"},\"author\":{\"name\":\"Telinha\",\"@id\":\"https:\/\/portaltela.pt\/#\/schema\/person\/c4278d4a6028830caff9ee44b42d32ed\"},\"headline\":\"Carevic eleito o melhor guarda-redes da Liga Betclic em mar\u00e7o\",\"datePublished\":\"2026-04-07T14:17:18+00:00\",\"mainEntityOfPage\":{\"@id\":\"https:\/\/portaltela.pt\/noticias\/2026\/04\/07\/carevic-eleito-o-melhor-guarda-redes-da-liga-betclic-em-marco\/\"},\"wordCount\":174,\"image\":{\"@id\":\"https:\/\/portaltela.pt\/noticias\/2026\/04\/07\/carevic-eleito-o-melhor-guarda-redes-da-liga-betclic-em-marco\/#primaryimage\"},\"thumbnailUrl\":\"https:\/\/portaltela.pt\/s.01k8rhncp4jt1\/2026\/04\/img_920x518uu2026-04-07-15-02-08-2431577.jpg\",\"keywords\":[\"1. Liga\",\"1.\u00aa Liga\",\"Diogo Costa\",\"futebol\",\"jogadores\",\"Sp. Braga\"],\"articleSection\":[\"Desporto\",\"Futebol\"],\"inLanguage\":\"pt-PT\"},{\"@type\":\"WebPage\",\"@id\":\"https:\/\/portaltela.pt\/noticias\/2026\/04\/07\/carevic-eleito-o-melhor-guarda-redes-da-liga-betclic-em-marco\/\",\"url\":\"https:\/\/portaltela.pt\/noticias\/2026\/04\/07\/carevic-eleito-o-melhor-guarda-redes-da-liga-betclic-em-marco\/\",\"name\":\"Carevic eleito o melhor guarda-redes da Liga Betclic em mar\u00e7o - Portal Tela Portugal\",\"isPartOf\":{\"@id\":\"https:\/\/portaltela.pt\/#website\"},\"primaryImageOfPage\":{\"@id\":\"https:\/\/portaltela.pt\/noticias\/2026\/04\/07\/carevic-eleito-o-melhor-guarda-redes-da-liga-betclic-em-marco\/#primaryimage\"},\"image\":{\"@id\":\"https:\/\/portaltela.pt\/noticias\/2026\/04\/07\/carevic-eleito-o-melhor-guarda-redes-da-liga-betclic-em-marco\/#primaryimage\"},\"thumbnailUrl\":\"https:\/\/portaltela.pt\/s.01k8rhncp4jt1\/2026\/04\/img_920x518uu2026-04-07-15-02-08-2431577.jpg\",\"datePublished\":\"2026-04-07T14:17:18+00:00\",\"author\":{\"@id\":\"https:\/\/portaltela.pt\/#\/schema\/person\/c4278d4a6028830caff9ee44b42d32ed\"},\"breadcrumb\":{\"@id\":\"https:\/\/portaltela.pt\/noticias\/2026\/04\/07\/carevic-eleito-o-melhor-guarda-redes-da-liga-betclic-em-marco\/#breadcrumb\"},\"inLanguage\":\"pt-PT\",\"potentialAction\":[{\"@type\":\"ReadAction\",\"target\":[\"https:\/\/portaltela.pt\/noticias\/2026\/04\/07\/carevic-eleito-o-melhor-guarda-redes-da-liga-betclic-em-marco\/\"]}]},{\"@type\":\"ImageObject\",\"inLanguage\":\"pt-PT\",\"@id\":\"https:\/\/portaltela.pt\/noticias\/2026\/04\/07\/carevic-eleito-o-melhor-guarda-redes-da-liga-betclic-em-marco\/#primaryimage\",\"url\":\"https:\/\/portaltela.pt\/s.01k8rhncp4jt1\/2026\/04\/img_920x518uu2026-04-07-15-02-08-2431577.jpg\",\"contentUrl\":\"https:\/\/portaltela.pt\/s.01k8rhncp4jt1\/2026\/04\/img_920x518uu2026-04-07-15-02-08-2431577.jpg\",\"width\":796,\"height\":448,\"caption\":\"Photo\"},{\"@type\":\"BreadcrumbList\",\"@id\":\"https:\/\/portaltela.pt\/noticias\/2026\/04\/07\/carevic-eleito-o-melhor-guarda-redes-da-liga-betclic-em-marco\/#breadcrumb\",\"itemListElement\":[{\"@type\":\"ListItem\",\"position\":1,\"name\":\"In\u00edcio\",\"item\":\"https:\/\/portaltela.pt\/\"},{\"@type\":\"ListItem\",\"position\":2,\"name\":\"Carevic eleito o melhor guarda-redes da Liga Betclic em mar\u00e7o\"}]},{\"@type\":\"WebSite\",\"@id\":\"https:\/\/portaltela.pt\/#website\",\"url\":\"https:\/\/portaltela.pt\/\",\"name\":\"Portal Tela Portugal\",\"description\":\"\",\"potentialAction\":[{\"@type\":\"SearchAction\",\"target\":{\"@type\":\"EntryPoint\",\"urlTemplate\":\"https:\/\/portaltela.pt\/?s={search_term_string}\"},\"query-input\":{\"@type\":\"PropertyValueSpecification\",\"valueRequired\":true,\"valueName\":\"search_term_string\"}}],\"inLanguage\":\"pt-PT\"},{\"@type\":\"Person\",\"@id\":\"https:\/\/portaltela.pt\/#\/schema\/person\/c4278d4a6028830caff9ee44b42d32ed\",\"name\":\"Telinha\",\"image\":{\"@type\":\"ImageObject\",\"inLanguage\":\"pt-PT\",\"@id\":\"https:\/\/portaltela.pt\/s.01k8rhncp4jt1\/2025\/11\/talking-bot-125x125.png\",\"url\":\"https:\/\/portaltela.pt\/s.01k8rhncp4jt1\/2025\/11\/talking-bot-125x125.png\",\"contentUrl\":\"https:\/\/portaltela.pt\/s.01k8rhncp4jt1\/2025\/11\/talking-bot-125x125.png\",\"caption\":\"Telinha\"},\"sameAs\":[\"https:\/\/portaltela.pt\/\"],\"url\":\"https:\/\/portaltela.pt\/por\/367410592786\/\"}]}<\/script>\n<!-- \/ Yoast SEO plugin. -->","yoast_head_json":{"title":"Carevic eleito o melhor guarda-redes da Liga Betclic em mar\u00e7o - Portal Tela Portugal","robots":{"index":"index","follow":"follow","max-snippet":"max-snippet:-1","max-image-preview":"max-image-preview:large","max-video-preview":"max-video-preview:-1"},"og_locale":"pt_PT","og_type":"article","og_title":"Carevic eleito o melhor guarda-redes da Liga Betclic em mar\u00e7o - Portal Tela Portugal","og_description":"Lazar Carevic, guarda-redes montenegrino do Famalic\u00e3o, foi eleito o melhor guardi\u00e3o da Liga Betclic no m\u00eas de mar\u00e7o, com 28,72% dos votos. ficou \u00e0 frente de Diogo Costa (Porto) com 25,53% e Hornicek (Sp. Braga) com 19,15%. foi titular em quatro jogos de mar\u00e7o pelos minhotos, com 11 defesas e apenas um golo sofrido. o Famalic\u00e3o somou tr\u00eas vit\u00f3rias e um empate nesse per\u00edodo.","og_url":"https:\/\/portaltela.pt\/noticias\/2026\/04\/07\/carevic-eleito-o-melhor-guarda-redes-da-liga-betclic-em-marco\/","og_site_name":"Portal Tela Portugal","article_published_time":"2026-04-07T14:17:18+00:00","author":"Telinha","twitter_card":"summary_large_image","twitter_misc":{"Escrito por":"Telinha","Tempo estimado de leitura":"1 minuto"},"schema":{"@context":"https:\/\/schema.org","@graph":[{"@type":"Article","@id":"https:\/\/portaltela.pt\/noticias\/2026\/04\/07\/carevic-eleito-o-melhor-guarda-redes-da-liga-betclic-em-marco\/#article","isPartOf":{"@id":"https:\/\/portaltela.pt\/noticias\/2026\/04\/07\/carevic-eleito-o-melhor-guarda-redes-da-liga-betclic-em-marco\/"},"author":{"name":"Telinha","@id":"https:\/\/portaltela.pt\/#\/schema\/person\/c4278d4a6028830caff9ee44b42d32ed"},"headline":"Carevic eleito o melhor guarda-redes da Liga Betclic em mar\u00e7o","datePublished":"2026-04-07T14:17:18+00:00","mainEntityOfPage":{"@id":"https:\/\/portaltela.pt\/noticias\/2026\/04\/07\/carevic-eleito-o-melhor-guarda-redes-da-liga-betclic-em-marco\/"},"wordCount":174,"image":{"@id":"https:\/\/portaltela.pt\/noticias\/2026\/04\/07\/carevic-eleito-o-melhor-guarda-redes-da-liga-betclic-em-marco\/#primaryimage"},"thumbnailUrl":"https:\/\/portaltela.pt\/s.01k8rhncp4jt1\/2026\/04\/img_920x518uu2026-04-07-15-02-08-2431577.jpg","keywords":["1. Liga","1.\u00aa Liga","Diogo Costa","futebol","jogadores","Sp. Braga"],"articleSection":["Desporto","Futebol"],"inLanguage":"pt-PT"},{"@type":"WebPage","@id":"https:\/\/portaltela.pt\/noticias\/2026\/04\/07\/carevic-eleito-o-melhor-guarda-redes-da-liga-betclic-em-marco\/","url":"https:\/\/portaltela.pt\/noticias\/2026\/04\/07\/carevic-eleito-o-melhor-guarda-redes-da-liga-betclic-em-marco\/","name":"Carevic eleito o melhor guarda-redes da Liga Betclic em mar\u00e7o - Portal Tela Portugal","isPartOf":{"@id":"https:\/\/portaltela.pt\/#website"},"primaryImageOfPage":{"@id":"https:\/\/portaltela.pt\/noticias\/2026\/04\/07\/carevic-eleito-o-melhor-guarda-redes-da-liga-betclic-em-marco\/#primaryimage"},"image":{"@id":"https:\/\/portaltela.pt\/noticias\/2026\/04\/07\/carevic-eleito-o-melhor-guarda-redes-da-liga-betclic-em-marco\/#primaryimage"},"thumbnailUrl":"https:\/\/portaltela.pt\/s.01k8rhncp4jt1\/2026\/04\/img_920x518uu2026-04-07-15-02-08-2431577.jpg","datePublished":"2026-04-07T14:17:18+00:00","author":{"@id":"https:\/\/portaltela.pt\/#\/schema\/person\/c4278d4a6028830caff9ee44b42d32ed"},"breadcrumb":{"@id":"https:\/\/portaltela.pt\/noticias\/2026\/04\/07\/carevic-eleito-o-melhor-guarda-redes-da-liga-betclic-em-marco\/#breadcrumb"},"inLanguage":"pt-PT","potentialAction":[{"@type":"ReadAction","target":["https:\/\/portaltela.pt\/noticias\/2026\/04\/07\/carevic-eleito-o-melhor-guarda-redes-da-liga-betclic-em-marco\/"]}]},{"@type":"ImageObject","inLanguage":"pt-PT","@id":"https:\/\/portaltela.pt\/noticias\/2026\/04\/07\/carevic-eleito-o-melhor-guarda-redes-da-liga-betclic-em-marco\/#primaryimage","url":"https:\/\/portaltela.pt\/s.01k8rhncp4jt1\/2026\/04\/img_920x518uu2026-04-07-15-02-08-2431577.jpg","contentUrl":"https:\/\/portaltela.pt\/s.01k8rhncp4jt1\/2026\/04\/img_920x518uu2026-04-07-15-02-08-2431577.jpg","width":796,"height":448,"caption":"Photo"},{"@type":"BreadcrumbList","@id":"https:\/\/portaltela.pt\/noticias\/2026\/04\/07\/carevic-eleito-o-melhor-guarda-redes-da-liga-betclic-em-marco\/#breadcrumb","itemListElement":[{"@type":"ListItem","position":1,"name":"In\u00edcio","item":"https:\/\/portaltela.pt\/"},{"@type":"ListItem","position":2,"name":"Carevic eleito o melhor guarda-redes da Liga Betclic em mar\u00e7o"}]},{"@type":"WebSite","@id":"https:\/\/portaltela.pt\/#website","url":"https:\/\/portaltela.pt\/","name":"Portal Tela Portugal","description":"","potentialAction":[{"@type":"SearchAction","target":{"@type":"EntryPoint","urlTemplate":"https:\/\/portaltela.pt\/?s={search_term_string}"},"query-input":{"@type":"PropertyValueSpecification","valueRequired":true,"valueName":"search_term_string"}}],"inLanguage":"pt-PT"},{"@type":"Person","@id":"https:\/\/portaltela.pt\/#\/schema\/person\/c4278d4a6028830caff9ee44b42d32ed","name":"Telinha","image":{"@type":"ImageObject","inLanguage":"pt-PT","@id":"https:\/\/portaltela.pt\/s.01k8rhncp4jt1\/2025\/11\/talking-bot-125x125.png","url":"https:\/\/portaltela.pt\/s.01k8rhncp4jt1\/2025\/11\/talking-bot-125x125.png","contentUrl":"https:\/\/portaltela.pt\/s.01k8rhncp4jt1\/2025\/11\/talking-bot-125x125.png","caption":"Telinha"},"sameAs":["https:\/\/portaltela.pt\/"],"url":"https:\/\/portaltela.pt\/por\/367410592786\/"}]}},"_links":{"self":[{"href":"https:\/\/portaltela.pt\/api\/wp\/v2\/posts\/435427","targetHints":{"allow":["GET"]}}],"collection":[{"href":"https:\/\/portaltela.pt\/api\/wp\/v2\/posts"}],"about":[{"href":"https:\/\/portaltela.pt\/api\/wp\/v2\/types\/post"}],"author":[{"embeddable":true,"href":"https:\/\/portaltela.pt\/api\/wp\/v2\/users\/2"}],"replies":[{"embeddable":true,"href":"https:\/\/portaltela.pt\/api\/wp\/v2\/comments?post=435427"}],"version-history":[{"count":0,"href":"https:\/\/portaltela.pt\/api\/wp\/v2\/posts\/435427\/revisions"}],"wp:featuredmedia":[{"embeddable":true,"href":"https:\/\/portaltela.pt\/api\/wp\/v2\/media\/435431"}],"wp:attachment":[{"href":"https:\/\/portaltela.pt\/api\/wp\/v2\/media?parent=435427"}],"wp:term":[{"taxonomy":"category","embeddable":true,"href":"https:\/\/portaltela.pt\/api\/wp\/v2\/categories?post=435427"},{"taxonomy":"post_tag","embeddable":true,"href":"https:\/\/portaltela.pt\/api\/wp\/v2\/tags?post=435427"}],"curies":[{"name":"wp","href":"https:\/\/api.w.org\/{rel}","templated":true}]}}