{"id":435406,"date":"2026-04-07T11:02:16","date_gmt":"2026-04-07T14:02:16","guid":{"rendered":"https:\/\/portaltela.pt\/noticias\/2026\/04\/07\/ricardo-horta-diz-que-braga-pode-conquistar-a-liga-europa\/"},"modified":"2026-04-07T11:02:16","modified_gmt":"2026-04-07T14:02:16","slug":"ricardo-horta-diz-que-braga-pode-conquistar-a-liga-europa","status":"publish","type":"post","link":"https:\/\/portaltela.pt\/desporto\/futebol\/2026\/04\/07\/ricardo-horta-diz-que-braga-pode-conquistar-a-liga-europa\/","title":{"rendered":"Ricardo Horta diz que Braga pode conquistar a Liga Europa"},"content":{"rendered":"<p>Ricardo Horta afirmou em confer\u00eancia de imprensa que o Sporting de Braga est\u00e1 preparado e bastante motivado para a fase da Liga Europa, frente ao Betis, nos quartos de final. O capit\u00e3o destacou a competitividade do advers\u00e1rio espanhol e a vontade de apresentar uma boa vers\u00e3o da equipa.<\/p>\n<p>Questionado sobre a probabilidade de o Betis ser favorito, Horta reconheceu que \u00e9 um dos candidatos, assim como o Braga e as demais equipas ainda presentes na competi\u00e7\u00e3o. Real\u00e7ou a qualidade dos jogadores internacionais do advers\u00e1rio, mantendo o Braga confiante para a eliminat\u00f3ria.<\/p>\n<p>O capit\u00e3o refor\u00e7ou que ainda \u00e9 cedo para concentrar tudo na Liga Europa, pois ainda h\u00e1 jogos no campeonato, mas garantiu que a prioridade \u00e9 a eliminat\u00f3ria frente ao Betis. O objetivo \u00e9 demonstrar o valor da equipa em campo.<\/p>\n<h3>Jogo e contexto<\/h3>\n<p>O Braga recebe o Betis \u00e0s 17h45 de quarta-feira, no Est\u00e1dio Municipal de Braga, em jogo arbitrado pelo alem\u00e3o Felix Zwayer. Esta \u00e9 uma eliminat\u00f3ria marcada pela participa\u00e7\u00e3o cont\u00ednua do clube minhoto na competi\u00e7\u00e3o.<\/p>\n<p>Horta, que soma j\u00e1 a sua 10.\u00aa temporada de bracarense, est\u00e1 pr\u00f3ximo de bater o recorde pessoal de golos, mas afirmou que o foco permanece no coletivo e nas vit\u00f3rias da equipa, n\u00e3o em estat\u00edsticas individuais.<\/p>\n<p>O capit\u00e3o reiterou a vontade de atingir uma boa fase na Liga Europa e de responder com personalidade em campo, mantendo o objetivo de chegar o mais longe poss\u00edvel na prova.<\/p>\n","protected":false},"excerpt":{"rendered":"<ul>\n<li>Ricardo Horta disse que o Braga tamb\u00e9m pode vencer a Liga Europa e mostrou-se preparado para os quartos de final frente ao Betis.<\/li>\n<li>O capit\u00e3o afirmou que o Betis \u00e9 um dos favoritos, tal como o Braga, entre as equipas que est\u00e3o na competi\u00e7\u00e3o.<\/li>\n<li>Horta elogiou o Betis, referindo jogadores de grande qualidade, e garantiu que a equipa vai dar uma resposta com grande personalidade.<\/li>\n<li>O jogador reconheceu que ainda h\u00e1 jogos no campeonato, mas que est\u00e1 tudo preparado para esta eliminat\u00f3ria espec\u00edfica.<\/li>\n<li>O jogo com o Betis \u00e9 \u00e0s 17h45 de quarta-feira, no Est\u00e1dio Municipal de Braga, e ser\u00e1 apitado pelo alem\u00e3o Felix Zwayer.<\/li>\n<\/ul>\n","protected":false},"author":2,"featured_media":435413,"comment_status":"closed","ping_status":"closed","sticky":false,"template":"","format":"standard","meta":{"footnotes":""},"categories":[21,24],"tags":[7755,1207,5544,3338,242,2616],"class_list":["post-435406","post","type-post","status-publish","format-standard","has-post-thumbnail","hentry","category-desporto","category-futebol","tag-_futebol","tag-braga","tag-europa-league","tag-futebol-internacional","tag-jogadores","tag-ricardo-horta"],"yoast_head":"<!-- This site is optimized with the Yoast SEO plugin v27.2 - https:\/\/yoast.com\/product\/yoast-seo-wordpress\/ -->\n<title>Ricardo Horta diz que Braga pode conquistar a Liga Europa - Portal Tela Portugal<\/title>\n<meta name=\"robots\" content=\"index, follow, max-snippet:-1, max-image-preview:large, max-video-preview:-1\" \/>\n<meta property=\"og:locale\" content=\"pt_PT\" \/>\n<meta property=\"og:type\" content=\"article\" \/>\n<meta property=\"og:title\" content=\"Ricardo Horta diz que Braga pode conquistar a Liga Europa - Portal Tela Portugal\" \/>\n<meta property=\"og:description\" content=\"Ricardo Horta disse que o Braga tamb\u00e9m pode vencer a Liga Europa e mostrou-se preparado para os quartos de final frente ao Betis. O capit\u00e3o afirmou que o Betis \u00e9 um dos favoritos, tal como o Braga, entre as equipas que est\u00e3o na competi\u00e7\u00e3o. Horta elogiou o Betis, referindo jogadores de grande qualidade, e garantiu que a equipa vai dar uma resposta com grande personalidade. O jogador reconheceu que ainda h\u00e1 jogos no campeonato, mas que est\u00e1 tudo preparado para esta eliminat\u00f3ria espec\u00edfica. O jogo com o Betis \u00e9 \u00e0s 17h45 de quarta-feira, no Est\u00e1dio Municipal de Braga, e ser\u00e1 apitado pelo alem\u00e3o Felix Zwayer.\" \/>\n<meta property=\"og:url\" content=\"https:\/\/portaltela.pt\/noticias\/2026\/04\/07\/ricardo-horta-diz-que-braga-pode-conquistar-a-liga-europa\/\" \/>\n<meta property=\"og:site_name\" content=\"Portal Tela Portugal\" \/>\n<meta property=\"article:published_time\" content=\"2026-04-07T14:02:16+00:00\" \/>\n<meta name=\"author\" content=\"Telinha\" \/>\n<meta name=\"twitter:card\" content=\"summary_large_image\" \/>\n<meta name=\"twitter:label1\" content=\"Escrito por\" \/>\n\t<meta name=\"twitter:data1\" content=\"Telinha\" \/>\n\t<meta name=\"twitter:label2\" content=\"Tempo estimado de leitura\" \/>\n\t<meta name=\"twitter:data2\" content=\"1 minuto\" \/>\n<script type=\"application\/ld+json\" class=\"yoast-schema-graph\">{\"@context\":\"https:\/\/schema.org\",\"@graph\":[{\"@type\":\"Article\",\"@id\":\"https:\/\/portaltela.pt\/noticias\/2026\/04\/07\/ricardo-horta-diz-que-braga-pode-conquistar-a-liga-europa\/#article\",\"isPartOf\":{\"@id\":\"https:\/\/portaltela.pt\/noticias\/2026\/04\/07\/ricardo-horta-diz-que-braga-pode-conquistar-a-liga-europa\/\"},\"author\":{\"name\":\"Telinha\",\"@id\":\"https:\/\/portaltela.pt\/#\/schema\/person\/c4278d4a6028830caff9ee44b42d32ed\"},\"headline\":\"Ricardo Horta diz que Braga pode conquistar a Liga Europa\",\"datePublished\":\"2026-04-07T14:02:16+00:00\",\"mainEntityOfPage\":{\"@id\":\"https:\/\/portaltela.pt\/noticias\/2026\/04\/07\/ricardo-horta-diz-que-braga-pode-conquistar-a-liga-europa\/\"},\"wordCount\":262,\"image\":{\"@id\":\"https:\/\/portaltela.pt\/noticias\/2026\/04\/07\/ricardo-horta-diz-que-braga-pode-conquistar-a-liga-europa\/#primaryimage\"},\"thumbnailUrl\":\"https:\/\/portaltela.pt\/s.01k8rhncp4jt1\/2026\/04\/image-378.jpg\",\"keywords\":[\"_futebol\",\"Braga\",\"Europa League\",\"futebol internacional\",\"jogadores\",\"Ricardo Horta\"],\"articleSection\":[\"Desporto\",\"Futebol\"],\"inLanguage\":\"pt-PT\"},{\"@type\":\"WebPage\",\"@id\":\"https:\/\/portaltela.pt\/noticias\/2026\/04\/07\/ricardo-horta-diz-que-braga-pode-conquistar-a-liga-europa\/\",\"url\":\"https:\/\/portaltela.pt\/noticias\/2026\/04\/07\/ricardo-horta-diz-que-braga-pode-conquistar-a-liga-europa\/\",\"name\":\"Ricardo Horta diz que Braga pode conquistar a Liga Europa - Portal Tela Portugal\",\"isPartOf\":{\"@id\":\"https:\/\/portaltela.pt\/#website\"},\"primaryImageOfPage\":{\"@id\":\"https:\/\/portaltela.pt\/noticias\/2026\/04\/07\/ricardo-horta-diz-que-braga-pode-conquistar-a-liga-europa\/#primaryimage\"},\"image\":{\"@id\":\"https:\/\/portaltela.pt\/noticias\/2026\/04\/07\/ricardo-horta-diz-que-braga-pode-conquistar-a-liga-europa\/#primaryimage\"},\"thumbnailUrl\":\"https:\/\/portaltela.pt\/s.01k8rhncp4jt1\/2026\/04\/image-378.jpg\",\"datePublished\":\"2026-04-07T14:02:16+00:00\",\"author\":{\"@id\":\"https:\/\/portaltela.pt\/#\/schema\/person\/c4278d4a6028830caff9ee44b42d32ed\"},\"breadcrumb\":{\"@id\":\"https:\/\/portaltela.pt\/noticias\/2026\/04\/07\/ricardo-horta-diz-que-braga-pode-conquistar-a-liga-europa\/#breadcrumb\"},\"inLanguage\":\"pt-PT\",\"potentialAction\":[{\"@type\":\"ReadAction\",\"target\":[\"https:\/\/portaltela.pt\/noticias\/2026\/04\/07\/ricardo-horta-diz-que-braga-pode-conquistar-a-liga-europa\/\"]}]},{\"@type\":\"ImageObject\",\"inLanguage\":\"pt-PT\",\"@id\":\"https:\/\/portaltela.pt\/noticias\/2026\/04\/07\/ricardo-horta-diz-que-braga-pode-conquistar-a-liga-europa\/#primaryimage\",\"url\":\"https:\/\/portaltela.pt\/s.01k8rhncp4jt1\/2026\/04\/image-378.jpg\",\"contentUrl\":\"https:\/\/portaltela.pt\/s.01k8rhncp4jt1\/2026\/04\/image-378.jpg\",\"width\":796,\"height\":448,\"caption\":\"Ricardo Horta, capit\u00e3o do Braga\"},{\"@type\":\"BreadcrumbList\",\"@id\":\"https:\/\/portaltela.pt\/noticias\/2026\/04\/07\/ricardo-horta-diz-que-braga-pode-conquistar-a-liga-europa\/#breadcrumb\",\"itemListElement\":[{\"@type\":\"ListItem\",\"position\":1,\"name\":\"In\u00edcio\",\"item\":\"https:\/\/portaltela.pt\/\"},{\"@type\":\"ListItem\",\"position\":2,\"name\":\"Ricardo Horta diz que Braga pode conquistar a Liga Europa\"}]},{\"@type\":\"WebSite\",\"@id\":\"https:\/\/portaltela.pt\/#website\",\"url\":\"https:\/\/portaltela.pt\/\",\"name\":\"Portal Tela Portugal\",\"description\":\"\",\"potentialAction\":[{\"@type\":\"SearchAction\",\"target\":{\"@type\":\"EntryPoint\",\"urlTemplate\":\"https:\/\/portaltela.pt\/?s={search_term_string}\"},\"query-input\":{\"@type\":\"PropertyValueSpecification\",\"valueRequired\":true,\"valueName\":\"search_term_string\"}}],\"inLanguage\":\"pt-PT\"},{\"@type\":\"Person\",\"@id\":\"https:\/\/portaltela.pt\/#\/schema\/person\/c4278d4a6028830caff9ee44b42d32ed\",\"name\":\"Telinha\",\"image\":{\"@type\":\"ImageObject\",\"inLanguage\":\"pt-PT\",\"@id\":\"https:\/\/portaltela.pt\/s.01k8rhncp4jt1\/2025\/11\/talking-bot-125x125.png\",\"url\":\"https:\/\/portaltela.pt\/s.01k8rhncp4jt1\/2025\/11\/talking-bot-125x125.png\",\"contentUrl\":\"https:\/\/portaltela.pt\/s.01k8rhncp4jt1\/2025\/11\/talking-bot-125x125.png\",\"caption\":\"Telinha\"},\"sameAs\":[\"https:\/\/portaltela.pt\/\"],\"url\":\"https:\/\/portaltela.pt\/por\/367410592786\/\"}]}<\/script>\n<!-- \/ Yoast SEO plugin. -->","yoast_head_json":{"title":"Ricardo Horta diz que Braga pode conquistar a Liga Europa - Portal Tela Portugal","robots":{"index":"index","follow":"follow","max-snippet":"max-snippet:-1","max-image-preview":"max-image-preview:large","max-video-preview":"max-video-preview:-1"},"og_locale":"pt_PT","og_type":"article","og_title":"Ricardo Horta diz que Braga pode conquistar a Liga Europa - Portal Tela Portugal","og_description":"Ricardo Horta disse que o Braga tamb\u00e9m pode vencer a Liga Europa e mostrou-se preparado para os quartos de final frente ao Betis. O capit\u00e3o afirmou que o Betis \u00e9 um dos favoritos, tal como o Braga, entre as equipas que est\u00e3o na competi\u00e7\u00e3o. Horta elogiou o Betis, referindo jogadores de grande qualidade, e garantiu que a equipa vai dar uma resposta com grande personalidade. O jogador reconheceu que ainda h\u00e1 jogos no campeonato, mas que est\u00e1 tudo preparado para esta eliminat\u00f3ria espec\u00edfica. O jogo com o Betis \u00e9 \u00e0s 17h45 de quarta-feira, no Est\u00e1dio Municipal de Braga, e ser\u00e1 apitado pelo alem\u00e3o Felix Zwayer.","og_url":"https:\/\/portaltela.pt\/noticias\/2026\/04\/07\/ricardo-horta-diz-que-braga-pode-conquistar-a-liga-europa\/","og_site_name":"Portal Tela Portugal","article_published_time":"2026-04-07T14:02:16+00:00","author":"Telinha","twitter_card":"summary_large_image","twitter_misc":{"Escrito por":"Telinha","Tempo estimado de leitura":"1 minuto"},"schema":{"@context":"https:\/\/schema.org","@graph":[{"@type":"Article","@id":"https:\/\/portaltela.pt\/noticias\/2026\/04\/07\/ricardo-horta-diz-que-braga-pode-conquistar-a-liga-europa\/#article","isPartOf":{"@id":"https:\/\/portaltela.pt\/noticias\/2026\/04\/07\/ricardo-horta-diz-que-braga-pode-conquistar-a-liga-europa\/"},"author":{"name":"Telinha","@id":"https:\/\/portaltela.pt\/#\/schema\/person\/c4278d4a6028830caff9ee44b42d32ed"},"headline":"Ricardo Horta diz que Braga pode conquistar a Liga Europa","datePublished":"2026-04-07T14:02:16+00:00","mainEntityOfPage":{"@id":"https:\/\/portaltela.pt\/noticias\/2026\/04\/07\/ricardo-horta-diz-que-braga-pode-conquistar-a-liga-europa\/"},"wordCount":262,"image":{"@id":"https:\/\/portaltela.pt\/noticias\/2026\/04\/07\/ricardo-horta-diz-que-braga-pode-conquistar-a-liga-europa\/#primaryimage"},"thumbnailUrl":"https:\/\/portaltela.pt\/s.01k8rhncp4jt1\/2026\/04\/image-378.jpg","keywords":["_futebol","Braga","Europa League","futebol internacional","jogadores","Ricardo Horta"],"articleSection":["Desporto","Futebol"],"inLanguage":"pt-PT"},{"@type":"WebPage","@id":"https:\/\/portaltela.pt\/noticias\/2026\/04\/07\/ricardo-horta-diz-que-braga-pode-conquistar-a-liga-europa\/","url":"https:\/\/portaltela.pt\/noticias\/2026\/04\/07\/ricardo-horta-diz-que-braga-pode-conquistar-a-liga-europa\/","name":"Ricardo Horta diz que Braga pode conquistar a Liga Europa - Portal Tela Portugal","isPartOf":{"@id":"https:\/\/portaltela.pt\/#website"},"primaryImageOfPage":{"@id":"https:\/\/portaltela.pt\/noticias\/2026\/04\/07\/ricardo-horta-diz-que-braga-pode-conquistar-a-liga-europa\/#primaryimage"},"image":{"@id":"https:\/\/portaltela.pt\/noticias\/2026\/04\/07\/ricardo-horta-diz-que-braga-pode-conquistar-a-liga-europa\/#primaryimage"},"thumbnailUrl":"https:\/\/portaltela.pt\/s.01k8rhncp4jt1\/2026\/04\/image-378.jpg","datePublished":"2026-04-07T14:02:16+00:00","author":{"@id":"https:\/\/portaltela.pt\/#\/schema\/person\/c4278d4a6028830caff9ee44b42d32ed"},"breadcrumb":{"@id":"https:\/\/portaltela.pt\/noticias\/2026\/04\/07\/ricardo-horta-diz-que-braga-pode-conquistar-a-liga-europa\/#breadcrumb"},"inLanguage":"pt-PT","potentialAction":[{"@type":"ReadAction","target":["https:\/\/portaltela.pt\/noticias\/2026\/04\/07\/ricardo-horta-diz-que-braga-pode-conquistar-a-liga-europa\/"]}]},{"@type":"ImageObject","inLanguage":"pt-PT","@id":"https:\/\/portaltela.pt\/noticias\/2026\/04\/07\/ricardo-horta-diz-que-braga-pode-conquistar-a-liga-europa\/#primaryimage","url":"https:\/\/portaltela.pt\/s.01k8rhncp4jt1\/2026\/04\/image-378.jpg","contentUrl":"https:\/\/portaltela.pt\/s.01k8rhncp4jt1\/2026\/04\/image-378.jpg","width":796,"height":448,"caption":"Ricardo Horta, capit\u00e3o do Braga"},{"@type":"BreadcrumbList","@id":"https:\/\/portaltela.pt\/noticias\/2026\/04\/07\/ricardo-horta-diz-que-braga-pode-conquistar-a-liga-europa\/#breadcrumb","itemListElement":[{"@type":"ListItem","position":1,"name":"In\u00edcio","item":"https:\/\/portaltela.pt\/"},{"@type":"ListItem","position":2,"name":"Ricardo Horta diz que Braga pode conquistar a Liga Europa"}]},{"@type":"WebSite","@id":"https:\/\/portaltela.pt\/#website","url":"https:\/\/portaltela.pt\/","name":"Portal Tela Portugal","description":"","potentialAction":[{"@type":"SearchAction","target":{"@type":"EntryPoint","urlTemplate":"https:\/\/portaltela.pt\/?s={search_term_string}"},"query-input":{"@type":"PropertyValueSpecification","valueRequired":true,"valueName":"search_term_string"}}],"inLanguage":"pt-PT"},{"@type":"Person","@id":"https:\/\/portaltela.pt\/#\/schema\/person\/c4278d4a6028830caff9ee44b42d32ed","name":"Telinha","image":{"@type":"ImageObject","inLanguage":"pt-PT","@id":"https:\/\/portaltela.pt\/s.01k8rhncp4jt1\/2025\/11\/talking-bot-125x125.png","url":"https:\/\/portaltela.pt\/s.01k8rhncp4jt1\/2025\/11\/talking-bot-125x125.png","contentUrl":"https:\/\/portaltela.pt\/s.01k8rhncp4jt1\/2025\/11\/talking-bot-125x125.png","caption":"Telinha"},"sameAs":["https:\/\/portaltela.pt\/"],"url":"https:\/\/portaltela.pt\/por\/367410592786\/"}]}},"_links":{"self":[{"href":"https:\/\/portaltela.pt\/api\/wp\/v2\/posts\/435406","targetHints":{"allow":["GET"]}}],"collection":[{"href":"https:\/\/portaltela.pt\/api\/wp\/v2\/posts"}],"about":[{"href":"https:\/\/portaltela.pt\/api\/wp\/v2\/types\/post"}],"author":[{"embeddable":true,"href":"https:\/\/portaltela.pt\/api\/wp\/v2\/users\/2"}],"replies":[{"embeddable":true,"href":"https:\/\/portaltela.pt\/api\/wp\/v2\/comments?post=435406"}],"version-history":[{"count":0,"href":"https:\/\/portaltela.pt\/api\/wp\/v2\/posts\/435406\/revisions"}],"wp:featuredmedia":[{"embeddable":true,"href":"https:\/\/portaltela.pt\/api\/wp\/v2\/media\/435413"}],"wp:attachment":[{"href":"https:\/\/portaltela.pt\/api\/wp\/v2\/media?parent=435406"}],"wp:term":[{"taxonomy":"category","embeddable":true,"href":"https:\/\/portaltela.pt\/api\/wp\/v2\/categories?post=435406"},{"taxonomy":"post_tag","embeddable":true,"href":"https:\/\/portaltela.pt\/api\/wp\/v2\/tags?post=435406"}],"curies":[{"name":"wp","href":"https:\/\/api.w.org\/{rel}","templated":true}]}}