{"id":435388,"date":"2026-04-07T10:47:10","date_gmt":"2026-04-07T13:47:10","guid":{"rendered":"https:\/\/portaltela.pt\/noticias\/2026\/04\/07\/governo-do-reino-unido-impede-viagem-de-kanye-west-ao-pais\/"},"modified":"2026-04-07T10:47:10","modified_gmt":"2026-04-07T13:47:10","slug":"governo-do-reino-unido-impede-viagem-de-kanye-west-ao-pais","status":"publish","type":"post","link":"https:\/\/portaltela.pt\/noticias\/internacional\/2026\/04\/07\/governo-do-reino-unido-impede-viagem-de-kanye-west-ao-pais\/","title":{"rendered":"Governo do Reino Unido impede viagem de Kanye West ao pa\u00eds"},"content":{"rendered":"<p>O governo do Reino Unido proibiu a entrada de Kanye West no pa\u00eds ap\u00f3s a controv\u00e9rsia gerada pela confirma\u00e7\u00e3o de que o rapper iria encerrar o cartaz do festival Wireless. A decis\u00e3o foi comunicada pelo Minist\u00e9rio do Interior e justificada pela avalia\u00e7\u00e3o de interesse p\u00fablico. O festival ainda n\u00e3o comentou publicamente a medida.<\/p>\n<p>A medida surge numa escalada de cr\u00edticas desde o an\u00fancio da participa\u00e7\u00e3o de West. O Campaign Against Antisemitism apelou a patrocinadores para manterem o boicote, apontando que a presen\u00e7a do artista seria contr\u00e1ria aos valores de inclus\u00e3o defendidos pelo pa\u00eds.<\/p>\n<p>West reagiu na altura, dizendo que quer abordar o tema diretamente em Londres e que pretende demonstrar mudan\u00e7a por meio da m\u00fasica e de a\u00e7\u00f5es. Apesar disso, o governo manteve a decis\u00e3o de negar a entrada ao artista.<\/p>\n<h3>Contexto e Rea\u00e7\u00e3o<\/h3>\n<p>Antes, Melvin Benn, administrador da promotora Festival Republic, que coorganiza o Wireless com a Live Nation, defendeu West em comunicado, descrevendo as declara\u00e7\u00f5es passadas do m\u00fasico como abomin\u00e1veis, mas pediu perd\u00e3o e uma segunda oportunidade.<\/p>\n<p>A Campaign Against Antisemitism afirmou que a decis\u00e3o do Governo est\u00e1 correta e destacou que o antissemitismo n\u00e3o tem lugar no Reino Unido. O grupo criticou a decis\u00e3o do Wireless em manter o convite at\u00e9 ao fim, afirmando que os patrocinadores deveriam manter-se afastados.<\/p>\n<p>West j\u00e1 enfrentou rea\u00e7\u00f5es internacionais por declara\u00e7\u00f5es anteriores e comportamentos associados a epis\u00f3dios de antisemitismo. Em 2022, houve v\u00e1rias publica\u00e7\u00f5es consideradas ofensivas, levando \u00e0 remo\u00e7\u00e3o de plataformas e ao afastamento de marcas.<\/p>\n","protected":false},"excerpt":{"rendered":"<ul>\n<li>O governo do Reino Unido proibiu a entrada de Kanye West no pa\u00eds, impedindo-o de viajar para Londres ap\u00f3s a rea\u00e7\u00e3o negativa \u00e0 sua atua\u00e7\u00e3o prevista no Wireless Festival.<\/li>\n<li>O Minist\u00e9rio do Interior confirmou a decis\u00e3o, alegando que a presen\u00e7a de algu\u00e9m pode n\u00e3o ser do interesse p\u00fablico.<\/li>\n<li>O Wireless ainda n\u00e3o respondeu publicamente \u00e0 decis\u00e3o; patrocinadores, pressionados pela Campaign Against Antisemitism, j\u00e1 tinham sido avisados para manterem o boicote.<\/li>\n<li>Kanye West afirmou que pretende ir a Londres para apresentar um espect\u00e1culo de mudan\u00e7a e ofereceu-se para encontros com a comunidade judaica, mas n\u00e3o viajou.<\/li>\n<li>O historial de West inclui publica\u00e7\u00f5es antissemitas em 2022, expuls\u00f5es de plataformas e boicotes de marcas; em 2025 pediu desculpa, mas continua proibido de entrar no Reino Unido.<\/li>\n<\/ul>\n","protected":false},"author":2,"featured_media":435391,"comment_status":"closed","ping_status":"closed","sticky":false,"template":"","format":"standard","meta":{"footnotes":""},"categories":[4,7127],"tags":[1617,3259,34,5661,5698,2111],"class_list":["post-435388","post","type-post","status-publish","format-standard","has-post-thumbnail","hentry","category-internacional","category-politica-internacional","tag-antisemitismo","tag-celebidades","tag-governo","tag-pessoas-publicas","tag-politica-internacional","tag-reino-unido"],"yoast_head":"<!-- This site is optimized with the Yoast SEO plugin v27.2 - https:\/\/yoast.com\/product\/yoast-seo-wordpress\/ -->\n<title>Governo do Reino Unido impede viagem de Kanye West ao pa\u00eds - Portal Tela Portugal<\/title>\n<meta name=\"robots\" content=\"index, follow, max-snippet:-1, max-image-preview:large, max-video-preview:-1\" \/>\n<meta property=\"og:locale\" content=\"pt_PT\" \/>\n<meta property=\"og:type\" content=\"article\" \/>\n<meta property=\"og:title\" content=\"Governo do Reino Unido impede viagem de Kanye West ao pa\u00eds - Portal Tela Portugal\" \/>\n<meta property=\"og:description\" content=\"O governo do Reino Unido proibiu a entrada de Kanye West no pa\u00eds, impedindo-o de viajar para Londres ap\u00f3s a rea\u00e7\u00e3o negativa \u00e0 sua atua\u00e7\u00e3o prevista no Wireless Festival. O Minist\u00e9rio do Interior confirmou a decis\u00e3o, alegando que a presen\u00e7a de algu\u00e9m pode n\u00e3o ser do interesse p\u00fablico. O Wireless ainda n\u00e3o respondeu publicamente \u00e0 decis\u00e3o; patrocinadores, pressionados pela Campaign Against Antisemitism, j\u00e1 tinham sido avisados para manterem o boicote. Kanye West afirmou que pretende ir a Londres para apresentar um espect\u00e1culo de mudan\u00e7a e ofereceu-se para encontros com a comunidade judaica, mas n\u00e3o viajou. O historial de West inclui publica\u00e7\u00f5es antissemitas em 2022, expuls\u00f5es de plataformas e boicotes de marcas; em 2025 pediu desculpa, mas continua proibido de entrar no Reino Unido.\" \/>\n<meta property=\"og:url\" content=\"https:\/\/portaltela.pt\/noticias\/2026\/04\/07\/governo-do-reino-unido-impede-viagem-de-kanye-west-ao-pais\/\" \/>\n<meta property=\"og:site_name\" content=\"Portal Tela Portugal\" \/>\n<meta property=\"article:published_time\" content=\"2026-04-07T13:47:10+00:00\" \/>\n<meta name=\"author\" content=\"Telinha\" \/>\n<meta name=\"twitter:card\" content=\"summary_large_image\" \/>\n<meta name=\"twitter:label1\" content=\"Escrito por\" \/>\n\t<meta name=\"twitter:data1\" content=\"Telinha\" \/>\n\t<meta name=\"twitter:label2\" content=\"Tempo estimado de leitura\" \/>\n\t<meta name=\"twitter:data2\" content=\"1 minuto\" \/>\n<script type=\"application\/ld+json\" class=\"yoast-schema-graph\">{\"@context\":\"https:\/\/schema.org\",\"@graph\":[{\"@type\":\"Article\",\"@id\":\"https:\/\/portaltela.pt\/noticias\/2026\/04\/07\/governo-do-reino-unido-impede-viagem-de-kanye-west-ao-pais\/#article\",\"isPartOf\":{\"@id\":\"https:\/\/portaltela.pt\/noticias\/2026\/04\/07\/governo-do-reino-unido-impede-viagem-de-kanye-west-ao-pais\/\"},\"author\":{\"name\":\"Telinha\",\"@id\":\"https:\/\/portaltela.pt\/#\/schema\/person\/c4278d4a6028830caff9ee44b42d32ed\"},\"headline\":\"Governo do Reino Unido impede viagem de Kanye West ao pa\u00eds\",\"datePublished\":\"2026-04-07T13:47:10+00:00\",\"mainEntityOfPage\":{\"@id\":\"https:\/\/portaltela.pt\/noticias\/2026\/04\/07\/governo-do-reino-unido-impede-viagem-de-kanye-west-ao-pais\/\"},\"wordCount\":289,\"image\":{\"@id\":\"https:\/\/portaltela.pt\/noticias\/2026\/04\/07\/governo-do-reino-unido-impede-viagem-de-kanye-west-ao-pais\/#primaryimage\"},\"thumbnailUrl\":\"https:\/\/portaltela.pt\/s.01k8rhncp4jt1\/2026\/04\/1536x864_cmsv2_05d60e9b-bbea-55e4-b0c9-2e9722c09659-9713231.jpg\",\"keywords\":[\"antisemitismo\",\"celebidades\",\"governo\",\"pessoas p\u00fablicas\",\"pol\u00edtica internacional\",\"Reino Unido\"],\"articleSection\":[\"Internacional\",\"Pol\u00edtica Internacional\"],\"inLanguage\":\"pt-PT\"},{\"@type\":\"WebPage\",\"@id\":\"https:\/\/portaltela.pt\/noticias\/2026\/04\/07\/governo-do-reino-unido-impede-viagem-de-kanye-west-ao-pais\/\",\"url\":\"https:\/\/portaltela.pt\/noticias\/2026\/04\/07\/governo-do-reino-unido-impede-viagem-de-kanye-west-ao-pais\/\",\"name\":\"Governo do Reino Unido impede viagem de Kanye West ao pa\u00eds - Portal Tela Portugal\",\"isPartOf\":{\"@id\":\"https:\/\/portaltela.pt\/#website\"},\"primaryImageOfPage\":{\"@id\":\"https:\/\/portaltela.pt\/noticias\/2026\/04\/07\/governo-do-reino-unido-impede-viagem-de-kanye-west-ao-pais\/#primaryimage\"},\"image\":{\"@id\":\"https:\/\/portaltela.pt\/noticias\/2026\/04\/07\/governo-do-reino-unido-impede-viagem-de-kanye-west-ao-pais\/#primaryimage\"},\"thumbnailUrl\":\"https:\/\/portaltela.pt\/s.01k8rhncp4jt1\/2026\/04\/1536x864_cmsv2_05d60e9b-bbea-55e4-b0c9-2e9722c09659-9713231.jpg\",\"datePublished\":\"2026-04-07T13:47:10+00:00\",\"author\":{\"@id\":\"https:\/\/portaltela.pt\/#\/schema\/person\/c4278d4a6028830caff9ee44b42d32ed\"},\"breadcrumb\":{\"@id\":\"https:\/\/portaltela.pt\/noticias\/2026\/04\/07\/governo-do-reino-unido-impede-viagem-de-kanye-west-ao-pais\/#breadcrumb\"},\"inLanguage\":\"pt-PT\",\"potentialAction\":[{\"@type\":\"ReadAction\",\"target\":[\"https:\/\/portaltela.pt\/noticias\/2026\/04\/07\/governo-do-reino-unido-impede-viagem-de-kanye-west-ao-pais\/\"]}]},{\"@type\":\"ImageObject\",\"inLanguage\":\"pt-PT\",\"@id\":\"https:\/\/portaltela.pt\/noticias\/2026\/04\/07\/governo-do-reino-unido-impede-viagem-de-kanye-west-ao-pais\/#primaryimage\",\"url\":\"https:\/\/portaltela.pt\/s.01k8rhncp4jt1\/2026\/04\/1536x864_cmsv2_05d60e9b-bbea-55e4-b0c9-2e9722c09659-9713231.jpg\",\"contentUrl\":\"https:\/\/portaltela.pt\/s.01k8rhncp4jt1\/2026\/04\/1536x864_cmsv2_05d60e9b-bbea-55e4-b0c9-2e9722c09659-9713231.jpg\",\"width\":796,\"height\":448,\"caption\":\"Governo impede Kanye West de viajar para o Reino Unido\"},{\"@type\":\"BreadcrumbList\",\"@id\":\"https:\/\/portaltela.pt\/noticias\/2026\/04\/07\/governo-do-reino-unido-impede-viagem-de-kanye-west-ao-pais\/#breadcrumb\",\"itemListElement\":[{\"@type\":\"ListItem\",\"position\":1,\"name\":\"In\u00edcio\",\"item\":\"https:\/\/portaltela.pt\/\"},{\"@type\":\"ListItem\",\"position\":2,\"name\":\"Governo do Reino Unido impede viagem de Kanye West ao pa\u00eds\"}]},{\"@type\":\"WebSite\",\"@id\":\"https:\/\/portaltela.pt\/#website\",\"url\":\"https:\/\/portaltela.pt\/\",\"name\":\"Portal Tela Portugal\",\"description\":\"\",\"potentialAction\":[{\"@type\":\"SearchAction\",\"target\":{\"@type\":\"EntryPoint\",\"urlTemplate\":\"https:\/\/portaltela.pt\/?s={search_term_string}\"},\"query-input\":{\"@type\":\"PropertyValueSpecification\",\"valueRequired\":true,\"valueName\":\"search_term_string\"}}],\"inLanguage\":\"pt-PT\"},{\"@type\":\"Person\",\"@id\":\"https:\/\/portaltela.pt\/#\/schema\/person\/c4278d4a6028830caff9ee44b42d32ed\",\"name\":\"Telinha\",\"image\":{\"@type\":\"ImageObject\",\"inLanguage\":\"pt-PT\",\"@id\":\"https:\/\/portaltela.pt\/s.01k8rhncp4jt1\/2025\/11\/talking-bot-125x125.png\",\"url\":\"https:\/\/portaltela.pt\/s.01k8rhncp4jt1\/2025\/11\/talking-bot-125x125.png\",\"contentUrl\":\"https:\/\/portaltela.pt\/s.01k8rhncp4jt1\/2025\/11\/talking-bot-125x125.png\",\"caption\":\"Telinha\"},\"sameAs\":[\"https:\/\/portaltela.pt\/\"],\"url\":\"https:\/\/portaltela.pt\/por\/367410592786\/\"}]}<\/script>\n<!-- \/ Yoast SEO plugin. -->","yoast_head_json":{"title":"Governo do Reino Unido impede viagem de Kanye West ao pa\u00eds - Portal Tela Portugal","robots":{"index":"index","follow":"follow","max-snippet":"max-snippet:-1","max-image-preview":"max-image-preview:large","max-video-preview":"max-video-preview:-1"},"og_locale":"pt_PT","og_type":"article","og_title":"Governo do Reino Unido impede viagem de Kanye West ao pa\u00eds - Portal Tela Portugal","og_description":"O governo do Reino Unido proibiu a entrada de Kanye West no pa\u00eds, impedindo-o de viajar para Londres ap\u00f3s a rea\u00e7\u00e3o negativa \u00e0 sua atua\u00e7\u00e3o prevista no Wireless Festival. O Minist\u00e9rio do Interior confirmou a decis\u00e3o, alegando que a presen\u00e7a de algu\u00e9m pode n\u00e3o ser do interesse p\u00fablico. O Wireless ainda n\u00e3o respondeu publicamente \u00e0 decis\u00e3o; patrocinadores, pressionados pela Campaign Against Antisemitism, j\u00e1 tinham sido avisados para manterem o boicote. Kanye West afirmou que pretende ir a Londres para apresentar um espect\u00e1culo de mudan\u00e7a e ofereceu-se para encontros com a comunidade judaica, mas n\u00e3o viajou. O historial de West inclui publica\u00e7\u00f5es antissemitas em 2022, expuls\u00f5es de plataformas e boicotes de marcas; em 2025 pediu desculpa, mas continua proibido de entrar no Reino Unido.","og_url":"https:\/\/portaltela.pt\/noticias\/2026\/04\/07\/governo-do-reino-unido-impede-viagem-de-kanye-west-ao-pais\/","og_site_name":"Portal Tela Portugal","article_published_time":"2026-04-07T13:47:10+00:00","author":"Telinha","twitter_card":"summary_large_image","twitter_misc":{"Escrito por":"Telinha","Tempo estimado de leitura":"1 minuto"},"schema":{"@context":"https:\/\/schema.org","@graph":[{"@type":"Article","@id":"https:\/\/portaltela.pt\/noticias\/2026\/04\/07\/governo-do-reino-unido-impede-viagem-de-kanye-west-ao-pais\/#article","isPartOf":{"@id":"https:\/\/portaltela.pt\/noticias\/2026\/04\/07\/governo-do-reino-unido-impede-viagem-de-kanye-west-ao-pais\/"},"author":{"name":"Telinha","@id":"https:\/\/portaltela.pt\/#\/schema\/person\/c4278d4a6028830caff9ee44b42d32ed"},"headline":"Governo do Reino Unido impede viagem de Kanye West ao pa\u00eds","datePublished":"2026-04-07T13:47:10+00:00","mainEntityOfPage":{"@id":"https:\/\/portaltela.pt\/noticias\/2026\/04\/07\/governo-do-reino-unido-impede-viagem-de-kanye-west-ao-pais\/"},"wordCount":289,"image":{"@id":"https:\/\/portaltela.pt\/noticias\/2026\/04\/07\/governo-do-reino-unido-impede-viagem-de-kanye-west-ao-pais\/#primaryimage"},"thumbnailUrl":"https:\/\/portaltela.pt\/s.01k8rhncp4jt1\/2026\/04\/1536x864_cmsv2_05d60e9b-bbea-55e4-b0c9-2e9722c09659-9713231.jpg","keywords":["antisemitismo","celebidades","governo","pessoas p\u00fablicas","pol\u00edtica internacional","Reino Unido"],"articleSection":["Internacional","Pol\u00edtica Internacional"],"inLanguage":"pt-PT"},{"@type":"WebPage","@id":"https:\/\/portaltela.pt\/noticias\/2026\/04\/07\/governo-do-reino-unido-impede-viagem-de-kanye-west-ao-pais\/","url":"https:\/\/portaltela.pt\/noticias\/2026\/04\/07\/governo-do-reino-unido-impede-viagem-de-kanye-west-ao-pais\/","name":"Governo do Reino Unido impede viagem de Kanye West ao pa\u00eds - Portal Tela Portugal","isPartOf":{"@id":"https:\/\/portaltela.pt\/#website"},"primaryImageOfPage":{"@id":"https:\/\/portaltela.pt\/noticias\/2026\/04\/07\/governo-do-reino-unido-impede-viagem-de-kanye-west-ao-pais\/#primaryimage"},"image":{"@id":"https:\/\/portaltela.pt\/noticias\/2026\/04\/07\/governo-do-reino-unido-impede-viagem-de-kanye-west-ao-pais\/#primaryimage"},"thumbnailUrl":"https:\/\/portaltela.pt\/s.01k8rhncp4jt1\/2026\/04\/1536x864_cmsv2_05d60e9b-bbea-55e4-b0c9-2e9722c09659-9713231.jpg","datePublished":"2026-04-07T13:47:10+00:00","author":{"@id":"https:\/\/portaltela.pt\/#\/schema\/person\/c4278d4a6028830caff9ee44b42d32ed"},"breadcrumb":{"@id":"https:\/\/portaltela.pt\/noticias\/2026\/04\/07\/governo-do-reino-unido-impede-viagem-de-kanye-west-ao-pais\/#breadcrumb"},"inLanguage":"pt-PT","potentialAction":[{"@type":"ReadAction","target":["https:\/\/portaltela.pt\/noticias\/2026\/04\/07\/governo-do-reino-unido-impede-viagem-de-kanye-west-ao-pais\/"]}]},{"@type":"ImageObject","inLanguage":"pt-PT","@id":"https:\/\/portaltela.pt\/noticias\/2026\/04\/07\/governo-do-reino-unido-impede-viagem-de-kanye-west-ao-pais\/#primaryimage","url":"https:\/\/portaltela.pt\/s.01k8rhncp4jt1\/2026\/04\/1536x864_cmsv2_05d60e9b-bbea-55e4-b0c9-2e9722c09659-9713231.jpg","contentUrl":"https:\/\/portaltela.pt\/s.01k8rhncp4jt1\/2026\/04\/1536x864_cmsv2_05d60e9b-bbea-55e4-b0c9-2e9722c09659-9713231.jpg","width":796,"height":448,"caption":"Governo impede Kanye West de viajar para o Reino Unido"},{"@type":"BreadcrumbList","@id":"https:\/\/portaltela.pt\/noticias\/2026\/04\/07\/governo-do-reino-unido-impede-viagem-de-kanye-west-ao-pais\/#breadcrumb","itemListElement":[{"@type":"ListItem","position":1,"name":"In\u00edcio","item":"https:\/\/portaltela.pt\/"},{"@type":"ListItem","position":2,"name":"Governo do Reino Unido impede viagem de Kanye West ao pa\u00eds"}]},{"@type":"WebSite","@id":"https:\/\/portaltela.pt\/#website","url":"https:\/\/portaltela.pt\/","name":"Portal Tela Portugal","description":"","potentialAction":[{"@type":"SearchAction","target":{"@type":"EntryPoint","urlTemplate":"https:\/\/portaltela.pt\/?s={search_term_string}"},"query-input":{"@type":"PropertyValueSpecification","valueRequired":true,"valueName":"search_term_string"}}],"inLanguage":"pt-PT"},{"@type":"Person","@id":"https:\/\/portaltela.pt\/#\/schema\/person\/c4278d4a6028830caff9ee44b42d32ed","name":"Telinha","image":{"@type":"ImageObject","inLanguage":"pt-PT","@id":"https:\/\/portaltela.pt\/s.01k8rhncp4jt1\/2025\/11\/talking-bot-125x125.png","url":"https:\/\/portaltela.pt\/s.01k8rhncp4jt1\/2025\/11\/talking-bot-125x125.png","contentUrl":"https:\/\/portaltela.pt\/s.01k8rhncp4jt1\/2025\/11\/talking-bot-125x125.png","caption":"Telinha"},"sameAs":["https:\/\/portaltela.pt\/"],"url":"https:\/\/portaltela.pt\/por\/367410592786\/"}]}},"_links":{"self":[{"href":"https:\/\/portaltela.pt\/api\/wp\/v2\/posts\/435388","targetHints":{"allow":["GET"]}}],"collection":[{"href":"https:\/\/portaltela.pt\/api\/wp\/v2\/posts"}],"about":[{"href":"https:\/\/portaltela.pt\/api\/wp\/v2\/types\/post"}],"author":[{"embeddable":true,"href":"https:\/\/portaltela.pt\/api\/wp\/v2\/users\/2"}],"replies":[{"embeddable":true,"href":"https:\/\/portaltela.pt\/api\/wp\/v2\/comments?post=435388"}],"version-history":[{"count":0,"href":"https:\/\/portaltela.pt\/api\/wp\/v2\/posts\/435388\/revisions"}],"wp:featuredmedia":[{"embeddable":true,"href":"https:\/\/portaltela.pt\/api\/wp\/v2\/media\/435391"}],"wp:attachment":[{"href":"https:\/\/portaltela.pt\/api\/wp\/v2\/media?parent=435388"}],"wp:term":[{"taxonomy":"category","embeddable":true,"href":"https:\/\/portaltela.pt\/api\/wp\/v2\/categories?post=435388"},{"taxonomy":"post_tag","embeddable":true,"href":"https:\/\/portaltela.pt\/api\/wp\/v2\/tags?post=435388"}],"curies":[{"name":"wp","href":"https:\/\/api.w.org\/{rel}","templated":true}]}}