{"id":435379,"date":"2026-04-07T09:01:00","date_gmt":"2026-04-07T12:01:00","guid":{"rendered":"https:\/\/portaltela.pt\/noticias\/2026\/04\/07\/suspeito-morto-e-dois-feridos-em-tiroteio-junto-ao-consulado-israelita-istambul\/"},"modified":"2026-04-07T09:01:00","modified_gmt":"2026-04-07T12:01:00","slug":"suspeito-morto-e-dois-feridos-em-tiroteio-junto-ao-consulado-israelita-istambul","status":"publish","type":"post","link":"https:\/\/portaltela.pt\/seguranca\/2026\/04\/07\/suspeito-morto-e-dois-feridos-em-tiroteio-junto-ao-consulado-israelita-istambul\/","title":{"rendered":"Suspeito morto e dois feridos em tiroteio junto ao consulado israelita Istambul"},"content":{"rendered":"<p>Um tiroteio ocorreu na ter\u00e7a-feira em frente ao consulado israelita em Istambul. Um atirador foi morto e dois ficaram feridos. Dois agentes da pol\u00edcia sofreram ferimentos ligeiros, segundo o governador local. TRT indicou que dois dos tr\u00eas atacantes teriam sido mortos.<\/p>\n<p>As autoridades identificaram os agressores. O ministro do Interior, Mustafa Ciftci, disse que chegaram a Istambul num ve\u00edculo alugado vindo de Izmit. O atacante morto, Yunus E. S, estava ligado a uma organiza\u00e7\u00e3o terrorista que instrumentaliza a religi\u00e3o, conforme publica\u00e7\u00e3o do ministro citada pela AFP.<\/p>\n<p>Os dois feridos s\u00e3o irm\u00e3os, e um deles tem antecedentes por drogas, segundo o governante. Ainda n\u00e3o foi divulgada a que grupo pertenciam os agressores, mas a imprensa turca sugeriu poss\u00edvel liga\u00e7\u00e3o ao Estado Isl\u00e2mico. Em Yalova, munic\u00edpio pr\u00f3ximo, houve confrontos com a pol\u00edcia no \u00e2mbito de atividades associadas a esse grupo.<\/p>\n<p>Os suspeitos estavam armados com espingardas, trajavam camuflado e transportavam mochilas, de acordo com relatos da imprensa. Nenhum diplomata israelita se encontra no territ\u00f3rio turco, segundo uma fonte ligada ao processo, e as representa\u00e7\u00f5es israelitas foram evacuadas na regi\u00e3o por raz\u00f5es de seguran\u00e7a ap\u00f3s os ataques de 7 de outubro de 2023.<\/p>\n","protected":false},"excerpt":{"rendered":"<ul>\n<li>Um suspeito morreu e dois ficaram feridos num tiroteio junto ao consulado israelita em Istambul; dois pol\u00edcias sofreram ferimentos ligeiros.<\/li>\n<li>Os agressores chegaram a Istambul num ve\u00edculo alugado vindo de Izmit; o atacante morto, Yunus E. S., estava ligado a uma organiza\u00e7\u00e3o terrorista que instrumentaliza a religi\u00e3o.<\/li>\n<li>Os dois feridos s\u00e3o irm\u00e3os; um deles tem antecedentes criminais por drogas.<\/li>\n<li>Ainda n\u00e3o foi comprovada a que grupo pertenciam; a imprensa turca mencionou a poss\u00edvel liga\u00e7\u00e3o ao grupo Estado Isl\u00e2mico.<\/li>\n<li>N\u00e3o h\u00e1 diplomatas israelitas em solo turco; as representa\u00e7\u00f5es foram evacuadas na regi\u00e3o por raz\u00f5es de seguran\u00e7a ap\u00f3s os ataques de 7 de outubro de 2023.<\/li>\n<\/ul>\n","protected":false},"author":2,"featured_media":435380,"comment_status":"closed","ping_status":"closed","sticky":false,"template":"","format":"standard","meta":{"footnotes":""},"categories":[1,6779],"tags":[38,3625,3708,250,4989,2126],"class_list":["post-435379","post","type-post","status-publish","format-standard","has-post-thumbnail","hentry","category-noticias","category-seguranca","tag-conflitos","tag-estado-islamico","tag-israel","tag-seguranca-publica","tag-terrorismo","tag-turquia"],"yoast_head":"<!-- This site is optimized with the Yoast SEO plugin v27.2 - https:\/\/yoast.com\/product\/yoast-seo-wordpress\/ -->\n<title>Suspeito morto e dois feridos em tiroteio junto ao consulado israelita Istambul - Portal Tela Portugal<\/title>\n<meta name=\"robots\" content=\"index, follow, max-snippet:-1, max-image-preview:large, max-video-preview:-1\" \/>\n<meta property=\"og:locale\" content=\"pt_PT\" \/>\n<meta property=\"og:type\" content=\"article\" \/>\n<meta property=\"og:title\" content=\"Suspeito morto e dois feridos em tiroteio junto ao consulado israelita Istambul - Portal Tela Portugal\" \/>\n<meta property=\"og:description\" content=\"Um suspeito morreu e dois ficaram feridos num tiroteio junto ao consulado israelita em Istambul; dois pol\u00edcias sofreram ferimentos ligeiros. Os agressores chegaram a Istambul num ve\u00edculo alugado vindo de Izmit; o atacante morto, Yunus E. S., estava ligado a uma organiza\u00e7\u00e3o terrorista que instrumentaliza a religi\u00e3o. Os dois feridos s\u00e3o irm\u00e3os; um deles tem antecedentes criminais por drogas. Ainda n\u00e3o foi comprovada a que grupo pertenciam; a imprensa turca mencionou a poss\u00edvel liga\u00e7\u00e3o ao grupo Estado Isl\u00e2mico. N\u00e3o h\u00e1 diplomatas israelitas em solo turco; as representa\u00e7\u00f5es foram evacuadas na regi\u00e3o por raz\u00f5es de seguran\u00e7a ap\u00f3s os ataques de 7 de outubro de 2023.\" \/>\n<meta property=\"og:url\" content=\"https:\/\/portaltela.pt\/noticias\/2026\/04\/07\/suspeito-morto-e-dois-feridos-em-tiroteio-junto-ao-consulado-israelita-istambul\/\" \/>\n<meta property=\"og:site_name\" content=\"Portal Tela Portugal\" \/>\n<meta property=\"article:published_time\" content=\"2026-04-07T12:01:00+00:00\" \/>\n<meta name=\"author\" content=\"Telinha\" \/>\n<meta name=\"twitter:card\" content=\"summary_large_image\" \/>\n<meta name=\"twitter:label1\" content=\"Escrito por\" \/>\n\t<meta name=\"twitter:data1\" content=\"Telinha\" \/>\n\t<meta name=\"twitter:label2\" content=\"Tempo estimado de leitura\" \/>\n\t<meta name=\"twitter:data2\" content=\"1 minuto\" \/>\n<script type=\"application\/ld+json\" class=\"yoast-schema-graph\">{\"@context\":\"https:\/\/schema.org\",\"@graph\":[{\"@type\":\"Article\",\"@id\":\"https:\/\/portaltela.pt\/noticias\/2026\/04\/07\/suspeito-morto-e-dois-feridos-em-tiroteio-junto-ao-consulado-israelita-istambul\/#article\",\"isPartOf\":{\"@id\":\"https:\/\/portaltela.pt\/noticias\/2026\/04\/07\/suspeito-morto-e-dois-feridos-em-tiroteio-junto-ao-consulado-israelita-istambul\/\"},\"author\":{\"name\":\"Telinha\",\"@id\":\"https:\/\/portaltela.pt\/#\/schema\/person\/c4278d4a6028830caff9ee44b42d32ed\"},\"headline\":\"Suspeito morto e dois feridos em tiroteio junto ao consulado israelita Istambul\",\"datePublished\":\"2026-04-07T12:01:00+00:00\",\"mainEntityOfPage\":{\"@id\":\"https:\/\/portaltela.pt\/noticias\/2026\/04\/07\/suspeito-morto-e-dois-feridos-em-tiroteio-junto-ao-consulado-israelita-istambul\/\"},\"wordCount\":222,\"image\":{\"@id\":\"https:\/\/portaltela.pt\/noticias\/2026\/04\/07\/suspeito-morto-e-dois-feridos-em-tiroteio-junto-ao-consulado-israelita-istambul\/#primaryimage\"},\"thumbnailUrl\":\"https:\/\/portaltela.pt\/s.01k8rhncp4jt1\/2026\/04\/2f4aa55b-675d-4e8a-ab54-5c8fd560c049_1200x675.jpg\",\"keywords\":[\"conflitos\",\"Estado Isl\u00e2mico\",\"Israel\",\"seguran\u00e7a p\u00fablica\",\"terrorismo\",\"Turquia\"],\"articleSection\":[\"Not\u00edcias\",\"Seguran\u00e7a\"],\"inLanguage\":\"pt-PT\"},{\"@type\":\"WebPage\",\"@id\":\"https:\/\/portaltela.pt\/noticias\/2026\/04\/07\/suspeito-morto-e-dois-feridos-em-tiroteio-junto-ao-consulado-israelita-istambul\/\",\"url\":\"https:\/\/portaltela.pt\/noticias\/2026\/04\/07\/suspeito-morto-e-dois-feridos-em-tiroteio-junto-ao-consulado-israelita-istambul\/\",\"name\":\"Suspeito morto e dois feridos em tiroteio junto ao consulado israelita Istambul - Portal Tela Portugal\",\"isPartOf\":{\"@id\":\"https:\/\/portaltela.pt\/#website\"},\"primaryImageOfPage\":{\"@id\":\"https:\/\/portaltela.pt\/noticias\/2026\/04\/07\/suspeito-morto-e-dois-feridos-em-tiroteio-junto-ao-consulado-israelita-istambul\/#primaryimage\"},\"image\":{\"@id\":\"https:\/\/portaltela.pt\/noticias\/2026\/04\/07\/suspeito-morto-e-dois-feridos-em-tiroteio-junto-ao-consulado-israelita-istambul\/#primaryimage\"},\"thumbnailUrl\":\"https:\/\/portaltela.pt\/s.01k8rhncp4jt1\/2026\/04\/2f4aa55b-675d-4e8a-ab54-5c8fd560c049_1200x675.jpg\",\"datePublished\":\"2026-04-07T12:01:00+00:00\",\"author\":{\"@id\":\"https:\/\/portaltela.pt\/#\/schema\/person\/c4278d4a6028830caff9ee44b42d32ed\"},\"breadcrumb\":{\"@id\":\"https:\/\/portaltela.pt\/noticias\/2026\/04\/07\/suspeito-morto-e-dois-feridos-em-tiroteio-junto-ao-consulado-israelita-istambul\/#breadcrumb\"},\"inLanguage\":\"pt-PT\",\"potentialAction\":[{\"@type\":\"ReadAction\",\"target\":[\"https:\/\/portaltela.pt\/noticias\/2026\/04\/07\/suspeito-morto-e-dois-feridos-em-tiroteio-junto-ao-consulado-israelita-istambul\/\"]}]},{\"@type\":\"ImageObject\",\"inLanguage\":\"pt-PT\",\"@id\":\"https:\/\/portaltela.pt\/noticias\/2026\/04\/07\/suspeito-morto-e-dois-feridos-em-tiroteio-junto-ao-consulado-israelita-istambul\/#primaryimage\",\"url\":\"https:\/\/portaltela.pt\/s.01k8rhncp4jt1\/2026\/04\/2f4aa55b-675d-4e8a-ab54-5c8fd560c049_1200x675.jpg\",\"contentUrl\":\"https:\/\/portaltela.pt\/s.01k8rhncp4jt1\/2026\/04\/2f4aa55b-675d-4e8a-ab54-5c8fd560c049_1200x675.jpg\",\"width\":796,\"height\":448,\"caption\":\"Manchas de sangue numa estrada perto do consulado de Israel em Istambul, ap\u00f3s um tiroteio entre homens armados e a Pol\u00edcia\"},{\"@type\":\"BreadcrumbList\",\"@id\":\"https:\/\/portaltela.pt\/noticias\/2026\/04\/07\/suspeito-morto-e-dois-feridos-em-tiroteio-junto-ao-consulado-israelita-istambul\/#breadcrumb\",\"itemListElement\":[{\"@type\":\"ListItem\",\"position\":1,\"name\":\"In\u00edcio\",\"item\":\"https:\/\/portaltela.pt\/\"},{\"@type\":\"ListItem\",\"position\":2,\"name\":\"Suspeito morto e dois feridos em tiroteio junto ao consulado israelita Istambul\"}]},{\"@type\":\"WebSite\",\"@id\":\"https:\/\/portaltela.pt\/#website\",\"url\":\"https:\/\/portaltela.pt\/\",\"name\":\"Portal Tela Portugal\",\"description\":\"\",\"potentialAction\":[{\"@type\":\"SearchAction\",\"target\":{\"@type\":\"EntryPoint\",\"urlTemplate\":\"https:\/\/portaltela.pt\/?s={search_term_string}\"},\"query-input\":{\"@type\":\"PropertyValueSpecification\",\"valueRequired\":true,\"valueName\":\"search_term_string\"}}],\"inLanguage\":\"pt-PT\"},{\"@type\":\"Person\",\"@id\":\"https:\/\/portaltela.pt\/#\/schema\/person\/c4278d4a6028830caff9ee44b42d32ed\",\"name\":\"Telinha\",\"image\":{\"@type\":\"ImageObject\",\"inLanguage\":\"pt-PT\",\"@id\":\"https:\/\/portaltela.pt\/s.01k8rhncp4jt1\/2025\/11\/talking-bot-125x125.png\",\"url\":\"https:\/\/portaltela.pt\/s.01k8rhncp4jt1\/2025\/11\/talking-bot-125x125.png\",\"contentUrl\":\"https:\/\/portaltela.pt\/s.01k8rhncp4jt1\/2025\/11\/talking-bot-125x125.png\",\"caption\":\"Telinha\"},\"sameAs\":[\"https:\/\/portaltela.pt\/\"],\"url\":\"https:\/\/portaltela.pt\/por\/367410592786\/\"}]}<\/script>\n<!-- \/ Yoast SEO plugin. -->","yoast_head_json":{"title":"Suspeito morto e dois feridos em tiroteio junto ao consulado israelita Istambul - Portal Tela Portugal","robots":{"index":"index","follow":"follow","max-snippet":"max-snippet:-1","max-image-preview":"max-image-preview:large","max-video-preview":"max-video-preview:-1"},"og_locale":"pt_PT","og_type":"article","og_title":"Suspeito morto e dois feridos em tiroteio junto ao consulado israelita Istambul - Portal Tela Portugal","og_description":"Um suspeito morreu e dois ficaram feridos num tiroteio junto ao consulado israelita em Istambul; dois pol\u00edcias sofreram ferimentos ligeiros. Os agressores chegaram a Istambul num ve\u00edculo alugado vindo de Izmit; o atacante morto, Yunus E. S., estava ligado a uma organiza\u00e7\u00e3o terrorista que instrumentaliza a religi\u00e3o. Os dois feridos s\u00e3o irm\u00e3os; um deles tem antecedentes criminais por drogas. Ainda n\u00e3o foi comprovada a que grupo pertenciam; a imprensa turca mencionou a poss\u00edvel liga\u00e7\u00e3o ao grupo Estado Isl\u00e2mico. N\u00e3o h\u00e1 diplomatas israelitas em solo turco; as representa\u00e7\u00f5es foram evacuadas na regi\u00e3o por raz\u00f5es de seguran\u00e7a ap\u00f3s os ataques de 7 de outubro de 2023.","og_url":"https:\/\/portaltela.pt\/noticias\/2026\/04\/07\/suspeito-morto-e-dois-feridos-em-tiroteio-junto-ao-consulado-israelita-istambul\/","og_site_name":"Portal Tela Portugal","article_published_time":"2026-04-07T12:01:00+00:00","author":"Telinha","twitter_card":"summary_large_image","twitter_misc":{"Escrito por":"Telinha","Tempo estimado de leitura":"1 minuto"},"schema":{"@context":"https:\/\/schema.org","@graph":[{"@type":"Article","@id":"https:\/\/portaltela.pt\/noticias\/2026\/04\/07\/suspeito-morto-e-dois-feridos-em-tiroteio-junto-ao-consulado-israelita-istambul\/#article","isPartOf":{"@id":"https:\/\/portaltela.pt\/noticias\/2026\/04\/07\/suspeito-morto-e-dois-feridos-em-tiroteio-junto-ao-consulado-israelita-istambul\/"},"author":{"name":"Telinha","@id":"https:\/\/portaltela.pt\/#\/schema\/person\/c4278d4a6028830caff9ee44b42d32ed"},"headline":"Suspeito morto e dois feridos em tiroteio junto ao consulado israelita Istambul","datePublished":"2026-04-07T12:01:00+00:00","mainEntityOfPage":{"@id":"https:\/\/portaltela.pt\/noticias\/2026\/04\/07\/suspeito-morto-e-dois-feridos-em-tiroteio-junto-ao-consulado-israelita-istambul\/"},"wordCount":222,"image":{"@id":"https:\/\/portaltela.pt\/noticias\/2026\/04\/07\/suspeito-morto-e-dois-feridos-em-tiroteio-junto-ao-consulado-israelita-istambul\/#primaryimage"},"thumbnailUrl":"https:\/\/portaltela.pt\/s.01k8rhncp4jt1\/2026\/04\/2f4aa55b-675d-4e8a-ab54-5c8fd560c049_1200x675.jpg","keywords":["conflitos","Estado Isl\u00e2mico","Israel","seguran\u00e7a p\u00fablica","terrorismo","Turquia"],"articleSection":["Not\u00edcias","Seguran\u00e7a"],"inLanguage":"pt-PT"},{"@type":"WebPage","@id":"https:\/\/portaltela.pt\/noticias\/2026\/04\/07\/suspeito-morto-e-dois-feridos-em-tiroteio-junto-ao-consulado-israelita-istambul\/","url":"https:\/\/portaltela.pt\/noticias\/2026\/04\/07\/suspeito-morto-e-dois-feridos-em-tiroteio-junto-ao-consulado-israelita-istambul\/","name":"Suspeito morto e dois feridos em tiroteio junto ao consulado israelita Istambul - Portal Tela Portugal","isPartOf":{"@id":"https:\/\/portaltela.pt\/#website"},"primaryImageOfPage":{"@id":"https:\/\/portaltela.pt\/noticias\/2026\/04\/07\/suspeito-morto-e-dois-feridos-em-tiroteio-junto-ao-consulado-israelita-istambul\/#primaryimage"},"image":{"@id":"https:\/\/portaltela.pt\/noticias\/2026\/04\/07\/suspeito-morto-e-dois-feridos-em-tiroteio-junto-ao-consulado-israelita-istambul\/#primaryimage"},"thumbnailUrl":"https:\/\/portaltela.pt\/s.01k8rhncp4jt1\/2026\/04\/2f4aa55b-675d-4e8a-ab54-5c8fd560c049_1200x675.jpg","datePublished":"2026-04-07T12:01:00+00:00","author":{"@id":"https:\/\/portaltela.pt\/#\/schema\/person\/c4278d4a6028830caff9ee44b42d32ed"},"breadcrumb":{"@id":"https:\/\/portaltela.pt\/noticias\/2026\/04\/07\/suspeito-morto-e-dois-feridos-em-tiroteio-junto-ao-consulado-israelita-istambul\/#breadcrumb"},"inLanguage":"pt-PT","potentialAction":[{"@type":"ReadAction","target":["https:\/\/portaltela.pt\/noticias\/2026\/04\/07\/suspeito-morto-e-dois-feridos-em-tiroteio-junto-ao-consulado-israelita-istambul\/"]}]},{"@type":"ImageObject","inLanguage":"pt-PT","@id":"https:\/\/portaltela.pt\/noticias\/2026\/04\/07\/suspeito-morto-e-dois-feridos-em-tiroteio-junto-ao-consulado-israelita-istambul\/#primaryimage","url":"https:\/\/portaltela.pt\/s.01k8rhncp4jt1\/2026\/04\/2f4aa55b-675d-4e8a-ab54-5c8fd560c049_1200x675.jpg","contentUrl":"https:\/\/portaltela.pt\/s.01k8rhncp4jt1\/2026\/04\/2f4aa55b-675d-4e8a-ab54-5c8fd560c049_1200x675.jpg","width":796,"height":448,"caption":"Manchas de sangue numa estrada perto do consulado de Israel em Istambul, ap\u00f3s um tiroteio entre homens armados e a Pol\u00edcia"},{"@type":"BreadcrumbList","@id":"https:\/\/portaltela.pt\/noticias\/2026\/04\/07\/suspeito-morto-e-dois-feridos-em-tiroteio-junto-ao-consulado-israelita-istambul\/#breadcrumb","itemListElement":[{"@type":"ListItem","position":1,"name":"In\u00edcio","item":"https:\/\/portaltela.pt\/"},{"@type":"ListItem","position":2,"name":"Suspeito morto e dois feridos em tiroteio junto ao consulado israelita Istambul"}]},{"@type":"WebSite","@id":"https:\/\/portaltela.pt\/#website","url":"https:\/\/portaltela.pt\/","name":"Portal Tela Portugal","description":"","potentialAction":[{"@type":"SearchAction","target":{"@type":"EntryPoint","urlTemplate":"https:\/\/portaltela.pt\/?s={search_term_string}"},"query-input":{"@type":"PropertyValueSpecification","valueRequired":true,"valueName":"search_term_string"}}],"inLanguage":"pt-PT"},{"@type":"Person","@id":"https:\/\/portaltela.pt\/#\/schema\/person\/c4278d4a6028830caff9ee44b42d32ed","name":"Telinha","image":{"@type":"ImageObject","inLanguage":"pt-PT","@id":"https:\/\/portaltela.pt\/s.01k8rhncp4jt1\/2025\/11\/talking-bot-125x125.png","url":"https:\/\/portaltela.pt\/s.01k8rhncp4jt1\/2025\/11\/talking-bot-125x125.png","contentUrl":"https:\/\/portaltela.pt\/s.01k8rhncp4jt1\/2025\/11\/talking-bot-125x125.png","caption":"Telinha"},"sameAs":["https:\/\/portaltela.pt\/"],"url":"https:\/\/portaltela.pt\/por\/367410592786\/"}]}},"_links":{"self":[{"href":"https:\/\/portaltela.pt\/api\/wp\/v2\/posts\/435379","targetHints":{"allow":["GET"]}}],"collection":[{"href":"https:\/\/portaltela.pt\/api\/wp\/v2\/posts"}],"about":[{"href":"https:\/\/portaltela.pt\/api\/wp\/v2\/types\/post"}],"author":[{"embeddable":true,"href":"https:\/\/portaltela.pt\/api\/wp\/v2\/users\/2"}],"replies":[{"embeddable":true,"href":"https:\/\/portaltela.pt\/api\/wp\/v2\/comments?post=435379"}],"version-history":[{"count":0,"href":"https:\/\/portaltela.pt\/api\/wp\/v2\/posts\/435379\/revisions"}],"wp:featuredmedia":[{"embeddable":true,"href":"https:\/\/portaltela.pt\/api\/wp\/v2\/media\/435380"}],"wp:attachment":[{"href":"https:\/\/portaltela.pt\/api\/wp\/v2\/media?parent=435379"}],"wp:term":[{"taxonomy":"category","embeddable":true,"href":"https:\/\/portaltela.pt\/api\/wp\/v2\/categories?post=435379"},{"taxonomy":"post_tag","embeddable":true,"href":"https:\/\/portaltela.pt\/api\/wp\/v2\/tags?post=435379"}],"curies":[{"name":"wp","href":"https:\/\/api.w.org\/{rel}","templated":true}]}}