{"id":435358,"date":"2026-04-07T10:17:28","date_gmt":"2026-04-07T13:17:28","guid":{"rendered":"https:\/\/portaltela.pt\/noticias\/2026\/04\/07\/aromas-sobre-rodas-tendencia-no-setor-automovel\/"},"modified":"2026-04-07T10:17:28","modified_gmt":"2026-04-07T13:17:28","slug":"aromas-sobre-rodas-tendencia-no-setor-automovel","status":"publish","type":"post","link":"https:\/\/portaltela.pt\/lazer\/2026\/04\/07\/aromas-sobre-rodas-tendencia-no-setor-automovel\/","title":{"rendered":"Aromas sobre rodas: tend\u00eancia no setor autom\u00f3vel"},"content":{"rendered":"<p>Entrar num carro continua a trazer cheiros, mas os ambientadores deixaram de ser apenas disfarce. Hoje, s\u00e3o pensados como parte do conforto interior e da experi\u00eancia de condu\u00e7\u00e3o.<\/p>\n<p>As escolhas tornaram-se mais criteriosas, com foco na discri\u00e7\u00e3o, na intensidade do aroma e na qualidade dos ingredientes. O objetivo \u00e9 manter um ambiente limpo sem exageros.<\/p>\n<p>Especialistas indicam que o ambientador adequado pode melhorar a perce\u00e7\u00e3o do espa\u00e7o e a sensa\u00e7\u00e3o de bem-estar, sem sobrecarregar o interior do ve\u00edculo. A op\u00e7\u00e3o varia entre fragr\u00e2ncias suaves e produtos com baixas emiss\u00f5es.<\/p>\n<p>No mercado, a oferta abrange solu\u00e7\u00f5es fixas, recarreg\u00e1veis e port\u00e1teis, dispon\u00edveis em lojas especializadas e online. A tend\u00eancia aponta para op\u00e7\u00f5es que aliem conforto sensorial e respeito pelo ambiente do carro.<\/p>\n","protected":false},"excerpt":{"rendered":"<ul>\n<li>Entrar no carro envolve frequentemente um cheiro, que pode ser discreto, marcante, agrad\u00e1vel ou insistente.<\/li>\n<li>Durante muito tempo, os ambientadores serviam sobretudo para disfar\u00e7ar odores.<\/li>\n<li>Atualmente, s\u00e3o escolhidos com mais aten\u00e7\u00e3o e de forma mais consciente.<\/li>\n<li>Os ambientadores reinventam-se, tornando-se discretos no interior do ve\u00edculo.<\/li>\n<li>Passam a ser vistos como um elemento de conforto, n\u00e3o apenas uma solu\u00e7\u00e3o r\u00e1pida para odores.<\/li>\n<\/ul>\n","protected":false},"author":2,"featured_media":435360,"comment_status":"closed","ping_status":"closed","sticky":false,"template":"","format":"standard","meta":{"footnotes":""},"categories":[12,7381],"tags":[7767,167,7167],"class_list":["post-435358","post","type-post","status-publish","format-standard","has-post-thumbnail","hentry","category-entretenimento","category-lazer","tag-_meio-ambiente","tag-ambiente","tag-qualidade-ambiental"],"yoast_head":"<!-- This site is optimized with the Yoast SEO plugin v27.2 - https:\/\/yoast.com\/product\/yoast-seo-wordpress\/ -->\n<title>Aromas sobre rodas: tend\u00eancia no setor autom\u00f3vel - Portal Tela Portugal<\/title>\n<meta name=\"robots\" content=\"index, follow, max-snippet:-1, max-image-preview:large, max-video-preview:-1\" \/>\n<meta property=\"og:locale\" content=\"pt_PT\" \/>\n<meta property=\"og:type\" content=\"article\" \/>\n<meta property=\"og:title\" content=\"Aromas sobre rodas: tend\u00eancia no setor autom\u00f3vel - Portal Tela Portugal\" \/>\n<meta property=\"og:description\" content=\"Entrar no carro envolve frequentemente um cheiro, que pode ser discreto, marcante, agrad\u00e1vel ou insistente. Durante muito tempo, os ambientadores serviam sobretudo para disfar\u00e7ar odores. Atualmente, s\u00e3o escolhidos com mais aten\u00e7\u00e3o e de forma mais consciente. Os ambientadores reinventam-se, tornando-se discretos no interior do ve\u00edculo. Passam a ser vistos como um elemento de conforto, n\u00e3o apenas uma solu\u00e7\u00e3o r\u00e1pida para odores.\" \/>\n<meta property=\"og:url\" content=\"https:\/\/portaltela.pt\/noticias\/2026\/04\/07\/aromas-sobre-rodas-tendencia-no-setor-automovel\/\" \/>\n<meta property=\"og:site_name\" content=\"Portal Tela Portugal\" \/>\n<meta property=\"article:published_time\" content=\"2026-04-07T13:17:28+00:00\" \/>\n<meta name=\"author\" content=\"Telinha\" \/>\n<meta name=\"twitter:card\" content=\"summary_large_image\" \/>\n<meta name=\"twitter:label1\" content=\"Escrito por\" \/>\n\t<meta name=\"twitter:data1\" content=\"Telinha\" \/>\n\t<meta name=\"twitter:label2\" content=\"Tempo estimado de leitura\" \/>\n\t<meta name=\"twitter:data2\" content=\"1 minuto\" \/>\n<script type=\"application\/ld+json\" class=\"yoast-schema-graph\">{\"@context\":\"https:\/\/schema.org\",\"@graph\":[{\"@type\":\"Article\",\"@id\":\"https:\/\/portaltela.pt\/noticias\/2026\/04\/07\/aromas-sobre-rodas-tendencia-no-setor-automovel\/#article\",\"isPartOf\":{\"@id\":\"https:\/\/portaltela.pt\/noticias\/2026\/04\/07\/aromas-sobre-rodas-tendencia-no-setor-automovel\/\"},\"author\":{\"name\":\"Telinha\",\"@id\":\"https:\/\/portaltela.pt\/#\/schema\/person\/c4278d4a6028830caff9ee44b42d32ed\"},\"headline\":\"Aromas sobre rodas: tend\u00eancia no setor autom\u00f3vel\",\"datePublished\":\"2026-04-07T13:17:28+00:00\",\"mainEntityOfPage\":{\"@id\":\"https:\/\/portaltela.pt\/noticias\/2026\/04\/07\/aromas-sobre-rodas-tendencia-no-setor-automovel\/\"},\"wordCount\":145,\"image\":{\"@id\":\"https:\/\/portaltela.pt\/noticias\/2026\/04\/07\/aromas-sobre-rodas-tendencia-no-setor-automovel\/#primaryimage\"},\"thumbnailUrl\":\"https:\/\/portaltela.pt\/s.01k8rhncp4jt1\/2026\/04\/image-15.webp\",\"keywords\":[\"_meio-ambiente\",\"ambiente\",\"qualidade ambiental\"],\"articleSection\":[\"Entretenimento\",\"Lazer\"],\"inLanguage\":\"pt-PT\"},{\"@type\":\"WebPage\",\"@id\":\"https:\/\/portaltela.pt\/noticias\/2026\/04\/07\/aromas-sobre-rodas-tendencia-no-setor-automovel\/\",\"url\":\"https:\/\/portaltela.pt\/noticias\/2026\/04\/07\/aromas-sobre-rodas-tendencia-no-setor-automovel\/\",\"name\":\"Aromas sobre rodas: tend\u00eancia no setor autom\u00f3vel - Portal Tela Portugal\",\"isPartOf\":{\"@id\":\"https:\/\/portaltela.pt\/#website\"},\"primaryImageOfPage\":{\"@id\":\"https:\/\/portaltela.pt\/noticias\/2026\/04\/07\/aromas-sobre-rodas-tendencia-no-setor-automovel\/#primaryimage\"},\"image\":{\"@id\":\"https:\/\/portaltela.pt\/noticias\/2026\/04\/07\/aromas-sobre-rodas-tendencia-no-setor-automovel\/#primaryimage\"},\"thumbnailUrl\":\"https:\/\/portaltela.pt\/s.01k8rhncp4jt1\/2026\/04\/image-15.webp\",\"datePublished\":\"2026-04-07T13:17:28+00:00\",\"author\":{\"@id\":\"https:\/\/portaltela.pt\/#\/schema\/person\/c4278d4a6028830caff9ee44b42d32ed\"},\"breadcrumb\":{\"@id\":\"https:\/\/portaltela.pt\/noticias\/2026\/04\/07\/aromas-sobre-rodas-tendencia-no-setor-automovel\/#breadcrumb\"},\"inLanguage\":\"pt-PT\",\"potentialAction\":[{\"@type\":\"ReadAction\",\"target\":[\"https:\/\/portaltela.pt\/noticias\/2026\/04\/07\/aromas-sobre-rodas-tendencia-no-setor-automovel\/\"]}]},{\"@type\":\"ImageObject\",\"inLanguage\":\"pt-PT\",\"@id\":\"https:\/\/portaltela.pt\/noticias\/2026\/04\/07\/aromas-sobre-rodas-tendencia-no-setor-automovel\/#primaryimage\",\"url\":\"https:\/\/portaltela.pt\/s.01k8rhncp4jt1\/2026\/04\/image-15.webp\",\"contentUrl\":\"https:\/\/portaltela.pt\/s.01k8rhncp4jt1\/2026\/04\/image-15.webp\",\"width\":1200,\"height\":900,\"caption\":\"Imagem de contexto do artigo Aromas sobre rodas\"},{\"@type\":\"BreadcrumbList\",\"@id\":\"https:\/\/portaltela.pt\/noticias\/2026\/04\/07\/aromas-sobre-rodas-tendencia-no-setor-automovel\/#breadcrumb\",\"itemListElement\":[{\"@type\":\"ListItem\",\"position\":1,\"name\":\"In\u00edcio\",\"item\":\"https:\/\/portaltela.pt\/\"},{\"@type\":\"ListItem\",\"position\":2,\"name\":\"Aromas sobre rodas: tend\u00eancia no setor autom\u00f3vel\"}]},{\"@type\":\"WebSite\",\"@id\":\"https:\/\/portaltela.pt\/#website\",\"url\":\"https:\/\/portaltela.pt\/\",\"name\":\"Portal Tela Portugal\",\"description\":\"\",\"potentialAction\":[{\"@type\":\"SearchAction\",\"target\":{\"@type\":\"EntryPoint\",\"urlTemplate\":\"https:\/\/portaltela.pt\/?s={search_term_string}\"},\"query-input\":{\"@type\":\"PropertyValueSpecification\",\"valueRequired\":true,\"valueName\":\"search_term_string\"}}],\"inLanguage\":\"pt-PT\"},{\"@type\":\"Person\",\"@id\":\"https:\/\/portaltela.pt\/#\/schema\/person\/c4278d4a6028830caff9ee44b42d32ed\",\"name\":\"Telinha\",\"image\":{\"@type\":\"ImageObject\",\"inLanguage\":\"pt-PT\",\"@id\":\"https:\/\/portaltela.pt\/s.01k8rhncp4jt1\/2025\/11\/talking-bot-125x125.png\",\"url\":\"https:\/\/portaltela.pt\/s.01k8rhncp4jt1\/2025\/11\/talking-bot-125x125.png\",\"contentUrl\":\"https:\/\/portaltela.pt\/s.01k8rhncp4jt1\/2025\/11\/talking-bot-125x125.png\",\"caption\":\"Telinha\"},\"sameAs\":[\"https:\/\/portaltela.pt\/\"],\"url\":\"https:\/\/portaltela.pt\/por\/367410592786\/\"}]}<\/script>\n<!-- \/ Yoast SEO plugin. -->","yoast_head_json":{"title":"Aromas sobre rodas: tend\u00eancia no setor autom\u00f3vel - Portal Tela Portugal","robots":{"index":"index","follow":"follow","max-snippet":"max-snippet:-1","max-image-preview":"max-image-preview:large","max-video-preview":"max-video-preview:-1"},"og_locale":"pt_PT","og_type":"article","og_title":"Aromas sobre rodas: tend\u00eancia no setor autom\u00f3vel - Portal Tela Portugal","og_description":"Entrar no carro envolve frequentemente um cheiro, que pode ser discreto, marcante, agrad\u00e1vel ou insistente. Durante muito tempo, os ambientadores serviam sobretudo para disfar\u00e7ar odores. Atualmente, s\u00e3o escolhidos com mais aten\u00e7\u00e3o e de forma mais consciente. Os ambientadores reinventam-se, tornando-se discretos no interior do ve\u00edculo. Passam a ser vistos como um elemento de conforto, n\u00e3o apenas uma solu\u00e7\u00e3o r\u00e1pida para odores.","og_url":"https:\/\/portaltela.pt\/noticias\/2026\/04\/07\/aromas-sobre-rodas-tendencia-no-setor-automovel\/","og_site_name":"Portal Tela Portugal","article_published_time":"2026-04-07T13:17:28+00:00","author":"Telinha","twitter_card":"summary_large_image","twitter_misc":{"Escrito por":"Telinha","Tempo estimado de leitura":"1 minuto"},"schema":{"@context":"https:\/\/schema.org","@graph":[{"@type":"Article","@id":"https:\/\/portaltela.pt\/noticias\/2026\/04\/07\/aromas-sobre-rodas-tendencia-no-setor-automovel\/#article","isPartOf":{"@id":"https:\/\/portaltela.pt\/noticias\/2026\/04\/07\/aromas-sobre-rodas-tendencia-no-setor-automovel\/"},"author":{"name":"Telinha","@id":"https:\/\/portaltela.pt\/#\/schema\/person\/c4278d4a6028830caff9ee44b42d32ed"},"headline":"Aromas sobre rodas: tend\u00eancia no setor autom\u00f3vel","datePublished":"2026-04-07T13:17:28+00:00","mainEntityOfPage":{"@id":"https:\/\/portaltela.pt\/noticias\/2026\/04\/07\/aromas-sobre-rodas-tendencia-no-setor-automovel\/"},"wordCount":145,"image":{"@id":"https:\/\/portaltela.pt\/noticias\/2026\/04\/07\/aromas-sobre-rodas-tendencia-no-setor-automovel\/#primaryimage"},"thumbnailUrl":"https:\/\/portaltela.pt\/s.01k8rhncp4jt1\/2026\/04\/image-15.webp","keywords":["_meio-ambiente","ambiente","qualidade ambiental"],"articleSection":["Entretenimento","Lazer"],"inLanguage":"pt-PT"},{"@type":"WebPage","@id":"https:\/\/portaltela.pt\/noticias\/2026\/04\/07\/aromas-sobre-rodas-tendencia-no-setor-automovel\/","url":"https:\/\/portaltela.pt\/noticias\/2026\/04\/07\/aromas-sobre-rodas-tendencia-no-setor-automovel\/","name":"Aromas sobre rodas: tend\u00eancia no setor autom\u00f3vel - Portal Tela Portugal","isPartOf":{"@id":"https:\/\/portaltela.pt\/#website"},"primaryImageOfPage":{"@id":"https:\/\/portaltela.pt\/noticias\/2026\/04\/07\/aromas-sobre-rodas-tendencia-no-setor-automovel\/#primaryimage"},"image":{"@id":"https:\/\/portaltela.pt\/noticias\/2026\/04\/07\/aromas-sobre-rodas-tendencia-no-setor-automovel\/#primaryimage"},"thumbnailUrl":"https:\/\/portaltela.pt\/s.01k8rhncp4jt1\/2026\/04\/image-15.webp","datePublished":"2026-04-07T13:17:28+00:00","author":{"@id":"https:\/\/portaltela.pt\/#\/schema\/person\/c4278d4a6028830caff9ee44b42d32ed"},"breadcrumb":{"@id":"https:\/\/portaltela.pt\/noticias\/2026\/04\/07\/aromas-sobre-rodas-tendencia-no-setor-automovel\/#breadcrumb"},"inLanguage":"pt-PT","potentialAction":[{"@type":"ReadAction","target":["https:\/\/portaltela.pt\/noticias\/2026\/04\/07\/aromas-sobre-rodas-tendencia-no-setor-automovel\/"]}]},{"@type":"ImageObject","inLanguage":"pt-PT","@id":"https:\/\/portaltela.pt\/noticias\/2026\/04\/07\/aromas-sobre-rodas-tendencia-no-setor-automovel\/#primaryimage","url":"https:\/\/portaltela.pt\/s.01k8rhncp4jt1\/2026\/04\/image-15.webp","contentUrl":"https:\/\/portaltela.pt\/s.01k8rhncp4jt1\/2026\/04\/image-15.webp","width":1200,"height":900,"caption":"Imagem de contexto do artigo Aromas sobre rodas"},{"@type":"BreadcrumbList","@id":"https:\/\/portaltela.pt\/noticias\/2026\/04\/07\/aromas-sobre-rodas-tendencia-no-setor-automovel\/#breadcrumb","itemListElement":[{"@type":"ListItem","position":1,"name":"In\u00edcio","item":"https:\/\/portaltela.pt\/"},{"@type":"ListItem","position":2,"name":"Aromas sobre rodas: tend\u00eancia no setor autom\u00f3vel"}]},{"@type":"WebSite","@id":"https:\/\/portaltela.pt\/#website","url":"https:\/\/portaltela.pt\/","name":"Portal Tela Portugal","description":"","potentialAction":[{"@type":"SearchAction","target":{"@type":"EntryPoint","urlTemplate":"https:\/\/portaltela.pt\/?s={search_term_string}"},"query-input":{"@type":"PropertyValueSpecification","valueRequired":true,"valueName":"search_term_string"}}],"inLanguage":"pt-PT"},{"@type":"Person","@id":"https:\/\/portaltela.pt\/#\/schema\/person\/c4278d4a6028830caff9ee44b42d32ed","name":"Telinha","image":{"@type":"ImageObject","inLanguage":"pt-PT","@id":"https:\/\/portaltela.pt\/s.01k8rhncp4jt1\/2025\/11\/talking-bot-125x125.png","url":"https:\/\/portaltela.pt\/s.01k8rhncp4jt1\/2025\/11\/talking-bot-125x125.png","contentUrl":"https:\/\/portaltela.pt\/s.01k8rhncp4jt1\/2025\/11\/talking-bot-125x125.png","caption":"Telinha"},"sameAs":["https:\/\/portaltela.pt\/"],"url":"https:\/\/portaltela.pt\/por\/367410592786\/"}]}},"_links":{"self":[{"href":"https:\/\/portaltela.pt\/api\/wp\/v2\/posts\/435358","targetHints":{"allow":["GET"]}}],"collection":[{"href":"https:\/\/portaltela.pt\/api\/wp\/v2\/posts"}],"about":[{"href":"https:\/\/portaltela.pt\/api\/wp\/v2\/types\/post"}],"author":[{"embeddable":true,"href":"https:\/\/portaltela.pt\/api\/wp\/v2\/users\/2"}],"replies":[{"embeddable":true,"href":"https:\/\/portaltela.pt\/api\/wp\/v2\/comments?post=435358"}],"version-history":[{"count":0,"href":"https:\/\/portaltela.pt\/api\/wp\/v2\/posts\/435358\/revisions"}],"wp:featuredmedia":[{"embeddable":true,"href":"https:\/\/portaltela.pt\/api\/wp\/v2\/media\/435360"}],"wp:attachment":[{"href":"https:\/\/portaltela.pt\/api\/wp\/v2\/media?parent=435358"}],"wp:term":[{"taxonomy":"category","embeddable":true,"href":"https:\/\/portaltela.pt\/api\/wp\/v2\/categories?post=435358"},{"taxonomy":"post_tag","embeddable":true,"href":"https:\/\/portaltela.pt\/api\/wp\/v2\/tags?post=435358"}],"curies":[{"name":"wp","href":"https:\/\/api.w.org\/{rel}","templated":true}]}}