{"id":435357,"date":"2026-04-07T10:17:27","date_gmt":"2026-04-07T13:17:27","guid":{"rendered":"https:\/\/portaltela.pt\/noticias\/2026\/04\/07\/vance-acusa-burocratas-de-bruxelas-de-prejudicar-a-hungria-por-odiar-orban\/"},"modified":"2026-04-07T10:17:27","modified_gmt":"2026-04-07T13:17:27","slug":"vance-acusa-burocratas-de-bruxelas-de-prejudicar-a-hungria-por-odiar-orban","status":"publish","type":"post","link":"https:\/\/portaltela.pt\/noticias\/internacional\/2026\/04\/07\/vance-acusa-burocratas-de-bruxelas-de-prejudicar-a-hungria-por-odiar-orban\/","title":{"rendered":"Vance acusa burocratas de Bruxelas de prejudicar a Hungria por odiar Orb\u00e1n"},"content":{"rendered":"<p>JD Vance acusa burocratas de Bruxelas de prejudicar a Hungria por odiarem Orb\u00e1n, segundo declara\u00e7\u00f5es difundidas publicamente. O senador norte-americano justifica que a\u00e7\u00f5es da UE afetam o pa\u00eds de forma adversa.<\/p>\n<p>Vance aponta um conflito entre as pol\u00edticas da Uni\u00e3o Europeia e a lideran\u00e7a de Viktor Orb\u00e1n, afirmando que os rivais de Budapeste ajudam, direta ou indiretamente, a fragilizar a Hungria.<\/p>\n<p>N\u00e3o \u00e9 poss\u00edvel confirmar o contexto exato, data ou local dessas afirma\u00e7\u00f5es a partir do material fornecido. A not\u00edcia n\u00e3o especifica a fonte original nem a ocasi\u00e3o das declara\u00e7\u00f5es.<\/p>\n","protected":false},"excerpt":{"rendered":"<ul>\n<li>JD Vance acusa burocratas de Bruxelas de prejudicar a Hungria por odiarem Viktor Orb\u00e1n.<\/li>\n<li>A afirma\u00e7\u00e3o aponta para a\u00e7\u00f5es da Uni\u00e3o Europeia contra o pa\u00eds, segundo o discurso atribu\u00eddo a Vance.<\/li>\n<li>O conte\u00fado completo da not\u00edcia est\u00e1 dispon\u00edvel apenas para subscritores.<\/li>\n<li>O trecho apresentado n\u00e3o traz detalhes adicionais sobre as alega\u00e7\u00f5es ou evid\u00eancias.<\/li>\n<\/ul>\n","protected":false},"author":2,"featured_media":435361,"comment_status":"closed","ping_status":"closed","sticky":false,"template":"","format":"standard","meta":{"footnotes":""},"categories":[6814,4],"tags":[3161,1600,2487,2579,5698,2055],"class_list":["post-435357","post","type-post","status-publish","format-standard","has-post-thumbnail","hentry","category-geopolitica","category-internacional","tag-bruxelas","tag-estados-unidos","tag-europa","tag-hungria","tag-politica-internacional","tag-uniao-europeia"],"yoast_head":"<!-- This site is optimized with the Yoast SEO plugin v27.2 - https:\/\/yoast.com\/product\/yoast-seo-wordpress\/ -->\n<title>Vance acusa burocratas de Bruxelas de prejudicar a Hungria por odiar Orb\u00e1n - Portal Tela Portugal<\/title>\n<meta name=\"robots\" content=\"index, follow, max-snippet:-1, max-image-preview:large, max-video-preview:-1\" \/>\n<meta property=\"og:locale\" content=\"pt_PT\" \/>\n<meta property=\"og:type\" content=\"article\" \/>\n<meta property=\"og:title\" content=\"Vance acusa burocratas de Bruxelas de prejudicar a Hungria por odiar Orb\u00e1n - Portal Tela Portugal\" \/>\n<meta property=\"og:description\" content=\"JD Vance acusa burocratas de Bruxelas de prejudicar a Hungria por odiarem Viktor Orb\u00e1n. A afirma\u00e7\u00e3o aponta para a\u00e7\u00f5es da Uni\u00e3o Europeia contra o pa\u00eds, segundo o discurso atribu\u00eddo a Vance. O conte\u00fado completo da not\u00edcia est\u00e1 dispon\u00edvel apenas para subscritores. O trecho apresentado n\u00e3o traz detalhes adicionais sobre as alega\u00e7\u00f5es ou evid\u00eancias.\" \/>\n<meta property=\"og:url\" content=\"https:\/\/portaltela.pt\/noticias\/2026\/04\/07\/vance-acusa-burocratas-de-bruxelas-de-prejudicar-a-hungria-por-odiar-orban\/\" \/>\n<meta property=\"og:site_name\" content=\"Portal Tela Portugal\" \/>\n<meta property=\"article:published_time\" content=\"2026-04-07T13:17:27+00:00\" \/>\n<meta name=\"author\" content=\"Telinha\" \/>\n<meta name=\"twitter:card\" content=\"summary_large_image\" \/>\n<meta name=\"twitter:label1\" content=\"Escrito por\" \/>\n\t<meta name=\"twitter:data1\" content=\"Telinha\" \/>\n\t<meta name=\"twitter:label2\" content=\"Tempo estimado de leitura\" \/>\n\t<meta name=\"twitter:data2\" content=\"1 minuto\" \/>\n<script type=\"application\/ld+json\" class=\"yoast-schema-graph\">{\"@context\":\"https:\/\/schema.org\",\"@graph\":[{\"@type\":\"Article\",\"@id\":\"https:\/\/portaltela.pt\/noticias\/2026\/04\/07\/vance-acusa-burocratas-de-bruxelas-de-prejudicar-a-hungria-por-odiar-orban\/#article\",\"isPartOf\":{\"@id\":\"https:\/\/portaltela.pt\/noticias\/2026\/04\/07\/vance-acusa-burocratas-de-bruxelas-de-prejudicar-a-hungria-por-odiar-orban\/\"},\"author\":{\"name\":\"Telinha\",\"@id\":\"https:\/\/portaltela.pt\/#\/schema\/person\/c4278d4a6028830caff9ee44b42d32ed\"},\"headline\":\"Vance acusa burocratas de Bruxelas de prejudicar a Hungria por odiar Orb\u00e1n\",\"datePublished\":\"2026-04-07T13:17:27+00:00\",\"mainEntityOfPage\":{\"@id\":\"https:\/\/portaltela.pt\/noticias\/2026\/04\/07\/vance-acusa-burocratas-de-bruxelas-de-prejudicar-a-hungria-por-odiar-orban\/\"},\"wordCount\":117,\"image\":{\"@id\":\"https:\/\/portaltela.pt\/noticias\/2026\/04\/07\/vance-acusa-burocratas-de-bruxelas-de-prejudicar-a-hungria-por-odiar-orban\/#primaryimage\"},\"thumbnailUrl\":\"https:\/\/portaltela.pt\/s.01k8rhncp4jt1\/2026\/04\/CACHE_780X1200_ANALOG_WATERMARKED_46887382_577263514999023.jpg\",\"keywords\":[\"Bruxelas\",\"Estados Unidos\",\"Europa\",\"Hungria\",\"pol\u00edtica internacional\",\"Uni\u00e3o Europeia\"],\"articleSection\":[\"Geopol\u00edtica\",\"Internacional\"],\"inLanguage\":\"pt-PT\"},{\"@type\":\"WebPage\",\"@id\":\"https:\/\/portaltela.pt\/noticias\/2026\/04\/07\/vance-acusa-burocratas-de-bruxelas-de-prejudicar-a-hungria-por-odiar-orban\/\",\"url\":\"https:\/\/portaltela.pt\/noticias\/2026\/04\/07\/vance-acusa-burocratas-de-bruxelas-de-prejudicar-a-hungria-por-odiar-orban\/\",\"name\":\"Vance acusa burocratas de Bruxelas de prejudicar a Hungria por odiar Orb\u00e1n - Portal Tela Portugal\",\"isPartOf\":{\"@id\":\"https:\/\/portaltela.pt\/#website\"},\"primaryImageOfPage\":{\"@id\":\"https:\/\/portaltela.pt\/noticias\/2026\/04\/07\/vance-acusa-burocratas-de-bruxelas-de-prejudicar-a-hungria-por-odiar-orban\/#primaryimage\"},\"image\":{\"@id\":\"https:\/\/portaltela.pt\/noticias\/2026\/04\/07\/vance-acusa-burocratas-de-bruxelas-de-prejudicar-a-hungria-por-odiar-orban\/#primaryimage\"},\"thumbnailUrl\":\"https:\/\/portaltela.pt\/s.01k8rhncp4jt1\/2026\/04\/CACHE_780X1200_ANALOG_WATERMARKED_46887382_577263514999023.jpg\",\"datePublished\":\"2026-04-07T13:17:27+00:00\",\"author\":{\"@id\":\"https:\/\/portaltela.pt\/#\/schema\/person\/c4278d4a6028830caff9ee44b42d32ed\"},\"breadcrumb\":{\"@id\":\"https:\/\/portaltela.pt\/noticias\/2026\/04\/07\/vance-acusa-burocratas-de-bruxelas-de-prejudicar-a-hungria-por-odiar-orban\/#breadcrumb\"},\"inLanguage\":\"pt-PT\",\"potentialAction\":[{\"@type\":\"ReadAction\",\"target\":[\"https:\/\/portaltela.pt\/noticias\/2026\/04\/07\/vance-acusa-burocratas-de-bruxelas-de-prejudicar-a-hungria-por-odiar-orban\/\"]}]},{\"@type\":\"ImageObject\",\"inLanguage\":\"pt-PT\",\"@id\":\"https:\/\/portaltela.pt\/noticias\/2026\/04\/07\/vance-acusa-burocratas-de-bruxelas-de-prejudicar-a-hungria-por-odiar-orban\/#primaryimage\",\"url\":\"https:\/\/portaltela.pt\/s.01k8rhncp4jt1\/2026\/04\/CACHE_780X1200_ANALOG_WATERMARKED_46887382_577263514999023.jpg\",\"contentUrl\":\"https:\/\/portaltela.pt\/s.01k8rhncp4jt1\/2026\/04\/CACHE_780X1200_ANALOG_WATERMARKED_46887382_577263514999023.jpg\",\"width\":796,\"height\":448,\"caption\":\"JD Vance acusa burocratas de Bruxelas de prejudicarem Hungria por odiarem Orb\u00e1n\"},{\"@type\":\"BreadcrumbList\",\"@id\":\"https:\/\/portaltela.pt\/noticias\/2026\/04\/07\/vance-acusa-burocratas-de-bruxelas-de-prejudicar-a-hungria-por-odiar-orban\/#breadcrumb\",\"itemListElement\":[{\"@type\":\"ListItem\",\"position\":1,\"name\":\"In\u00edcio\",\"item\":\"https:\/\/portaltela.pt\/\"},{\"@type\":\"ListItem\",\"position\":2,\"name\":\"Vance acusa burocratas de Bruxelas de prejudicar a Hungria por odiar Orb\u00e1n\"}]},{\"@type\":\"WebSite\",\"@id\":\"https:\/\/portaltela.pt\/#website\",\"url\":\"https:\/\/portaltela.pt\/\",\"name\":\"Portal Tela Portugal\",\"description\":\"\",\"potentialAction\":[{\"@type\":\"SearchAction\",\"target\":{\"@type\":\"EntryPoint\",\"urlTemplate\":\"https:\/\/portaltela.pt\/?s={search_term_string}\"},\"query-input\":{\"@type\":\"PropertyValueSpecification\",\"valueRequired\":true,\"valueName\":\"search_term_string\"}}],\"inLanguage\":\"pt-PT\"},{\"@type\":\"Person\",\"@id\":\"https:\/\/portaltela.pt\/#\/schema\/person\/c4278d4a6028830caff9ee44b42d32ed\",\"name\":\"Telinha\",\"image\":{\"@type\":\"ImageObject\",\"inLanguage\":\"pt-PT\",\"@id\":\"https:\/\/portaltela.pt\/s.01k8rhncp4jt1\/2025\/11\/talking-bot-125x125.png\",\"url\":\"https:\/\/portaltela.pt\/s.01k8rhncp4jt1\/2025\/11\/talking-bot-125x125.png\",\"contentUrl\":\"https:\/\/portaltela.pt\/s.01k8rhncp4jt1\/2025\/11\/talking-bot-125x125.png\",\"caption\":\"Telinha\"},\"sameAs\":[\"https:\/\/portaltela.pt\/\"],\"url\":\"https:\/\/portaltela.pt\/por\/367410592786\/\"}]}<\/script>\n<!-- \/ Yoast SEO plugin. -->","yoast_head_json":{"title":"Vance acusa burocratas de Bruxelas de prejudicar a Hungria por odiar Orb\u00e1n - Portal Tela Portugal","robots":{"index":"index","follow":"follow","max-snippet":"max-snippet:-1","max-image-preview":"max-image-preview:large","max-video-preview":"max-video-preview:-1"},"og_locale":"pt_PT","og_type":"article","og_title":"Vance acusa burocratas de Bruxelas de prejudicar a Hungria por odiar Orb\u00e1n - Portal Tela Portugal","og_description":"JD Vance acusa burocratas de Bruxelas de prejudicar a Hungria por odiarem Viktor Orb\u00e1n. A afirma\u00e7\u00e3o aponta para a\u00e7\u00f5es da Uni\u00e3o Europeia contra o pa\u00eds, segundo o discurso atribu\u00eddo a Vance. O conte\u00fado completo da not\u00edcia est\u00e1 dispon\u00edvel apenas para subscritores. O trecho apresentado n\u00e3o traz detalhes adicionais sobre as alega\u00e7\u00f5es ou evid\u00eancias.","og_url":"https:\/\/portaltela.pt\/noticias\/2026\/04\/07\/vance-acusa-burocratas-de-bruxelas-de-prejudicar-a-hungria-por-odiar-orban\/","og_site_name":"Portal Tela Portugal","article_published_time":"2026-04-07T13:17:27+00:00","author":"Telinha","twitter_card":"summary_large_image","twitter_misc":{"Escrito por":"Telinha","Tempo estimado de leitura":"1 minuto"},"schema":{"@context":"https:\/\/schema.org","@graph":[{"@type":"Article","@id":"https:\/\/portaltela.pt\/noticias\/2026\/04\/07\/vance-acusa-burocratas-de-bruxelas-de-prejudicar-a-hungria-por-odiar-orban\/#article","isPartOf":{"@id":"https:\/\/portaltela.pt\/noticias\/2026\/04\/07\/vance-acusa-burocratas-de-bruxelas-de-prejudicar-a-hungria-por-odiar-orban\/"},"author":{"name":"Telinha","@id":"https:\/\/portaltela.pt\/#\/schema\/person\/c4278d4a6028830caff9ee44b42d32ed"},"headline":"Vance acusa burocratas de Bruxelas de prejudicar a Hungria por odiar Orb\u00e1n","datePublished":"2026-04-07T13:17:27+00:00","mainEntityOfPage":{"@id":"https:\/\/portaltela.pt\/noticias\/2026\/04\/07\/vance-acusa-burocratas-de-bruxelas-de-prejudicar-a-hungria-por-odiar-orban\/"},"wordCount":117,"image":{"@id":"https:\/\/portaltela.pt\/noticias\/2026\/04\/07\/vance-acusa-burocratas-de-bruxelas-de-prejudicar-a-hungria-por-odiar-orban\/#primaryimage"},"thumbnailUrl":"https:\/\/portaltela.pt\/s.01k8rhncp4jt1\/2026\/04\/CACHE_780X1200_ANALOG_WATERMARKED_46887382_577263514999023.jpg","keywords":["Bruxelas","Estados Unidos","Europa","Hungria","pol\u00edtica internacional","Uni\u00e3o Europeia"],"articleSection":["Geopol\u00edtica","Internacional"],"inLanguage":"pt-PT"},{"@type":"WebPage","@id":"https:\/\/portaltela.pt\/noticias\/2026\/04\/07\/vance-acusa-burocratas-de-bruxelas-de-prejudicar-a-hungria-por-odiar-orban\/","url":"https:\/\/portaltela.pt\/noticias\/2026\/04\/07\/vance-acusa-burocratas-de-bruxelas-de-prejudicar-a-hungria-por-odiar-orban\/","name":"Vance acusa burocratas de Bruxelas de prejudicar a Hungria por odiar Orb\u00e1n - Portal Tela Portugal","isPartOf":{"@id":"https:\/\/portaltela.pt\/#website"},"primaryImageOfPage":{"@id":"https:\/\/portaltela.pt\/noticias\/2026\/04\/07\/vance-acusa-burocratas-de-bruxelas-de-prejudicar-a-hungria-por-odiar-orban\/#primaryimage"},"image":{"@id":"https:\/\/portaltela.pt\/noticias\/2026\/04\/07\/vance-acusa-burocratas-de-bruxelas-de-prejudicar-a-hungria-por-odiar-orban\/#primaryimage"},"thumbnailUrl":"https:\/\/portaltela.pt\/s.01k8rhncp4jt1\/2026\/04\/CACHE_780X1200_ANALOG_WATERMARKED_46887382_577263514999023.jpg","datePublished":"2026-04-07T13:17:27+00:00","author":{"@id":"https:\/\/portaltela.pt\/#\/schema\/person\/c4278d4a6028830caff9ee44b42d32ed"},"breadcrumb":{"@id":"https:\/\/portaltela.pt\/noticias\/2026\/04\/07\/vance-acusa-burocratas-de-bruxelas-de-prejudicar-a-hungria-por-odiar-orban\/#breadcrumb"},"inLanguage":"pt-PT","potentialAction":[{"@type":"ReadAction","target":["https:\/\/portaltela.pt\/noticias\/2026\/04\/07\/vance-acusa-burocratas-de-bruxelas-de-prejudicar-a-hungria-por-odiar-orban\/"]}]},{"@type":"ImageObject","inLanguage":"pt-PT","@id":"https:\/\/portaltela.pt\/noticias\/2026\/04\/07\/vance-acusa-burocratas-de-bruxelas-de-prejudicar-a-hungria-por-odiar-orban\/#primaryimage","url":"https:\/\/portaltela.pt\/s.01k8rhncp4jt1\/2026\/04\/CACHE_780X1200_ANALOG_WATERMARKED_46887382_577263514999023.jpg","contentUrl":"https:\/\/portaltela.pt\/s.01k8rhncp4jt1\/2026\/04\/CACHE_780X1200_ANALOG_WATERMARKED_46887382_577263514999023.jpg","width":796,"height":448,"caption":"JD Vance acusa burocratas de Bruxelas de prejudicarem Hungria por odiarem Orb\u00e1n"},{"@type":"BreadcrumbList","@id":"https:\/\/portaltela.pt\/noticias\/2026\/04\/07\/vance-acusa-burocratas-de-bruxelas-de-prejudicar-a-hungria-por-odiar-orban\/#breadcrumb","itemListElement":[{"@type":"ListItem","position":1,"name":"In\u00edcio","item":"https:\/\/portaltela.pt\/"},{"@type":"ListItem","position":2,"name":"Vance acusa burocratas de Bruxelas de prejudicar a Hungria por odiar Orb\u00e1n"}]},{"@type":"WebSite","@id":"https:\/\/portaltela.pt\/#website","url":"https:\/\/portaltela.pt\/","name":"Portal Tela Portugal","description":"","potentialAction":[{"@type":"SearchAction","target":{"@type":"EntryPoint","urlTemplate":"https:\/\/portaltela.pt\/?s={search_term_string}"},"query-input":{"@type":"PropertyValueSpecification","valueRequired":true,"valueName":"search_term_string"}}],"inLanguage":"pt-PT"},{"@type":"Person","@id":"https:\/\/portaltela.pt\/#\/schema\/person\/c4278d4a6028830caff9ee44b42d32ed","name":"Telinha","image":{"@type":"ImageObject","inLanguage":"pt-PT","@id":"https:\/\/portaltela.pt\/s.01k8rhncp4jt1\/2025\/11\/talking-bot-125x125.png","url":"https:\/\/portaltela.pt\/s.01k8rhncp4jt1\/2025\/11\/talking-bot-125x125.png","contentUrl":"https:\/\/portaltela.pt\/s.01k8rhncp4jt1\/2025\/11\/talking-bot-125x125.png","caption":"Telinha"},"sameAs":["https:\/\/portaltela.pt\/"],"url":"https:\/\/portaltela.pt\/por\/367410592786\/"}]}},"_links":{"self":[{"href":"https:\/\/portaltela.pt\/api\/wp\/v2\/posts\/435357","targetHints":{"allow":["GET"]}}],"collection":[{"href":"https:\/\/portaltela.pt\/api\/wp\/v2\/posts"}],"about":[{"href":"https:\/\/portaltela.pt\/api\/wp\/v2\/types\/post"}],"author":[{"embeddable":true,"href":"https:\/\/portaltela.pt\/api\/wp\/v2\/users\/2"}],"replies":[{"embeddable":true,"href":"https:\/\/portaltela.pt\/api\/wp\/v2\/comments?post=435357"}],"version-history":[{"count":0,"href":"https:\/\/portaltela.pt\/api\/wp\/v2\/posts\/435357\/revisions"}],"wp:featuredmedia":[{"embeddable":true,"href":"https:\/\/portaltela.pt\/api\/wp\/v2\/media\/435361"}],"wp:attachment":[{"href":"https:\/\/portaltela.pt\/api\/wp\/v2\/media?parent=435357"}],"wp:term":[{"taxonomy":"category","embeddable":true,"href":"https:\/\/portaltela.pt\/api\/wp\/v2\/categories?post=435357"},{"taxonomy":"post_tag","embeddable":true,"href":"https:\/\/portaltela.pt\/api\/wp\/v2\/tags?post=435357"}],"curies":[{"name":"wp","href":"https:\/\/api.w.org\/{rel}","templated":true}]}}