{"id":435345,"date":"2026-04-07T10:07:04","date_gmt":"2026-04-07T13:07:04","guid":{"rendered":"https:\/\/portaltela.pt\/noticias\/2026\/04\/07\/fotografias-marcantes-da-missao-artemis-ii-da-nasa\/"},"modified":"2026-04-07T10:07:04","modified_gmt":"2026-04-07T13:07:04","slug":"fotografias-marcantes-da-missao-artemis-ii-da-nasa","status":"publish","type":"post","link":"https:\/\/portaltela.pt\/noticias\/internacional\/2026\/04\/07\/fotografias-marcantes-da-missao-artemis-ii-da-nasa\/","title":{"rendered":"Fotografias marcantes da miss\u00e3o Artemis II da NASA"},"content":{"rendered":"<p>A miss\u00e3o Artemis II da NASA continua a capturar a imagina\u00e7\u00e3o do p\u00fablico enquanto a Orion permanece em viagem rumo ao espa\u00e7o profundo. A nave ultrapassou a Lua, perdeu contacto com a Terra por cerca de 40 minutos, e atingiu a dist\u00e2ncia m\u00e1xima de 406 mil km, marcando o regresso humano ao espa\u00e7o profundo ap\u00f3s meio s\u00e9culo de interromp\u00e7\u00e3o.<\/p>\n<p>O percurso incluiu uma passagem rasante pela Lua, um marco essencial do programa Artemis, que visa devolver astronautas \u00e0 superf\u00edcie lunar e explorar pela primeira vez o polo sul. A tripula\u00e7\u00e3o \u00e9 liderada pelo comandante Reid Wiseman, com Christina Koch e Victor Glover a bordo, juntamente com o astronauta canadiano Jeremy Hansen.<\/p>\n<p>As imagens captadas ao longo de quase 400 mil quil\u00f3metros t\u00eam mostrado a Terra aparecendo na escurid\u00e3o do espa\u00e7o, \u00e1reas pouco observadas da face lunar e momentos quotidianos a bordo da Orion. O conjunto de fotografias revela os quatro membros da equipa em momentos de observa\u00e7\u00e3o, trabalho e conviv\u00eancia durante a miss\u00e3o.<\/p>\n<p>Entre as imagens divulgadas, destacam-se retratos do comandante Wiseman a observar a Terra atrav\u00e9s de uma das janelas, assim como da especialista Koch a espreitar de volta para o planeta. Tamb\u00e9m s\u00e3o evidentes os cen\u00e1rios da Lua, com o corpo celeste vis\u00edvel em diferentes \u00e2ngulos a partir da c\u00e1psula.<\/p>\n<p>A presen\u00e7a do astronauta da CSA, Jeremy Hansen, \u00e9 confirmada numa foto tirada no terceiro dia da miss\u00e3o, refor\u00e7ando a participa\u00e7\u00e3o internacional na opera\u00e7\u00e3o. Momentos de prepara\u00e7\u00e3o para as atividades junto \u00e0 passagem pela Lua tamb\u00e9m integram o conjunto de imagens divulgadas at\u00e9 agora.<\/p>\n<p>No conjunto, as fotografias enfatizam a dist\u00e2ncia, a experi\u00eancia humana na \u00f3rbita e a tecnologia que sustenta a Artemis II. A narrativa visual j\u00e1 \u00e9 considerada um dos aspetos centrais da miss\u00e3o, ao complementar os dados t\u00e9cnicos enviados pela NASA.<\/p>\n","protected":false},"excerpt":{"rendered":"<ul>\n<li>A miss\u00e3o Artemis II da NASA est\u00e1 a meio do percurso, j\u00e1 a atingir 252 756 milhas (406 771 km) da Terra, o m\u00e1ximo j\u00e1 alcan\u00e7ado por seres humanos no espa\u00e7o.<\/li>\n<li>A Orion passou por tr\u00e1s da Lua e ficou sem contacto com a Terra durante cerca de quarenta minutos, como previsto.<\/li>\n<li>A viagem decolou com marcos relevantes e aproxima-se de completar a etapa de regresso ao espa\u00e7o profundo.<\/li>\n<li>As imagens captadas mostram a Terra a cintilar no espa\u00e7o, assim como a superf\u00edcie da Lua e a atividade da tripula\u00e7\u00e3o a bordo, com declara\u00e7\u00f5es de Christina Koch sobre o regresso \u00e0 Terra.<\/li>\n<li>O programa Artemis pretende levar astronautas \u00e0 superf\u00edcie lunar e, pela primeira vez, explorar o polo sul da Lua.<\/li>\n<\/ul>\n","protected":false},"author":2,"featured_media":435346,"comment_status":"closed","ping_status":"closed","sticky":false,"template":"","format":"standard","meta":{"footnotes":""},"categories":[4,1],"tags":[4558,7087,7817,1992,787],"class_list":["post-435345","post","type-post","status-publish","format-standard","has-post-thumbnail","hentry","category-internacional","category-noticias","tag-a-aeronautica","tag-a-astronomia","tag-a-csa","tag-ciencia","tag-observacao"],"yoast_head":"<!-- This site is optimized with the Yoast SEO plugin v27.2 - https:\/\/yoast.com\/product\/yoast-seo-wordpress\/ -->\n<title>Fotografias marcantes da miss\u00e3o Artemis II da NASA - Portal Tela Portugal<\/title>\n<meta name=\"robots\" content=\"index, follow, max-snippet:-1, max-image-preview:large, max-video-preview:-1\" \/>\n<meta property=\"og:locale\" content=\"pt_PT\" \/>\n<meta property=\"og:type\" content=\"article\" \/>\n<meta property=\"og:title\" content=\"Fotografias marcantes da miss\u00e3o Artemis II da NASA - Portal Tela Portugal\" \/>\n<meta property=\"og:description\" content=\"A miss\u00e3o Artemis II da NASA est\u00e1 a meio do percurso, j\u00e1 a atingir 252 756 milhas (406 771 km) da Terra, o m\u00e1ximo j\u00e1 alcan\u00e7ado por seres humanos no espa\u00e7o. A Orion passou por tr\u00e1s da Lua e ficou sem contacto com a Terra durante cerca de quarenta minutos, como previsto. A viagem decolou com marcos relevantes e aproxima-se de completar a etapa de regresso ao espa\u00e7o profundo. As imagens captadas mostram a Terra a cintilar no espa\u00e7o, assim como a superf\u00edcie da Lua e a atividade da tripula\u00e7\u00e3o a bordo, com declara\u00e7\u00f5es de Christina Koch sobre o regresso \u00e0 Terra. O programa Artemis pretende levar astronautas \u00e0 superf\u00edcie lunar e, pela primeira vez, explorar o polo sul da Lua.\" \/>\n<meta property=\"og:url\" content=\"https:\/\/portaltela.pt\/noticias\/2026\/04\/07\/fotografias-marcantes-da-missao-artemis-ii-da-nasa\/\" \/>\n<meta property=\"og:site_name\" content=\"Portal Tela Portugal\" \/>\n<meta property=\"article:published_time\" content=\"2026-04-07T13:07:04+00:00\" \/>\n<meta name=\"author\" content=\"Telinha\" \/>\n<meta name=\"twitter:card\" content=\"summary_large_image\" \/>\n<meta name=\"twitter:label1\" content=\"Escrito por\" \/>\n\t<meta name=\"twitter:data1\" content=\"Telinha\" \/>\n\t<meta name=\"twitter:label2\" content=\"Tempo estimado de leitura\" \/>\n\t<meta name=\"twitter:data2\" content=\"2 minutos\" \/>\n<script type=\"application\/ld+json\" class=\"yoast-schema-graph\">{\"@context\":\"https:\/\/schema.org\",\"@graph\":[{\"@type\":\"Article\",\"@id\":\"https:\/\/portaltela.pt\/noticias\/2026\/04\/07\/fotografias-marcantes-da-missao-artemis-ii-da-nasa\/#article\",\"isPartOf\":{\"@id\":\"https:\/\/portaltela.pt\/noticias\/2026\/04\/07\/fotografias-marcantes-da-missao-artemis-ii-da-nasa\/\"},\"author\":{\"name\":\"Telinha\",\"@id\":\"https:\/\/portaltela.pt\/#\/schema\/person\/c4278d4a6028830caff9ee44b42d32ed\"},\"headline\":\"Fotografias marcantes da miss\u00e3o Artemis II da NASA\",\"datePublished\":\"2026-04-07T13:07:04+00:00\",\"mainEntityOfPage\":{\"@id\":\"https:\/\/portaltela.pt\/noticias\/2026\/04\/07\/fotografias-marcantes-da-missao-artemis-ii-da-nasa\/\"},\"wordCount\":333,\"image\":{\"@id\":\"https:\/\/portaltela.pt\/noticias\/2026\/04\/07\/fotografias-marcantes-da-missao-artemis-ii-da-nasa\/#primaryimage\"},\"thumbnailUrl\":\"https:\/\/portaltela.pt\/s.01k8rhncp4jt1\/2026\/04\/1536x864_cmsv2_00801248-1e54-55a3-abe2-ed0cc3d6a84c-9712805.jpg\",\"keywords\":[\"a aeron\u00e1utica\",\"a astronomia\",\"A CSA\",\"ci\u00eancia\",\"observa\u00e7\u00e3o\"],\"articleSection\":[\"Internacional\",\"Not\u00edcias\"],\"inLanguage\":\"pt-PT\"},{\"@type\":\"WebPage\",\"@id\":\"https:\/\/portaltela.pt\/noticias\/2026\/04\/07\/fotografias-marcantes-da-missao-artemis-ii-da-nasa\/\",\"url\":\"https:\/\/portaltela.pt\/noticias\/2026\/04\/07\/fotografias-marcantes-da-missao-artemis-ii-da-nasa\/\",\"name\":\"Fotografias marcantes da miss\u00e3o Artemis II da NASA - Portal Tela Portugal\",\"isPartOf\":{\"@id\":\"https:\/\/portaltela.pt\/#website\"},\"primaryImageOfPage\":{\"@id\":\"https:\/\/portaltela.pt\/noticias\/2026\/04\/07\/fotografias-marcantes-da-missao-artemis-ii-da-nasa\/#primaryimage\"},\"image\":{\"@id\":\"https:\/\/portaltela.pt\/noticias\/2026\/04\/07\/fotografias-marcantes-da-missao-artemis-ii-da-nasa\/#primaryimage\"},\"thumbnailUrl\":\"https:\/\/portaltela.pt\/s.01k8rhncp4jt1\/2026\/04\/1536x864_cmsv2_00801248-1e54-55a3-abe2-ed0cc3d6a84c-9712805.jpg\",\"datePublished\":\"2026-04-07T13:07:04+00:00\",\"author\":{\"@id\":\"https:\/\/portaltela.pt\/#\/schema\/person\/c4278d4a6028830caff9ee44b42d32ed\"},\"breadcrumb\":{\"@id\":\"https:\/\/portaltela.pt\/noticias\/2026\/04\/07\/fotografias-marcantes-da-missao-artemis-ii-da-nasa\/#breadcrumb\"},\"inLanguage\":\"pt-PT\",\"potentialAction\":[{\"@type\":\"ReadAction\",\"target\":[\"https:\/\/portaltela.pt\/noticias\/2026\/04\/07\/fotografias-marcantes-da-missao-artemis-ii-da-nasa\/\"]}]},{\"@type\":\"ImageObject\",\"inLanguage\":\"pt-PT\",\"@id\":\"https:\/\/portaltela.pt\/noticias\/2026\/04\/07\/fotografias-marcantes-da-missao-artemis-ii-da-nasa\/#primaryimage\",\"url\":\"https:\/\/portaltela.pt\/s.01k8rhncp4jt1\/2026\/04\/1536x864_cmsv2_00801248-1e54-55a3-abe2-ed0cc3d6a84c-9712805.jpg\",\"contentUrl\":\"https:\/\/portaltela.pt\/s.01k8rhncp4jt1\/2026\/04\/1536x864_cmsv2_00801248-1e54-55a3-abe2-ed0cc3d6a84c-9712805.jpg\",\"width\":796,\"height\":448,\"caption\":\"A 4 de abril de 2026, o astronauta da NASA e comandante da miss\u00e3o Artemis II, Reid Wiseman, observa atrav\u00e9s de uma das janelas principais da c\u00e1psula Orion\"},{\"@type\":\"BreadcrumbList\",\"@id\":\"https:\/\/portaltela.pt\/noticias\/2026\/04\/07\/fotografias-marcantes-da-missao-artemis-ii-da-nasa\/#breadcrumb\",\"itemListElement\":[{\"@type\":\"ListItem\",\"position\":1,\"name\":\"In\u00edcio\",\"item\":\"https:\/\/portaltela.pt\/\"},{\"@type\":\"ListItem\",\"position\":2,\"name\":\"Fotografias marcantes da miss\u00e3o Artemis II da NASA\"}]},{\"@type\":\"WebSite\",\"@id\":\"https:\/\/portaltela.pt\/#website\",\"url\":\"https:\/\/portaltela.pt\/\",\"name\":\"Portal Tela Portugal\",\"description\":\"\",\"potentialAction\":[{\"@type\":\"SearchAction\",\"target\":{\"@type\":\"EntryPoint\",\"urlTemplate\":\"https:\/\/portaltela.pt\/?s={search_term_string}\"},\"query-input\":{\"@type\":\"PropertyValueSpecification\",\"valueRequired\":true,\"valueName\":\"search_term_string\"}}],\"inLanguage\":\"pt-PT\"},{\"@type\":\"Person\",\"@id\":\"https:\/\/portaltela.pt\/#\/schema\/person\/c4278d4a6028830caff9ee44b42d32ed\",\"name\":\"Telinha\",\"image\":{\"@type\":\"ImageObject\",\"inLanguage\":\"pt-PT\",\"@id\":\"https:\/\/portaltela.pt\/s.01k8rhncp4jt1\/2025\/11\/talking-bot-125x125.png\",\"url\":\"https:\/\/portaltela.pt\/s.01k8rhncp4jt1\/2025\/11\/talking-bot-125x125.png\",\"contentUrl\":\"https:\/\/portaltela.pt\/s.01k8rhncp4jt1\/2025\/11\/talking-bot-125x125.png\",\"caption\":\"Telinha\"},\"sameAs\":[\"https:\/\/portaltela.pt\/\"],\"url\":\"https:\/\/portaltela.pt\/por\/367410592786\/\"}]}<\/script>\n<!-- \/ Yoast SEO plugin. -->","yoast_head_json":{"title":"Fotografias marcantes da miss\u00e3o Artemis II da NASA - Portal Tela Portugal","robots":{"index":"index","follow":"follow","max-snippet":"max-snippet:-1","max-image-preview":"max-image-preview:large","max-video-preview":"max-video-preview:-1"},"og_locale":"pt_PT","og_type":"article","og_title":"Fotografias marcantes da miss\u00e3o Artemis II da NASA - Portal Tela Portugal","og_description":"A miss\u00e3o Artemis II da NASA est\u00e1 a meio do percurso, j\u00e1 a atingir 252 756 milhas (406 771 km) da Terra, o m\u00e1ximo j\u00e1 alcan\u00e7ado por seres humanos no espa\u00e7o. A Orion passou por tr\u00e1s da Lua e ficou sem contacto com a Terra durante cerca de quarenta minutos, como previsto. A viagem decolou com marcos relevantes e aproxima-se de completar a etapa de regresso ao espa\u00e7o profundo. As imagens captadas mostram a Terra a cintilar no espa\u00e7o, assim como a superf\u00edcie da Lua e a atividade da tripula\u00e7\u00e3o a bordo, com declara\u00e7\u00f5es de Christina Koch sobre o regresso \u00e0 Terra. O programa Artemis pretende levar astronautas \u00e0 superf\u00edcie lunar e, pela primeira vez, explorar o polo sul da Lua.","og_url":"https:\/\/portaltela.pt\/noticias\/2026\/04\/07\/fotografias-marcantes-da-missao-artemis-ii-da-nasa\/","og_site_name":"Portal Tela Portugal","article_published_time":"2026-04-07T13:07:04+00:00","author":"Telinha","twitter_card":"summary_large_image","twitter_misc":{"Escrito por":"Telinha","Tempo estimado de leitura":"2 minutos"},"schema":{"@context":"https:\/\/schema.org","@graph":[{"@type":"Article","@id":"https:\/\/portaltela.pt\/noticias\/2026\/04\/07\/fotografias-marcantes-da-missao-artemis-ii-da-nasa\/#article","isPartOf":{"@id":"https:\/\/portaltela.pt\/noticias\/2026\/04\/07\/fotografias-marcantes-da-missao-artemis-ii-da-nasa\/"},"author":{"name":"Telinha","@id":"https:\/\/portaltela.pt\/#\/schema\/person\/c4278d4a6028830caff9ee44b42d32ed"},"headline":"Fotografias marcantes da miss\u00e3o Artemis II da NASA","datePublished":"2026-04-07T13:07:04+00:00","mainEntityOfPage":{"@id":"https:\/\/portaltela.pt\/noticias\/2026\/04\/07\/fotografias-marcantes-da-missao-artemis-ii-da-nasa\/"},"wordCount":333,"image":{"@id":"https:\/\/portaltela.pt\/noticias\/2026\/04\/07\/fotografias-marcantes-da-missao-artemis-ii-da-nasa\/#primaryimage"},"thumbnailUrl":"https:\/\/portaltela.pt\/s.01k8rhncp4jt1\/2026\/04\/1536x864_cmsv2_00801248-1e54-55a3-abe2-ed0cc3d6a84c-9712805.jpg","keywords":["a aeron\u00e1utica","a astronomia","A CSA","ci\u00eancia","observa\u00e7\u00e3o"],"articleSection":["Internacional","Not\u00edcias"],"inLanguage":"pt-PT"},{"@type":"WebPage","@id":"https:\/\/portaltela.pt\/noticias\/2026\/04\/07\/fotografias-marcantes-da-missao-artemis-ii-da-nasa\/","url":"https:\/\/portaltela.pt\/noticias\/2026\/04\/07\/fotografias-marcantes-da-missao-artemis-ii-da-nasa\/","name":"Fotografias marcantes da miss\u00e3o Artemis II da NASA - Portal Tela Portugal","isPartOf":{"@id":"https:\/\/portaltela.pt\/#website"},"primaryImageOfPage":{"@id":"https:\/\/portaltela.pt\/noticias\/2026\/04\/07\/fotografias-marcantes-da-missao-artemis-ii-da-nasa\/#primaryimage"},"image":{"@id":"https:\/\/portaltela.pt\/noticias\/2026\/04\/07\/fotografias-marcantes-da-missao-artemis-ii-da-nasa\/#primaryimage"},"thumbnailUrl":"https:\/\/portaltela.pt\/s.01k8rhncp4jt1\/2026\/04\/1536x864_cmsv2_00801248-1e54-55a3-abe2-ed0cc3d6a84c-9712805.jpg","datePublished":"2026-04-07T13:07:04+00:00","author":{"@id":"https:\/\/portaltela.pt\/#\/schema\/person\/c4278d4a6028830caff9ee44b42d32ed"},"breadcrumb":{"@id":"https:\/\/portaltela.pt\/noticias\/2026\/04\/07\/fotografias-marcantes-da-missao-artemis-ii-da-nasa\/#breadcrumb"},"inLanguage":"pt-PT","potentialAction":[{"@type":"ReadAction","target":["https:\/\/portaltela.pt\/noticias\/2026\/04\/07\/fotografias-marcantes-da-missao-artemis-ii-da-nasa\/"]}]},{"@type":"ImageObject","inLanguage":"pt-PT","@id":"https:\/\/portaltela.pt\/noticias\/2026\/04\/07\/fotografias-marcantes-da-missao-artemis-ii-da-nasa\/#primaryimage","url":"https:\/\/portaltela.pt\/s.01k8rhncp4jt1\/2026\/04\/1536x864_cmsv2_00801248-1e54-55a3-abe2-ed0cc3d6a84c-9712805.jpg","contentUrl":"https:\/\/portaltela.pt\/s.01k8rhncp4jt1\/2026\/04\/1536x864_cmsv2_00801248-1e54-55a3-abe2-ed0cc3d6a84c-9712805.jpg","width":796,"height":448,"caption":"A 4 de abril de 2026, o astronauta da NASA e comandante da miss\u00e3o Artemis II, Reid Wiseman, observa atrav\u00e9s de uma das janelas principais da c\u00e1psula Orion"},{"@type":"BreadcrumbList","@id":"https:\/\/portaltela.pt\/noticias\/2026\/04\/07\/fotografias-marcantes-da-missao-artemis-ii-da-nasa\/#breadcrumb","itemListElement":[{"@type":"ListItem","position":1,"name":"In\u00edcio","item":"https:\/\/portaltela.pt\/"},{"@type":"ListItem","position":2,"name":"Fotografias marcantes da miss\u00e3o Artemis II da NASA"}]},{"@type":"WebSite","@id":"https:\/\/portaltela.pt\/#website","url":"https:\/\/portaltela.pt\/","name":"Portal Tela Portugal","description":"","potentialAction":[{"@type":"SearchAction","target":{"@type":"EntryPoint","urlTemplate":"https:\/\/portaltela.pt\/?s={search_term_string}"},"query-input":{"@type":"PropertyValueSpecification","valueRequired":true,"valueName":"search_term_string"}}],"inLanguage":"pt-PT"},{"@type":"Person","@id":"https:\/\/portaltela.pt\/#\/schema\/person\/c4278d4a6028830caff9ee44b42d32ed","name":"Telinha","image":{"@type":"ImageObject","inLanguage":"pt-PT","@id":"https:\/\/portaltela.pt\/s.01k8rhncp4jt1\/2025\/11\/talking-bot-125x125.png","url":"https:\/\/portaltela.pt\/s.01k8rhncp4jt1\/2025\/11\/talking-bot-125x125.png","contentUrl":"https:\/\/portaltela.pt\/s.01k8rhncp4jt1\/2025\/11\/talking-bot-125x125.png","caption":"Telinha"},"sameAs":["https:\/\/portaltela.pt\/"],"url":"https:\/\/portaltela.pt\/por\/367410592786\/"}]}},"_links":{"self":[{"href":"https:\/\/portaltela.pt\/api\/wp\/v2\/posts\/435345","targetHints":{"allow":["GET"]}}],"collection":[{"href":"https:\/\/portaltela.pt\/api\/wp\/v2\/posts"}],"about":[{"href":"https:\/\/portaltela.pt\/api\/wp\/v2\/types\/post"}],"author":[{"embeddable":true,"href":"https:\/\/portaltela.pt\/api\/wp\/v2\/users\/2"}],"replies":[{"embeddable":true,"href":"https:\/\/portaltela.pt\/api\/wp\/v2\/comments?post=435345"}],"version-history":[{"count":0,"href":"https:\/\/portaltela.pt\/api\/wp\/v2\/posts\/435345\/revisions"}],"wp:featuredmedia":[{"embeddable":true,"href":"https:\/\/portaltela.pt\/api\/wp\/v2\/media\/435346"}],"wp:attachment":[{"href":"https:\/\/portaltela.pt\/api\/wp\/v2\/media?parent=435345"}],"wp:term":[{"taxonomy":"category","embeddable":true,"href":"https:\/\/portaltela.pt\/api\/wp\/v2\/categories?post=435345"},{"taxonomy":"post_tag","embeddable":true,"href":"https:\/\/portaltela.pt\/api\/wp\/v2\/tags?post=435345"}],"curies":[{"name":"wp","href":"https:\/\/api.w.org\/{rel}","templated":true}]}}