{"id":435339,"date":"2026-04-07T10:02:12","date_gmt":"2026-04-07T13:02:12","guid":{"rendered":"https:\/\/portaltela.pt\/noticias\/2026\/04\/07\/restaurante-de-ljubomir-totalmente-destruido-por-incendio\/"},"modified":"2026-04-07T10:02:12","modified_gmt":"2026-04-07T13:02:12","slug":"restaurante-de-ljubomir-totalmente-destruido-por-incendio","status":"publish","type":"post","link":"https:\/\/portaltela.pt\/noticias\/2026\/04\/07\/restaurante-de-ljubomir-totalmente-destruido-por-incendio\/","title":{"rendered":"Restaurante de Ljubomir totalmente destru\u00eddo por inc\u00eandio"},"content":{"rendered":"<p>O gastrobar mexicano Carnal, do chef Ljubomir Stanisic, ficou destru\u00eddo total num inc\u00eandio que afetou o espa\u00e7o na Rua da Miseric\u00f3rdia, 78, em Lisboa. A equipa do restaurante confirmou a ocorr\u00eancia, que aconteceu na quinta-feira, 2 de abril, obrigando \u00e0 evacua\u00e7\u00e3o do 9Hotel Mercy, onde o espa\u00e7o funciona.<\/p>\n<p>O fogo causou a destrui\u00e7\u00e3o de obras de arte exclusivas criadas para o local por Carlito Dalceggio, marcando o conceito do Carnal. A equipa revela que o impacto \u00e9 sobretudo emocional e adianta que, at\u00e9 \u00e0 renova\u00e7\u00e3o, o esp\u00edrito do Carnal continuar\u00e1 atrav\u00e9s de uma opera\u00e7\u00e3o tempor\u00e1ria no Bistro 100 Maneiras.<\/p>\n<p>A crise financeira de Ljubomir Stanisic j\u00e1 se tinha feito sentir, com queda de fatura\u00e7\u00e3o no ano anterior. O chef reconhece dificuldades e diz que \u00e9 preciso reinventar-se para atrair clientes. Tamb\u00e9m contou ter perdido parte da equipa ap\u00f3s a perda da estrela Michelin do 100 Maneiras.<\/p>\n<h3>Desdobramentos<\/h3>\n<p>Segundo a ag\u00eancia Lusa, oito pessoas receberam tratamento por inala\u00e7\u00e3o de fumos, com apenas uma hospitalizada. A equipa do Carnal afirma manter o compromisso com o projeto, assegurando a continuidade do trabalho e a recupera\u00e7\u00e3o do espa\u00e7o assim que for vi\u00e1vel.<\/p>\n","protected":false},"excerpt":{"rendered":"<ul>\n<li>O gastrobar mexicano Carnal, de Ljubomir Stanisic, sofreu destrui\u00e7\u00e3o total num inc\u00eandio na Rua da Miseric\u00f3rdia, 78, em Lisboa, na quinta-feira, 2 de abril.<\/li>\n<li>O fogo obrigou \u00e0 evacua\u00e7\u00e3o do espa\u00e7o, localizado no hotel 9Hotel Mercy; oito pessoas foram assistidas por inala\u00e7\u00e3o de fumos, e uma foi encaminhada ao hospital.<\/li>\n<li>O inc\u00eandio destruiu obras de arte de Carlito Dalceggio e afetou a \u201cmitologia livre\u201d e o conceito do Carnal.<\/li>\n<li>A equipa anunciou a continuidade do projeto por via de uma opera\u00e7\u00e3o tempor\u00e1ria no Bistro 100 Maneiras, at\u00e9 \u00e0 renova\u00e7\u00e3o do espa\u00e7o.<\/li>\n<li>Ljubomir Stanisic enfrenta crise financeira, com perda de cerca de quarenta por cento da fatura\u00e7\u00e3o no ano anterior; o chef pretende reinventar-se para atrair mais clientes, com sa\u00edda de alguns colaboradores ap\u00f3s a perda da estrela Michelin.<\/li>\n<\/ul>\n","protected":false},"author":2,"featured_media":435340,"comment_status":"closed","ping_status":"closed","sticky":false,"template":"","format":"standard","meta":{"footnotes":""},"categories":[6849,1],"tags":[70,145,219,1438,981,6398],"class_list":["post-435339","post","type-post","status-publish","format-standard","has-post-thumbnail","hentry","category-acidentes","category-noticias","tag-arte","tag-cultura","tag-gastronomia","tag-incendio","tag-lisboa","tag-restauracao"],"yoast_head":"<!-- This site is optimized with the Yoast SEO plugin v27.2 - https:\/\/yoast.com\/product\/yoast-seo-wordpress\/ -->\n<title>Restaurante de Ljubomir totalmente destru\u00eddo por inc\u00eandio - Portal Tela Portugal<\/title>\n<meta name=\"robots\" content=\"index, follow, max-snippet:-1, max-image-preview:large, max-video-preview:-1\" \/>\n<meta property=\"og:locale\" content=\"pt_PT\" \/>\n<meta property=\"og:type\" content=\"article\" \/>\n<meta property=\"og:title\" content=\"Restaurante de Ljubomir totalmente destru\u00eddo por inc\u00eandio - Portal Tela Portugal\" \/>\n<meta property=\"og:description\" content=\"O gastrobar mexicano Carnal, de Ljubomir Stanisic, sofreu destrui\u00e7\u00e3o total num inc\u00eandio na Rua da Miseric\u00f3rdia, 78, em Lisboa, na quinta-feira, 2 de abril. O fogo obrigou \u00e0 evacua\u00e7\u00e3o do espa\u00e7o, localizado no hotel 9Hotel Mercy; oito pessoas foram assistidas por inala\u00e7\u00e3o de fumos, e uma foi encaminhada ao hospital. O inc\u00eandio destruiu obras de arte de Carlito Dalceggio e afetou a \u201cmitologia livre\u201d e o conceito do Carnal. A equipa anunciou a continuidade do projeto por via de uma opera\u00e7\u00e3o tempor\u00e1ria no Bistro 100 Maneiras, at\u00e9 \u00e0 renova\u00e7\u00e3o do espa\u00e7o. Ljubomir Stanisic enfrenta crise financeira, com perda de cerca de quarenta por cento da fatura\u00e7\u00e3o no ano anterior; o chef pretende reinventar-se para atrair mais clientes, com sa\u00edda de alguns colaboradores ap\u00f3s a perda da estrela Michelin.\" \/>\n<meta property=\"og:url\" content=\"https:\/\/portaltela.pt\/noticias\/2026\/04\/07\/restaurante-de-ljubomir-totalmente-destruido-por-incendio\/\" \/>\n<meta property=\"og:site_name\" content=\"Portal Tela Portugal\" \/>\n<meta property=\"article:published_time\" content=\"2026-04-07T13:02:12+00:00\" \/>\n<meta name=\"author\" content=\"Telinha\" \/>\n<meta name=\"twitter:card\" content=\"summary_large_image\" \/>\n<meta name=\"twitter:label1\" content=\"Escrito por\" \/>\n\t<meta name=\"twitter:data1\" content=\"Telinha\" \/>\n\t<meta name=\"twitter:label2\" content=\"Tempo estimado de leitura\" \/>\n\t<meta name=\"twitter:data2\" content=\"1 minuto\" \/>\n<script type=\"application\/ld+json\" class=\"yoast-schema-graph\">{\"@context\":\"https:\/\/schema.org\",\"@graph\":[{\"@type\":\"Article\",\"@id\":\"https:\/\/portaltela.pt\/noticias\/2026\/04\/07\/restaurante-de-ljubomir-totalmente-destruido-por-incendio\/#article\",\"isPartOf\":{\"@id\":\"https:\/\/portaltela.pt\/noticias\/2026\/04\/07\/restaurante-de-ljubomir-totalmente-destruido-por-incendio\/\"},\"author\":{\"name\":\"Telinha\",\"@id\":\"https:\/\/portaltela.pt\/#\/schema\/person\/c4278d4a6028830caff9ee44b42d32ed\"},\"headline\":\"Restaurante de Ljubomir totalmente destru\u00eddo por inc\u00eandio\",\"datePublished\":\"2026-04-07T13:02:12+00:00\",\"mainEntityOfPage\":{\"@id\":\"https:\/\/portaltela.pt\/noticias\/2026\/04\/07\/restaurante-de-ljubomir-totalmente-destruido-por-incendio\/\"},\"wordCount\":210,\"image\":{\"@id\":\"https:\/\/portaltela.pt\/noticias\/2026\/04\/07\/restaurante-de-ljubomir-totalmente-destruido-por-incendio\/#primaryimage\"},\"thumbnailUrl\":\"https:\/\/portaltela.pt\/s.01k8rhncp4jt1\/2026\/04\/img_1500x1000uu2024-03-12-11-47-51-1596914.jpg\",\"keywords\":[\"arte\",\"cultura\",\"gastronomia\",\"inc\u00eandio\",\"Lisboa\",\"restaura\u00e7\u00e3o\"],\"articleSection\":[\"Acidentes\",\"Not\u00edcias\"],\"inLanguage\":\"pt-PT\"},{\"@type\":\"WebPage\",\"@id\":\"https:\/\/portaltela.pt\/noticias\/2026\/04\/07\/restaurante-de-ljubomir-totalmente-destruido-por-incendio\/\",\"url\":\"https:\/\/portaltela.pt\/noticias\/2026\/04\/07\/restaurante-de-ljubomir-totalmente-destruido-por-incendio\/\",\"name\":\"Restaurante de Ljubomir totalmente destru\u00eddo por inc\u00eandio - Portal Tela Portugal\",\"isPartOf\":{\"@id\":\"https:\/\/portaltela.pt\/#website\"},\"primaryImageOfPage\":{\"@id\":\"https:\/\/portaltela.pt\/noticias\/2026\/04\/07\/restaurante-de-ljubomir-totalmente-destruido-por-incendio\/#primaryimage\"},\"image\":{\"@id\":\"https:\/\/portaltela.pt\/noticias\/2026\/04\/07\/restaurante-de-ljubomir-totalmente-destruido-por-incendio\/#primaryimage\"},\"thumbnailUrl\":\"https:\/\/portaltela.pt\/s.01k8rhncp4jt1\/2026\/04\/img_1500x1000uu2024-03-12-11-47-51-1596914.jpg\",\"datePublished\":\"2026-04-07T13:02:12+00:00\",\"author\":{\"@id\":\"https:\/\/portaltela.pt\/#\/schema\/person\/c4278d4a6028830caff9ee44b42d32ed\"},\"breadcrumb\":{\"@id\":\"https:\/\/portaltela.pt\/noticias\/2026\/04\/07\/restaurante-de-ljubomir-totalmente-destruido-por-incendio\/#breadcrumb\"},\"inLanguage\":\"pt-PT\",\"potentialAction\":[{\"@type\":\"ReadAction\",\"target\":[\"https:\/\/portaltela.pt\/noticias\/2026\/04\/07\/restaurante-de-ljubomir-totalmente-destruido-por-incendio\/\"]}]},{\"@type\":\"ImageObject\",\"inLanguage\":\"pt-PT\",\"@id\":\"https:\/\/portaltela.pt\/noticias\/2026\/04\/07\/restaurante-de-ljubomir-totalmente-destruido-por-incendio\/#primaryimage\",\"url\":\"https:\/\/portaltela.pt\/s.01k8rhncp4jt1\/2026\/04\/img_1500x1000uu2024-03-12-11-47-51-1596914.jpg\",\"contentUrl\":\"https:\/\/portaltela.pt\/s.01k8rhncp4jt1\/2026\/04\/img_1500x1000uu2024-03-12-11-47-51-1596914.jpg\",\"width\":796,\"height\":448,\"caption\":\"Ljubomir Stanisic\"},{\"@type\":\"BreadcrumbList\",\"@id\":\"https:\/\/portaltela.pt\/noticias\/2026\/04\/07\/restaurante-de-ljubomir-totalmente-destruido-por-incendio\/#breadcrumb\",\"itemListElement\":[{\"@type\":\"ListItem\",\"position\":1,\"name\":\"In\u00edcio\",\"item\":\"https:\/\/portaltela.pt\/\"},{\"@type\":\"ListItem\",\"position\":2,\"name\":\"Restaurante de Ljubomir totalmente destru\u00eddo por inc\u00eandio\"}]},{\"@type\":\"WebSite\",\"@id\":\"https:\/\/portaltela.pt\/#website\",\"url\":\"https:\/\/portaltela.pt\/\",\"name\":\"Portal Tela Portugal\",\"description\":\"\",\"potentialAction\":[{\"@type\":\"SearchAction\",\"target\":{\"@type\":\"EntryPoint\",\"urlTemplate\":\"https:\/\/portaltela.pt\/?s={search_term_string}\"},\"query-input\":{\"@type\":\"PropertyValueSpecification\",\"valueRequired\":true,\"valueName\":\"search_term_string\"}}],\"inLanguage\":\"pt-PT\"},{\"@type\":\"Person\",\"@id\":\"https:\/\/portaltela.pt\/#\/schema\/person\/c4278d4a6028830caff9ee44b42d32ed\",\"name\":\"Telinha\",\"image\":{\"@type\":\"ImageObject\",\"inLanguage\":\"pt-PT\",\"@id\":\"https:\/\/portaltela.pt\/s.01k8rhncp4jt1\/2025\/11\/talking-bot-125x125.png\",\"url\":\"https:\/\/portaltela.pt\/s.01k8rhncp4jt1\/2025\/11\/talking-bot-125x125.png\",\"contentUrl\":\"https:\/\/portaltela.pt\/s.01k8rhncp4jt1\/2025\/11\/talking-bot-125x125.png\",\"caption\":\"Telinha\"},\"sameAs\":[\"https:\/\/portaltela.pt\/\"],\"url\":\"https:\/\/portaltela.pt\/por\/367410592786\/\"}]}<\/script>\n<!-- \/ Yoast SEO plugin. -->","yoast_head_json":{"title":"Restaurante de Ljubomir totalmente destru\u00eddo por inc\u00eandio - Portal Tela Portugal","robots":{"index":"index","follow":"follow","max-snippet":"max-snippet:-1","max-image-preview":"max-image-preview:large","max-video-preview":"max-video-preview:-1"},"og_locale":"pt_PT","og_type":"article","og_title":"Restaurante de Ljubomir totalmente destru\u00eddo por inc\u00eandio - Portal Tela Portugal","og_description":"O gastrobar mexicano Carnal, de Ljubomir Stanisic, sofreu destrui\u00e7\u00e3o total num inc\u00eandio na Rua da Miseric\u00f3rdia, 78, em Lisboa, na quinta-feira, 2 de abril. O fogo obrigou \u00e0 evacua\u00e7\u00e3o do espa\u00e7o, localizado no hotel 9Hotel Mercy; oito pessoas foram assistidas por inala\u00e7\u00e3o de fumos, e uma foi encaminhada ao hospital. O inc\u00eandio destruiu obras de arte de Carlito Dalceggio e afetou a \u201cmitologia livre\u201d e o conceito do Carnal. A equipa anunciou a continuidade do projeto por via de uma opera\u00e7\u00e3o tempor\u00e1ria no Bistro 100 Maneiras, at\u00e9 \u00e0 renova\u00e7\u00e3o do espa\u00e7o. Ljubomir Stanisic enfrenta crise financeira, com perda de cerca de quarenta por cento da fatura\u00e7\u00e3o no ano anterior; o chef pretende reinventar-se para atrair mais clientes, com sa\u00edda de alguns colaboradores ap\u00f3s a perda da estrela Michelin.","og_url":"https:\/\/portaltela.pt\/noticias\/2026\/04\/07\/restaurante-de-ljubomir-totalmente-destruido-por-incendio\/","og_site_name":"Portal Tela Portugal","article_published_time":"2026-04-07T13:02:12+00:00","author":"Telinha","twitter_card":"summary_large_image","twitter_misc":{"Escrito por":"Telinha","Tempo estimado de leitura":"1 minuto"},"schema":{"@context":"https:\/\/schema.org","@graph":[{"@type":"Article","@id":"https:\/\/portaltela.pt\/noticias\/2026\/04\/07\/restaurante-de-ljubomir-totalmente-destruido-por-incendio\/#article","isPartOf":{"@id":"https:\/\/portaltela.pt\/noticias\/2026\/04\/07\/restaurante-de-ljubomir-totalmente-destruido-por-incendio\/"},"author":{"name":"Telinha","@id":"https:\/\/portaltela.pt\/#\/schema\/person\/c4278d4a6028830caff9ee44b42d32ed"},"headline":"Restaurante de Ljubomir totalmente destru\u00eddo por inc\u00eandio","datePublished":"2026-04-07T13:02:12+00:00","mainEntityOfPage":{"@id":"https:\/\/portaltela.pt\/noticias\/2026\/04\/07\/restaurante-de-ljubomir-totalmente-destruido-por-incendio\/"},"wordCount":210,"image":{"@id":"https:\/\/portaltela.pt\/noticias\/2026\/04\/07\/restaurante-de-ljubomir-totalmente-destruido-por-incendio\/#primaryimage"},"thumbnailUrl":"https:\/\/portaltela.pt\/s.01k8rhncp4jt1\/2026\/04\/img_1500x1000uu2024-03-12-11-47-51-1596914.jpg","keywords":["arte","cultura","gastronomia","inc\u00eandio","Lisboa","restaura\u00e7\u00e3o"],"articleSection":["Acidentes","Not\u00edcias"],"inLanguage":"pt-PT"},{"@type":"WebPage","@id":"https:\/\/portaltela.pt\/noticias\/2026\/04\/07\/restaurante-de-ljubomir-totalmente-destruido-por-incendio\/","url":"https:\/\/portaltela.pt\/noticias\/2026\/04\/07\/restaurante-de-ljubomir-totalmente-destruido-por-incendio\/","name":"Restaurante de Ljubomir totalmente destru\u00eddo por inc\u00eandio - Portal Tela Portugal","isPartOf":{"@id":"https:\/\/portaltela.pt\/#website"},"primaryImageOfPage":{"@id":"https:\/\/portaltela.pt\/noticias\/2026\/04\/07\/restaurante-de-ljubomir-totalmente-destruido-por-incendio\/#primaryimage"},"image":{"@id":"https:\/\/portaltela.pt\/noticias\/2026\/04\/07\/restaurante-de-ljubomir-totalmente-destruido-por-incendio\/#primaryimage"},"thumbnailUrl":"https:\/\/portaltela.pt\/s.01k8rhncp4jt1\/2026\/04\/img_1500x1000uu2024-03-12-11-47-51-1596914.jpg","datePublished":"2026-04-07T13:02:12+00:00","author":{"@id":"https:\/\/portaltela.pt\/#\/schema\/person\/c4278d4a6028830caff9ee44b42d32ed"},"breadcrumb":{"@id":"https:\/\/portaltela.pt\/noticias\/2026\/04\/07\/restaurante-de-ljubomir-totalmente-destruido-por-incendio\/#breadcrumb"},"inLanguage":"pt-PT","potentialAction":[{"@type":"ReadAction","target":["https:\/\/portaltela.pt\/noticias\/2026\/04\/07\/restaurante-de-ljubomir-totalmente-destruido-por-incendio\/"]}]},{"@type":"ImageObject","inLanguage":"pt-PT","@id":"https:\/\/portaltela.pt\/noticias\/2026\/04\/07\/restaurante-de-ljubomir-totalmente-destruido-por-incendio\/#primaryimage","url":"https:\/\/portaltela.pt\/s.01k8rhncp4jt1\/2026\/04\/img_1500x1000uu2024-03-12-11-47-51-1596914.jpg","contentUrl":"https:\/\/portaltela.pt\/s.01k8rhncp4jt1\/2026\/04\/img_1500x1000uu2024-03-12-11-47-51-1596914.jpg","width":796,"height":448,"caption":"Ljubomir Stanisic"},{"@type":"BreadcrumbList","@id":"https:\/\/portaltela.pt\/noticias\/2026\/04\/07\/restaurante-de-ljubomir-totalmente-destruido-por-incendio\/#breadcrumb","itemListElement":[{"@type":"ListItem","position":1,"name":"In\u00edcio","item":"https:\/\/portaltela.pt\/"},{"@type":"ListItem","position":2,"name":"Restaurante de Ljubomir totalmente destru\u00eddo por inc\u00eandio"}]},{"@type":"WebSite","@id":"https:\/\/portaltela.pt\/#website","url":"https:\/\/portaltela.pt\/","name":"Portal Tela Portugal","description":"","potentialAction":[{"@type":"SearchAction","target":{"@type":"EntryPoint","urlTemplate":"https:\/\/portaltela.pt\/?s={search_term_string}"},"query-input":{"@type":"PropertyValueSpecification","valueRequired":true,"valueName":"search_term_string"}}],"inLanguage":"pt-PT"},{"@type":"Person","@id":"https:\/\/portaltela.pt\/#\/schema\/person\/c4278d4a6028830caff9ee44b42d32ed","name":"Telinha","image":{"@type":"ImageObject","inLanguage":"pt-PT","@id":"https:\/\/portaltela.pt\/s.01k8rhncp4jt1\/2025\/11\/talking-bot-125x125.png","url":"https:\/\/portaltela.pt\/s.01k8rhncp4jt1\/2025\/11\/talking-bot-125x125.png","contentUrl":"https:\/\/portaltela.pt\/s.01k8rhncp4jt1\/2025\/11\/talking-bot-125x125.png","caption":"Telinha"},"sameAs":["https:\/\/portaltela.pt\/"],"url":"https:\/\/portaltela.pt\/por\/367410592786\/"}]}},"_links":{"self":[{"href":"https:\/\/portaltela.pt\/api\/wp\/v2\/posts\/435339","targetHints":{"allow":["GET"]}}],"collection":[{"href":"https:\/\/portaltela.pt\/api\/wp\/v2\/posts"}],"about":[{"href":"https:\/\/portaltela.pt\/api\/wp\/v2\/types\/post"}],"author":[{"embeddable":true,"href":"https:\/\/portaltela.pt\/api\/wp\/v2\/users\/2"}],"replies":[{"embeddable":true,"href":"https:\/\/portaltela.pt\/api\/wp\/v2\/comments?post=435339"}],"version-history":[{"count":0,"href":"https:\/\/portaltela.pt\/api\/wp\/v2\/posts\/435339\/revisions"}],"wp:featuredmedia":[{"embeddable":true,"href":"https:\/\/portaltela.pt\/api\/wp\/v2\/media\/435340"}],"wp:attachment":[{"href":"https:\/\/portaltela.pt\/api\/wp\/v2\/media?parent=435339"}],"wp:term":[{"taxonomy":"category","embeddable":true,"href":"https:\/\/portaltela.pt\/api\/wp\/v2\/categories?post=435339"},{"taxonomy":"post_tag","embeddable":true,"href":"https:\/\/portaltela.pt\/api\/wp\/v2\/tags?post=435339"}],"curies":[{"name":"wp","href":"https:\/\/api.w.org\/{rel}","templated":true}]}}