{"id":435324,"date":"2026-04-07T09:47:13","date_gmt":"2026-04-07T12:47:13","guid":{"rendered":"https:\/\/portaltela.pt\/noticias\/2026\/04\/07\/ue-reforca-capacidades-militares-no-espaco-e-avanca-a-defesa-espacial-europeia\/"},"modified":"2026-04-07T09:47:13","modified_gmt":"2026-04-07T12:47:13","slug":"ue-reforca-capacidades-militares-no-espaco-e-avanca-a-defesa-espacial-europeia","status":"publish","type":"post","link":"https:\/\/portaltela.pt\/noticias\/internacional\/2026\/04\/07\/ue-reforca-capacidades-militares-no-espaco-e-avanca-a-defesa-espacial-europeia\/","title":{"rendered":"UE refor\u00e7a capacidades militares no espa\u00e7o e avan\u00e7a a defesa espacial europeia"},"content":{"rendered":"<p>A Uni\u00e3o Europeia est\u00e1 a intensificar as suas capacidades de defesa espacial, impulsionada pela invas\u00e3o da Ucr\u00e2nia pela R\u00fassia e pela estrat\u00e9gia de reduzir a depend\u00eancia dos EUA neste dom\u00ednio. A meta \u00e9 refor\u00e7ar recursos e redund\u00e2ncia, com melhorias previstas at\u00e9 2030. O esfor\u00e7o ocorre num contexto de crescente import\u00e2ncia estrat\u00e9gica do espa\u00e7o na seguran\u00e7a europeia.<\/p>\n<p>Os governos, for\u00e7as armadas e sociedades europeias dependem cada vez mais de servi\u00e7os espaciais, incluindo comunica\u00e7\u00f5es por sat\u00e9lite. A mudan\u00e7a de vis\u00e3o ocorreu ap\u00f3s o ataque cibern\u00e9tico \u00e0 rede de sat\u00e9lites KA-SAT, em 2022, que evidenciou vulnerabilidades cr\u00edticas durante o conflito na regi\u00e3o.<\/p>\n<p>No in\u00edcio de 2026, a Comiss\u00e3o Europeia pediu aos 27 estados-membros uma coopera\u00e7\u00e3o mais estreita para alcan\u00e7ar maior autonomia espacial, mas estudos independentes indicam que a independ\u00eancia total poder\u00e1 estender\u2011se at\u00e9 ao fim da d\u00e9cada de 2030.<\/p>\n<h3>Investimentos e compromissos<\/h3>\n<p>Pa\u00edses europeus preveem investir pelo menos 95,46 mil milh\u00f5es de euros em capacidades espaciais at\u00e9 2030, segundo avalia\u00e7\u00f5es p\u00fablicas. A Alemanha compromete 35 mil milh\u00f5es de euros, com uma Estrat\u00e9gia de Seguran\u00e7a Espacial publicada em 2025. A Fran\u00e7a aumentou o or\u00e7amento para defesa espacial para 10,2 mil milh\u00f5es de euros.<\/p>\n<p>A Uni\u00e3o Europeia aponta para uma nova constela\u00e7\u00e3o segura de sat\u00e9lites com investimento de 10,6 mil milh\u00f5es de euros, a realizar at\u00e9 2030. Contribui\u00e7\u00f5es da Ag\u00eancia Espacial Europeia somam 1,2 mil milh\u00f5es para um programa civil\u2011militar de dupla utiliza\u00e7\u00e3o.<\/p>\n<h3>Desafios para alcan\u00e7ar a autonomia<\/h3>\n<p>Mesmo com os compromissos, a transfer\u00eancia de encargos para o espa\u00e7o pode exigir pelo menos mais 8,67 mil milh\u00f5es de euros, e a autonomia total poder\u00e1 exigir cerca de 21,67 mil milh\u00f5es. Esses valores n\u00e3o incluem infraestrutura terrestre, forma\u00e7\u00e3o ou resili\u00eancia cibern\u00e9tica.<\/p>\n<p>Especialistas destacam que a autonomia plena exige mais tempo e que a estrat\u00e9gia carece de clareza em rela\u00e7\u00e3o \u00e0s lacunas de capacidade a serem colmadas na pr\u00f3xima d\u00e9cada. O objetivo de independ\u00eancia espacial permanece ambicioso e ainda longe de ser atingido.<\/p>\n","protected":false},"excerpt":{"rendered":"<ul>\n<li>A Uni\u00e3o Europeia est\u00e1 a refor\u00e7ar as capacidades militares espaciais para reduzir a depend\u00eancia dos EUA, com melhorias previstas at\u00e9 2030.<\/li>\n<li>O ciberataque \u00e0 rede KA-SAT, em 2022, evidenciou a import\u00e2ncia estrat\u00e9gica do espa\u00e7o para comunica\u00e7\u00f5es, infraestruturas e cidad\u00e3os.<\/li>\n<li>Em 2026, o comiss\u00e1rio da Defesa e do Espa\u00e7o apelou aos Estados-membros para avan\u00e7arem rumo \u00e0 independ\u00eancia espacial, ainda que possa levar al\u00e9m de 2030.<\/li>\n<li>O investimento previsto at\u00e9 2030 soma cerca de 95,46 mil milh\u00f5es de euros, com a Alemanha a comprometer 35 mil milh\u00f5es e a Fran\u00e7a 10,2 mil milh\u00f5es; a Uni\u00e3o Europeia planeia 10,6 mil milh\u00f5es para uma nova constela\u00e7\u00e3o de sat\u00e9lites e a Ag\u00eancia Espacial Europeia 1,2 mil milh\u00f5es para o programa Resili\u00eancia Europeia a partir do Espa\u00e7o.<\/li>\n<li>Mesmo com esses recursos, cobrir custos de defesa espacial e atingir autonomia plena pode exigir mais 8,67 mil milh\u00f5es de euros, mais 21,67 mil milh\u00f5es, com perspetiva de alcance apenas at\u00e9 ao final da d\u00e9cada de 2030.<\/li>\n<\/ul>\n","protected":false},"author":2,"featured_media":435328,"comment_status":"closed","ping_status":"closed","sticky":false,"template":"","format":"standard","meta":{"footnotes":""},"categories":[6814,4],"tags":[2982,256,3681,2336,174,4745],"class_list":["post-435324","post","type-post","status-publish","format-standard","has-post-thumbnail","hentry","category-geopolitica","category-internacional","tag-agencia-espacial-portuguesa","tag-cooperacao-internacional","tag-cyberseguranca","tag-defesa-nacional","tag-energia","tag-observacoes-internacionais"],"yoast_head":"<!-- This site is optimized with the Yoast SEO plugin v27.2 - https:\/\/yoast.com\/product\/yoast-seo-wordpress\/ -->\n<title>UE refor\u00e7a capacidades militares no espa\u00e7o e avan\u00e7a a defesa espacial europeia - Portal Tela Portugal<\/title>\n<meta name=\"robots\" content=\"index, follow, max-snippet:-1, max-image-preview:large, max-video-preview:-1\" \/>\n<meta property=\"og:locale\" content=\"pt_PT\" \/>\n<meta property=\"og:type\" content=\"article\" \/>\n<meta property=\"og:title\" content=\"UE refor\u00e7a capacidades militares no espa\u00e7o e avan\u00e7a a defesa espacial europeia - Portal Tela Portugal\" \/>\n<meta property=\"og:description\" content=\"A Uni\u00e3o Europeia est\u00e1 a refor\u00e7ar as capacidades militares espaciais para reduzir a depend\u00eancia dos EUA, com melhorias previstas at\u00e9 2030. O ciberataque \u00e0 rede KA-SAT, em 2022, evidenciou a import\u00e2ncia estrat\u00e9gica do espa\u00e7o para comunica\u00e7\u00f5es, infraestruturas e cidad\u00e3os. Em 2026, o comiss\u00e1rio da Defesa e do Espa\u00e7o apelou aos Estados-membros para avan\u00e7arem rumo \u00e0 independ\u00eancia espacial, ainda que possa levar al\u00e9m de 2030. O investimento previsto at\u00e9 2030 soma cerca de 95,46 mil milh\u00f5es de euros, com a Alemanha a comprometer 35 mil milh\u00f5es e a Fran\u00e7a 10,2 mil milh\u00f5es; a Uni\u00e3o Europeia planeia 10,6 mil milh\u00f5es para uma nova constela\u00e7\u00e3o de sat\u00e9lites e a Ag\u00eancia Espacial Europeia 1,2 mil milh\u00f5es para o programa Resili\u00eancia Europeia a partir do Espa\u00e7o. Mesmo com esses recursos, cobrir custos de defesa espacial e atingir autonomia plena pode exigir mais 8,67 mil milh\u00f5es de euros, mais 21,67 mil milh\u00f5es, com perspetiva de alcance apenas at\u00e9 ao final da d\u00e9cada de 2030.\" \/>\n<meta property=\"og:url\" content=\"https:\/\/portaltela.pt\/noticias\/2026\/04\/07\/ue-reforca-capacidades-militares-no-espaco-e-avanca-a-defesa-espacial-europeia\/\" \/>\n<meta property=\"og:site_name\" content=\"Portal Tela Portugal\" \/>\n<meta property=\"article:published_time\" content=\"2026-04-07T12:47:13+00:00\" \/>\n<meta name=\"author\" content=\"Telinha\" \/>\n<meta name=\"twitter:card\" content=\"summary_large_image\" \/>\n<meta name=\"twitter:label1\" content=\"Escrito por\" \/>\n\t<meta name=\"twitter:data1\" content=\"Telinha\" \/>\n\t<meta name=\"twitter:label2\" content=\"Tempo estimado de leitura\" \/>\n\t<meta name=\"twitter:data2\" content=\"2 minutos\" \/>\n<script type=\"application\/ld+json\" class=\"yoast-schema-graph\">{\"@context\":\"https:\/\/schema.org\",\"@graph\":[{\"@type\":\"Article\",\"@id\":\"https:\/\/portaltela.pt\/noticias\/2026\/04\/07\/ue-reforca-capacidades-militares-no-espaco-e-avanca-a-defesa-espacial-europeia\/#article\",\"isPartOf\":{\"@id\":\"https:\/\/portaltela.pt\/noticias\/2026\/04\/07\/ue-reforca-capacidades-militares-no-espaco-e-avanca-a-defesa-espacial-europeia\/\"},\"author\":{\"name\":\"Telinha\",\"@id\":\"https:\/\/portaltela.pt\/#\/schema\/person\/c4278d4a6028830caff9ee44b42d32ed\"},\"headline\":\"UE refor\u00e7a capacidades militares no espa\u00e7o e avan\u00e7a a defesa espacial europeia\",\"datePublished\":\"2026-04-07T12:47:13+00:00\",\"mainEntityOfPage\":{\"@id\":\"https:\/\/portaltela.pt\/noticias\/2026\/04\/07\/ue-reforca-capacidades-militares-no-espaco-e-avanca-a-defesa-espacial-europeia\/\"},\"wordCount\":379,\"image\":{\"@id\":\"https:\/\/portaltela.pt\/noticias\/2026\/04\/07\/ue-reforca-capacidades-militares-no-espaco-e-avanca-a-defesa-espacial-europeia\/#primaryimage\"},\"thumbnailUrl\":\"https:\/\/portaltela.pt\/s.01k8rhncp4jt1\/2026\/04\/1536x864_cmsv2_fb0c1297-7d91-5401-80b9-2dacdd12d2ff-9708089.jpg\",\"keywords\":[\"Ag\u00eancia Espacial Portuguesa\",\"coopera\u00e7\u00e3o internacional\",\"cyberseguran\u00e7a\",\"Defesa Nacional\",\"energia\",\"observa\u00e7\u00f5es internacionais\"],\"articleSection\":[\"Geopol\u00edtica\",\"Internacional\"],\"inLanguage\":\"pt-PT\"},{\"@type\":\"WebPage\",\"@id\":\"https:\/\/portaltela.pt\/noticias\/2026\/04\/07\/ue-reforca-capacidades-militares-no-espaco-e-avanca-a-defesa-espacial-europeia\/\",\"url\":\"https:\/\/portaltela.pt\/noticias\/2026\/04\/07\/ue-reforca-capacidades-militares-no-espaco-e-avanca-a-defesa-espacial-europeia\/\",\"name\":\"UE refor\u00e7a capacidades militares no espa\u00e7o e avan\u00e7a a defesa espacial europeia - Portal Tela Portugal\",\"isPartOf\":{\"@id\":\"https:\/\/portaltela.pt\/#website\"},\"primaryImageOfPage\":{\"@id\":\"https:\/\/portaltela.pt\/noticias\/2026\/04\/07\/ue-reforca-capacidades-militares-no-espaco-e-avanca-a-defesa-espacial-europeia\/#primaryimage\"},\"image\":{\"@id\":\"https:\/\/portaltela.pt\/noticias\/2026\/04\/07\/ue-reforca-capacidades-militares-no-espaco-e-avanca-a-defesa-espacial-europeia\/#primaryimage\"},\"thumbnailUrl\":\"https:\/\/portaltela.pt\/s.01k8rhncp4jt1\/2026\/04\/1536x864_cmsv2_fb0c1297-7d91-5401-80b9-2dacdd12d2ff-9708089.jpg\",\"datePublished\":\"2026-04-07T12:47:13+00:00\",\"author\":{\"@id\":\"https:\/\/portaltela.pt\/#\/schema\/person\/c4278d4a6028830caff9ee44b42d32ed\"},\"breadcrumb\":{\"@id\":\"https:\/\/portaltela.pt\/noticias\/2026\/04\/07\/ue-reforca-capacidades-militares-no-espaco-e-avanca-a-defesa-espacial-europeia\/#breadcrumb\"},\"inLanguage\":\"pt-PT\",\"potentialAction\":[{\"@type\":\"ReadAction\",\"target\":[\"https:\/\/portaltela.pt\/noticias\/2026\/04\/07\/ue-reforca-capacidades-militares-no-espaco-e-avanca-a-defesa-espacial-europeia\/\"]}]},{\"@type\":\"ImageObject\",\"inLanguage\":\"pt-PT\",\"@id\":\"https:\/\/portaltela.pt\/noticias\/2026\/04\/07\/ue-reforca-capacidades-militares-no-espaco-e-avanca-a-defesa-espacial-europeia\/#primaryimage\",\"url\":\"https:\/\/portaltela.pt\/s.01k8rhncp4jt1\/2026\/04\/1536x864_cmsv2_fb0c1297-7d91-5401-80b9-2dacdd12d2ff-9708089.jpg\",\"contentUrl\":\"https:\/\/portaltela.pt\/s.01k8rhncp4jt1\/2026\/04\/1536x864_cmsv2_fb0c1297-7d91-5401-80b9-2dacdd12d2ff-9708089.jpg\",\"width\":796,\"height\":448,\"caption\":\"Os governos, as for\u00e7as armadas e as sociedades europeias est\u00e3o a utilizar fortemente os servi\u00e7os espaciais, incluindo as comunica\u00e7\u00f5es por sat\u00e9lite.\"},{\"@type\":\"BreadcrumbList\",\"@id\":\"https:\/\/portaltela.pt\/noticias\/2026\/04\/07\/ue-reforca-capacidades-militares-no-espaco-e-avanca-a-defesa-espacial-europeia\/#breadcrumb\",\"itemListElement\":[{\"@type\":\"ListItem\",\"position\":1,\"name\":\"In\u00edcio\",\"item\":\"https:\/\/portaltela.pt\/\"},{\"@type\":\"ListItem\",\"position\":2,\"name\":\"UE refor\u00e7a capacidades militares no espa\u00e7o e avan\u00e7a a defesa espacial europeia\"}]},{\"@type\":\"WebSite\",\"@id\":\"https:\/\/portaltela.pt\/#website\",\"url\":\"https:\/\/portaltela.pt\/\",\"name\":\"Portal Tela Portugal\",\"description\":\"\",\"potentialAction\":[{\"@type\":\"SearchAction\",\"target\":{\"@type\":\"EntryPoint\",\"urlTemplate\":\"https:\/\/portaltela.pt\/?s={search_term_string}\"},\"query-input\":{\"@type\":\"PropertyValueSpecification\",\"valueRequired\":true,\"valueName\":\"search_term_string\"}}],\"inLanguage\":\"pt-PT\"},{\"@type\":\"Person\",\"@id\":\"https:\/\/portaltela.pt\/#\/schema\/person\/c4278d4a6028830caff9ee44b42d32ed\",\"name\":\"Telinha\",\"image\":{\"@type\":\"ImageObject\",\"inLanguage\":\"pt-PT\",\"@id\":\"https:\/\/portaltela.pt\/s.01k8rhncp4jt1\/2025\/11\/talking-bot-125x125.png\",\"url\":\"https:\/\/portaltela.pt\/s.01k8rhncp4jt1\/2025\/11\/talking-bot-125x125.png\",\"contentUrl\":\"https:\/\/portaltela.pt\/s.01k8rhncp4jt1\/2025\/11\/talking-bot-125x125.png\",\"caption\":\"Telinha\"},\"sameAs\":[\"https:\/\/portaltela.pt\/\"],\"url\":\"https:\/\/portaltela.pt\/por\/367410592786\/\"}]}<\/script>\n<!-- \/ Yoast SEO plugin. -->","yoast_head_json":{"title":"UE refor\u00e7a capacidades militares no espa\u00e7o e avan\u00e7a a defesa espacial europeia - Portal Tela Portugal","robots":{"index":"index","follow":"follow","max-snippet":"max-snippet:-1","max-image-preview":"max-image-preview:large","max-video-preview":"max-video-preview:-1"},"og_locale":"pt_PT","og_type":"article","og_title":"UE refor\u00e7a capacidades militares no espa\u00e7o e avan\u00e7a a defesa espacial europeia - Portal Tela Portugal","og_description":"A Uni\u00e3o Europeia est\u00e1 a refor\u00e7ar as capacidades militares espaciais para reduzir a depend\u00eancia dos EUA, com melhorias previstas at\u00e9 2030. O ciberataque \u00e0 rede KA-SAT, em 2022, evidenciou a import\u00e2ncia estrat\u00e9gica do espa\u00e7o para comunica\u00e7\u00f5es, infraestruturas e cidad\u00e3os. Em 2026, o comiss\u00e1rio da Defesa e do Espa\u00e7o apelou aos Estados-membros para avan\u00e7arem rumo \u00e0 independ\u00eancia espacial, ainda que possa levar al\u00e9m de 2030. O investimento previsto at\u00e9 2030 soma cerca de 95,46 mil milh\u00f5es de euros, com a Alemanha a comprometer 35 mil milh\u00f5es e a Fran\u00e7a 10,2 mil milh\u00f5es; a Uni\u00e3o Europeia planeia 10,6 mil milh\u00f5es para uma nova constela\u00e7\u00e3o de sat\u00e9lites e a Ag\u00eancia Espacial Europeia 1,2 mil milh\u00f5es para o programa Resili\u00eancia Europeia a partir do Espa\u00e7o. Mesmo com esses recursos, cobrir custos de defesa espacial e atingir autonomia plena pode exigir mais 8,67 mil milh\u00f5es de euros, mais 21,67 mil milh\u00f5es, com perspetiva de alcance apenas at\u00e9 ao final da d\u00e9cada de 2030.","og_url":"https:\/\/portaltela.pt\/noticias\/2026\/04\/07\/ue-reforca-capacidades-militares-no-espaco-e-avanca-a-defesa-espacial-europeia\/","og_site_name":"Portal Tela Portugal","article_published_time":"2026-04-07T12:47:13+00:00","author":"Telinha","twitter_card":"summary_large_image","twitter_misc":{"Escrito por":"Telinha","Tempo estimado de leitura":"2 minutos"},"schema":{"@context":"https:\/\/schema.org","@graph":[{"@type":"Article","@id":"https:\/\/portaltela.pt\/noticias\/2026\/04\/07\/ue-reforca-capacidades-militares-no-espaco-e-avanca-a-defesa-espacial-europeia\/#article","isPartOf":{"@id":"https:\/\/portaltela.pt\/noticias\/2026\/04\/07\/ue-reforca-capacidades-militares-no-espaco-e-avanca-a-defesa-espacial-europeia\/"},"author":{"name":"Telinha","@id":"https:\/\/portaltela.pt\/#\/schema\/person\/c4278d4a6028830caff9ee44b42d32ed"},"headline":"UE refor\u00e7a capacidades militares no espa\u00e7o e avan\u00e7a a defesa espacial europeia","datePublished":"2026-04-07T12:47:13+00:00","mainEntityOfPage":{"@id":"https:\/\/portaltela.pt\/noticias\/2026\/04\/07\/ue-reforca-capacidades-militares-no-espaco-e-avanca-a-defesa-espacial-europeia\/"},"wordCount":379,"image":{"@id":"https:\/\/portaltela.pt\/noticias\/2026\/04\/07\/ue-reforca-capacidades-militares-no-espaco-e-avanca-a-defesa-espacial-europeia\/#primaryimage"},"thumbnailUrl":"https:\/\/portaltela.pt\/s.01k8rhncp4jt1\/2026\/04\/1536x864_cmsv2_fb0c1297-7d91-5401-80b9-2dacdd12d2ff-9708089.jpg","keywords":["Ag\u00eancia Espacial Portuguesa","coopera\u00e7\u00e3o internacional","cyberseguran\u00e7a","Defesa Nacional","energia","observa\u00e7\u00f5es internacionais"],"articleSection":["Geopol\u00edtica","Internacional"],"inLanguage":"pt-PT"},{"@type":"WebPage","@id":"https:\/\/portaltela.pt\/noticias\/2026\/04\/07\/ue-reforca-capacidades-militares-no-espaco-e-avanca-a-defesa-espacial-europeia\/","url":"https:\/\/portaltela.pt\/noticias\/2026\/04\/07\/ue-reforca-capacidades-militares-no-espaco-e-avanca-a-defesa-espacial-europeia\/","name":"UE refor\u00e7a capacidades militares no espa\u00e7o e avan\u00e7a a defesa espacial europeia - Portal Tela Portugal","isPartOf":{"@id":"https:\/\/portaltela.pt\/#website"},"primaryImageOfPage":{"@id":"https:\/\/portaltela.pt\/noticias\/2026\/04\/07\/ue-reforca-capacidades-militares-no-espaco-e-avanca-a-defesa-espacial-europeia\/#primaryimage"},"image":{"@id":"https:\/\/portaltela.pt\/noticias\/2026\/04\/07\/ue-reforca-capacidades-militares-no-espaco-e-avanca-a-defesa-espacial-europeia\/#primaryimage"},"thumbnailUrl":"https:\/\/portaltela.pt\/s.01k8rhncp4jt1\/2026\/04\/1536x864_cmsv2_fb0c1297-7d91-5401-80b9-2dacdd12d2ff-9708089.jpg","datePublished":"2026-04-07T12:47:13+00:00","author":{"@id":"https:\/\/portaltela.pt\/#\/schema\/person\/c4278d4a6028830caff9ee44b42d32ed"},"breadcrumb":{"@id":"https:\/\/portaltela.pt\/noticias\/2026\/04\/07\/ue-reforca-capacidades-militares-no-espaco-e-avanca-a-defesa-espacial-europeia\/#breadcrumb"},"inLanguage":"pt-PT","potentialAction":[{"@type":"ReadAction","target":["https:\/\/portaltela.pt\/noticias\/2026\/04\/07\/ue-reforca-capacidades-militares-no-espaco-e-avanca-a-defesa-espacial-europeia\/"]}]},{"@type":"ImageObject","inLanguage":"pt-PT","@id":"https:\/\/portaltela.pt\/noticias\/2026\/04\/07\/ue-reforca-capacidades-militares-no-espaco-e-avanca-a-defesa-espacial-europeia\/#primaryimage","url":"https:\/\/portaltela.pt\/s.01k8rhncp4jt1\/2026\/04\/1536x864_cmsv2_fb0c1297-7d91-5401-80b9-2dacdd12d2ff-9708089.jpg","contentUrl":"https:\/\/portaltela.pt\/s.01k8rhncp4jt1\/2026\/04\/1536x864_cmsv2_fb0c1297-7d91-5401-80b9-2dacdd12d2ff-9708089.jpg","width":796,"height":448,"caption":"Os governos, as for\u00e7as armadas e as sociedades europeias est\u00e3o a utilizar fortemente os servi\u00e7os espaciais, incluindo as comunica\u00e7\u00f5es por sat\u00e9lite."},{"@type":"BreadcrumbList","@id":"https:\/\/portaltela.pt\/noticias\/2026\/04\/07\/ue-reforca-capacidades-militares-no-espaco-e-avanca-a-defesa-espacial-europeia\/#breadcrumb","itemListElement":[{"@type":"ListItem","position":1,"name":"In\u00edcio","item":"https:\/\/portaltela.pt\/"},{"@type":"ListItem","position":2,"name":"UE refor\u00e7a capacidades militares no espa\u00e7o e avan\u00e7a a defesa espacial europeia"}]},{"@type":"WebSite","@id":"https:\/\/portaltela.pt\/#website","url":"https:\/\/portaltela.pt\/","name":"Portal Tela Portugal","description":"","potentialAction":[{"@type":"SearchAction","target":{"@type":"EntryPoint","urlTemplate":"https:\/\/portaltela.pt\/?s={search_term_string}"},"query-input":{"@type":"PropertyValueSpecification","valueRequired":true,"valueName":"search_term_string"}}],"inLanguage":"pt-PT"},{"@type":"Person","@id":"https:\/\/portaltela.pt\/#\/schema\/person\/c4278d4a6028830caff9ee44b42d32ed","name":"Telinha","image":{"@type":"ImageObject","inLanguage":"pt-PT","@id":"https:\/\/portaltela.pt\/s.01k8rhncp4jt1\/2025\/11\/talking-bot-125x125.png","url":"https:\/\/portaltela.pt\/s.01k8rhncp4jt1\/2025\/11\/talking-bot-125x125.png","contentUrl":"https:\/\/portaltela.pt\/s.01k8rhncp4jt1\/2025\/11\/talking-bot-125x125.png","caption":"Telinha"},"sameAs":["https:\/\/portaltela.pt\/"],"url":"https:\/\/portaltela.pt\/por\/367410592786\/"}]}},"_links":{"self":[{"href":"https:\/\/portaltela.pt\/api\/wp\/v2\/posts\/435324","targetHints":{"allow":["GET"]}}],"collection":[{"href":"https:\/\/portaltela.pt\/api\/wp\/v2\/posts"}],"about":[{"href":"https:\/\/portaltela.pt\/api\/wp\/v2\/types\/post"}],"author":[{"embeddable":true,"href":"https:\/\/portaltela.pt\/api\/wp\/v2\/users\/2"}],"replies":[{"embeddable":true,"href":"https:\/\/portaltela.pt\/api\/wp\/v2\/comments?post=435324"}],"version-history":[{"count":0,"href":"https:\/\/portaltela.pt\/api\/wp\/v2\/posts\/435324\/revisions"}],"wp:featuredmedia":[{"embeddable":true,"href":"https:\/\/portaltela.pt\/api\/wp\/v2\/media\/435328"}],"wp:attachment":[{"href":"https:\/\/portaltela.pt\/api\/wp\/v2\/media?parent=435324"}],"wp:term":[{"taxonomy":"category","embeddable":true,"href":"https:\/\/portaltela.pt\/api\/wp\/v2\/categories?post=435324"},{"taxonomy":"post_tag","embeddable":true,"href":"https:\/\/portaltela.pt\/api\/wp\/v2\/tags?post=435324"}],"curies":[{"name":"wp","href":"https:\/\/api.w.org\/{rel}","templated":true}]}}